{"id":1050,"date":"2022-09-08T12:02:32","date_gmt":"2022-09-08T12:02:32","guid":{"rendered":"https:\/\/www.destrezasyvidaenelmedionatural.es\/?p=1050"},"modified":"2022-09-09T15:22:45","modified_gmt":"2022-09-09T15:22:45","slug":"te-esperamos-en-nuestros-cursos-2022-arrancamos","status":"publish","type":"post","link":"https:\/\/www.destrezasyvidaenelmedionatural.es\/index.php\/2022\/09\/08\/te-esperamos-en-nuestros-cursos-2022-arrancamos\/","title":{"rendered":"Te esperamos en nuestros cursos 2022 \u00a1Arrancamos!"},"content":{"rendered":"\t\t<div data-elementor-type=\"wp-post\" data-elementor-id=\"1050\" class=\"elementor elementor-1050\">\n\t\t\t\t\t\t<section class=\"elementor-section elementor-top-section elementor-element elementor-element-2448e124 elementor-section-boxed elementor-section-height-default elementor-section-height-default\" data-id=\"2448e124\" data-element_type=\"section\" data-e-type=\"section\">\n\t\t\t\t\t\t<div class=\"elementor-container elementor-column-gap-default\">\n\t\t\t\t\t<div class=\"elementor-column elementor-col-100 elementor-top-column elementor-element elementor-element-761c7b0a\" data-id=\"761c7b0a\" data-element_type=\"column\" data-e-type=\"column\">\n\t\t\t<div class=\"elementor-widget-wrap elementor-element-populated\">\n\t\t\t\t\t\t<div class=\"elementor-element elementor-element-69dec690 elementor-widget elementor-widget-text-editor\" data-id=\"69dec690\" data-element_type=\"widget\" data-e-type=\"widget\" data-widget_type=\"text-editor.default\">\n\t\t\t\t<div class=\"elementor-widget-container\">\n\t\t\t\t\t\t\t\t\t\n<p><font _mstmutation=\"1\" _msthash=\"1089803\"><\/p>\n\t\t\t\t\t\t\t\t<\/div>\n\t\t\t\t<\/div>\n\t\t\t\t\t<\/div>\n\t\t<\/div>\n\t\t\t\t\t<\/div>\n\t\t<\/section>\n\t\t\t\t<section class=\"elementor-section elementor-top-section elementor-element elementor-element-d400e45 elementor-section-boxed elementor-section-height-default elementor-section-height-default\" data-id=\"d400e45\" data-element_type=\"section\" data-e-type=\"section\">\n\t\t\t\t\t\t<div class=\"elementor-container elementor-column-gap-default\">\n\t\t\t\t\t<div class=\"elementor-column elementor-col-100 elementor-top-column elementor-element elementor-element-756c997\" data-id=\"756c997\" data-element_type=\"column\" data-e-type=\"column\">\n\t\t\t<div class=\"elementor-widget-wrap elementor-element-populated\">\n\t\t\t\t\t\t<div class=\"elementor-element elementor-element-d1eb991 elementor-widget elementor-widget-text-editor\" data-id=\"d1eb991\" data-element_type=\"widget\" data-e-type=\"widget\" data-widget_type=\"text-editor.default\">\n\t\t\t\t<div class=\"elementor-widget-container\">\n\t\t\t\t\t\t\t\t\t<p><span style=\"color: #000000;\">En Destrezas y Vida en el Medio Natural nos importa mucho tu formaci\u00f3n, y bienestar y, por eso, dise\u00f1amos y te ofrecemos cursos que mejoran tus capacidades y habilidades personales.<\/span><\/p>\n<p><span style=\"color: #000000;\">Para este primer cuatrimestre tenemos ya en periodo de preinscripci\u00f3n los siguientes cursos, que abarcan diversas Softskills, Supervivencia, Fuego y Preparacionismo<\/span><\/p>\t\t\t\t\t\t\t\t<\/div>\n\t\t\t\t<\/div>\n\t\t\t\t\t<\/div>\n\t\t<\/div>\n\t\t\t\t\t<\/div>\n\t\t<\/section>\n\t\t\t\t<section class=\"elementor-section elementor-top-section elementor-element elementor-element-9223eca elementor-section-boxed elementor-section-height-default elementor-section-height-default\" data-id=\"9223eca\" data-element_type=\"section\" data-e-type=\"section\">\n\t\t\t\t\t\t<div class=\"elementor-container elementor-column-gap-default\">\n\t\t\t\t\t<div class=\"elementor-column elementor-col-50 elementor-top-column elementor-element elementor-element-6359270\" data-id=\"6359270\" data-element_type=\"column\" data-e-type=\"column\">\n\t\t\t<div class=\"elementor-widget-wrap elementor-element-populated\">\n\t\t\t\t\t\t<div class=\"elementor-element elementor-element-dc17cb8 elementor-widget elementor-widget-image\" data-id=\"dc17cb8\" data-element_type=\"widget\" data-e-type=\"widget\" data-widget_type=\"image.default\">\n\t\t\t\t<div class=\"elementor-widget-container\">\n\t\t\t\t\t\t\t\t\t\t\t\t\t\t\t<img fetchpriority=\"high\" decoding=\"async\" width=\"1024\" height=\"576\" src=\"https:\/\/www.destrezasyvidaenelmedionatural.es\/wp-content\/uploads\/2022\/07\/INICIACION-A-LA-SUPERVIVENCIA-EN-ENTORNO-MEDITERRANEO-SEMIARIDO-2o-EDICION-1024x576.png\" class=\"attachment-large size-large wp-image-868\" alt=\"\" srcset=\"https:\/\/www.destrezasyvidaenelmedionatural.es\/wp-content\/uploads\/2022\/07\/INICIACION-A-LA-SUPERVIVENCIA-EN-ENTORNO-MEDITERRANEO-SEMIARIDO-2o-EDICION-1024x576.png 1024w, https:\/\/www.destrezasyvidaenelmedionatural.es\/wp-content\/uploads\/2022\/07\/INICIACION-A-LA-SUPERVIVENCIA-EN-ENTORNO-MEDITERRANEO-SEMIARIDO-2o-EDICION-300x169.png 300w, https:\/\/www.destrezasyvidaenelmedionatural.es\/wp-content\/uploads\/2022\/07\/INICIACION-A-LA-SUPERVIVENCIA-EN-ENTORNO-MEDITERRANEO-SEMIARIDO-2o-EDICION-768x432.png 768w, https:\/\/www.destrezasyvidaenelmedionatural.es\/wp-content\/uploads\/2022\/07\/INICIACION-A-LA-SUPERVIVENCIA-EN-ENTORNO-MEDITERRANEO-SEMIARIDO-2o-EDICION-1536x864.png 1536w, https:\/\/www.destrezasyvidaenelmedionatural.es\/wp-content\/uploads\/2022\/07\/INICIACION-A-LA-SUPERVIVENCIA-EN-ENTORNO-MEDITERRANEO-SEMIARIDO-2o-EDICION.png 1920w\" sizes=\"(max-width: 1024px) 100vw, 1024px\" \/>\t\t\t\t\t\t\t\t\t\t\t\t\t\t\t<\/div>\n\t\t\t\t<\/div>\n\t\t\t\t\t<\/div>\n\t\t<\/div>\n\t\t\t\t<div class=\"elementor-column elementor-col-50 elementor-top-column elementor-element elementor-element-7817951\" data-id=\"7817951\" data-element_type=\"column\" data-e-type=\"column\">\n\t\t\t<div class=\"elementor-widget-wrap elementor-element-populated\">\n\t\t\t\t\t\t<div class=\"elementor-element elementor-element-386f0d3 elementor-widget elementor-widget-text-editor\" data-id=\"386f0d3\" data-element_type=\"widget\" data-e-type=\"widget\" data-widget_type=\"text-editor.default\">\n\t\t\t\t<div class=\"elementor-widget-container\">\n\t\t\t\t\t\t\t\t\t<p><span style=\"color: #000000;\">Si quieres iniciarte en la supervivencia y aprender los cuatro pilares b\u00e1sicos: refugio, agua, fuego y comida, inscr\u00edbete en el III Curso INICIACI\u00d3N A LA SUPERVIVENCIA EN ENTORNO MEDITERRANEO SEMI\u00c1RIDO de 3 d\u00edas y 2 noches, comenzando el viernes 30 septiembre a las 12:00 y finalizando el domingo 2 octubre a las 15 h, tras la entrega de diplomas y la comida de despedida.\u00a0<\/span><\/p>\n<p><img decoding=\"async\" class=\"emoji\" role=\"img\" draggable=\"false\" src=\"https:\/\/s.w.org\/images\/core\/emoji\/14.0.0\/svg\/1f449.svg\" alt=\"\ud83d\udc49\" \/><img decoding=\"async\" class=\"emoji\" role=\"img\" draggable=\"false\" src=\"https:\/\/s.w.org\/images\/core\/emoji\/14.0.0\/svg\/1f449.svg\" alt=\"\ud83d\udc49\" \/>\u00a0 \u00a0<a href=\"https:\/\/www.destrezasyvidaenelmedionatural.es\/index.php\/2022\/07\/08\/iniciacion-a-la-supervivencia-en-entorno-mediterraneo-semiarido-3o-edicion\/\">\u00a1Inscr\u00edbete ya!<\/a><\/p>\n<p>\u00a0<\/p>\t\t\t\t\t\t\t\t<\/div>\n\t\t\t\t<\/div>\n\t\t\t\t\t<\/div>\n\t\t<\/div>\n\t\t\t\t\t<\/div>\n\t\t<\/section>\n\t\t\t\t<section class=\"elementor-section elementor-top-section elementor-element elementor-element-f69991e elementor-section-boxed elementor-section-height-default elementor-section-height-default\" data-id=\"f69991e\" data-element_type=\"section\" data-e-type=\"section\">\n\t\t\t\t\t\t<div class=\"elementor-container elementor-column-gap-default\">\n\t\t\t\t\t<div class=\"elementor-column elementor-col-50 elementor-top-column elementor-element elementor-element-6842e72\" data-id=\"6842e72\" data-element_type=\"column\" data-e-type=\"column\">\n\t\t\t<div class=\"elementor-widget-wrap elementor-element-populated\">\n\t\t\t\t\t\t<div class=\"elementor-element elementor-element-16275cc elementor-widget elementor-widget-image\" data-id=\"16275cc\" data-element_type=\"widget\" data-e-type=\"widget\" data-widget_type=\"image.default\">\n\t\t\t\t<div class=\"elementor-widget-container\">\n\t\t\t\t\t\t\t\t\t\t\t\t\t\t\t<img decoding=\"async\" width=\"1024\" height=\"576\" src=\"https:\/\/www.destrezasyvidaenelmedionatural.es\/wp-content\/uploads\/2022\/08\/SEMINARIO-TECNICAS-PARA-HACER-FUEGO.-2o-EDICION-1024x576.jpg\" class=\"attachment-large size-large wp-image-922\" alt=\"\" srcset=\"https:\/\/www.destrezasyvidaenelmedionatural.es\/wp-content\/uploads\/2022\/08\/SEMINARIO-TECNICAS-PARA-HACER-FUEGO.-2o-EDICION-1024x576.jpg 1024w, https:\/\/www.destrezasyvidaenelmedionatural.es\/wp-content\/uploads\/2022\/08\/SEMINARIO-TECNICAS-PARA-HACER-FUEGO.-2o-EDICION-300x169.jpg 300w, https:\/\/www.destrezasyvidaenelmedionatural.es\/wp-content\/uploads\/2022\/08\/SEMINARIO-TECNICAS-PARA-HACER-FUEGO.-2o-EDICION-768x432.jpg 768w, https:\/\/www.destrezasyvidaenelmedionatural.es\/wp-content\/uploads\/2022\/08\/SEMINARIO-TECNICAS-PARA-HACER-FUEGO.-2o-EDICION-1536x864.jpg 1536w, https:\/\/www.destrezasyvidaenelmedionatural.es\/wp-content\/uploads\/2022\/08\/SEMINARIO-TECNICAS-PARA-HACER-FUEGO.-2o-EDICION.jpg 1920w\" sizes=\"(max-width: 1024px) 100vw, 1024px\" \/>\t\t\t\t\t\t\t\t\t\t\t\t\t\t\t<\/div>\n\t\t\t\t<\/div>\n\t\t\t\t\t<\/div>\n\t\t<\/div>\n\t\t\t\t<div class=\"elementor-column elementor-col-50 elementor-top-column elementor-element elementor-element-1d72070\" data-id=\"1d72070\" data-element_type=\"column\" data-e-type=\"column\">\n\t\t\t<div class=\"elementor-widget-wrap elementor-element-populated\">\n\t\t\t\t\t\t<div class=\"elementor-element elementor-element-524831d elementor-widget elementor-widget-text-editor\" data-id=\"524831d\" data-element_type=\"widget\" data-e-type=\"widget\" data-widget_type=\"text-editor.default\">\n\t\t\t\t<div class=\"elementor-widget-container\">\n\t\t\t\t\t\t\t\t\t<p><span style=\"color: #000000;\">Si deseas aprender t\u00e9cnicas y habilidades necesarias para hacer fuego primitivo como moderno, te ofrecemos el II Curso SEMINARIO T\u00c9CNICAS PARA HACER FUEGO. (2\u00ba EDICI\u00d3N), plazo de inscripci\u00f3n abierto.<\/span><\/p>\n<p>\ud83d\udc49\ud83d\udc49 \u00a0<a href=\"https:\/\/www.destrezasyvidaenelmedionatural.es\/index.php\/2022\/08\/19\/seminario-tecnicas-para-hacer-fuego-2o-edicion\/\">\u00a1Inscr\u00edbete ya!<\/a>\u00a0\u00a0<\/p>\t\t\t\t\t\t\t\t<\/div>\n\t\t\t\t<\/div>\n\t\t\t\t\t<\/div>\n\t\t<\/div>\n\t\t\t\t\t<\/div>\n\t\t<\/section>\n\t\t\t\t<section class=\"elementor-section elementor-top-section elementor-element elementor-element-0a3e6ec elementor-section-boxed elementor-section-height-default elementor-section-height-default\" data-id=\"0a3e6ec\" data-element_type=\"section\" data-e-type=\"section\">\n\t\t\t\t\t\t<div class=\"elementor-container elementor-column-gap-default\">\n\t\t\t\t\t<div class=\"elementor-column elementor-col-50 elementor-top-column elementor-element elementor-element-2e3584e\" data-id=\"2e3584e\" data-element_type=\"column\" data-e-type=\"column\">\n\t\t\t<div class=\"elementor-widget-wrap elementor-element-populated\">\n\t\t\t\t\t\t<div class=\"elementor-element elementor-element-15e26d2 elementor-widget elementor-widget-image\" data-id=\"15e26d2\" data-element_type=\"widget\" data-e-type=\"widget\" data-widget_type=\"image.default\">\n\t\t\t\t<div class=\"elementor-widget-container\">\n\t\t\t\t\t\t\t\t\t\t\t\t\t\t\t<img decoding=\"async\" width=\"1024\" height=\"1024\" src=\"https:\/\/www.destrezasyvidaenelmedionatural.es\/wp-content\/uploads\/2022\/09\/Curso-de-Preparacionismo-en-Desastres-2-1024x1024.png\" class=\"attachment-large size-large wp-image-1028\" alt=\"\" srcset=\"https:\/\/www.destrezasyvidaenelmedionatural.es\/wp-content\/uploads\/2022\/09\/Curso-de-Preparacionismo-en-Desastres-2-1024x1024.png 1024w, https:\/\/www.destrezasyvidaenelmedionatural.es\/wp-content\/uploads\/2022\/09\/Curso-de-Preparacionismo-en-Desastres-2-300x300.png 300w, https:\/\/www.destrezasyvidaenelmedionatural.es\/wp-content\/uploads\/2022\/09\/Curso-de-Preparacionismo-en-Desastres-2-150x150.png 150w, https:\/\/www.destrezasyvidaenelmedionatural.es\/wp-content\/uploads\/2022\/09\/Curso-de-Preparacionismo-en-Desastres-2-768x768.png 768w, https:\/\/www.destrezasyvidaenelmedionatural.es\/wp-content\/uploads\/2022\/09\/Curso-de-Preparacionismo-en-Desastres-2.png 1080w\" sizes=\"(max-width: 1024px) 100vw, 1024px\" \/>\t\t\t\t\t\t\t\t\t\t\t\t\t\t\t<\/div>\n\t\t\t\t<\/div>\n\t\t\t\t\t<\/div>\n\t\t<\/div>\n\t\t\t\t<div class=\"elementor-column elementor-col-50 elementor-top-column elementor-element elementor-element-ad43e11\" data-id=\"ad43e11\" data-element_type=\"column\" data-e-type=\"column\">\n\t\t\t<div class=\"elementor-widget-wrap elementor-element-populated\">\n\t\t\t\t\t\t<div class=\"elementor-element elementor-element-05bc94c elementor-widget elementor-widget-text-editor\" data-id=\"05bc94c\" data-element_type=\"widget\" data-e-type=\"widget\" data-widget_type=\"text-editor.default\">\n\t\t\t\t<div class=\"elementor-widget-container\">\n\t\t\t\t\t\t\t\t\t<p><span style=\"color: #000000;\">A lo largo del recorrido del curso se te ense\u00f1ar\u00e1 a planear un plan de emergencia familiar, te ofrecemos el Curso de Preparacionismo en Desastres 26 al 27 noviembre 2022 as\u00ed como un plan de supervivencia cuando las comodidades comunes como agua, comida, electricidad o comunicaci\u00f3n no est\u00e1 disponibles ante un desastre natural..<\/span><\/p>\n<p><span style=\"color: #000000;\">Tambi\u00e9n se practicar\u00e1n estrategias que te ayudar\u00e1n en no caer en p\u00e1nico y conservar la calma, evitando empeorar las circunstancias y manteniendo una atm\u00f3sfera controlada para salir adelante ante la adversidad. El curso se desarrolla durante 25 horas seguidas en la naturaleza pernoctando en albergue. Plazo de inscripci\u00f3n abierto.<\/span><\/p>\n<p><span style=\"\">\ud83d\udc49\ud83d\udc49 \u00a0<a href=\"https:\/\/www.destrezasyvidaenelmedionatural.es\/index.php\/2022\/09\/02\/curso-de-preparacionismo-en-desastres-26-al-27-noviembre-2022\/\">\u00a1Inscr\u00edbete ya!<\/a><\/span>\u00a0\u00a0<\/p>\t\t\t\t\t\t\t\t<\/div>\n\t\t\t\t<\/div>\n\t\t\t\t\t<\/div>\n\t\t<\/div>\n\t\t\t\t\t<\/div>\n\t\t<\/section>\n\t\t\t\t<section class=\"elementor-section elementor-top-section elementor-element elementor-element-a908e60 elementor-section-boxed elementor-section-height-default elementor-section-height-default\" data-id=\"a908e60\" data-element_type=\"section\" data-e-type=\"section\">\n\t\t\t\t\t\t<div class=\"elementor-container elementor-column-gap-default\">\n\t\t\t\t\t<div class=\"elementor-column elementor-col-100 elementor-top-column elementor-element elementor-element-e1fea29\" data-id=\"e1fea29\" data-element_type=\"column\" data-e-type=\"column\">\n\t\t\t<div class=\"elementor-widget-wrap elementor-element-populated\">\n\t\t\t\t\t\t<div class=\"elementor-element elementor-element-196002a elementor-widget elementor-widget-text-editor\" data-id=\"196002a\" data-element_type=\"widget\" data-e-type=\"widget\" data-widget_type=\"text-editor.default\">\n\t\t\t\t<div class=\"elementor-widget-container\">\n\t\t\t\t\t\t\t\t\t<p><span style=\"color: #000000;\">En nuestra p\u00e1gina web <a href=\"https:\/\/www.destrezasyvidaenelmedionatural.es\/\">https:\/\/www.destrezasyvidaenelmedionatural.es\/<\/a> y redes sociales se puede consultar m\u00e1s informaci\u00f3n.<\/span><\/p>\n<p><span style=\"color: #000000;\">\u00a1Te esperamos!<\/span><\/p>\n<p><span style=\"color: #000000;\"><span style=\"\">Destrezas y Vida MN.<\/span><\/span><\/p>\t\t\t\t\t\t\t\t<\/div>\n\t\t\t\t<\/div>\n\t\t\t\t\t<\/div>\n\t\t<\/div>\n\t\t\t\t\t<\/div>\n\t\t<\/section>\n\t\t\t\t<\/div>\n\t\t","protected":false},"excerpt":{"rendered":"<p>En Destrezas y Vida en el Medio Natural nos importa mucho tu formaci\u00f3n, y bienestar y, por eso, dise\u00f1amos y te ofrecemos cursos que mejoran tus capacidades y habilidades personales. Para este primer cuatrimestre tenemos ya en periodo de preinscripci\u00f3n los siguientes cursos, que abarcan diversas Softskills, Supervivencia, Fuego y Preparacionismo Si quieres iniciarte en &hellip;<\/p>\n<p class=\"read-more\"> <a class=\"\" href=\"https:\/\/www.destrezasyvidaenelmedionatural.es\/index.php\/2022\/09\/08\/te-esperamos-en-nuestros-cursos-2022-arrancamos\/\"> <span class=\"screen-reader-text\">Te esperamos en nuestros cursos 2022 \u00a1Arrancamos!<\/span> Leer m\u00e1s &raquo;<\/a><\/p>\n","protected":false},"author":1,"featured_media":0,"comment_status":"open","ping_status":"open","sticky":false,"template":"","format":"standard","meta":{"episode_type":"","audio_file":"","cover_image":"","cover_image_id":"","duration":"","filesize":"","date_recorded":"","explicit":"","block":"","filesize_raw":"","footnotes":""},"categories":[8],"tags":[],"class_list":["post-1050","post","type-post","status-publish","format-standard","hentry","category-blog"],"yoast_head":"<!-- This site is optimized with the Yoast SEO plugin v23.8 - https:\/\/yoast.com\/wordpress\/plugins\/seo\/ -->\n<title>Te esperamos en nuestros cursos 2022 \u00a1Arrancamos! - Destrezas y Vida en el Medio Natural<\/title>\n<meta name=\"robots\" content=\"index, follow, max-snippet:-1, max-image-preview:large, max-video-preview:-1\" \/>\n<link rel=\"canonical\" href=\"https:\/\/www.destrezasyvidaenelmedionatural.es\/index.php\/2022\/09\/08\/te-esperamos-en-nuestros-cursos-2022-arrancamos\/\" \/>\n<meta property=\"og:locale\" content=\"es_ES\" \/>\n<meta property=\"og:type\" content=\"article\" \/>\n<meta property=\"og:title\" content=\"Te esperamos en nuestros cursos 2022 \u00a1Arrancamos! - Destrezas y Vida en el Medio Natural\" \/>\n<meta property=\"og:description\" content=\"En Destrezas y Vida en el Medio Natural nos importa mucho tu formaci\u00f3n, y bienestar y, por eso, dise\u00f1amos y te ofrecemos cursos que mejoran tus capacidades y habilidades personales. Para este primer cuatrimestre tenemos ya en periodo de preinscripci\u00f3n los siguientes cursos, que abarcan diversas Softskills, Supervivencia, Fuego y Preparacionismo Si quieres iniciarte en &hellip; Te esperamos en nuestros cursos 2022 \u00a1Arrancamos! Leer m\u00e1s &raquo;\" \/>\n<meta property=\"og:url\" content=\"https:\/\/www.destrezasyvidaenelmedionatural.es\/index.php\/2022\/09\/08\/te-esperamos-en-nuestros-cursos-2022-arrancamos\/\" \/>\n<meta property=\"og:site_name\" content=\"Destrezas y Vida en el Medio Natural\" \/>\n<meta property=\"article:publisher\" content=\"https:\/\/www.facebook.com\/Destrezas.y.Vida.en.el.Medio.Natural\" \/>\n<meta property=\"article:author\" content=\"https:\/\/www.facebook.com\/Destrezas.y.Vida.en.el.Medio.Natural\" \/>\n<meta property=\"article:published_time\" content=\"2022-09-08T12:02:32+00:00\" \/>\n<meta property=\"article:modified_time\" content=\"2022-09-09T15:22:45+00:00\" \/>\n<meta property=\"og:image\" content=\"http:\/\/www.destrezasyvidaenelmedionatural.es\/wp-content\/uploads\/2022\/07\/INICIACION-A-LA-SUPERVIVENCIA-EN-ENTORNO-MEDITERRANEO-SEMIARIDO-2o-EDICION-1024x576.png\" \/>\n<meta name=\"author\" content=\"admin\" \/>\n<meta name=\"twitter:card\" content=\"summary_large_image\" \/>\n<meta name=\"twitter:creator\" content=\"@DestrezasyVida\" \/>\n<meta name=\"twitter:site\" content=\"@DestrezasyVida\" \/>\n<meta name=\"twitter:label1\" content=\"Escrito por\" \/>\n\t<meta name=\"twitter:data1\" content=\"admin\" \/>\n\t<meta name=\"twitter:label2\" content=\"Tiempo de lectura\" \/>\n\t<meta name=\"twitter:data2\" content=\"1 minuto\" \/>\n<script type=\"application\/ld+json\" class=\"yoast-schema-graph\">{\"@context\":\"https:\/\/schema.org\",\"@graph\":[{\"@type\":\"Article\",\"@id\":\"https:\/\/www.destrezasyvidaenelmedionatural.es\/index.php\/2022\/09\/08\/te-esperamos-en-nuestros-cursos-2022-arrancamos\/#article\",\"isPartOf\":{\"@id\":\"https:\/\/www.destrezasyvidaenelmedionatural.es\/index.php\/2022\/09\/08\/te-esperamos-en-nuestros-cursos-2022-arrancamos\/\"},\"author\":{\"name\":\"admin\",\"@id\":\"https:\/\/www.destrezasyvidaenelmedionatural.es\/#\/schema\/person\/05ac69635d864d75006df0853eb7afd3\"},\"headline\":\"Te esperamos en nuestros cursos 2022 \u00a1Arrancamos!\",\"datePublished\":\"2022-09-08T12:02:32+00:00\",\"dateModified\":\"2022-09-09T15:22:45+00:00\",\"mainEntityOfPage\":{\"@id\":\"https:\/\/www.destrezasyvidaenelmedionatural.es\/index.php\/2022\/09\/08\/te-esperamos-en-nuestros-cursos-2022-arrancamos\/\"},\"wordCount\":304,\"commentCount\":0,\"publisher\":{\"@id\":\"https:\/\/www.destrezasyvidaenelmedionatural.es\/#\/schema\/person\/05ac69635d864d75006df0853eb7afd3\"},\"image\":{\"@id\":\"https:\/\/www.destrezasyvidaenelmedionatural.es\/index.php\/2022\/09\/08\/te-esperamos-en-nuestros-cursos-2022-arrancamos\/#primaryimage\"},\"thumbnailUrl\":\"http:\/\/www.destrezasyvidaenelmedionatural.es\/wp-content\/uploads\/2022\/07\/INICIACION-A-LA-SUPERVIVENCIA-EN-ENTORNO-MEDITERRANEO-SEMIARIDO-2o-EDICION-1024x576.png\",\"articleSection\":[\"Blog\"],\"inLanguage\":\"es\",\"potentialAction\":[{\"@type\":\"CommentAction\",\"name\":\"Comment\",\"target\":[\"https:\/\/www.destrezasyvidaenelmedionatural.es\/index.php\/2022\/09\/08\/te-esperamos-en-nuestros-cursos-2022-arrancamos\/#respond\"]}]},{\"@type\":\"WebPage\",\"@id\":\"https:\/\/www.destrezasyvidaenelmedionatural.es\/index.php\/2022\/09\/08\/te-esperamos-en-nuestros-cursos-2022-arrancamos\/\",\"url\":\"https:\/\/www.destrezasyvidaenelmedionatural.es\/index.php\/2022\/09\/08\/te-esperamos-en-nuestros-cursos-2022-arrancamos\/\",\"name\":\"Te esperamos en nuestros cursos 2022 \u00a1Arrancamos! - Destrezas y Vida en el Medio Natural\",\"isPartOf\":{\"@id\":\"https:\/\/www.destrezasyvidaenelmedionatural.es\/#website\"},\"primaryImageOfPage\":{\"@id\":\"https:\/\/www.destrezasyvidaenelmedionatural.es\/index.php\/2022\/09\/08\/te-esperamos-en-nuestros-cursos-2022-arrancamos\/#primaryimage\"},\"image\":{\"@id\":\"https:\/\/www.destrezasyvidaenelmedionatural.es\/index.php\/2022\/09\/08\/te-esperamos-en-nuestros-cursos-2022-arrancamos\/#primaryimage\"},\"thumbnailUrl\":\"http:\/\/www.destrezasyvidaenelmedionatural.es\/wp-content\/uploads\/2022\/07\/INICIACION-A-LA-SUPERVIVENCIA-EN-ENTORNO-MEDITERRANEO-SEMIARIDO-2o-EDICION-1024x576.png\",\"datePublished\":\"2022-09-08T12:02:32+00:00\",\"dateModified\":\"2022-09-09T15:22:45+00:00\",\"breadcrumb\":{\"@id\":\"https:\/\/www.destrezasyvidaenelmedionatural.es\/index.php\/2022\/09\/08\/te-esperamos-en-nuestros-cursos-2022-arrancamos\/#breadcrumb\"},\"inLanguage\":\"es\",\"potentialAction\":[{\"@type\":\"ReadAction\",\"target\":[\"https:\/\/www.destrezasyvidaenelmedionatural.es\/index.php\/2022\/09\/08\/te-esperamos-en-nuestros-cursos-2022-arrancamos\/\"]}]},{\"@type\":\"ImageObject\",\"inLanguage\":\"es\",\"@id\":\"https:\/\/www.destrezasyvidaenelmedionatural.es\/index.php\/2022\/09\/08\/te-esperamos-en-nuestros-cursos-2022-arrancamos\/#primaryimage\",\"url\":\"https:\/\/www.destrezasyvidaenelmedionatural.es\/wp-content\/uploads\/2022\/07\/INICIACION-A-LA-SUPERVIVENCIA-EN-ENTORNO-MEDITERRANEO-SEMIARIDO-2o-EDICION.png\",\"contentUrl\":\"https:\/\/www.destrezasyvidaenelmedionatural.es\/wp-content\/uploads\/2022\/07\/INICIACION-A-LA-SUPERVIVENCIA-EN-ENTORNO-MEDITERRANEO-SEMIARIDO-2o-EDICION.png\",\"width\":1920,\"height\":1080},{\"@type\":\"BreadcrumbList\",\"@id\":\"https:\/\/www.destrezasyvidaenelmedionatural.es\/index.php\/2022\/09\/08\/te-esperamos-en-nuestros-cursos-2022-arrancamos\/#breadcrumb\",\"itemListElement\":[{\"@type\":\"ListItem\",\"position\":1,\"name\":\"Portada\",\"item\":\"https:\/\/www.destrezasyvidaenelmedionatural.es\/\"},{\"@type\":\"ListItem\",\"position\":2,\"name\":\"Te esperamos en nuestros cursos 2022 \u00a1Arrancamos!\"}]},{\"@type\":\"WebSite\",\"@id\":\"https:\/\/www.destrezasyvidaenelmedionatural.es\/#website\",\"url\":\"https:\/\/www.destrezasyvidaenelmedionatural.es\/\",\"name\":\"Destrezas y Vida en el Medio Natural\",\"description\":\"El sitio web Destrezas y Vida en el Medio Natural es un recurso excelente para cualquiera que quiera aprender sobre la naturaleza y c\u00f3mo interactuar con ella de manera segura y respetuosa.\",\"publisher\":{\"@id\":\"https:\/\/www.destrezasyvidaenelmedionatural.es\/#\/schema\/person\/05ac69635d864d75006df0853eb7afd3\"},\"potentialAction\":[{\"@type\":\"SearchAction\",\"target\":{\"@type\":\"EntryPoint\",\"urlTemplate\":\"https:\/\/www.destrezasyvidaenelmedionatural.es\/?s={search_term_string}\"},\"query-input\":{\"@type\":\"PropertyValueSpecification\",\"valueRequired\":true,\"valueName\":\"search_term_string\"}}],\"inLanguage\":\"es\"},{\"@type\":[\"Person\",\"Organization\"],\"@id\":\"https:\/\/www.destrezasyvidaenelmedionatural.es\/#\/schema\/person\/05ac69635d864d75006df0853eb7afd3\",\"name\":\"admin\",\"image\":{\"@type\":\"ImageObject\",\"inLanguage\":\"es\",\"@id\":\"https:\/\/www.destrezasyvidaenelmedionatural.es\/#\/schema\/person\/image\/\",\"url\":\"https:\/\/www.destrezasyvidaenelmedionatural.es\/wp-content\/uploads\/2021\/08\/cropped-SIN-FONDO-PRUEBA1.png\",\"contentUrl\":\"https:\/\/www.destrezasyvidaenelmedionatural.es\/wp-content\/uploads\/2021\/08\/cropped-SIN-FONDO-PRUEBA1.png\",\"width\":351,\"height\":349,\"caption\":\"admin\"},\"logo\":{\"@id\":\"https:\/\/www.destrezasyvidaenelmedionatural.es\/#\/schema\/person\/image\/\"},\"sameAs\":[\"http:\/\/www.destrezasyvidaenelmedionatural.es\",\"https:\/\/www.facebook.com\/Destrezas.y.Vida.en.el.Medio.Natural\",\"https:\/\/www.instagram.com\/destrezasyvidamn\/\"],\"url\":\"https:\/\/www.destrezasyvidaenelmedionatural.es\/index.php\/author\/admin\/\"}]}<\/script>\n<!-- \/ Yoast SEO plugin. -->","yoast_head_json":{"title":"Te esperamos en nuestros cursos 2022 \u00a1Arrancamos! - Destrezas y Vida en el Medio Natural","robots":{"index":"index","follow":"follow","max-snippet":"max-snippet:-1","max-image-preview":"max-image-preview:large","max-video-preview":"max-video-preview:-1"},"canonical":"https:\/\/www.destrezasyvidaenelmedionatural.es\/index.php\/2022\/09\/08\/te-esperamos-en-nuestros-cursos-2022-arrancamos\/","og_locale":"es_ES","og_type":"article","og_title":"Te esperamos en nuestros cursos 2022 \u00a1Arrancamos! - Destrezas y Vida en el Medio Natural","og_description":"En Destrezas y Vida en el Medio Natural nos importa mucho tu formaci\u00f3n, y bienestar y, por eso, dise\u00f1amos y te ofrecemos cursos que mejoran tus capacidades y habilidades personales. Para este primer cuatrimestre tenemos ya en periodo de preinscripci\u00f3n los siguientes cursos, que abarcan diversas Softskills, Supervivencia, Fuego y Preparacionismo Si quieres iniciarte en &hellip; Te esperamos en nuestros cursos 2022 \u00a1Arrancamos! Leer m\u00e1s &raquo;","og_url":"https:\/\/www.destrezasyvidaenelmedionatural.es\/index.php\/2022\/09\/08\/te-esperamos-en-nuestros-cursos-2022-arrancamos\/","og_site_name":"Destrezas y Vida en el Medio Natural","article_publisher":"https:\/\/www.facebook.com\/Destrezas.y.Vida.en.el.Medio.Natural","article_author":"https:\/\/www.facebook.com\/Destrezas.y.Vida.en.el.Medio.Natural","article_published_time":"2022-09-08T12:02:32+00:00","article_modified_time":"2022-09-09T15:22:45+00:00","og_image":[{"url":"http:\/\/www.destrezasyvidaenelmedionatural.es\/wp-content\/uploads\/2022\/07\/INICIACION-A-LA-SUPERVIVENCIA-EN-ENTORNO-MEDITERRANEO-SEMIARIDO-2o-EDICION-1024x576.png"}],"author":"admin","twitter_card":"summary_large_image","twitter_creator":"@DestrezasyVida","twitter_site":"@DestrezasyVida","twitter_misc":{"Escrito por":"admin","Tiempo de lectura":"1 minuto"},"schema":{"@context":"https:\/\/schema.org","@graph":[{"@type":"Article","@id":"https:\/\/www.destrezasyvidaenelmedionatural.es\/index.php\/2022\/09\/08\/te-esperamos-en-nuestros-cursos-2022-arrancamos\/#article","isPartOf":{"@id":"https:\/\/www.destrezasyvidaenelmedionatural.es\/index.php\/2022\/09\/08\/te-esperamos-en-nuestros-cursos-2022-arrancamos\/"},"author":{"name":"admin","@id":"https:\/\/www.destrezasyvidaenelmedionatural.es\/#\/schema\/person\/05ac69635d864d75006df0853eb7afd3"},"headline":"Te esperamos en nuestros cursos 2022 \u00a1Arrancamos!","datePublished":"2022-09-08T12:02:32+00:00","dateModified":"2022-09-09T15:22:45+00:00","mainEntityOfPage":{"@id":"https:\/\/www.destrezasyvidaenelmedionatural.es\/index.php\/2022\/09\/08\/te-esperamos-en-nuestros-cursos-2022-arrancamos\/"},"wordCount":304,"commentCount":0,"publisher":{"@id":"https:\/\/www.destrezasyvidaenelmedionatural.es\/#\/schema\/person\/05ac69635d864d75006df0853eb7afd3"},"image":{"@id":"https:\/\/www.destrezasyvidaenelmedionatural.es\/index.php\/2022\/09\/08\/te-esperamos-en-nuestros-cursos-2022-arrancamos\/#primaryimage"},"thumbnailUrl":"http:\/\/www.destrezasyvidaenelmedionatural.es\/wp-content\/uploads\/2022\/07\/INICIACION-A-LA-SUPERVIVENCIA-EN-ENTORNO-MEDITERRANEO-SEMIARIDO-2o-EDICION-1024x576.png","articleSection":["Blog"],"inLanguage":"es","potentialAction":[{"@type":"CommentAction","name":"Comment","target":["https:\/\/www.destrezasyvidaenelmedionatural.es\/index.php\/2022\/09\/08\/te-esperamos-en-nuestros-cursos-2022-arrancamos\/#respond"]}]},{"@type":"WebPage","@id":"https:\/\/www.destrezasyvidaenelmedionatural.es\/index.php\/2022\/09\/08\/te-esperamos-en-nuestros-cursos-2022-arrancamos\/","url":"https:\/\/www.destrezasyvidaenelmedionatural.es\/index.php\/2022\/09\/08\/te-esperamos-en-nuestros-cursos-2022-arrancamos\/","name":"Te esperamos en nuestros cursos 2022 \u00a1Arrancamos! - Destrezas y Vida en el Medio Natural","isPartOf":{"@id":"https:\/\/www.destrezasyvidaenelmedionatural.es\/#website"},"primaryImageOfPage":{"@id":"https:\/\/www.destrezasyvidaenelmedionatural.es\/index.php\/2022\/09\/08\/te-esperamos-en-nuestros-cursos-2022-arrancamos\/#primaryimage"},"image":{"@id":"https:\/\/www.destrezasyvidaenelmedionatural.es\/index.php\/2022\/09\/08\/te-esperamos-en-nuestros-cursos-2022-arrancamos\/#primaryimage"},"thumbnailUrl":"http:\/\/www.destrezasyvidaenelmedionatural.es\/wp-content\/uploads\/2022\/07\/INICIACION-A-LA-SUPERVIVENCIA-EN-ENTORNO-MEDITERRANEO-SEMIARIDO-2o-EDICION-1024x576.png","datePublished":"2022-09-08T12:02:32+00:00","dateModified":"2022-09-09T15:22:45+00:00","breadcrumb":{"@id":"https:\/\/www.destrezasyvidaenelmedionatural.es\/index.php\/2022\/09\/08\/te-esperamos-en-nuestros-cursos-2022-arrancamos\/#breadcrumb"},"inLanguage":"es","potentialAction":[{"@type":"ReadAction","target":["https:\/\/www.destrezasyvidaenelmedionatural.es\/index.php\/2022\/09\/08\/te-esperamos-en-nuestros-cursos-2022-arrancamos\/"]}]},{"@type":"ImageObject","inLanguage":"es","@id":"https:\/\/www.destrezasyvidaenelmedionatural.es\/index.php\/2022\/09\/08\/te-esperamos-en-nuestros-cursos-2022-arrancamos\/#primaryimage","url":"https:\/\/www.destrezasyvidaenelmedionatural.es\/wp-content\/uploads\/2022\/07\/INICIACION-A-LA-SUPERVIVENCIA-EN-ENTORNO-MEDITERRANEO-SEMIARIDO-2o-EDICION.png","contentUrl":"https:\/\/www.destrezasyvidaenelmedionatural.es\/wp-content\/uploads\/2022\/07\/INICIACION-A-LA-SUPERVIVENCIA-EN-ENTORNO-MEDITERRANEO-SEMIARIDO-2o-EDICION.png","width":1920,"height":1080},{"@type":"BreadcrumbList","@id":"https:\/\/www.destrezasyvidaenelmedionatural.es\/index.php\/2022\/09\/08\/te-esperamos-en-nuestros-cursos-2022-arrancamos\/#breadcrumb","itemListElement":[{"@type":"ListItem","position":1,"name":"Portada","item":"https:\/\/www.destrezasyvidaenelmedionatural.es\/"},{"@type":"ListItem","position":2,"name":"Te esperamos en nuestros cursos 2022 \u00a1Arrancamos!"}]},{"@type":"WebSite","@id":"https:\/\/www.destrezasyvidaenelmedionatural.es\/#website","url":"https:\/\/www.destrezasyvidaenelmedionatural.es\/","name":"Destrezas y Vida en el Medio Natural","description":"El sitio web Destrezas y Vida en el Medio Natural es un recurso excelente para cualquiera que quiera aprender sobre la naturaleza y c\u00f3mo interactuar con ella de manera segura y respetuosa.","publisher":{"@id":"https:\/\/www.destrezasyvidaenelmedionatural.es\/#\/schema\/person\/05ac69635d864d75006df0853eb7afd3"},"potentialAction":[{"@type":"SearchAction","target":{"@type":"EntryPoint","urlTemplate":"https:\/\/www.destrezasyvidaenelmedionatural.es\/?s={search_term_string}"},"query-input":{"@type":"PropertyValueSpecification","valueRequired":true,"valueName":"search_term_string"}}],"inLanguage":"es"},{"@type":["Person","Organization"],"@id":"https:\/\/www.destrezasyvidaenelmedionatural.es\/#\/schema\/person\/05ac69635d864d75006df0853eb7afd3","name":"admin","image":{"@type":"ImageObject","inLanguage":"es","@id":"https:\/\/www.destrezasyvidaenelmedionatural.es\/#\/schema\/person\/image\/","url":"https:\/\/www.destrezasyvidaenelmedionatural.es\/wp-content\/uploads\/2021\/08\/cropped-SIN-FONDO-PRUEBA1.png","contentUrl":"https:\/\/www.destrezasyvidaenelmedionatural.es\/wp-content\/uploads\/2021\/08\/cropped-SIN-FONDO-PRUEBA1.png","width":351,"height":349,"caption":"admin"},"logo":{"@id":"https:\/\/www.destrezasyvidaenelmedionatural.es\/#\/schema\/person\/image\/"},"sameAs":["http:\/\/www.destrezasyvidaenelmedionatural.es","https:\/\/www.facebook.com\/Destrezas.y.Vida.en.el.Medio.Natural","https:\/\/www.instagram.com\/destrezasyvidamn\/"],"url":"https:\/\/www.destrezasyvidaenelmedionatural.es\/index.php\/author\/admin\/"}]}},"_links":{"self":[{"href":"https:\/\/www.destrezasyvidaenelmedionatural.es\/index.php\/wp-json\/wp\/v2\/posts\/1050","targetHints":{"allow":["GET"]}}],"collection":[{"href":"https:\/\/www.destrezasyvidaenelmedionatural.es\/index.php\/wp-json\/wp\/v2\/posts"}],"about":[{"href":"https:\/\/www.destrezasyvidaenelmedionatural.es\/index.php\/wp-json\/wp\/v2\/types\/post"}],"author":[{"embeddable":true,"href":"https:\/\/www.destrezasyvidaenelmedionatural.es\/index.php\/wp-json\/wp\/v2\/users\/1"}],"replies":[{"embeddable":true,"href":"https:\/\/www.destrezasyvidaenelmedionatural.es\/index.php\/wp-json\/wp\/v2\/comments?post=1050"}],"version-history":[{"count":14,"href":"https:\/\/www.destrezasyvidaenelmedionatural.es\/index.php\/wp-json\/wp\/v2\/posts\/1050\/revisions"}],"predecessor-version":[{"id":1068,"href":"https:\/\/www.destrezasyvidaenelmedionatural.es\/index.php\/wp-json\/wp\/v2\/posts\/1050\/revisions\/1068"}],"wp:attachment":[{"href":"https:\/\/www.destrezasyvidaenelmedionatural.es\/index.php\/wp-json\/wp\/v2\/media?parent=1050"}],"wp:term":[{"taxonomy":"category","embeddable":true,"href":"https:\/\/www.destrezasyvidaenelmedionatural.es\/index.php\/wp-json\/wp\/v2\/categories?post=1050"},{"taxonomy":"post_tag","embeddable":true,"href":"https:\/\/www.destrezasyvidaenelmedionatural.es\/index.php\/wp-json\/wp\/v2\/tags?post=1050"}],"curies":[{"name":"wp","href":"https:\/\/api.w.org\/{rel}","templated":true}]}}