{"id":1231,"date":"2023-01-26T08:32:45","date_gmt":"2023-01-26T08:32:45","guid":{"rendered":"https:\/\/www.destrezasyvidaenelmedionatural.es\/?p=1231"},"modified":"2023-01-26T08:40:59","modified_gmt":"2023-01-26T08:40:59","slug":"programacion-de-actividades-ambientales-marzo-abril-2023","status":"publish","type":"post","link":"https:\/\/www.destrezasyvidaenelmedionatural.es\/index.php\/2023\/01\/26\/programacion-de-actividades-ambientales-marzo-abril-2023\/","title":{"rendered":"Programaci\u00f3n de Actividades Ambientales Marzo-Abril 2023"},"content":{"rendered":"\t\t<div data-elementor-type=\"wp-post\" data-elementor-id=\"1231\" class=\"elementor elementor-1231\">\n\t\t\t\t\t\t<section class=\"elementor-section elementor-top-section elementor-element elementor-element-e6d74b7 elementor-section-boxed elementor-section-height-default elementor-section-height-default\" data-id=\"e6d74b7\" data-element_type=\"section\" data-e-type=\"section\">\n\t\t\t\t\t\t<div class=\"elementor-container elementor-column-gap-default\">\n\t\t\t\t\t<div class=\"elementor-column elementor-col-100 elementor-top-column elementor-element elementor-element-f675ad5\" data-id=\"f675ad5\" data-element_type=\"column\" data-e-type=\"column\">\n\t\t\t<div class=\"elementor-widget-wrap elementor-element-populated\">\n\t\t\t\t\t\t<div class=\"elementor-element elementor-element-ee7b91f elementor-widget elementor-widget-text-editor\" data-id=\"ee7b91f\" data-element_type=\"widget\" data-e-type=\"widget\" data-widget_type=\"text-editor.default\">\n\t\t\t\t<div class=\"elementor-widget-container\">\n\t\t\t\t\t\t\t\t\t<p><span style=\"color: #000000;\">Te recordamos que Destrezas y Vida en el Medio Natural contin\u00faa con la programaci\u00f3n de actividades.<\/span><\/p><p><span style=\"color: #000000;\">Para este periodo de marzo a Junio se han programado las siguientes actividades:<\/span><\/p>\t\t\t\t\t\t\t\t<\/div>\n\t\t\t\t<\/div>\n\t\t\t\t\t<\/div>\n\t\t<\/div>\n\t\t\t\t\t<\/div>\n\t\t<\/section>\n\t\t\t\t<section class=\"elementor-section elementor-top-section elementor-element elementor-element-fc156a4 elementor-section-boxed elementor-section-height-default elementor-section-height-default\" data-id=\"fc156a4\" data-element_type=\"section\" data-e-type=\"section\">\n\t\t\t\t\t\t<div class=\"elementor-container elementor-column-gap-default\">\n\t\t\t\t\t<div class=\"elementor-column elementor-col-50 elementor-top-column elementor-element elementor-element-110d790\" data-id=\"110d790\" data-element_type=\"column\" data-e-type=\"column\">\n\t\t\t<div class=\"elementor-widget-wrap elementor-element-populated\">\n\t\t\t\t\t\t<div class=\"elementor-element elementor-element-ba5f328 elementor-widget elementor-widget-text-editor\" data-id=\"ba5f328\" data-element_type=\"widget\" data-e-type=\"widget\" data-widget_type=\"text-editor.default\">\n\t\t\t\t<div class=\"elementor-widget-container\">\n\t\t\t\t\t\t\t\t\t<p><span style=\"color: #000000;\"><strong>CURSO:<\/strong><\/span><\/p><p><span style=\"color: #000000;\">S\u00e1bado 11 de marzo. <span style=\"text-decoration: underline;\">La talla del s\u00edlex en la Prehistoria.<\/span><\/span><\/p><p><span style=\"color: #000000;\">En este curso de formaci\u00f3n en tecnolog\u00eda l\u00edtica prehist\u00f3rica, el alumnado podr\u00e1 adquirir los conocimientos\u00a0b\u00e1sicos para la comprensi\u00f3n de los m\u00e9todos y t\u00e9cnicas de talla experimental, as\u00ed como los distintos procesos\u00a0t\u00e9cnicos necesarios para la elaboraci\u00f3n de \u00fatiles prehist\u00f3ricos.\u00a0La realizaci\u00f3n de este curso no requiere experiencia previa.\u00a0<\/span><\/p><p><span style=\"color: #000000;\">Durante el curso, cada alumno tiene asignado\u00a0unos \u00fatiles para la talla, guantes y gafas para su protecci\u00f3n, as\u00ed como las materias primas necesarias para el\u00a0desarrollo de las pr\u00e1cticas de talla.<\/span><\/p><p><span style=\"color: #000000;\">M\u00e1s informaci\u00f3n: <a style=\"color: #000000;\" href=\"https:\/\/www.destrezasyvidaenelmedionatural.es\/index.php\/2023\/01\/25\/curso-la-talla-del-silex-en-la-prehistoria-11-marzo-2023\/\">https:\/\/www.destrezasyvidaenelmedionatural.es\/index.php\/2023\/01\/25\/curso-la-talla-del-silex-en-la-prehistoria-11-marzo-2023\/<\/a><\/span><\/p>\t\t\t\t\t\t\t\t<\/div>\n\t\t\t\t<\/div>\n\t\t\t\t\t<\/div>\n\t\t<\/div>\n\t\t\t\t<div class=\"elementor-column elementor-col-50 elementor-top-column elementor-element elementor-element-ec2c480\" data-id=\"ec2c480\" data-element_type=\"column\" data-e-type=\"column\">\n\t\t\t<div class=\"elementor-widget-wrap elementor-element-populated\">\n\t\t\t\t\t\t<div class=\"elementor-element elementor-element-1b5f9a1 elementor-widget elementor-widget-text-editor\" data-id=\"1b5f9a1\" data-element_type=\"widget\" data-e-type=\"widget\" data-widget_type=\"text-editor.default\">\n\t\t\t\t<div class=\"elementor-widget-container\">\n\t\t\t\t\t\t\t\t\t<p><strong><span style=\"color: #000000;\">CURSO:<\/span><\/strong><\/p><p><span style=\"color: #000000;\">De viernes 7 abril a Domingo 9 abril <a style=\"color: #000000;\" href=\"https:\/\/www.destrezasyvidaenelmedionatural.es\/index.php\/2022\/07\/08\/iniciacion-a-la-supervivencia-en-entorno-mediterraneo-semiarido-3o-edicion\/\">INICIACI\u00d3N A LA SUPERVIVENCIA EN ENTORNO MEDITERRANEO SEMI\u00c1RIDO (4\u00ba EDICI\u00d3N)<\/a><\/span><\/p><p><span style=\"color: #000000;\">Este curso es eminentemente pr\u00e1ctico, destacando, que junto con los conocimientos te\u00f3ricos y pr\u00e1cticas que contiene, ofrece un importante marco de convivencia y relaciones en y con el medio natural, fuente de valiosas experiencias tales como: Gran car\u00e1cter socializador.<\/span><\/p><p><span style=\"color: #000000;\">Empezaremos en la pedan\u00eda de Las Casicas enclavado entre la Sierra de Lugar y el Corqu\u00e9, desde hay haremos un trekking de aproximadamente 4 km donde comenzamos a sumergirnos en el entorno semi \u00e1rido de la Cueva del Solins, para llegar al campamento destrezas y vida en el medio natural una finca privada de 10.000 m2 enclavada en el paraje del Alto de la Churleta \/ Cueva del Solins. Durante el recorrido encontremos vegetaci\u00f3n de lentisco, coscoja, espino negro, romero y pinos. Y si miramos hacia el cielo podamos ver alg\u00fan halc\u00f3n peregrino, azhor o gavil\u00e1n entre las aves rapaces y mam\u00edferos como conejos o zorros.<\/span><\/p><p><span style=\"color: #000000;\">M\u00e1s informaci\u00f3n: <a href=\"https:\/\/www.destrezasyvidaenelmedionatural.es\/index.php\/2022\/07\/08\/iniciacion-a-la-supervivencia-en-entorno-mediterraneo-semiarido-3o-edicion\/\">https:\/\/www.destrezasyvidaenelmedionatural.es\/index.php\/2022\/07\/08\/iniciacion-a-la-supervivencia-en-entorno-mediterraneo-semiarido-3o-edicion\/<\/a><\/span><\/p>\t\t\t\t\t\t\t\t<\/div>\n\t\t\t\t<\/div>\n\t\t\t\t\t<\/div>\n\t\t<\/div>\n\t\t\t\t\t<\/div>\n\t\t<\/section>\n\t\t\t\t<section class=\"elementor-section elementor-top-section elementor-element elementor-element-11e0f47 elementor-section-boxed elementor-section-height-default elementor-section-height-default\" data-id=\"11e0f47\" data-element_type=\"section\" data-e-type=\"section\">\n\t\t\t\t\t\t<div class=\"elementor-container elementor-column-gap-default\">\n\t\t\t\t\t<div class=\"elementor-column elementor-col-50 elementor-top-column elementor-element elementor-element-24e3422\" data-id=\"24e3422\" data-element_type=\"column\" data-e-type=\"column\">\n\t\t\t<div class=\"elementor-widget-wrap elementor-element-populated\">\n\t\t\t\t\t\t<div class=\"elementor-element elementor-element-93b0546 elementor-widget elementor-widget-image\" data-id=\"93b0546\" data-element_type=\"widget\" data-e-type=\"widget\" data-widget_type=\"image.default\">\n\t\t\t\t<div class=\"elementor-widget-container\">\n\t\t\t\t\t\t\t\t\t\t\t\t\t\t\t<img fetchpriority=\"high\" decoding=\"async\" width=\"1024\" height=\"681\" src=\"https:\/\/www.destrezasyvidaenelmedionatural.es\/wp-content\/uploads\/2023\/01\/img6-1024x681.jpg\" class=\"attachment-large size-large wp-image-1185\" alt=\"\" srcset=\"https:\/\/www.destrezasyvidaenelmedionatural.es\/wp-content\/uploads\/2023\/01\/img6-1024x681.jpg 1024w, https:\/\/www.destrezasyvidaenelmedionatural.es\/wp-content\/uploads\/2023\/01\/img6-300x200.jpg 300w, https:\/\/www.destrezasyvidaenelmedionatural.es\/wp-content\/uploads\/2023\/01\/img6-768x511.jpg 768w, https:\/\/www.destrezasyvidaenelmedionatural.es\/wp-content\/uploads\/2023\/01\/img6-1536x1022.jpg 1536w, https:\/\/www.destrezasyvidaenelmedionatural.es\/wp-content\/uploads\/2023\/01\/img6.jpg 2000w\" sizes=\"(max-width: 1024px) 100vw, 1024px\" \/>\t\t\t\t\t\t\t\t\t\t\t\t\t\t\t<\/div>\n\t\t\t\t<\/div>\n\t\t\t\t\t<\/div>\n\t\t<\/div>\n\t\t\t\t<div class=\"elementor-column elementor-col-50 elementor-top-column elementor-element elementor-element-86a3f76\" data-id=\"86a3f76\" data-element_type=\"column\" data-e-type=\"column\">\n\t\t\t<div class=\"elementor-widget-wrap elementor-element-populated\">\n\t\t\t\t\t\t<div class=\"elementor-element elementor-element-6f64fd5 elementor-widget elementor-widget-image\" data-id=\"6f64fd5\" data-element_type=\"widget\" data-e-type=\"widget\" data-widget_type=\"image.default\">\n\t\t\t\t<div class=\"elementor-widget-container\">\n\t\t\t\t\t\t\t\t\t\t\t\t\t\t\t<img decoding=\"async\" width=\"1024\" height=\"724\" src=\"https:\/\/www.destrezasyvidaenelmedionatural.es\/wp-content\/uploads\/2022\/07\/INICIACION-A-LA-SUPERVIVENCIA-EN-ENTORNO-MEDITERRANEO-SEMIARIDO-4o-EDICION-1024x724.png\" class=\"attachment-large size-large wp-image-1150\" alt=\"\" srcset=\"https:\/\/www.destrezasyvidaenelmedionatural.es\/wp-content\/uploads\/2022\/07\/INICIACION-A-LA-SUPERVIVENCIA-EN-ENTORNO-MEDITERRANEO-SEMIARIDO-4o-EDICION-1024x724.png 1024w, https:\/\/www.destrezasyvidaenelmedionatural.es\/wp-content\/uploads\/2022\/07\/INICIACION-A-LA-SUPERVIVENCIA-EN-ENTORNO-MEDITERRANEO-SEMIARIDO-4o-EDICION-300x212.png 300w, https:\/\/www.destrezasyvidaenelmedionatural.es\/wp-content\/uploads\/2022\/07\/INICIACION-A-LA-SUPERVIVENCIA-EN-ENTORNO-MEDITERRANEO-SEMIARIDO-4o-EDICION-768x543.png 768w, https:\/\/www.destrezasyvidaenelmedionatural.es\/wp-content\/uploads\/2022\/07\/INICIACION-A-LA-SUPERVIVENCIA-EN-ENTORNO-MEDITERRANEO-SEMIARIDO-4o-EDICION-1536x1086.png 1536w, https:\/\/www.destrezasyvidaenelmedionatural.es\/wp-content\/uploads\/2022\/07\/INICIACION-A-LA-SUPERVIVENCIA-EN-ENTORNO-MEDITERRANEO-SEMIARIDO-4o-EDICION-2048x1448.png 2048w\" sizes=\"(max-width: 1024px) 100vw, 1024px\" \/>\t\t\t\t\t\t\t\t\t\t\t\t\t\t\t<\/div>\n\t\t\t\t<\/div>\n\t\t\t\t\t<\/div>\n\t\t<\/div>\n\t\t\t\t\t<\/div>\n\t\t<\/section>\n\t\t\t\t<\/div>\n\t\t","protected":false},"excerpt":{"rendered":"<p>Te recordamos que Destrezas y Vida en el Medio Natural contin\u00faa con la programaci\u00f3n de actividades. Para este periodo de marzo a Junio se han programado las siguientes actividades: CURSO: S\u00e1bado 11 de marzo. La talla del s\u00edlex en la Prehistoria. En este curso de formaci\u00f3n en tecnolog\u00eda l\u00edtica prehist\u00f3rica, el alumnado podr\u00e1 adquirir los &hellip;<\/p>\n<p class=\"read-more\"> <a class=\"\" href=\"https:\/\/www.destrezasyvidaenelmedionatural.es\/index.php\/2023\/01\/26\/programacion-de-actividades-ambientales-marzo-abril-2023\/\"> <span class=\"screen-reader-text\">Programaci\u00f3n de Actividades Ambientales Marzo-Abril 2023<\/span> Leer m\u00e1s &raquo;<\/a><\/p>\n","protected":false},"author":1,"featured_media":0,"comment_status":"open","ping_status":"open","sticky":false,"template":"","format":"standard","meta":{"episode_type":"","audio_file":"","cover_image":"","cover_image_id":"","duration":"","filesize":"","date_recorded":"","explicit":"","block":"","filesize_raw":"","footnotes":""},"categories":[8],"tags":[],"class_list":["post-1231","post","type-post","status-publish","format-standard","hentry","category-blog"],"yoast_head":"<!-- This site is optimized with the Yoast SEO plugin v23.8 - https:\/\/yoast.com\/wordpress\/plugins\/seo\/ -->\n<title>Programaci\u00f3n de Actividades Ambientales Marzo-Abril 2023 - Destrezas y Vida en el Medio Natural<\/title>\n<meta name=\"robots\" content=\"index, follow, max-snippet:-1, max-image-preview:large, max-video-preview:-1\" \/>\n<link rel=\"canonical\" href=\"https:\/\/www.destrezasyvidaenelmedionatural.es\/index.php\/2023\/01\/26\/programacion-de-actividades-ambientales-marzo-abril-2023\/\" \/>\n<meta property=\"og:locale\" content=\"es_ES\" \/>\n<meta property=\"og:type\" content=\"article\" \/>\n<meta property=\"og:title\" content=\"Programaci\u00f3n de Actividades Ambientales Marzo-Abril 2023 - Destrezas y Vida en el Medio Natural\" \/>\n<meta property=\"og:description\" content=\"Te recordamos que Destrezas y Vida en el Medio Natural contin\u00faa con la programaci\u00f3n de actividades. Para este periodo de marzo a Junio se han programado las siguientes actividades: CURSO: S\u00e1bado 11 de marzo. La talla del s\u00edlex en la Prehistoria. En este curso de formaci\u00f3n en tecnolog\u00eda l\u00edtica prehist\u00f3rica, el alumnado podr\u00e1 adquirir los &hellip; Programaci\u00f3n de Actividades Ambientales Marzo-Abril 2023 Leer m\u00e1s &raquo;\" \/>\n<meta property=\"og:url\" content=\"https:\/\/www.destrezasyvidaenelmedionatural.es\/index.php\/2023\/01\/26\/programacion-de-actividades-ambientales-marzo-abril-2023\/\" \/>\n<meta property=\"og:site_name\" content=\"Destrezas y Vida en el Medio Natural\" \/>\n<meta property=\"article:publisher\" content=\"https:\/\/www.facebook.com\/Destrezas.y.Vida.en.el.Medio.Natural\" \/>\n<meta property=\"article:author\" content=\"https:\/\/www.facebook.com\/Destrezas.y.Vida.en.el.Medio.Natural\" \/>\n<meta property=\"article:published_time\" content=\"2023-01-26T08:32:45+00:00\" \/>\n<meta property=\"article:modified_time\" content=\"2023-01-26T08:40:59+00:00\" \/>\n<meta property=\"og:image\" content=\"http:\/\/www.destrezasyvidaenelmedionatural.es\/wp-content\/uploads\/2023\/01\/img6-1024x681.jpg\" \/>\n<meta name=\"author\" content=\"admin\" \/>\n<meta name=\"twitter:card\" content=\"summary_large_image\" \/>\n<meta name=\"twitter:creator\" content=\"@DestrezasyVida\" \/>\n<meta name=\"twitter:site\" content=\"@DestrezasyVida\" \/>\n<meta name=\"twitter:label1\" content=\"Escrito por\" \/>\n\t<meta name=\"twitter:data1\" content=\"admin\" \/>\n\t<meta name=\"twitter:label2\" content=\"Tiempo de lectura\" \/>\n\t<meta name=\"twitter:data2\" content=\"2 minutos\" \/>\n<script type=\"application\/ld+json\" class=\"yoast-schema-graph\">{\"@context\":\"https:\/\/schema.org\",\"@graph\":[{\"@type\":\"Article\",\"@id\":\"https:\/\/www.destrezasyvidaenelmedionatural.es\/index.php\/2023\/01\/26\/programacion-de-actividades-ambientales-marzo-abril-2023\/#article\",\"isPartOf\":{\"@id\":\"https:\/\/www.destrezasyvidaenelmedionatural.es\/index.php\/2023\/01\/26\/programacion-de-actividades-ambientales-marzo-abril-2023\/\"},\"author\":{\"name\":\"admin\",\"@id\":\"https:\/\/www.destrezasyvidaenelmedionatural.es\/#\/schema\/person\/05ac69635d864d75006df0853eb7afd3\"},\"headline\":\"Programaci\u00f3n de Actividades Ambientales Marzo-Abril 2023\",\"datePublished\":\"2023-01-26T08:32:45+00:00\",\"dateModified\":\"2023-01-26T08:40:59+00:00\",\"mainEntityOfPage\":{\"@id\":\"https:\/\/www.destrezasyvidaenelmedionatural.es\/index.php\/2023\/01\/26\/programacion-de-actividades-ambientales-marzo-abril-2023\/\"},\"wordCount\":346,\"commentCount\":0,\"publisher\":{\"@id\":\"https:\/\/www.destrezasyvidaenelmedionatural.es\/#\/schema\/person\/05ac69635d864d75006df0853eb7afd3\"},\"image\":{\"@id\":\"https:\/\/www.destrezasyvidaenelmedionatural.es\/index.php\/2023\/01\/26\/programacion-de-actividades-ambientales-marzo-abril-2023\/#primaryimage\"},\"thumbnailUrl\":\"http:\/\/www.destrezasyvidaenelmedionatural.es\/wp-content\/uploads\/2023\/01\/img6-1024x681.jpg\",\"articleSection\":[\"Blog\"],\"inLanguage\":\"es\",\"potentialAction\":[{\"@type\":\"CommentAction\",\"name\":\"Comment\",\"target\":[\"https:\/\/www.destrezasyvidaenelmedionatural.es\/index.php\/2023\/01\/26\/programacion-de-actividades-ambientales-marzo-abril-2023\/#respond\"]}]},{\"@type\":\"WebPage\",\"@id\":\"https:\/\/www.destrezasyvidaenelmedionatural.es\/index.php\/2023\/01\/26\/programacion-de-actividades-ambientales-marzo-abril-2023\/\",\"url\":\"https:\/\/www.destrezasyvidaenelmedionatural.es\/index.php\/2023\/01\/26\/programacion-de-actividades-ambientales-marzo-abril-2023\/\",\"name\":\"Programaci\u00f3n de Actividades Ambientales Marzo-Abril 2023 - Destrezas y Vida en el Medio Natural\",\"isPartOf\":{\"@id\":\"https:\/\/www.destrezasyvidaenelmedionatural.es\/#website\"},\"primaryImageOfPage\":{\"@id\":\"https:\/\/www.destrezasyvidaenelmedionatural.es\/index.php\/2023\/01\/26\/programacion-de-actividades-ambientales-marzo-abril-2023\/#primaryimage\"},\"image\":{\"@id\":\"https:\/\/www.destrezasyvidaenelmedionatural.es\/index.php\/2023\/01\/26\/programacion-de-actividades-ambientales-marzo-abril-2023\/#primaryimage\"},\"thumbnailUrl\":\"http:\/\/www.destrezasyvidaenelmedionatural.es\/wp-content\/uploads\/2023\/01\/img6-1024x681.jpg\",\"datePublished\":\"2023-01-26T08:32:45+00:00\",\"dateModified\":\"2023-01-26T08:40:59+00:00\",\"breadcrumb\":{\"@id\":\"https:\/\/www.destrezasyvidaenelmedionatural.es\/index.php\/2023\/01\/26\/programacion-de-actividades-ambientales-marzo-abril-2023\/#breadcrumb\"},\"inLanguage\":\"es\",\"potentialAction\":[{\"@type\":\"ReadAction\",\"target\":[\"https:\/\/www.destrezasyvidaenelmedionatural.es\/index.php\/2023\/01\/26\/programacion-de-actividades-ambientales-marzo-abril-2023\/\"]}]},{\"@type\":\"ImageObject\",\"inLanguage\":\"es\",\"@id\":\"https:\/\/www.destrezasyvidaenelmedionatural.es\/index.php\/2023\/01\/26\/programacion-de-actividades-ambientales-marzo-abril-2023\/#primaryimage\",\"url\":\"https:\/\/www.destrezasyvidaenelmedionatural.es\/wp-content\/uploads\/2023\/01\/img6.jpg\",\"contentUrl\":\"https:\/\/www.destrezasyvidaenelmedionatural.es\/wp-content\/uploads\/2023\/01\/img6.jpg\",\"width\":2000,\"height\":1331},{\"@type\":\"BreadcrumbList\",\"@id\":\"https:\/\/www.destrezasyvidaenelmedionatural.es\/index.php\/2023\/01\/26\/programacion-de-actividades-ambientales-marzo-abril-2023\/#breadcrumb\",\"itemListElement\":[{\"@type\":\"ListItem\",\"position\":1,\"name\":\"Portada\",\"item\":\"https:\/\/www.destrezasyvidaenelmedionatural.es\/\"},{\"@type\":\"ListItem\",\"position\":2,\"name\":\"Programaci\u00f3n de Actividades Ambientales Marzo-Abril 2023\"}]},{\"@type\":\"WebSite\",\"@id\":\"https:\/\/www.destrezasyvidaenelmedionatural.es\/#website\",\"url\":\"https:\/\/www.destrezasyvidaenelmedionatural.es\/\",\"name\":\"Destrezas y Vida en el Medio Natural\",\"description\":\"El sitio web Destrezas y Vida en el Medio Natural es un recurso excelente para cualquiera que quiera aprender sobre la naturaleza y c\u00f3mo interactuar con ella de manera segura y respetuosa.\",\"publisher\":{\"@id\":\"https:\/\/www.destrezasyvidaenelmedionatural.es\/#\/schema\/person\/05ac69635d864d75006df0853eb7afd3\"},\"potentialAction\":[{\"@type\":\"SearchAction\",\"target\":{\"@type\":\"EntryPoint\",\"urlTemplate\":\"https:\/\/www.destrezasyvidaenelmedionatural.es\/?s={search_term_string}\"},\"query-input\":{\"@type\":\"PropertyValueSpecification\",\"valueRequired\":true,\"valueName\":\"search_term_string\"}}],\"inLanguage\":\"es\"},{\"@type\":[\"Person\",\"Organization\"],\"@id\":\"https:\/\/www.destrezasyvidaenelmedionatural.es\/#\/schema\/person\/05ac69635d864d75006df0853eb7afd3\",\"name\":\"admin\",\"image\":{\"@type\":\"ImageObject\",\"inLanguage\":\"es\",\"@id\":\"https:\/\/www.destrezasyvidaenelmedionatural.es\/#\/schema\/person\/image\/\",\"url\":\"https:\/\/www.destrezasyvidaenelmedionatural.es\/wp-content\/uploads\/2021\/08\/cropped-SIN-FONDO-PRUEBA1.png\",\"contentUrl\":\"https:\/\/www.destrezasyvidaenelmedionatural.es\/wp-content\/uploads\/2021\/08\/cropped-SIN-FONDO-PRUEBA1.png\",\"width\":351,\"height\":349,\"caption\":\"admin\"},\"logo\":{\"@id\":\"https:\/\/www.destrezasyvidaenelmedionatural.es\/#\/schema\/person\/image\/\"},\"sameAs\":[\"http:\/\/www.destrezasyvidaenelmedionatural.es\",\"https:\/\/www.facebook.com\/Destrezas.y.Vida.en.el.Medio.Natural\",\"https:\/\/www.instagram.com\/destrezasyvidamn\/\"],\"url\":\"https:\/\/www.destrezasyvidaenelmedionatural.es\/index.php\/author\/admin\/\"}]}<\/script>\n<!-- \/ Yoast SEO plugin. -->","yoast_head_json":{"title":"Programaci\u00f3n de Actividades Ambientales Marzo-Abril 2023 - Destrezas y Vida en el Medio Natural","robots":{"index":"index","follow":"follow","max-snippet":"max-snippet:-1","max-image-preview":"max-image-preview:large","max-video-preview":"max-video-preview:-1"},"canonical":"https:\/\/www.destrezasyvidaenelmedionatural.es\/index.php\/2023\/01\/26\/programacion-de-actividades-ambientales-marzo-abril-2023\/","og_locale":"es_ES","og_type":"article","og_title":"Programaci\u00f3n de Actividades Ambientales Marzo-Abril 2023 - Destrezas y Vida en el Medio Natural","og_description":"Te recordamos que Destrezas y Vida en el Medio Natural contin\u00faa con la programaci\u00f3n de actividades. Para este periodo de marzo a Junio se han programado las siguientes actividades: CURSO: S\u00e1bado 11 de marzo. La talla del s\u00edlex en la Prehistoria. En este curso de formaci\u00f3n en tecnolog\u00eda l\u00edtica prehist\u00f3rica, el alumnado podr\u00e1 adquirir los &hellip; Programaci\u00f3n de Actividades Ambientales Marzo-Abril 2023 Leer m\u00e1s &raquo;","og_url":"https:\/\/www.destrezasyvidaenelmedionatural.es\/index.php\/2023\/01\/26\/programacion-de-actividades-ambientales-marzo-abril-2023\/","og_site_name":"Destrezas y Vida en el Medio Natural","article_publisher":"https:\/\/www.facebook.com\/Destrezas.y.Vida.en.el.Medio.Natural","article_author":"https:\/\/www.facebook.com\/Destrezas.y.Vida.en.el.Medio.Natural","article_published_time":"2023-01-26T08:32:45+00:00","article_modified_time":"2023-01-26T08:40:59+00:00","og_image":[{"url":"http:\/\/www.destrezasyvidaenelmedionatural.es\/wp-content\/uploads\/2023\/01\/img6-1024x681.jpg"}],"author":"admin","twitter_card":"summary_large_image","twitter_creator":"@DestrezasyVida","twitter_site":"@DestrezasyVida","twitter_misc":{"Escrito por":"admin","Tiempo de lectura":"2 minutos"},"schema":{"@context":"https:\/\/schema.org","@graph":[{"@type":"Article","@id":"https:\/\/www.destrezasyvidaenelmedionatural.es\/index.php\/2023\/01\/26\/programacion-de-actividades-ambientales-marzo-abril-2023\/#article","isPartOf":{"@id":"https:\/\/www.destrezasyvidaenelmedionatural.es\/index.php\/2023\/01\/26\/programacion-de-actividades-ambientales-marzo-abril-2023\/"},"author":{"name":"admin","@id":"https:\/\/www.destrezasyvidaenelmedionatural.es\/#\/schema\/person\/05ac69635d864d75006df0853eb7afd3"},"headline":"Programaci\u00f3n de Actividades Ambientales Marzo-Abril 2023","datePublished":"2023-01-26T08:32:45+00:00","dateModified":"2023-01-26T08:40:59+00:00","mainEntityOfPage":{"@id":"https:\/\/www.destrezasyvidaenelmedionatural.es\/index.php\/2023\/01\/26\/programacion-de-actividades-ambientales-marzo-abril-2023\/"},"wordCount":346,"commentCount":0,"publisher":{"@id":"https:\/\/www.destrezasyvidaenelmedionatural.es\/#\/schema\/person\/05ac69635d864d75006df0853eb7afd3"},"image":{"@id":"https:\/\/www.destrezasyvidaenelmedionatural.es\/index.php\/2023\/01\/26\/programacion-de-actividades-ambientales-marzo-abril-2023\/#primaryimage"},"thumbnailUrl":"http:\/\/www.destrezasyvidaenelmedionatural.es\/wp-content\/uploads\/2023\/01\/img6-1024x681.jpg","articleSection":["Blog"],"inLanguage":"es","potentialAction":[{"@type":"CommentAction","name":"Comment","target":["https:\/\/www.destrezasyvidaenelmedionatural.es\/index.php\/2023\/01\/26\/programacion-de-actividades-ambientales-marzo-abril-2023\/#respond"]}]},{"@type":"WebPage","@id":"https:\/\/www.destrezasyvidaenelmedionatural.es\/index.php\/2023\/01\/26\/programacion-de-actividades-ambientales-marzo-abril-2023\/","url":"https:\/\/www.destrezasyvidaenelmedionatural.es\/index.php\/2023\/01\/26\/programacion-de-actividades-ambientales-marzo-abril-2023\/","name":"Programaci\u00f3n de Actividades Ambientales Marzo-Abril 2023 - Destrezas y Vida en el Medio Natural","isPartOf":{"@id":"https:\/\/www.destrezasyvidaenelmedionatural.es\/#website"},"primaryImageOfPage":{"@id":"https:\/\/www.destrezasyvidaenelmedionatural.es\/index.php\/2023\/01\/26\/programacion-de-actividades-ambientales-marzo-abril-2023\/#primaryimage"},"image":{"@id":"https:\/\/www.destrezasyvidaenelmedionatural.es\/index.php\/2023\/01\/26\/programacion-de-actividades-ambientales-marzo-abril-2023\/#primaryimage"},"thumbnailUrl":"http:\/\/www.destrezasyvidaenelmedionatural.es\/wp-content\/uploads\/2023\/01\/img6-1024x681.jpg","datePublished":"2023-01-26T08:32:45+00:00","dateModified":"2023-01-26T08:40:59+00:00","breadcrumb":{"@id":"https:\/\/www.destrezasyvidaenelmedionatural.es\/index.php\/2023\/01\/26\/programacion-de-actividades-ambientales-marzo-abril-2023\/#breadcrumb"},"inLanguage":"es","potentialAction":[{"@type":"ReadAction","target":["https:\/\/www.destrezasyvidaenelmedionatural.es\/index.php\/2023\/01\/26\/programacion-de-actividades-ambientales-marzo-abril-2023\/"]}]},{"@type":"ImageObject","inLanguage":"es","@id":"https:\/\/www.destrezasyvidaenelmedionatural.es\/index.php\/2023\/01\/26\/programacion-de-actividades-ambientales-marzo-abril-2023\/#primaryimage","url":"https:\/\/www.destrezasyvidaenelmedionatural.es\/wp-content\/uploads\/2023\/01\/img6.jpg","contentUrl":"https:\/\/www.destrezasyvidaenelmedionatural.es\/wp-content\/uploads\/2023\/01\/img6.jpg","width":2000,"height":1331},{"@type":"BreadcrumbList","@id":"https:\/\/www.destrezasyvidaenelmedionatural.es\/index.php\/2023\/01\/26\/programacion-de-actividades-ambientales-marzo-abril-2023\/#breadcrumb","itemListElement":[{"@type":"ListItem","position":1,"name":"Portada","item":"https:\/\/www.destrezasyvidaenelmedionatural.es\/"},{"@type":"ListItem","position":2,"name":"Programaci\u00f3n de Actividades Ambientales Marzo-Abril 2023"}]},{"@type":"WebSite","@id":"https:\/\/www.destrezasyvidaenelmedionatural.es\/#website","url":"https:\/\/www.destrezasyvidaenelmedionatural.es\/","name":"Destrezas y Vida en el Medio Natural","description":"El sitio web Destrezas y Vida en el Medio Natural es un recurso excelente para cualquiera que quiera aprender sobre la naturaleza y c\u00f3mo interactuar con ella de manera segura y respetuosa.","publisher":{"@id":"https:\/\/www.destrezasyvidaenelmedionatural.es\/#\/schema\/person\/05ac69635d864d75006df0853eb7afd3"},"potentialAction":[{"@type":"SearchAction","target":{"@type":"EntryPoint","urlTemplate":"https:\/\/www.destrezasyvidaenelmedionatural.es\/?s={search_term_string}"},"query-input":{"@type":"PropertyValueSpecification","valueRequired":true,"valueName":"search_term_string"}}],"inLanguage":"es"},{"@type":["Person","Organization"],"@id":"https:\/\/www.destrezasyvidaenelmedionatural.es\/#\/schema\/person\/05ac69635d864d75006df0853eb7afd3","name":"admin","image":{"@type":"ImageObject","inLanguage":"es","@id":"https:\/\/www.destrezasyvidaenelmedionatural.es\/#\/schema\/person\/image\/","url":"https:\/\/www.destrezasyvidaenelmedionatural.es\/wp-content\/uploads\/2021\/08\/cropped-SIN-FONDO-PRUEBA1.png","contentUrl":"https:\/\/www.destrezasyvidaenelmedionatural.es\/wp-content\/uploads\/2021\/08\/cropped-SIN-FONDO-PRUEBA1.png","width":351,"height":349,"caption":"admin"},"logo":{"@id":"https:\/\/www.destrezasyvidaenelmedionatural.es\/#\/schema\/person\/image\/"},"sameAs":["http:\/\/www.destrezasyvidaenelmedionatural.es","https:\/\/www.facebook.com\/Destrezas.y.Vida.en.el.Medio.Natural","https:\/\/www.instagram.com\/destrezasyvidamn\/"],"url":"https:\/\/www.destrezasyvidaenelmedionatural.es\/index.php\/author\/admin\/"}]}},"_links":{"self":[{"href":"https:\/\/www.destrezasyvidaenelmedionatural.es\/index.php\/wp-json\/wp\/v2\/posts\/1231","targetHints":{"allow":["GET"]}}],"collection":[{"href":"https:\/\/www.destrezasyvidaenelmedionatural.es\/index.php\/wp-json\/wp\/v2\/posts"}],"about":[{"href":"https:\/\/www.destrezasyvidaenelmedionatural.es\/index.php\/wp-json\/wp\/v2\/types\/post"}],"author":[{"embeddable":true,"href":"https:\/\/www.destrezasyvidaenelmedionatural.es\/index.php\/wp-json\/wp\/v2\/users\/1"}],"replies":[{"embeddable":true,"href":"https:\/\/www.destrezasyvidaenelmedionatural.es\/index.php\/wp-json\/wp\/v2\/comments?post=1231"}],"version-history":[{"count":5,"href":"https:\/\/www.destrezasyvidaenelmedionatural.es\/index.php\/wp-json\/wp\/v2\/posts\/1231\/revisions"}],"predecessor-version":[{"id":1236,"href":"https:\/\/www.destrezasyvidaenelmedionatural.es\/index.php\/wp-json\/wp\/v2\/posts\/1231\/revisions\/1236"}],"wp:attachment":[{"href":"https:\/\/www.destrezasyvidaenelmedionatural.es\/index.php\/wp-json\/wp\/v2\/media?parent=1231"}],"wp:term":[{"taxonomy":"category","embeddable":true,"href":"https:\/\/www.destrezasyvidaenelmedionatural.es\/index.php\/wp-json\/wp\/v2\/categories?post=1231"},{"taxonomy":"post_tag","embeddable":true,"href":"https:\/\/www.destrezasyvidaenelmedionatural.es\/index.php\/wp-json\/wp\/v2\/tags?post=1231"}],"curies":[{"name":"wp","href":"https:\/\/api.w.org\/{rel}","templated":true}]}}