{"id":1274,"date":"2023-01-30T15:05:43","date_gmt":"2023-01-30T15:05:43","guid":{"rendered":"https:\/\/www.destrezasyvidaenelmedionatural.es\/?p=1274"},"modified":"2023-12-26T12:47:15","modified_gmt":"2023-12-26T12:47:15","slug":"curso-cuchillo-de-otzi-tallado-en-silex-testigo-de-la-antiguedad-impartido-por-juan-antonio-marin-de-espinosa-sanchez-11-marzo-2023","status":"publish","type":"post","link":"https:\/\/www.destrezasyvidaenelmedionatural.es\/index.php\/2023\/01\/30\/curso-cuchillo-de-otzi-tallado-en-silex-testigo-de-la-antiguedad-impartido-por-juan-antonio-marin-de-espinosa-sanchez-11-marzo-2023\/","title":{"rendered":"Curso Cuchillo de \u00d6tzi: tallado en s\u00edlex, testigo de la antig\u00fcedad impartido por Juan Antonio Mar\u00edn de Espinosa S\u00e1nchez. 2 marzo 2024"},"content":{"rendered":"\t\t<div data-elementor-type=\"wp-post\" data-elementor-id=\"1274\" class=\"elementor elementor-1274\">\n\t\t\t\t\t\t<section class=\"elementor-section elementor-top-section elementor-element elementor-element-9fc1d97 elementor-section-boxed elementor-section-height-default elementor-section-height-default\" data-id=\"9fc1d97\" data-element_type=\"section\" data-e-type=\"section\">\n\t\t\t\t\t\t<div class=\"elementor-container elementor-column-gap-default\">\n\t\t\t\t\t<div class=\"elementor-column elementor-col-100 elementor-top-column elementor-element elementor-element-d575066\" data-id=\"d575066\" data-element_type=\"column\" data-e-type=\"column\">\n\t\t\t<div class=\"elementor-widget-wrap elementor-element-populated\">\n\t\t\t\t\t\t<div class=\"elementor-element elementor-element-a7cdb69 elementor-widget elementor-widget-text-editor\" data-id=\"a7cdb69\" data-element_type=\"widget\" data-e-type=\"widget\" data-widget_type=\"text-editor.default\">\n\t\t\t\t<div class=\"elementor-widget-container\">\n\t\t\t\t\t\t\t\t\t<p><span style=\"color: #000000;\">Tallar s\u00edlex es el arte de crear objetos a partir de una piedra de s\u00edlex mediante la t\u00e9cnica de tallado. El s\u00edlex es una roca sedimentaria compuesta principalmente de silicato de aluminio y es conocida por ser dura y resistente. Debido a estas cualidades, el s\u00edlex se utiliz\u00f3 como material para la fabricaci\u00f3n de herramientas y armas desde la prehistoria hasta la \u00e9poca moderna.<\/span><\/p><p><span style=\"color: #000000;\">Cada alumno recibir\u00e1 un exclusivo pack de bienvenida en una caja de cart\u00f3n Kraft personalizada con logos. Este kit individual incluye:<\/span><\/p><p><span style=\"color: #000000;\">Presionador en madera de boj con puntero en asta de c\u00e9rvido.<\/span><\/p><p><span style=\"color: #000000; font-style: inherit; font-weight: inherit; font-family: var( --e-global-typography-text-font-family ), Sans-serif;\">Cuero para la protecci\u00f3n de la mano.<\/span><\/p><p><span style=\"color: #000000;\">Preforma de hoja de cuchillo.<\/span><\/p><p><span style=\"color: #000000;\">Preforma de mango en madera de fresno.<\/span><\/p><p><span style=\"color: #000000;\">Cordajes naturales en tend\u00f3n y esparto.<\/span><\/p><p><span style=\"color: #000000;\">2 l\u00e1minas en s\u00edlex para el trabajo del mango en madera.<\/span><\/p><p><span style=\"color: #000000;\">\u00a1Prep\u00e1rate para sumergirte en la historia y aprender las t\u00e9cnicas ancestrales de talla de s\u00edlex para la creaci\u00f3n de herramientas prehist\u00f3ricas!<\/span><\/p><p><span style=\"color: #000000;\">\u00a0<\/span><\/p>\t\t\t\t\t\t\t\t<\/div>\n\t\t\t\t<\/div>\n\t\t\t\t\t<\/div>\n\t\t<\/div>\n\t\t\t\t\t<\/div>\n\t\t<\/section>\n\t\t\t\t<section class=\"elementor-section elementor-top-section elementor-element elementor-element-963c633 elementor-section-boxed elementor-section-height-default elementor-section-height-default\" data-id=\"963c633\" data-element_type=\"section\" data-e-type=\"section\">\n\t\t\t\t\t\t<div class=\"elementor-container elementor-column-gap-default\">\n\t\t\t\t\t<div class=\"elementor-column elementor-col-50 elementor-top-column elementor-element elementor-element-7d5a718\" data-id=\"7d5a718\" data-element_type=\"column\" data-e-type=\"column\">\n\t\t\t<div class=\"elementor-widget-wrap elementor-element-populated\">\n\t\t\t\t\t\t<div class=\"elementor-element elementor-element-71be317 elementor-widget elementor-widget-text-editor\" data-id=\"71be317\" data-element_type=\"widget\" data-e-type=\"widget\" data-widget_type=\"text-editor.default\">\n\t\t\t\t<div class=\"elementor-widget-container\">\n\t\t\t\t\t\t\t\t\t<p><span style=\"color: #000000;\">El cuchillo de \u00d6tzi es una herramienta de s\u00edlex que data de alrededor de 3.300 a\u00f1os antes de Cristo y fue encontrada en los Alpes italianos en 1991. Es un ejemplo de la habilidad y tecnolog\u00eda de la \u00e9poca en la que fue creado.<\/span><\/p><p><span style=\"color: #000000;\">El cuchillo de \u00d6tzi es una herramienta de dos hojas, con una hoja afilada y un mango de hueso o marfil. Se cree que fue utilizado como herramienta de caza y para la preparaci\u00f3n de alimentos.<\/span><\/p><p><span style=\"color: #000000;\">El descubrimiento del cuchillo de \u00d6tzi ha sido importante para la comprensi\u00f3n de la vida en la antig\u00fcedad y ha proporcionado informaci\u00f3n valiosa sobre las t\u00e9cnicas de tallado del s\u00edlex y la tecnolog\u00eda de la \u00e9poca. Adem\u00e1s, ha sido objeto de estudio para conocer m\u00e1s sobre la alimentaci\u00f3n, la ropa y la vida cotidiana de los antiguos habitantes de los Alpes.<\/span><\/p>\t\t\t\t\t\t\t\t<\/div>\n\t\t\t\t<\/div>\n\t\t\t\t\t<\/div>\n\t\t<\/div>\n\t\t\t\t<div class=\"elementor-column elementor-col-50 elementor-top-column elementor-element elementor-element-b1c3acb\" data-id=\"b1c3acb\" data-element_type=\"column\" data-e-type=\"column\">\n\t\t\t<div class=\"elementor-widget-wrap elementor-element-populated\">\n\t\t\t\t\t\t<div class=\"elementor-element elementor-element-54a9e60 elementor-widget elementor-widget-text-editor\" data-id=\"54a9e60\" data-element_type=\"widget\" data-e-type=\"widget\" data-widget_type=\"text-editor.default\">\n\t\t\t\t<div class=\"elementor-widget-container\">\n\t\t\t\t\t\t\t\t\t<p><span style=\"color: #000000;\">Este curso presencial en Murcia permite a los estudiantes explorar su creatividad y desarrollar una habilidad que puede ser disfrutada y utilizada para crear objetos \u00fanicos y personalizados.<\/span><\/p><p><span style=\"color: #000000;\">Conectarse con la naturaleza: La talla l\u00edtica se enfoca en el uso de materiales naturales, lo que brinda una conexi\u00f3n con la naturaleza y una comprensi\u00f3n m\u00e1s profunda de los materiales utilizados para crear herramientas y objetos.<\/span><\/p><p><span style=\"color: #000000;\">En resumen, realizar un curso de talla l\u00edtica ofrece una oportunidad para adquirir habilidades manuales, conocimientos hist\u00f3ricos, relajaci\u00f3n, creatividad, y una conexi\u00f3n con la naturaleza.<\/span><\/p>\t\t\t\t\t\t\t\t<\/div>\n\t\t\t\t<\/div>\n\t\t\t\t\t<\/div>\n\t\t<\/div>\n\t\t\t\t\t<\/div>\n\t\t<\/section>\n\t\t\t\t<section class=\"elementor-section elementor-top-section elementor-element elementor-element-ce7fbe6 elementor-section-boxed elementor-section-height-default elementor-section-height-default\" data-id=\"ce7fbe6\" data-element_type=\"section\" data-e-type=\"section\">\n\t\t\t\t\t\t<div class=\"elementor-container elementor-column-gap-default\">\n\t\t\t\t\t<div class=\"elementor-column elementor-col-50 elementor-top-column elementor-element elementor-element-cbabf15\" data-id=\"cbabf15\" data-element_type=\"column\" data-e-type=\"column\">\n\t\t\t<div class=\"elementor-widget-wrap elementor-element-populated\">\n\t\t\t\t\t\t<div class=\"elementor-element elementor-element-e5f6272 elementor-widget elementor-widget-image\" data-id=\"e5f6272\" data-element_type=\"widget\" data-e-type=\"widget\" data-widget_type=\"image.default\">\n\t\t\t\t<div class=\"elementor-widget-container\">\n\t\t\t\t\t\t\t\t\t\t\t\t\t\t\t<img fetchpriority=\"high\" decoding=\"async\" width=\"1024\" height=\"1024\" src=\"https:\/\/www.destrezasyvidaenelmedionatural.es\/wp-content\/uploads\/2023\/01\/Regala-el-curso-de-talla-en-silex-Crea-tu-cuchillo-como-lo-hacian-en-la-Prehistoria-3-1024x1024.png\" class=\"attachment-large size-large wp-image-1987\" alt=\"\" srcset=\"https:\/\/www.destrezasyvidaenelmedionatural.es\/wp-content\/uploads\/2023\/01\/Regala-el-curso-de-talla-en-silex-Crea-tu-cuchillo-como-lo-hacian-en-la-Prehistoria-3-1024x1024.png 1024w, https:\/\/www.destrezasyvidaenelmedionatural.es\/wp-content\/uploads\/2023\/01\/Regala-el-curso-de-talla-en-silex-Crea-tu-cuchillo-como-lo-hacian-en-la-Prehistoria-3-300x300.png 300w, https:\/\/www.destrezasyvidaenelmedionatural.es\/wp-content\/uploads\/2023\/01\/Regala-el-curso-de-talla-en-silex-Crea-tu-cuchillo-como-lo-hacian-en-la-Prehistoria-3-150x150.png 150w, https:\/\/www.destrezasyvidaenelmedionatural.es\/wp-content\/uploads\/2023\/01\/Regala-el-curso-de-talla-en-silex-Crea-tu-cuchillo-como-lo-hacian-en-la-Prehistoria-3-768x768.png 768w, https:\/\/www.destrezasyvidaenelmedionatural.es\/wp-content\/uploads\/2023\/01\/Regala-el-curso-de-talla-en-silex-Crea-tu-cuchillo-como-lo-hacian-en-la-Prehistoria-3.png 1080w\" sizes=\"(max-width: 1024px) 100vw, 1024px\" \/>\t\t\t\t\t\t\t\t\t\t\t\t\t\t\t<\/div>\n\t\t\t\t<\/div>\n\t\t\t\t\t<\/div>\n\t\t<\/div>\n\t\t\t\t<div class=\"elementor-column elementor-col-50 elementor-top-column elementor-element elementor-element-bc08b77\" data-id=\"bc08b77\" data-element_type=\"column\" data-e-type=\"column\">\n\t\t\t<div class=\"elementor-widget-wrap elementor-element-populated\">\n\t\t\t\t\t\t<div class=\"elementor-element elementor-element-9bf1f39 elementor-widget elementor-widget-image\" data-id=\"9bf1f39\" data-element_type=\"widget\" data-e-type=\"widget\" data-widget_type=\"image.default\">\n\t\t\t\t<div class=\"elementor-widget-container\">\n\t\t\t\t\t\t\t\t\t\t\t\t\t\t\t<img decoding=\"async\" width=\"1024\" height=\"1024\" src=\"https:\/\/www.destrezasyvidaenelmedionatural.es\/wp-content\/uploads\/2023\/01\/Al-finalizar-el-curso-podras-continuar-practicando-en-casa-con-el-completo-pack-de-bienvenida-que-recibiras-2-1024x1024.png\" class=\"attachment-large size-large wp-image-1986\" alt=\"\" srcset=\"https:\/\/www.destrezasyvidaenelmedionatural.es\/wp-content\/uploads\/2023\/01\/Al-finalizar-el-curso-podras-continuar-practicando-en-casa-con-el-completo-pack-de-bienvenida-que-recibiras-2-1024x1024.png 1024w, https:\/\/www.destrezasyvidaenelmedionatural.es\/wp-content\/uploads\/2023\/01\/Al-finalizar-el-curso-podras-continuar-practicando-en-casa-con-el-completo-pack-de-bienvenida-que-recibiras-2-300x300.png 300w, https:\/\/www.destrezasyvidaenelmedionatural.es\/wp-content\/uploads\/2023\/01\/Al-finalizar-el-curso-podras-continuar-practicando-en-casa-con-el-completo-pack-de-bienvenida-que-recibiras-2-150x150.png 150w, https:\/\/www.destrezasyvidaenelmedionatural.es\/wp-content\/uploads\/2023\/01\/Al-finalizar-el-curso-podras-continuar-practicando-en-casa-con-el-completo-pack-de-bienvenida-que-recibiras-2-768x768.png 768w, https:\/\/www.destrezasyvidaenelmedionatural.es\/wp-content\/uploads\/2023\/01\/Al-finalizar-el-curso-podras-continuar-practicando-en-casa-con-el-completo-pack-de-bienvenida-que-recibiras-2.png 1080w\" sizes=\"(max-width: 1024px) 100vw, 1024px\" \/>\t\t\t\t\t\t\t\t\t\t\t\t\t\t\t<\/div>\n\t\t\t\t<\/div>\n\t\t\t\t\t<\/div>\n\t\t<\/div>\n\t\t\t\t\t<\/div>\n\t\t<\/section>\n\t\t\t\t<section class=\"elementor-section elementor-top-section elementor-element elementor-element-7522dc6 elementor-section-boxed elementor-section-height-default elementor-section-height-default\" data-id=\"7522dc6\" data-element_type=\"section\" data-e-type=\"section\">\n\t\t\t\t\t\t<div class=\"elementor-container elementor-column-gap-default\">\n\t\t\t\t\t<div class=\"elementor-column elementor-col-50 elementor-top-column elementor-element elementor-element-6683025\" data-id=\"6683025\" data-element_type=\"column\" data-e-type=\"column\">\n\t\t\t<div class=\"elementor-widget-wrap elementor-element-populated\">\n\t\t\t\t\t\t<div class=\"elementor-element elementor-element-3a84a15 elementor-widget elementor-widget-text-editor\" data-id=\"3a84a15\" data-element_type=\"widget\" data-e-type=\"widget\" data-widget_type=\"text-editor.default\">\n\t\t\t\t<div class=\"elementor-widget-container\">\n\t\t\t\t\t\t\t\t\t<p><span style=\"color: #000000;\">Hay muchas ventajas de hacer un curso de talla l\u00edtica presencial, incluyendo:<\/span><\/p><p>\u2705<span style=\"color: #000000;\"><strong>Instrucci\u00f3n en persona:<\/strong> <span style=\"text-decoration: underline;\">Juan Antonio Mar\u00edn <\/span>de Espinosa es Doctor en Prehistoria y ha publicado desde el a\u00f1o 2000 trabajos orientados al estudio e interpretaci\u00f3n de las colecciones l\u00edticas talladas, empleando el referente arqueol\u00f3gico y el m\u00e9todo experimental para la interpretaci\u00f3n de fen\u00f3menos sociol\u00f3gicos. Capacitado para brindar orientaci\u00f3n y asistencia en tiempo real, lo que permite un aprendizaje m\u00e1s efectivo y una comprensi\u00f3n m\u00e1s profunda de la t\u00e9cnica.<\/span><\/p><p>\u2705<span style=\"color: #000000;\"><strong>Interacci\u00f3n con otros estudiantes:<\/strong> Un curso presencial permite la interacci\u00f3n y el aprendizaje de otros estudiantes interesados en la talla l\u00edtica, lo que puede enriquecer la experiencia y aumentar la motivaci\u00f3n.<\/span><\/p><p>\u2705<span style=\"color: #000000;\"><strong>Acceso a equipo y materiales:<\/strong> Un curso presencial suele proporcionar acceso a los materiales y herramientas necesarias para la talla l\u00edtica, lo que ahorra tiempo y dinero.<\/span><\/p><p>\u2705<span style=\"color: #000000;\"><strong>Pr\u00e1ctica pr\u00e1ctica:<\/strong> La pr\u00e1ctica en un ambiente de taller permite una mayor oportunidad para experimentar y perfeccionar las habilidades en tiempo real.<\/span><\/p><p>\u2705<span style=\"color: #000000;\"><strong>Experiencia completa:<\/strong> Un curso presencial brinda una experiencia completa, que incluye tanto la ense\u00f1anza te\u00f3rica como la pr\u00e1ctica pr\u00e1ctica de la talla l\u00edtica.<\/span><\/p><p>\u2705<span style=\"color: #000000;\"><strong>En resumen<\/strong>, hacer un curso de talla l\u00edtica presencial en Destrezas y Vida en el Medio Natural ofrece la oportunidad de recibir instrucci\u00f3n en persona, interacci\u00f3n con otros estudiantes, acceso a equipo y materiales, pr\u00e1ctica pr\u00e1ctica, y una experiencia completa en la talla l\u00edtica.<\/span><\/p>\t\t\t\t\t\t\t\t<\/div>\n\t\t\t\t<\/div>\n\t\t\t\t\t<\/div>\n\t\t<\/div>\n\t\t\t\t<div class=\"elementor-column elementor-col-50 elementor-top-column elementor-element elementor-element-f28f1bc\" data-id=\"f28f1bc\" data-element_type=\"column\" data-e-type=\"column\">\n\t\t\t<div class=\"elementor-widget-wrap elementor-element-populated\">\n\t\t\t\t\t\t<div class=\"elementor-element elementor-element-6aa7402 elementor-widget elementor-widget-text-editor\" data-id=\"6aa7402\" data-element_type=\"widget\" data-e-type=\"widget\" data-widget_type=\"text-editor.default\">\n\t\t\t\t<div class=\"elementor-widget-container\">\n\t\t\t\t\t\t\t\t\t<div class=\"elementor-element elementor-element-22f8e0bf elementor-widget elementor-widget-heading\" data-id=\"22f8e0bf\" data-element_type=\"widget\" data-widget_type=\"heading.default\"><div class=\"elementor-widget-container\"><span style=\"color: #000000;\"><strong style=\"font-size: 16px;\"><img decoding=\"async\" class=\"emoji\" role=\"img\" draggable=\"false\" src=\"https:\/\/s.w.org\/images\/core\/emoji\/14.0.0\/svg\/1f4cc.svg\" alt=\"\ud83d\udccc\" \/>Fecha<\/strong><span style=\"font-size: 16px;\">: 02\/03\/24<\/span><\/span><\/div><\/div><div class=\"elementor-element elementor-element-6f84b9f8 elementor-widget elementor-widget-text-editor\" data-id=\"6f84b9f8\" data-element_type=\"widget\" data-widget_type=\"text-editor.default\"><div class=\"elementor-widget-container\"><p><span style=\"color: #000000;\"><strong><img decoding=\"async\" class=\"emoji\" role=\"img\" draggable=\"false\" src=\"https:\/\/s.w.org\/images\/core\/emoji\/14.0.0\/svg\/1f4cc.svg\" alt=\"\ud83d\udccc\" \/>Lugar<\/strong>: El Alto de la Churleta, Las Casicas, Fortuna, Murcia.<\/span><\/p><p><span style=\"color: #000000;\"><strong>Inscripci\u00f3n<\/strong>: del 01\/12\/2023 al 29\/02\/2024.<\/span><\/p><div class=\"elementor-element elementor-element-19827477 elementor-widget elementor-widget-heading\" data-id=\"19827477\" data-element_type=\"widget\" data-widget_type=\"heading.default\"><div class=\"elementor-widget-container\"><span style=\"color: #000000;\"><b style=\"font-style: inherit;\"><img decoding=\"async\" class=\"emoji\" role=\"img\" draggable=\"false\" src=\"https:\/\/s.w.org\/images\/core\/emoji\/14.0.0\/svg\/1f4cc.svg\" alt=\"\ud83d\udccc\" \/>Precio<\/b><span style=\"font-size: 16px;\">: <\/span><span style=\"font-style: inherit; font-weight: inherit; font-family: var( --e-global-typography-text-font-family ), Sans-serif;\"> \u00a1Reserva antes del 15 de febrero por 180 \u20ac! A partir de esa fecha, el precio ser\u00e1 de 200 \u20ac. \u00a1No pierdas esta oferta especial!<\/span><\/span><\/div><\/div><div class=\"elementor-element elementor-element-5adac3b9 elementor-widget elementor-widget-text-editor\" data-id=\"5adac3b9\" data-element_type=\"widget\" data-widget_type=\"text-editor.default\"><div class=\"elementor-widget-container\"><p><span style=\"color: #000000;\"><strong>N\u00famero m\u00e1ximo de alumnos<\/strong>: 10 Incluye la comida y el material para realizar el curso.<\/span><\/p><div class=\"elementor-element elementor-element-30b7f0c9 elementor-widget elementor-widget-heading\" data-id=\"30b7f0c9\" data-element_type=\"widget\" data-widget_type=\"heading.default\"><div class=\"elementor-widget-container\"><p class=\"elementor-heading-title elementor-size-default\"><span style=\"color: #000000;\"><strong><img decoding=\"async\" class=\"emoji\" role=\"img\" draggable=\"false\" src=\"https:\/\/s.w.org\/images\/core\/emoji\/14.0.0\/svg\/1f4cc.svg\" alt=\"\ud83d\udccc\" \/>Contenido del programa<\/strong><\/span><\/p><p><span style=\"color: #000000;\">09:00 a 09:30 Recepci\u00f3n y entrega de documentaci\u00f3n: Apertura del curso.<\/span><br \/><span style=\"color: #000000;\">09:30 a 11:00 Conferencia: La talla del s\u00edlex en la Prehistoria.<\/span><br \/><span style=\"color: #000000;\">Muestra de tecnoteca y referentes experimentales.<\/span><br \/><span style=\"color: #000000;\">11:00 a 11:30 Pausa-Caf\u00e9.<\/span><br \/><span style=\"color: #000000;\">11:30 a 14:00 Pr\u00e1ctica por parte del alumnado: La elaboraci\u00f3n de una hoja bifacial en s\u00edlex tipo \u00d6tzi.<\/span><br \/><span style=\"color: #000000;\">\u2013 Realizaci\u00f3n de esbozos y preformas en s\u00edlex mediante el empleo de la percusi\u00f3n directa con<\/span><br \/><span style=\"color: #000000;\">piedra dura y la percusi\u00f3n directa con percutor org\u00e1nico en asta de c\u00e9rvido.<\/span><br \/><span style=\"color: #000000;\">\u2013 El retoque por presi\u00f3n y terminaci\u00f3n de la hoja bifacial en s\u00edlex.<\/span><br \/><span style=\"color: #000000;\">14:00 a 15:30 Pausa-comida.<\/span><br \/><span style=\"color: #000000;\">15:30 a 16:30 Conferencia: La elaboraci\u00f3n de enmangues durante la Prehistoria.<\/span><br \/><span style=\"color: #000000;\">Muestra de tecnoteca y referentes experimentales.<\/span><br \/><span style=\"color: #000000;\">17:00 a 19:00 Pr\u00e1ctica por parte del alumnado:<\/span><br \/><span style=\"color: #000000;\">\u2013 Elaboraci\u00f3n de mangos en madera y enmangado de una hoja bifacial en s\u00edlex tipo \u00d6tzi.<\/span><br \/><span style=\"color: #000000;\">\u2013 El empleo de colas naturales. La brea de abedul.<\/span><br \/><span style=\"color: #000000;\">\u2013 La elaboraci\u00f3n y empleo de cordajes en fibras animales y vegetales<\/span><\/p><\/div><\/div><\/div><\/div><\/div><\/div>\t\t\t\t\t\t\t\t<\/div>\n\t\t\t\t<\/div>\n\t\t\t\t\t<\/div>\n\t\t<\/div>\n\t\t\t\t\t<\/div>\n\t\t<\/section>\n\t\t\t\t<section class=\"elementor-section elementor-top-section elementor-element elementor-element-cc9f3d6 elementor-section-boxed elementor-section-height-default elementor-section-height-default\" data-id=\"cc9f3d6\" data-element_type=\"section\" data-e-type=\"section\">\n\t\t\t\t\t\t<div class=\"elementor-container elementor-column-gap-default\">\n\t\t\t\t\t<div class=\"elementor-column elementor-col-100 elementor-top-column elementor-element elementor-element-b2d5a56\" data-id=\"b2d5a56\" data-element_type=\"column\" data-e-type=\"column\">\n\t\t\t<div class=\"elementor-widget-wrap elementor-element-populated\">\n\t\t\t\t\t\t<div class=\"elementor-element elementor-element-4c3d446 elementor-align-center elementor-widget elementor-widget-button\" data-id=\"4c3d446\" data-element_type=\"widget\" data-e-type=\"widget\" data-widget_type=\"button.default\">\n\t\t\t\t<div class=\"elementor-widget-container\">\n\t\t\t\t\t\t\t\t\t<div class=\"elementor-button-wrapper\">\n\t\t\t\t\t<a class=\"elementor-button elementor-button-link elementor-size-lg\" href=\"https:\/\/docs.google.com\/forms\/d\/e\/1FAIpQLSc9nk1zk1bkA8b46cdu70CCKFaPmRh50scQgfsupZprx7ScKQ\/viewform\">\n\t\t\t\t\t\t<span class=\"elementor-button-content-wrapper\">\n\t\t\t\t\t\t\t\t\t<span class=\"elementor-button-text\">RESERVA TU PLAZA<\/span>\n\t\t\t\t\t<\/span>\n\t\t\t\t\t<\/a>\n\t\t\t\t<\/div>\n\t\t\t\t\t\t\t\t<\/div>\n\t\t\t\t<\/div>\n\t\t\t\t\t<\/div>\n\t\t<\/div>\n\t\t\t\t\t<\/div>\n\t\t<\/section>\n\t\t\t\t<section class=\"elementor-section elementor-top-section elementor-element elementor-element-9285194 elementor-section-boxed elementor-section-height-default elementor-section-height-default\" data-id=\"9285194\" data-element_type=\"section\" data-e-type=\"section\">\n\t\t\t\t\t\t<div class=\"elementor-container elementor-column-gap-default\">\n\t\t\t\t\t<div class=\"elementor-column elementor-col-100 elementor-top-column elementor-element elementor-element-df34968\" data-id=\"df34968\" data-element_type=\"column\" data-e-type=\"column\">\n\t\t\t<div class=\"elementor-widget-wrap elementor-element-populated\">\n\t\t\t\t\t\t<div class=\"elementor-element elementor-element-dff933e elementor-align-center elementor-widget elementor-widget-button\" data-id=\"dff933e\" data-element_type=\"widget\" data-e-type=\"widget\" data-widget_type=\"button.default\">\n\t\t\t\t<div class=\"elementor-widget-container\">\n\t\t\t\t\t\t\t\t\t<div class=\"elementor-button-wrapper\">\n\t\t\t\t\t<a class=\"elementor-button elementor-button-link elementor-size-xl\" href=\"\">\n\t\t\t\t\t\t<span class=\"elementor-button-content-wrapper\">\n\t\t\t\t\t\t\t\t\t<span class=\"elementor-button-text\">Reserva tu plaza al Email : info@destrezasyvidaenelmedionatural.es o por WhatsApp 640293093<\/span>\n\t\t\t\t\t<\/span>\n\t\t\t\t\t<\/a>\n\t\t\t\t<\/div>\n\t\t\t\t\t\t\t\t<\/div>\n\t\t\t\t<\/div>\n\t\t\t\t\t<\/div>\n\t\t<\/div>\n\t\t\t\t\t<\/div>\n\t\t<\/section>\n\t\t\t\t<section class=\"elementor-section elementor-top-section elementor-element elementor-element-7d33bf0 elementor-section-boxed elementor-section-height-default elementor-section-height-default\" data-id=\"7d33bf0\" data-element_type=\"section\" data-e-type=\"section\">\n\t\t\t\t\t\t<div class=\"elementor-container elementor-column-gap-default\">\n\t\t\t\t\t<div class=\"elementor-column elementor-col-33 elementor-top-column elementor-element elementor-element-c41e85c\" data-id=\"c41e85c\" data-element_type=\"column\" data-e-type=\"column\">\n\t\t\t<div class=\"elementor-widget-wrap elementor-element-populated\">\n\t\t\t\t\t\t<div class=\"elementor-element elementor-element-563acc5 elementor-widget elementor-widget-image\" data-id=\"563acc5\" data-element_type=\"widget\" data-e-type=\"widget\" data-widget_type=\"image.default\">\n\t\t\t\t<div class=\"elementor-widget-container\">\n\t\t\t\t\t\t\t\t\t\t\t\t\t\t\t<img decoding=\"async\" width=\"790\" height=\"1024\" src=\"https:\/\/www.destrezasyvidaenelmedionatural.es\/wp-content\/uploads\/2023\/01\/133_otzi3_1543x2000-790x1024.jpg\" class=\"attachment-large size-large wp-image-1994\" alt=\"\" srcset=\"https:\/\/www.destrezasyvidaenelmedionatural.es\/wp-content\/uploads\/2023\/01\/133_otzi3_1543x2000-790x1024.jpg 790w, https:\/\/www.destrezasyvidaenelmedionatural.es\/wp-content\/uploads\/2023\/01\/133_otzi3_1543x2000-231x300.jpg 231w, https:\/\/www.destrezasyvidaenelmedionatural.es\/wp-content\/uploads\/2023\/01\/133_otzi3_1543x2000-768x995.jpg 768w, https:\/\/www.destrezasyvidaenelmedionatural.es\/wp-content\/uploads\/2023\/01\/133_otzi3_1543x2000-1185x1536.jpg 1185w, https:\/\/www.destrezasyvidaenelmedionatural.es\/wp-content\/uploads\/2023\/01\/133_otzi3_1543x2000.jpg 1543w\" sizes=\"(max-width: 790px) 100vw, 790px\" \/>\t\t\t\t\t\t\t\t\t\t\t\t\t\t\t<\/div>\n\t\t\t\t<\/div>\n\t\t\t\t\t<\/div>\n\t\t<\/div>\n\t\t\t\t<div class=\"elementor-column elementor-col-33 elementor-top-column elementor-element elementor-element-3152655\" data-id=\"3152655\" data-element_type=\"column\" data-e-type=\"column\">\n\t\t\t<div class=\"elementor-widget-wrap elementor-element-populated\">\n\t\t\t\t\t\t<div class=\"elementor-element elementor-element-dfeff8d elementor-widget elementor-widget-image\" data-id=\"dfeff8d\" data-element_type=\"widget\" data-e-type=\"widget\" data-widget_type=\"image.default\">\n\t\t\t\t<div class=\"elementor-widget-container\">\n\t\t\t\t\t\t\t\t\t\t\t\t\t\t\t<img loading=\"lazy\" decoding=\"async\" width=\"577\" height=\"1024\" src=\"https:\/\/www.destrezasyvidaenelmedionatural.es\/wp-content\/uploads\/2023\/01\/20230311_182823-577x1024.jpg\" class=\"attachment-large size-large wp-image-1995\" alt=\"\" srcset=\"https:\/\/www.destrezasyvidaenelmedionatural.es\/wp-content\/uploads\/2023\/01\/20230311_182823-577x1024.jpg 577w, https:\/\/www.destrezasyvidaenelmedionatural.es\/wp-content\/uploads\/2023\/01\/20230311_182823-169x300.jpg 169w, https:\/\/www.destrezasyvidaenelmedionatural.es\/wp-content\/uploads\/2023\/01\/20230311_182823-768x1364.jpg 768w, https:\/\/www.destrezasyvidaenelmedionatural.es\/wp-content\/uploads\/2023\/01\/20230311_182823-865x1536.jpg 865w, https:\/\/www.destrezasyvidaenelmedionatural.es\/wp-content\/uploads\/2023\/01\/20230311_182823-1153x2048.jpg 1153w, https:\/\/www.destrezasyvidaenelmedionatural.es\/wp-content\/uploads\/2023\/01\/20230311_182823-scaled.jpg 1441w\" sizes=\"(max-width: 577px) 100vw, 577px\" \/>\t\t\t\t\t\t\t\t\t\t\t\t\t\t\t<\/div>\n\t\t\t\t<\/div>\n\t\t\t\t\t<\/div>\n\t\t<\/div>\n\t\t\t\t<div class=\"elementor-column elementor-col-33 elementor-top-column elementor-element elementor-element-4cf2977\" data-id=\"4cf2977\" data-element_type=\"column\" data-e-type=\"column\">\n\t\t\t<div class=\"elementor-widget-wrap elementor-element-populated\">\n\t\t\t\t\t\t<div class=\"elementor-element elementor-element-9b3805b elementor-widget elementor-widget-image\" data-id=\"9b3805b\" data-element_type=\"widget\" data-e-type=\"widget\" data-widget_type=\"image.default\">\n\t\t\t\t<div class=\"elementor-widget-container\">\n\t\t\t\t\t\t\t\t\t\t\t\t\t\t\t<img loading=\"lazy\" decoding=\"async\" width=\"577\" height=\"1024\" src=\"https:\/\/www.destrezasyvidaenelmedionatural.es\/wp-content\/uploads\/2023\/01\/20230311_134843-577x1024.jpg\" class=\"attachment-large size-large wp-image-1996\" alt=\"\" srcset=\"https:\/\/www.destrezasyvidaenelmedionatural.es\/wp-content\/uploads\/2023\/01\/20230311_134843-577x1024.jpg 577w, https:\/\/www.destrezasyvidaenelmedionatural.es\/wp-content\/uploads\/2023\/01\/20230311_134843-169x300.jpg 169w, https:\/\/www.destrezasyvidaenelmedionatural.es\/wp-content\/uploads\/2023\/01\/20230311_134843-768x1364.jpg 768w, https:\/\/www.destrezasyvidaenelmedionatural.es\/wp-content\/uploads\/2023\/01\/20230311_134843-865x1536.jpg 865w, https:\/\/www.destrezasyvidaenelmedionatural.es\/wp-content\/uploads\/2023\/01\/20230311_134843-1153x2048.jpg 1153w, https:\/\/www.destrezasyvidaenelmedionatural.es\/wp-content\/uploads\/2023\/01\/20230311_134843-scaled.jpg 1441w\" sizes=\"(max-width: 577px) 100vw, 577px\" \/>\t\t\t\t\t\t\t\t\t\t\t\t\t\t\t<\/div>\n\t\t\t\t<\/div>\n\t\t\t\t\t<\/div>\n\t\t<\/div>\n\t\t\t\t\t<\/div>\n\t\t<\/section>\n\t\t\t\t<\/div>\n\t\t","protected":false},"excerpt":{"rendered":"<p>Descubre la historia con el Curso de Talla del S\u00edlex en la Prehistoria, el 2 de marzo de 2024. Cada alumno crear\u00e1 su propio cuchillo al estilo de \u00d6tzi.<\/p>\n","protected":false},"author":1,"featured_media":0,"comment_status":"open","ping_status":"open","sticky":false,"template":"","format":"standard","meta":{"episode_type":"","audio_file":"","cover_image":"","cover_image_id":"","duration":"","filesize":"","date_recorded":"","explicit":"","block":"","filesize_raw":"","footnotes":""},"categories":[8],"tags":[],"class_list":["post-1274","post","type-post","status-publish","format-standard","hentry","category-blog"],"yoast_head":"<!-- This site is optimized with the Yoast SEO plugin v23.8 - https:\/\/yoast.com\/wordpress\/plugins\/seo\/ -->\n<title>Curso Cuchillo de \u00d6tzi: tallado en s\u00edlex, testigo de la antig\u00fcedad impartido por Juan Antonio Mar\u00edn de Espinosa S\u00e1nchez. 2 marzo 2024 - Destrezas y Vida en el Medio Natural<\/title>\n<meta name=\"robots\" content=\"index, follow, max-snippet:-1, max-image-preview:large, max-video-preview:-1\" \/>\n<link rel=\"canonical\" href=\"https:\/\/www.destrezasyvidaenelmedionatural.es\/index.php\/2023\/01\/30\/curso-cuchillo-de-otzi-tallado-en-silex-testigo-de-la-antiguedad-impartido-por-juan-antonio-marin-de-espinosa-sanchez-11-marzo-2023\/\" \/>\n<meta property=\"og:locale\" content=\"es_ES\" \/>\n<meta property=\"og:type\" content=\"article\" \/>\n<meta property=\"og:title\" content=\"Curso Cuchillo de \u00d6tzi: tallado en s\u00edlex, testigo de la antig\u00fcedad impartido por Juan Antonio Mar\u00edn de Espinosa S\u00e1nchez. 2 marzo 2024 - Destrezas y Vida en el Medio Natural\" \/>\n<meta property=\"og:description\" content=\"Descubre la historia con el Curso de Talla del S\u00edlex en la Prehistoria, el 2 de marzo de 2024. Cada alumno crear\u00e1 su propio cuchillo al estilo de \u00d6tzi.\" \/>\n<meta property=\"og:url\" content=\"https:\/\/www.destrezasyvidaenelmedionatural.es\/index.php\/2023\/01\/30\/curso-cuchillo-de-otzi-tallado-en-silex-testigo-de-la-antiguedad-impartido-por-juan-antonio-marin-de-espinosa-sanchez-11-marzo-2023\/\" \/>\n<meta property=\"og:site_name\" content=\"Destrezas y Vida en el Medio Natural\" \/>\n<meta property=\"article:publisher\" content=\"https:\/\/www.facebook.com\/Destrezas.y.Vida.en.el.Medio.Natural\" \/>\n<meta property=\"article:author\" content=\"https:\/\/www.facebook.com\/Destrezas.y.Vida.en.el.Medio.Natural\" \/>\n<meta property=\"article:published_time\" content=\"2023-01-30T15:05:43+00:00\" \/>\n<meta property=\"article:modified_time\" content=\"2023-12-26T12:47:15+00:00\" \/>\n<meta property=\"og:image\" content=\"http:\/\/www.destrezasyvidaenelmedionatural.es\/wp-content\/uploads\/2023\/01\/Regala-el-curso-de-talla-en-silex-Crea-tu-cuchillo-como-lo-hacian-en-la-Prehistoria-3-1024x1024.png\" \/>\n<meta name=\"author\" content=\"admin\" \/>\n<meta name=\"twitter:card\" content=\"summary_large_image\" \/>\n<meta name=\"twitter:creator\" content=\"@DestrezasyVida\" \/>\n<meta name=\"twitter:site\" content=\"@DestrezasyVida\" \/>\n<meta name=\"twitter:label1\" content=\"Escrito por\" \/>\n\t<meta name=\"twitter:data1\" content=\"admin\" \/>\n\t<meta name=\"twitter:label2\" content=\"Tiempo de lectura\" \/>\n\t<meta name=\"twitter:data2\" content=\"5 minutos\" \/>\n<script type=\"application\/ld+json\" class=\"yoast-schema-graph\">{\"@context\":\"https:\/\/schema.org\",\"@graph\":[{\"@type\":\"Article\",\"@id\":\"https:\/\/www.destrezasyvidaenelmedionatural.es\/index.php\/2023\/01\/30\/curso-cuchillo-de-otzi-tallado-en-silex-testigo-de-la-antiguedad-impartido-por-juan-antonio-marin-de-espinosa-sanchez-11-marzo-2023\/#article\",\"isPartOf\":{\"@id\":\"https:\/\/www.destrezasyvidaenelmedionatural.es\/index.php\/2023\/01\/30\/curso-cuchillo-de-otzi-tallado-en-silex-testigo-de-la-antiguedad-impartido-por-juan-antonio-marin-de-espinosa-sanchez-11-marzo-2023\/\"},\"author\":{\"name\":\"admin\",\"@id\":\"https:\/\/www.destrezasyvidaenelmedionatural.es\/#\/schema\/person\/05ac69635d864d75006df0853eb7afd3\"},\"headline\":\"Curso Cuchillo de \u00d6tzi: tallado en s\u00edlex, testigo de la antig\u00fcedad impartido por Juan Antonio Mar\u00edn de Espinosa S\u00e1nchez. 2 marzo 2024\",\"datePublished\":\"2023-01-30T15:05:43+00:00\",\"dateModified\":\"2023-12-26T12:47:15+00:00\",\"mainEntityOfPage\":{\"@id\":\"https:\/\/www.destrezasyvidaenelmedionatural.es\/index.php\/2023\/01\/30\/curso-cuchillo-de-otzi-tallado-en-silex-testigo-de-la-antiguedad-impartido-por-juan-antonio-marin-de-espinosa-sanchez-11-marzo-2023\/\"},\"wordCount\":932,\"commentCount\":0,\"publisher\":{\"@id\":\"https:\/\/www.destrezasyvidaenelmedionatural.es\/#\/schema\/person\/05ac69635d864d75006df0853eb7afd3\"},\"image\":{\"@id\":\"https:\/\/www.destrezasyvidaenelmedionatural.es\/index.php\/2023\/01\/30\/curso-cuchillo-de-otzi-tallado-en-silex-testigo-de-la-antiguedad-impartido-por-juan-antonio-marin-de-espinosa-sanchez-11-marzo-2023\/#primaryimage\"},\"thumbnailUrl\":\"http:\/\/www.destrezasyvidaenelmedionatural.es\/wp-content\/uploads\/2023\/01\/Regala-el-curso-de-talla-en-silex-Crea-tu-cuchillo-como-lo-hacian-en-la-Prehistoria-3-1024x1024.png\",\"articleSection\":[\"Blog\"],\"inLanguage\":\"es\",\"potentialAction\":[{\"@type\":\"CommentAction\",\"name\":\"Comment\",\"target\":[\"https:\/\/www.destrezasyvidaenelmedionatural.es\/index.php\/2023\/01\/30\/curso-cuchillo-de-otzi-tallado-en-silex-testigo-de-la-antiguedad-impartido-por-juan-antonio-marin-de-espinosa-sanchez-11-marzo-2023\/#respond\"]}]},{\"@type\":\"WebPage\",\"@id\":\"https:\/\/www.destrezasyvidaenelmedionatural.es\/index.php\/2023\/01\/30\/curso-cuchillo-de-otzi-tallado-en-silex-testigo-de-la-antiguedad-impartido-por-juan-antonio-marin-de-espinosa-sanchez-11-marzo-2023\/\",\"url\":\"https:\/\/www.destrezasyvidaenelmedionatural.es\/index.php\/2023\/01\/30\/curso-cuchillo-de-otzi-tallado-en-silex-testigo-de-la-antiguedad-impartido-por-juan-antonio-marin-de-espinosa-sanchez-11-marzo-2023\/\",\"name\":\"Curso Cuchillo de \u00d6tzi: tallado en s\u00edlex, testigo de la antig\u00fcedad impartido por Juan Antonio Mar\u00edn de Espinosa S\u00e1nchez. 2 marzo 2024 - Destrezas y Vida en el Medio Natural\",\"isPartOf\":{\"@id\":\"https:\/\/www.destrezasyvidaenelmedionatural.es\/#website\"},\"primaryImageOfPage\":{\"@id\":\"https:\/\/www.destrezasyvidaenelmedionatural.es\/index.php\/2023\/01\/30\/curso-cuchillo-de-otzi-tallado-en-silex-testigo-de-la-antiguedad-impartido-por-juan-antonio-marin-de-espinosa-sanchez-11-marzo-2023\/#primaryimage\"},\"image\":{\"@id\":\"https:\/\/www.destrezasyvidaenelmedionatural.es\/index.php\/2023\/01\/30\/curso-cuchillo-de-otzi-tallado-en-silex-testigo-de-la-antiguedad-impartido-por-juan-antonio-marin-de-espinosa-sanchez-11-marzo-2023\/#primaryimage\"},\"thumbnailUrl\":\"http:\/\/www.destrezasyvidaenelmedionatural.es\/wp-content\/uploads\/2023\/01\/Regala-el-curso-de-talla-en-silex-Crea-tu-cuchillo-como-lo-hacian-en-la-Prehistoria-3-1024x1024.png\",\"datePublished\":\"2023-01-30T15:05:43+00:00\",\"dateModified\":\"2023-12-26T12:47:15+00:00\",\"breadcrumb\":{\"@id\":\"https:\/\/www.destrezasyvidaenelmedionatural.es\/index.php\/2023\/01\/30\/curso-cuchillo-de-otzi-tallado-en-silex-testigo-de-la-antiguedad-impartido-por-juan-antonio-marin-de-espinosa-sanchez-11-marzo-2023\/#breadcrumb\"},\"inLanguage\":\"es\",\"potentialAction\":[{\"@type\":\"ReadAction\",\"target\":[\"https:\/\/www.destrezasyvidaenelmedionatural.es\/index.php\/2023\/01\/30\/curso-cuchillo-de-otzi-tallado-en-silex-testigo-de-la-antiguedad-impartido-por-juan-antonio-marin-de-espinosa-sanchez-11-marzo-2023\/\"]}]},{\"@type\":\"ImageObject\",\"inLanguage\":\"es\",\"@id\":\"https:\/\/www.destrezasyvidaenelmedionatural.es\/index.php\/2023\/01\/30\/curso-cuchillo-de-otzi-tallado-en-silex-testigo-de-la-antiguedad-impartido-por-juan-antonio-marin-de-espinosa-sanchez-11-marzo-2023\/#primaryimage\",\"url\":\"https:\/\/www.destrezasyvidaenelmedionatural.es\/wp-content\/uploads\/2023\/01\/Regala-el-curso-de-talla-en-silex-Crea-tu-cuchillo-como-lo-hacian-en-la-Prehistoria-3.png\",\"contentUrl\":\"https:\/\/www.destrezasyvidaenelmedionatural.es\/wp-content\/uploads\/2023\/01\/Regala-el-curso-de-talla-en-silex-Crea-tu-cuchillo-como-lo-hacian-en-la-Prehistoria-3.png\",\"width\":1080,\"height\":1080},{\"@type\":\"BreadcrumbList\",\"@id\":\"https:\/\/www.destrezasyvidaenelmedionatural.es\/index.php\/2023\/01\/30\/curso-cuchillo-de-otzi-tallado-en-silex-testigo-de-la-antiguedad-impartido-por-juan-antonio-marin-de-espinosa-sanchez-11-marzo-2023\/#breadcrumb\",\"itemListElement\":[{\"@type\":\"ListItem\",\"position\":1,\"name\":\"Portada\",\"item\":\"https:\/\/www.destrezasyvidaenelmedionatural.es\/\"},{\"@type\":\"ListItem\",\"position\":2,\"name\":\"Curso Cuchillo de \u00d6tzi: tallado en s\u00edlex, testigo de la antig\u00fcedad impartido por Juan Antonio Mar\u00edn de Espinosa S\u00e1nchez. 2 marzo 2024\"}]},{\"@type\":\"WebSite\",\"@id\":\"https:\/\/www.destrezasyvidaenelmedionatural.es\/#website\",\"url\":\"https:\/\/www.destrezasyvidaenelmedionatural.es\/\",\"name\":\"Destrezas y Vida en el Medio Natural\",\"description\":\"El sitio web Destrezas y Vida en el Medio Natural es un recurso excelente para cualquiera que quiera aprender sobre la naturaleza y c\u00f3mo interactuar con ella de manera segura y respetuosa.\",\"publisher\":{\"@id\":\"https:\/\/www.destrezasyvidaenelmedionatural.es\/#\/schema\/person\/05ac69635d864d75006df0853eb7afd3\"},\"potentialAction\":[{\"@type\":\"SearchAction\",\"target\":{\"@type\":\"EntryPoint\",\"urlTemplate\":\"https:\/\/www.destrezasyvidaenelmedionatural.es\/?s={search_term_string}\"},\"query-input\":{\"@type\":\"PropertyValueSpecification\",\"valueRequired\":true,\"valueName\":\"search_term_string\"}}],\"inLanguage\":\"es\"},{\"@type\":[\"Person\",\"Organization\"],\"@id\":\"https:\/\/www.destrezasyvidaenelmedionatural.es\/#\/schema\/person\/05ac69635d864d75006df0853eb7afd3\",\"name\":\"admin\",\"image\":{\"@type\":\"ImageObject\",\"inLanguage\":\"es\",\"@id\":\"https:\/\/www.destrezasyvidaenelmedionatural.es\/#\/schema\/person\/image\/\",\"url\":\"https:\/\/www.destrezasyvidaenelmedionatural.es\/wp-content\/uploads\/2021\/08\/cropped-SIN-FONDO-PRUEBA1.png\",\"contentUrl\":\"https:\/\/www.destrezasyvidaenelmedionatural.es\/wp-content\/uploads\/2021\/08\/cropped-SIN-FONDO-PRUEBA1.png\",\"width\":351,\"height\":349,\"caption\":\"admin\"},\"logo\":{\"@id\":\"https:\/\/www.destrezasyvidaenelmedionatural.es\/#\/schema\/person\/image\/\"},\"sameAs\":[\"http:\/\/www.destrezasyvidaenelmedionatural.es\",\"https:\/\/www.facebook.com\/Destrezas.y.Vida.en.el.Medio.Natural\",\"https:\/\/www.instagram.com\/destrezasyvidamn\/\"],\"url\":\"https:\/\/www.destrezasyvidaenelmedionatural.es\/index.php\/author\/admin\/\"}]}<\/script>\n<!-- \/ Yoast SEO plugin. -->","yoast_head_json":{"title":"Curso Cuchillo de \u00d6tzi: tallado en s\u00edlex, testigo de la antig\u00fcedad impartido por Juan Antonio Mar\u00edn de Espinosa S\u00e1nchez. 2 marzo 2024 - Destrezas y Vida en el Medio Natural","robots":{"index":"index","follow":"follow","max-snippet":"max-snippet:-1","max-image-preview":"max-image-preview:large","max-video-preview":"max-video-preview:-1"},"canonical":"https:\/\/www.destrezasyvidaenelmedionatural.es\/index.php\/2023\/01\/30\/curso-cuchillo-de-otzi-tallado-en-silex-testigo-de-la-antiguedad-impartido-por-juan-antonio-marin-de-espinosa-sanchez-11-marzo-2023\/","og_locale":"es_ES","og_type":"article","og_title":"Curso Cuchillo de \u00d6tzi: tallado en s\u00edlex, testigo de la antig\u00fcedad impartido por Juan Antonio Mar\u00edn de Espinosa S\u00e1nchez. 2 marzo 2024 - Destrezas y Vida en el Medio Natural","og_description":"Descubre la historia con el Curso de Talla del S\u00edlex en la Prehistoria, el 2 de marzo de 2024. Cada alumno crear\u00e1 su propio cuchillo al estilo de \u00d6tzi.","og_url":"https:\/\/www.destrezasyvidaenelmedionatural.es\/index.php\/2023\/01\/30\/curso-cuchillo-de-otzi-tallado-en-silex-testigo-de-la-antiguedad-impartido-por-juan-antonio-marin-de-espinosa-sanchez-11-marzo-2023\/","og_site_name":"Destrezas y Vida en el Medio Natural","article_publisher":"https:\/\/www.facebook.com\/Destrezas.y.Vida.en.el.Medio.Natural","article_author":"https:\/\/www.facebook.com\/Destrezas.y.Vida.en.el.Medio.Natural","article_published_time":"2023-01-30T15:05:43+00:00","article_modified_time":"2023-12-26T12:47:15+00:00","og_image":[{"url":"http:\/\/www.destrezasyvidaenelmedionatural.es\/wp-content\/uploads\/2023\/01\/Regala-el-curso-de-talla-en-silex-Crea-tu-cuchillo-como-lo-hacian-en-la-Prehistoria-3-1024x1024.png"}],"author":"admin","twitter_card":"summary_large_image","twitter_creator":"@DestrezasyVida","twitter_site":"@DestrezasyVida","twitter_misc":{"Escrito por":"admin","Tiempo de lectura":"5 minutos"},"schema":{"@context":"https:\/\/schema.org","@graph":[{"@type":"Article","@id":"https:\/\/www.destrezasyvidaenelmedionatural.es\/index.php\/2023\/01\/30\/curso-cuchillo-de-otzi-tallado-en-silex-testigo-de-la-antiguedad-impartido-por-juan-antonio-marin-de-espinosa-sanchez-11-marzo-2023\/#article","isPartOf":{"@id":"https:\/\/www.destrezasyvidaenelmedionatural.es\/index.php\/2023\/01\/30\/curso-cuchillo-de-otzi-tallado-en-silex-testigo-de-la-antiguedad-impartido-por-juan-antonio-marin-de-espinosa-sanchez-11-marzo-2023\/"},"author":{"name":"admin","@id":"https:\/\/www.destrezasyvidaenelmedionatural.es\/#\/schema\/person\/05ac69635d864d75006df0853eb7afd3"},"headline":"Curso Cuchillo de \u00d6tzi: tallado en s\u00edlex, testigo de la antig\u00fcedad impartido por Juan Antonio Mar\u00edn de Espinosa S\u00e1nchez. 2 marzo 2024","datePublished":"2023-01-30T15:05:43+00:00","dateModified":"2023-12-26T12:47:15+00:00","mainEntityOfPage":{"@id":"https:\/\/www.destrezasyvidaenelmedionatural.es\/index.php\/2023\/01\/30\/curso-cuchillo-de-otzi-tallado-en-silex-testigo-de-la-antiguedad-impartido-por-juan-antonio-marin-de-espinosa-sanchez-11-marzo-2023\/"},"wordCount":932,"commentCount":0,"publisher":{"@id":"https:\/\/www.destrezasyvidaenelmedionatural.es\/#\/schema\/person\/05ac69635d864d75006df0853eb7afd3"},"image":{"@id":"https:\/\/www.destrezasyvidaenelmedionatural.es\/index.php\/2023\/01\/30\/curso-cuchillo-de-otzi-tallado-en-silex-testigo-de-la-antiguedad-impartido-por-juan-antonio-marin-de-espinosa-sanchez-11-marzo-2023\/#primaryimage"},"thumbnailUrl":"http:\/\/www.destrezasyvidaenelmedionatural.es\/wp-content\/uploads\/2023\/01\/Regala-el-curso-de-talla-en-silex-Crea-tu-cuchillo-como-lo-hacian-en-la-Prehistoria-3-1024x1024.png","articleSection":["Blog"],"inLanguage":"es","potentialAction":[{"@type":"CommentAction","name":"Comment","target":["https:\/\/www.destrezasyvidaenelmedionatural.es\/index.php\/2023\/01\/30\/curso-cuchillo-de-otzi-tallado-en-silex-testigo-de-la-antiguedad-impartido-por-juan-antonio-marin-de-espinosa-sanchez-11-marzo-2023\/#respond"]}]},{"@type":"WebPage","@id":"https:\/\/www.destrezasyvidaenelmedionatural.es\/index.php\/2023\/01\/30\/curso-cuchillo-de-otzi-tallado-en-silex-testigo-de-la-antiguedad-impartido-por-juan-antonio-marin-de-espinosa-sanchez-11-marzo-2023\/","url":"https:\/\/www.destrezasyvidaenelmedionatural.es\/index.php\/2023\/01\/30\/curso-cuchillo-de-otzi-tallado-en-silex-testigo-de-la-antiguedad-impartido-por-juan-antonio-marin-de-espinosa-sanchez-11-marzo-2023\/","name":"Curso Cuchillo de \u00d6tzi: tallado en s\u00edlex, testigo de la antig\u00fcedad impartido por Juan Antonio Mar\u00edn de Espinosa S\u00e1nchez. 2 marzo 2024 - Destrezas y Vida en el Medio Natural","isPartOf":{"@id":"https:\/\/www.destrezasyvidaenelmedionatural.es\/#website"},"primaryImageOfPage":{"@id":"https:\/\/www.destrezasyvidaenelmedionatural.es\/index.php\/2023\/01\/30\/curso-cuchillo-de-otzi-tallado-en-silex-testigo-de-la-antiguedad-impartido-por-juan-antonio-marin-de-espinosa-sanchez-11-marzo-2023\/#primaryimage"},"image":{"@id":"https:\/\/www.destrezasyvidaenelmedionatural.es\/index.php\/2023\/01\/30\/curso-cuchillo-de-otzi-tallado-en-silex-testigo-de-la-antiguedad-impartido-por-juan-antonio-marin-de-espinosa-sanchez-11-marzo-2023\/#primaryimage"},"thumbnailUrl":"http:\/\/www.destrezasyvidaenelmedionatural.es\/wp-content\/uploads\/2023\/01\/Regala-el-curso-de-talla-en-silex-Crea-tu-cuchillo-como-lo-hacian-en-la-Prehistoria-3-1024x1024.png","datePublished":"2023-01-30T15:05:43+00:00","dateModified":"2023-12-26T12:47:15+00:00","breadcrumb":{"@id":"https:\/\/www.destrezasyvidaenelmedionatural.es\/index.php\/2023\/01\/30\/curso-cuchillo-de-otzi-tallado-en-silex-testigo-de-la-antiguedad-impartido-por-juan-antonio-marin-de-espinosa-sanchez-11-marzo-2023\/#breadcrumb"},"inLanguage":"es","potentialAction":[{"@type":"ReadAction","target":["https:\/\/www.destrezasyvidaenelmedionatural.es\/index.php\/2023\/01\/30\/curso-cuchillo-de-otzi-tallado-en-silex-testigo-de-la-antiguedad-impartido-por-juan-antonio-marin-de-espinosa-sanchez-11-marzo-2023\/"]}]},{"@type":"ImageObject","inLanguage":"es","@id":"https:\/\/www.destrezasyvidaenelmedionatural.es\/index.php\/2023\/01\/30\/curso-cuchillo-de-otzi-tallado-en-silex-testigo-de-la-antiguedad-impartido-por-juan-antonio-marin-de-espinosa-sanchez-11-marzo-2023\/#primaryimage","url":"https:\/\/www.destrezasyvidaenelmedionatural.es\/wp-content\/uploads\/2023\/01\/Regala-el-curso-de-talla-en-silex-Crea-tu-cuchillo-como-lo-hacian-en-la-Prehistoria-3.png","contentUrl":"https:\/\/www.destrezasyvidaenelmedionatural.es\/wp-content\/uploads\/2023\/01\/Regala-el-curso-de-talla-en-silex-Crea-tu-cuchillo-como-lo-hacian-en-la-Prehistoria-3.png","width":1080,"height":1080},{"@type":"BreadcrumbList","@id":"https:\/\/www.destrezasyvidaenelmedionatural.es\/index.php\/2023\/01\/30\/curso-cuchillo-de-otzi-tallado-en-silex-testigo-de-la-antiguedad-impartido-por-juan-antonio-marin-de-espinosa-sanchez-11-marzo-2023\/#breadcrumb","itemListElement":[{"@type":"ListItem","position":1,"name":"Portada","item":"https:\/\/www.destrezasyvidaenelmedionatural.es\/"},{"@type":"ListItem","position":2,"name":"Curso Cuchillo de \u00d6tzi: tallado en s\u00edlex, testigo de la antig\u00fcedad impartido por Juan Antonio Mar\u00edn de Espinosa S\u00e1nchez. 2 marzo 2024"}]},{"@type":"WebSite","@id":"https:\/\/www.destrezasyvidaenelmedionatural.es\/#website","url":"https:\/\/www.destrezasyvidaenelmedionatural.es\/","name":"Destrezas y Vida en el Medio Natural","description":"El sitio web Destrezas y Vida en el Medio Natural es un recurso excelente para cualquiera que quiera aprender sobre la naturaleza y c\u00f3mo interactuar con ella de manera segura y respetuosa.","publisher":{"@id":"https:\/\/www.destrezasyvidaenelmedionatural.es\/#\/schema\/person\/05ac69635d864d75006df0853eb7afd3"},"potentialAction":[{"@type":"SearchAction","target":{"@type":"EntryPoint","urlTemplate":"https:\/\/www.destrezasyvidaenelmedionatural.es\/?s={search_term_string}"},"query-input":{"@type":"PropertyValueSpecification","valueRequired":true,"valueName":"search_term_string"}}],"inLanguage":"es"},{"@type":["Person","Organization"],"@id":"https:\/\/www.destrezasyvidaenelmedionatural.es\/#\/schema\/person\/05ac69635d864d75006df0853eb7afd3","name":"admin","image":{"@type":"ImageObject","inLanguage":"es","@id":"https:\/\/www.destrezasyvidaenelmedionatural.es\/#\/schema\/person\/image\/","url":"https:\/\/www.destrezasyvidaenelmedionatural.es\/wp-content\/uploads\/2021\/08\/cropped-SIN-FONDO-PRUEBA1.png","contentUrl":"https:\/\/www.destrezasyvidaenelmedionatural.es\/wp-content\/uploads\/2021\/08\/cropped-SIN-FONDO-PRUEBA1.png","width":351,"height":349,"caption":"admin"},"logo":{"@id":"https:\/\/www.destrezasyvidaenelmedionatural.es\/#\/schema\/person\/image\/"},"sameAs":["http:\/\/www.destrezasyvidaenelmedionatural.es","https:\/\/www.facebook.com\/Destrezas.y.Vida.en.el.Medio.Natural","https:\/\/www.instagram.com\/destrezasyvidamn\/"],"url":"https:\/\/www.destrezasyvidaenelmedionatural.es\/index.php\/author\/admin\/"}]}},"_links":{"self":[{"href":"https:\/\/www.destrezasyvidaenelmedionatural.es\/index.php\/wp-json\/wp\/v2\/posts\/1274","targetHints":{"allow":["GET"]}}],"collection":[{"href":"https:\/\/www.destrezasyvidaenelmedionatural.es\/index.php\/wp-json\/wp\/v2\/posts"}],"about":[{"href":"https:\/\/www.destrezasyvidaenelmedionatural.es\/index.php\/wp-json\/wp\/v2\/types\/post"}],"author":[{"embeddable":true,"href":"https:\/\/www.destrezasyvidaenelmedionatural.es\/index.php\/wp-json\/wp\/v2\/users\/1"}],"replies":[{"embeddable":true,"href":"https:\/\/www.destrezasyvidaenelmedionatural.es\/index.php\/wp-json\/wp\/v2\/comments?post=1274"}],"version-history":[{"count":32,"href":"https:\/\/www.destrezasyvidaenelmedionatural.es\/index.php\/wp-json\/wp\/v2\/posts\/1274\/revisions"}],"predecessor-version":[{"id":2006,"href":"https:\/\/www.destrezasyvidaenelmedionatural.es\/index.php\/wp-json\/wp\/v2\/posts\/1274\/revisions\/2006"}],"wp:attachment":[{"href":"https:\/\/www.destrezasyvidaenelmedionatural.es\/index.php\/wp-json\/wp\/v2\/media?parent=1274"}],"wp:term":[{"taxonomy":"category","embeddable":true,"href":"https:\/\/www.destrezasyvidaenelmedionatural.es\/index.php\/wp-json\/wp\/v2\/categories?post=1274"},{"taxonomy":"post_tag","embeddable":true,"href":"https:\/\/www.destrezasyvidaenelmedionatural.es\/index.php\/wp-json\/wp\/v2\/tags?post=1274"}],"curies":[{"name":"wp","href":"https:\/\/api.w.org\/{rel}","templated":true}]}}