{"id":1324,"date":"2023-03-14T09:01:32","date_gmt":"2023-03-14T09:01:32","guid":{"rendered":"https:\/\/www.destrezasyvidaenelmedionatural.es\/?p=1324"},"modified":"2023-03-14T09:06:32","modified_gmt":"2023-03-14T09:06:32","slug":"supera-tus-limites-y-aprende-a-sobrevivir-en-la-naturaleza-con-el-curso-de-iniciacion-en-supervivencia-en-entorno-mediterraneo-semiarido-del-7-al-9-abril","status":"publish","type":"post","link":"https:\/\/www.destrezasyvidaenelmedionatural.es\/index.php\/2023\/03\/14\/supera-tus-limites-y-aprende-a-sobrevivir-en-la-naturaleza-con-el-curso-de-iniciacion-en-supervivencia-en-entorno-mediterraneo-semiarido-del-7-al-9-abril\/","title":{"rendered":"Supera tus l\u00edmites y aprende a sobrevivir en la naturaleza con el curso de iniciaci\u00f3n en supervivencia en entorno mediterr\u00e1neo semi\u00e1rido del 7 al 9 abril"},"content":{"rendered":"\t\t<div data-elementor-type=\"wp-post\" data-elementor-id=\"1324\" class=\"elementor elementor-1324\">\n\t\t\t\t\t\t<section class=\"elementor-section elementor-top-section elementor-element elementor-element-2c99e45 elementor-section-boxed elementor-section-height-default elementor-section-height-default\" data-id=\"2c99e45\" data-element_type=\"section\" data-e-type=\"section\">\n\t\t\t\t\t\t<div class=\"elementor-container elementor-column-gap-default\">\n\t\t\t\t\t<div class=\"elementor-column elementor-col-50 elementor-top-column elementor-element elementor-element-672c94a\" data-id=\"672c94a\" data-element_type=\"column\" data-e-type=\"column\">\n\t\t\t<div class=\"elementor-widget-wrap elementor-element-populated\">\n\t\t\t\t\t\t<div class=\"elementor-element elementor-element-ed613e8 elementor-widget elementor-widget-text-editor\" data-id=\"ed613e8\" data-element_type=\"widget\" data-e-type=\"widget\" data-widget_type=\"text-editor.default\">\n\t\t\t\t<div class=\"elementor-widget-container\">\n\t\t\t\t\t\t\t\t\t<p><span style=\"color: #000000;\">\u00a1Ap\u00fantate al curso de Iniciaci\u00f3n a la Supervivencia en Entorno Mediterr\u00e1neo Semi\u00e1rido (4\u00ba edici\u00f3n) y vive una experiencia \u00fanica en la naturaleza!<\/span><\/p><p><span style=\"color: #000000;\">Aqu\u00ed te presentamos algunas razones por las que deber\u00edas considerar apuntarte a este curso:<\/span><\/p><p><span style=\"color: #000000;\">Aprendizaje pr\u00e1ctico: Este curso se enfoca en la experiencia pr\u00e1ctica en el medio ambiente, lo que significa que aprender\u00e1s habilidades reales que te ayudar\u00e1n a sobrevivir en situaciones de la vida real.<\/span><\/p><p><span style=\"color: #000000;\">Marco de convivencia y relaciones: Al participar en este curso, tendr\u00e1s la oportunidad de interactuar con otros participantes y establecer relaciones en el medio natural, lo que puede ser una experiencia muy valiosa.<\/span><\/p><p><span style=\"color: #000000;\">Entorno excepcional: Este curso se llevar\u00e1 a cabo en un entorno natural excepcional en el Alto de la Churleta, rodeado del Parque Regional Sierra de La Pila, lo que significa que tendr\u00e1s la oportunidad de explorar y aprender en un ambiente natural y aut\u00e9ntico.<\/span><\/p><p><span style=\"color: #000000;\">Habilidades pr\u00e1cticas: Durante este curso, aprender\u00e1s habilidades pr\u00e1cticas, como reconocer y aprovechar los recursos naturales de tu entorno, aprender t\u00e9cnicas elementales para la obtenci\u00f3n del agua, el fuego, herramientas y refugios, y mejorar tus capacidades personales para trabajar en equipo y gestionar tus emociones.<\/span><\/p><p><span style=\"color: #000000;\">Duraci\u00f3n perfecta: El curso tiene una duraci\u00f3n de tres d\u00edas y dos noches, lo que lo hace ideal para aquellos que buscan una experiencia en la naturaleza sin tener que comprometer demasiado tiempo.<\/span><\/p><p>\u00a0<\/p>\t\t\t\t\t\t\t\t<\/div>\n\t\t\t\t<\/div>\n\t\t\t\t\t<\/div>\n\t\t<\/div>\n\t\t\t\t<div class=\"elementor-column elementor-col-50 elementor-top-column elementor-element elementor-element-ce60730\" data-id=\"ce60730\" data-element_type=\"column\" data-e-type=\"column\">\n\t\t\t<div class=\"elementor-widget-wrap elementor-element-populated\">\n\t\t\t\t\t\t<div class=\"elementor-element elementor-element-106a5e6 elementor-widget elementor-widget-image\" data-id=\"106a5e6\" data-element_type=\"widget\" data-e-type=\"widget\" data-widget_type=\"image.default\">\n\t\t\t\t<div class=\"elementor-widget-container\">\n\t\t\t\t\t\t\t\t\t\t\t\t\t\t\t<img fetchpriority=\"high\" decoding=\"async\" width=\"597\" height=\"1024\" src=\"https:\/\/www.destrezasyvidaenelmedionatural.es\/wp-content\/uploads\/2023\/03\/INICIACION-A-LA-SUPERVIVENCIA-EN-ENTORNO-MEDITERRANEO-SEMIARIDO-597x1024.png\" class=\"attachment-large size-large wp-image-1351\" alt=\"\" srcset=\"https:\/\/www.destrezasyvidaenelmedionatural.es\/wp-content\/uploads\/2023\/03\/INICIACION-A-LA-SUPERVIVENCIA-EN-ENTORNO-MEDITERRANEO-SEMIARIDO-597x1024.png 597w, https:\/\/www.destrezasyvidaenelmedionatural.es\/wp-content\/uploads\/2023\/03\/INICIACION-A-LA-SUPERVIVENCIA-EN-ENTORNO-MEDITERRANEO-SEMIARIDO-175x300.png 175w, https:\/\/www.destrezasyvidaenelmedionatural.es\/wp-content\/uploads\/2023\/03\/INICIACION-A-LA-SUPERVIVENCIA-EN-ENTORNO-MEDITERRANEO-SEMIARIDO-768x1317.png 768w, https:\/\/www.destrezasyvidaenelmedionatural.es\/wp-content\/uploads\/2023\/03\/INICIACION-A-LA-SUPERVIVENCIA-EN-ENTORNO-MEDITERRANEO-SEMIARIDO-896x1536.png 896w, https:\/\/www.destrezasyvidaenelmedionatural.es\/wp-content\/uploads\/2023\/03\/INICIACION-A-LA-SUPERVIVENCIA-EN-ENTORNO-MEDITERRANEO-SEMIARIDO-1195x2048.png 1195w, https:\/\/www.destrezasyvidaenelmedionatural.es\/wp-content\/uploads\/2023\/03\/INICIACION-A-LA-SUPERVIVENCIA-EN-ENTORNO-MEDITERRANEO-SEMIARIDO.png 1512w\" sizes=\"(max-width: 597px) 100vw, 597px\" \/>\t\t\t\t\t\t\t\t\t\t\t\t\t\t\t<\/div>\n\t\t\t\t<\/div>\n\t\t\t\t\t<\/div>\n\t\t<\/div>\n\t\t\t\t\t<\/div>\n\t\t<\/section>\n\t\t\t\t<section class=\"elementor-section elementor-top-section elementor-element elementor-element-d1fe916 elementor-section-boxed elementor-section-height-default elementor-section-height-default\" data-id=\"d1fe916\" data-element_type=\"section\" data-e-type=\"section\">\n\t\t\t\t\t\t<div class=\"elementor-container elementor-column-gap-default\">\n\t\t\t\t\t<div class=\"elementor-column elementor-col-50 elementor-top-column elementor-element elementor-element-ce90b9b\" data-id=\"ce90b9b\" data-element_type=\"column\" data-e-type=\"column\">\n\t\t\t<div class=\"elementor-widget-wrap elementor-element-populated\">\n\t\t\t\t\t\t<div class=\"elementor-element elementor-element-0afba1a elementor-widget elementor-widget-video\" data-id=\"0afba1a\" data-element_type=\"widget\" data-e-type=\"widget\" data-settings=\"{&quot;youtube_url&quot;:&quot;https:\\\/\\\/www.youtube.com\\\/watch?v=ZYutFyUpIjA&quot;,&quot;video_type&quot;:&quot;youtube&quot;,&quot;controls&quot;:&quot;yes&quot;}\" data-widget_type=\"video.default\">\n\t\t\t\t<div class=\"elementor-widget-container\">\n\t\t\t\t\t\t\t<div class=\"elementor-wrapper elementor-open-inline\">\n\t\t\t<div class=\"elementor-video\"><\/div>\t\t<\/div>\n\t\t\t\t\t\t<\/div>\n\t\t\t\t<\/div>\n\t\t\t\t\t<\/div>\n\t\t<\/div>\n\t\t\t\t<div class=\"elementor-column elementor-col-50 elementor-top-column elementor-element elementor-element-15992e1\" data-id=\"15992e1\" data-element_type=\"column\" data-e-type=\"column\">\n\t\t\t<div class=\"elementor-widget-wrap elementor-element-populated\">\n\t\t\t\t\t\t<div class=\"elementor-element elementor-element-da72278 elementor-widget elementor-widget-video\" data-id=\"da72278\" data-element_type=\"widget\" data-e-type=\"widget\" data-settings=\"{&quot;youtube_url&quot;:&quot;https:\\\/\\\/www.youtube.com\\\/watch?v=wlgSgdC9et0&quot;,&quot;video_type&quot;:&quot;youtube&quot;,&quot;controls&quot;:&quot;yes&quot;}\" data-widget_type=\"video.default\">\n\t\t\t\t<div class=\"elementor-widget-container\">\n\t\t\t\t\t\t\t<div class=\"elementor-wrapper elementor-open-inline\">\n\t\t\t<div class=\"elementor-video\"><\/div>\t\t<\/div>\n\t\t\t\t\t\t<\/div>\n\t\t\t\t<\/div>\n\t\t\t\t\t<\/div>\n\t\t<\/div>\n\t\t\t\t\t<\/div>\n\t\t<\/section>\n\t\t\t\t<section class=\"elementor-section elementor-top-section elementor-element elementor-element-7d00806 elementor-section-boxed elementor-section-height-default elementor-section-height-default\" data-id=\"7d00806\" data-element_type=\"section\" data-e-type=\"section\">\n\t\t\t\t\t\t<div class=\"elementor-container elementor-column-gap-default\">\n\t\t\t\t\t<div class=\"elementor-column elementor-col-100 elementor-top-column elementor-element elementor-element-09dc496\" data-id=\"09dc496\" data-element_type=\"column\" data-e-type=\"column\">\n\t\t\t<div class=\"elementor-widget-wrap elementor-element-populated\">\n\t\t\t\t\t\t<div class=\"elementor-element elementor-element-22dca0a elementor-widget elementor-widget-text-editor\" data-id=\"22dca0a\" data-element_type=\"widget\" data-e-type=\"widget\" data-widget_type=\"text-editor.default\">\n\t\t\t\t<div class=\"elementor-widget-container\">\n\t\t\t\t\t\t\t\t\t<p><span style=\"color: #000000;\">Uno de los puntos a favor del curso Iniciaci\u00f3n a la Supervivencia en Entorno Mediterr\u00e1neo Semi\u00e1rido es que la organizaci\u00f3n proporciona el material necesario para el desarrollo de las pr\u00e1cticas. Entre el material que se aporta, se encuentran elementos esenciales para la supervivencia en la naturaleza, como el tarp (una lona impermeable que se puede utilizar como refugio), el menaje para cocinar, y herramientas para cavar y cortar madera.<\/span><\/p><p><span style=\"color: #000000;\">El hecho de que el material sea proporcionado por la organizaci\u00f3n tiene varias ventajas para los participantes. En primer lugar, les permite ahorrar dinero, ya que no tienen que adquirir todo el equipo necesario por su cuenta. Adem\u00e1s, les garantiza que el material es de calidad y est\u00e1 en buenas condiciones, lo que contribuye a que las pr\u00e1cticas se desarrollen de forma segura y eficiente.<\/span><\/p><p><span style=\"color: #000000;\">Por otro lado, el hecho de que la organizaci\u00f3n aporte el material tambi\u00e9n hace que el curso sea m\u00e1s accesible para aquellas personas que puedan estar interesadas en aprender sobre supervivencia en la naturaleza, pero que no dispongan de todo el equipo necesario para hacerlo. De esta forma, el curso se convierte en una oportunidad \u00fanica para aprender nuevas habilidades y adquirir conocimientos sobre c\u00f3mo sobrevivir en entornos semi\u00e1ridos del Mediterr\u00e1neo, sin tener que realizar una gran inversi\u00f3n en equipo.<\/span><\/p><p><span style=\"color: #000000;\">En resumen, el hecho de que la organizaci\u00f3n aporte el material necesario para el curso de Iniciaci\u00f3n a la Supervivencia en Entorno Mediterr\u00e1neo Semi\u00e1rido es una gran ventaja para los participantes, ya que les permite ahorrar dinero, garantiza la calidad del material y hace que el curso sea m\u00e1s accesible para todos aquellos interesados en aprender sobre supervivencia en la naturaleza.<\/span><\/p>\t\t\t\t\t\t\t\t<\/div>\n\t\t\t\t<\/div>\n\t\t\t\t\t<\/div>\n\t\t<\/div>\n\t\t\t\t\t<\/div>\n\t\t<\/section>\n\t\t\t\t<section class=\"elementor-section elementor-top-section elementor-element elementor-element-f7c8804 elementor-section-boxed elementor-section-height-default elementor-section-height-default\" data-id=\"f7c8804\" data-element_type=\"section\" data-e-type=\"section\">\n\t\t\t\t\t\t<div class=\"elementor-container elementor-column-gap-default\">\n\t\t\t\t\t<div class=\"elementor-column elementor-col-100 elementor-top-column elementor-element elementor-element-f70ee1b\" data-id=\"f70ee1b\" data-element_type=\"column\" data-e-type=\"column\">\n\t\t\t<div class=\"elementor-widget-wrap elementor-element-populated\">\n\t\t\t\t\t\t<div class=\"elementor-element elementor-element-3669de5 elementor-widget elementor-widget-heading\" data-id=\"3669de5\" data-element_type=\"widget\" data-e-type=\"widget\" data-widget_type=\"heading.default\">\n\t\t\t\t<div class=\"elementor-widget-container\">\n\t\t\t\t\t<h2 class=\"elementor-heading-title elementor-size-default\"><a href=\"https:\/\/www.destrezasyvidaenelmedionatural.es\/index.php\/2022\/07\/08\/iniciacion-a-la-supervivencia-en-entorno-mediterraneo-semiarido-3o-edicion\/\">Reserva tu plaza al Email : info@destrezasyvidaenelmedionatural.es o por WhatsApp 640293093\n<\/a><\/h2>\t\t\t\t<\/div>\n\t\t\t\t<\/div>\n\t\t\t\t\t<\/div>\n\t\t<\/div>\n\t\t\t\t\t<\/div>\n\t\t<\/section>\n\t\t\t\t<section class=\"elementor-section elementor-top-section elementor-element elementor-element-fb66fb5 elementor-section-boxed elementor-section-height-default elementor-section-height-default\" data-id=\"fb66fb5\" data-element_type=\"section\" data-e-type=\"section\">\n\t\t\t\t\t\t<div class=\"elementor-container elementor-column-gap-default\">\n\t\t\t\t\t<div class=\"elementor-column elementor-col-50 elementor-top-column elementor-element elementor-element-ff77ba6\" data-id=\"ff77ba6\" data-element_type=\"column\" data-e-type=\"column\">\n\t\t\t<div class=\"elementor-widget-wrap elementor-element-populated\">\n\t\t\t\t\t\t<div class=\"elementor-element elementor-element-43df65b elementor-widget elementor-widget-video\" data-id=\"43df65b\" data-element_type=\"widget\" data-e-type=\"widget\" data-settings=\"{&quot;youtube_url&quot;:&quot;https:\\\/\\\/www.youtube.com\\\/watch?v=zlIrpqp8IfE&quot;,&quot;video_type&quot;:&quot;youtube&quot;,&quot;controls&quot;:&quot;yes&quot;}\" data-widget_type=\"video.default\">\n\t\t\t\t<div class=\"elementor-widget-container\">\n\t\t\t\t\t\t\t<div class=\"elementor-wrapper elementor-open-inline\">\n\t\t\t<div class=\"elementor-video\"><\/div>\t\t<\/div>\n\t\t\t\t\t\t<\/div>\n\t\t\t\t<\/div>\n\t\t\t\t\t<\/div>\n\t\t<\/div>\n\t\t\t\t<div class=\"elementor-column elementor-col-50 elementor-top-column elementor-element elementor-element-63105ac\" data-id=\"63105ac\" data-element_type=\"column\" data-e-type=\"column\">\n\t\t\t<div class=\"elementor-widget-wrap elementor-element-populated\">\n\t\t\t\t\t\t<div class=\"elementor-element elementor-element-46ca10c elementor-widget elementor-widget-video\" data-id=\"46ca10c\" data-element_type=\"widget\" data-e-type=\"widget\" data-settings=\"{&quot;youtube_url&quot;:&quot;https:\\\/\\\/www.youtube.com\\\/watch?v=2Q8LPRwuruU&quot;,&quot;video_type&quot;:&quot;youtube&quot;,&quot;controls&quot;:&quot;yes&quot;}\" data-widget_type=\"video.default\">\n\t\t\t\t<div class=\"elementor-widget-container\">\n\t\t\t\t\t\t\t<div class=\"elementor-wrapper elementor-open-inline\">\n\t\t\t<div class=\"elementor-video\"><\/div>\t\t<\/div>\n\t\t\t\t\t\t<\/div>\n\t\t\t\t<\/div>\n\t\t\t\t\t<\/div>\n\t\t<\/div>\n\t\t\t\t\t<\/div>\n\t\t<\/section>\n\t\t\t\t<\/div>\n\t\t","protected":false},"excerpt":{"rendered":"<p>\u00a1Ap\u00fantate al curso de Iniciaci\u00f3n a la Supervivencia en Entorno Mediterr\u00e1neo Semi\u00e1rido (4\u00ba edici\u00f3n) y vive una experiencia \u00fanica en la naturaleza! Aqu\u00ed te presentamos algunas razones por las que deber\u00edas considerar apuntarte a este curso: Aprendizaje pr\u00e1ctico: Este curso se enfoca en la experiencia pr\u00e1ctica en el medio ambiente, lo que significa que aprender\u00e1s &hellip;<\/p>\n<p class=\"read-more\"> <a class=\"\" href=\"https:\/\/www.destrezasyvidaenelmedionatural.es\/index.php\/2023\/03\/14\/supera-tus-limites-y-aprende-a-sobrevivir-en-la-naturaleza-con-el-curso-de-iniciacion-en-supervivencia-en-entorno-mediterraneo-semiarido-del-7-al-9-abril\/\"> <span class=\"screen-reader-text\">Supera tus l\u00edmites y aprende a sobrevivir en la naturaleza con el curso de iniciaci\u00f3n en supervivencia en entorno mediterr\u00e1neo semi\u00e1rido del 7 al 9 abril<\/span> Leer m\u00e1s &raquo;<\/a><\/p>\n","protected":false},"author":1,"featured_media":0,"comment_status":"open","ping_status":"open","sticky":false,"template":"","format":"standard","meta":{"episode_type":"","audio_file":"","cover_image":"","cover_image_id":"","duration":"","filesize":"","date_recorded":"","explicit":"","block":"","filesize_raw":"","footnotes":""},"categories":[1],"tags":[],"class_list":["post-1324","post","type-post","status-publish","format-standard","hentry","category-sin-categoria"],"yoast_head":"<!-- This site is optimized with the Yoast SEO plugin v23.8 - https:\/\/yoast.com\/wordpress\/plugins\/seo\/ -->\n<title>Supera tus l\u00edmites y aprende a sobrevivir en la naturaleza con el curso de iniciaci\u00f3n en supervivencia en entorno mediterr\u00e1neo semi\u00e1rido del 7 al 9 abril - Destrezas y Vida en el Medio Natural<\/title>\n<meta name=\"robots\" content=\"index, follow, max-snippet:-1, max-image-preview:large, max-video-preview:-1\" \/>\n<link rel=\"canonical\" href=\"https:\/\/www.destrezasyvidaenelmedionatural.es\/index.php\/2023\/03\/14\/supera-tus-limites-y-aprende-a-sobrevivir-en-la-naturaleza-con-el-curso-de-iniciacion-en-supervivencia-en-entorno-mediterraneo-semiarido-del-7-al-9-abril\/\" \/>\n<meta property=\"og:locale\" content=\"es_ES\" \/>\n<meta property=\"og:type\" content=\"article\" \/>\n<meta property=\"og:title\" content=\"Supera tus l\u00edmites y aprende a sobrevivir en la naturaleza con el curso de iniciaci\u00f3n en supervivencia en entorno mediterr\u00e1neo semi\u00e1rido del 7 al 9 abril - Destrezas y Vida en el Medio Natural\" \/>\n<meta property=\"og:description\" content=\"\u00a1Ap\u00fantate al curso de Iniciaci\u00f3n a la Supervivencia en Entorno Mediterr\u00e1neo Semi\u00e1rido (4\u00ba edici\u00f3n) y vive una experiencia \u00fanica en la naturaleza! Aqu\u00ed te presentamos algunas razones por las que deber\u00edas considerar apuntarte a este curso: Aprendizaje pr\u00e1ctico: Este curso se enfoca en la experiencia pr\u00e1ctica en el medio ambiente, lo que significa que aprender\u00e1s &hellip; Supera tus l\u00edmites y aprende a sobrevivir en la naturaleza con el curso de iniciaci\u00f3n en supervivencia en entorno mediterr\u00e1neo semi\u00e1rido del 7 al 9 abril Leer m\u00e1s &raquo;\" \/>\n<meta property=\"og:url\" content=\"https:\/\/www.destrezasyvidaenelmedionatural.es\/index.php\/2023\/03\/14\/supera-tus-limites-y-aprende-a-sobrevivir-en-la-naturaleza-con-el-curso-de-iniciacion-en-supervivencia-en-entorno-mediterraneo-semiarido-del-7-al-9-abril\/\" \/>\n<meta property=\"og:site_name\" content=\"Destrezas y Vida en el Medio Natural\" \/>\n<meta property=\"article:publisher\" content=\"https:\/\/www.facebook.com\/Destrezas.y.Vida.en.el.Medio.Natural\" \/>\n<meta property=\"article:author\" content=\"https:\/\/www.facebook.com\/Destrezas.y.Vida.en.el.Medio.Natural\" \/>\n<meta property=\"article:published_time\" content=\"2023-03-14T09:01:32+00:00\" \/>\n<meta property=\"article:modified_time\" content=\"2023-03-14T09:06:32+00:00\" \/>\n<meta property=\"og:image\" content=\"http:\/\/www.destrezasyvidaenelmedionatural.es\/wp-content\/uploads\/2023\/03\/INICIACION-A-LA-SUPERVIVENCIA-EN-ENTORNO-MEDITERRANEO-SEMIARIDO-597x1024.png\" \/>\n<meta name=\"author\" content=\"admin\" \/>\n<meta name=\"twitter:card\" content=\"summary_large_image\" \/>\n<meta name=\"twitter:creator\" content=\"@DestrezasyVida\" \/>\n<meta name=\"twitter:site\" content=\"@DestrezasyVida\" \/>\n<meta name=\"twitter:label1\" content=\"Escrito por\" \/>\n\t<meta name=\"twitter:data1\" content=\"admin\" \/>\n\t<meta name=\"twitter:label2\" content=\"Tiempo de lectura\" \/>\n\t<meta name=\"twitter:data2\" content=\"3 minutos\" \/>\n<script type=\"application\/ld+json\" class=\"yoast-schema-graph\">{\"@context\":\"https:\/\/schema.org\",\"@graph\":[{\"@type\":\"Article\",\"@id\":\"https:\/\/www.destrezasyvidaenelmedionatural.es\/index.php\/2023\/03\/14\/supera-tus-limites-y-aprende-a-sobrevivir-en-la-naturaleza-con-el-curso-de-iniciacion-en-supervivencia-en-entorno-mediterraneo-semiarido-del-7-al-9-abril\/#article\",\"isPartOf\":{\"@id\":\"https:\/\/www.destrezasyvidaenelmedionatural.es\/index.php\/2023\/03\/14\/supera-tus-limites-y-aprende-a-sobrevivir-en-la-naturaleza-con-el-curso-de-iniciacion-en-supervivencia-en-entorno-mediterraneo-semiarido-del-7-al-9-abril\/\"},\"author\":{\"name\":\"admin\",\"@id\":\"https:\/\/www.destrezasyvidaenelmedionatural.es\/#\/schema\/person\/05ac69635d864d75006df0853eb7afd3\"},\"headline\":\"Supera tus l\u00edmites y aprende a sobrevivir en la naturaleza con el curso de iniciaci\u00f3n en supervivencia en entorno mediterr\u00e1neo semi\u00e1rido del 7 al 9 abril\",\"datePublished\":\"2023-03-14T09:01:32+00:00\",\"dateModified\":\"2023-03-14T09:06:32+00:00\",\"mainEntityOfPage\":{\"@id\":\"https:\/\/www.destrezasyvidaenelmedionatural.es\/index.php\/2023\/03\/14\/supera-tus-limites-y-aprende-a-sobrevivir-en-la-naturaleza-con-el-curso-de-iniciacion-en-supervivencia-en-entorno-mediterraneo-semiarido-del-7-al-9-abril\/\"},\"wordCount\":605,\"commentCount\":0,\"publisher\":{\"@id\":\"https:\/\/www.destrezasyvidaenelmedionatural.es\/#\/schema\/person\/05ac69635d864d75006df0853eb7afd3\"},\"image\":{\"@id\":\"https:\/\/www.destrezasyvidaenelmedionatural.es\/index.php\/2023\/03\/14\/supera-tus-limites-y-aprende-a-sobrevivir-en-la-naturaleza-con-el-curso-de-iniciacion-en-supervivencia-en-entorno-mediterraneo-semiarido-del-7-al-9-abril\/#primaryimage\"},\"thumbnailUrl\":\"http:\/\/www.destrezasyvidaenelmedionatural.es\/wp-content\/uploads\/2023\/03\/INICIACION-A-LA-SUPERVIVENCIA-EN-ENTORNO-MEDITERRANEO-SEMIARIDO-597x1024.png\",\"inLanguage\":\"es\",\"potentialAction\":[{\"@type\":\"CommentAction\",\"name\":\"Comment\",\"target\":[\"https:\/\/www.destrezasyvidaenelmedionatural.es\/index.php\/2023\/03\/14\/supera-tus-limites-y-aprende-a-sobrevivir-en-la-naturaleza-con-el-curso-de-iniciacion-en-supervivencia-en-entorno-mediterraneo-semiarido-del-7-al-9-abril\/#respond\"]}]},{\"@type\":\"WebPage\",\"@id\":\"https:\/\/www.destrezasyvidaenelmedionatural.es\/index.php\/2023\/03\/14\/supera-tus-limites-y-aprende-a-sobrevivir-en-la-naturaleza-con-el-curso-de-iniciacion-en-supervivencia-en-entorno-mediterraneo-semiarido-del-7-al-9-abril\/\",\"url\":\"https:\/\/www.destrezasyvidaenelmedionatural.es\/index.php\/2023\/03\/14\/supera-tus-limites-y-aprende-a-sobrevivir-en-la-naturaleza-con-el-curso-de-iniciacion-en-supervivencia-en-entorno-mediterraneo-semiarido-del-7-al-9-abril\/\",\"name\":\"Supera tus l\u00edmites y aprende a sobrevivir en la naturaleza con el curso de iniciaci\u00f3n en supervivencia en entorno mediterr\u00e1neo semi\u00e1rido del 7 al 9 abril - Destrezas y Vida en el Medio Natural\",\"isPartOf\":{\"@id\":\"https:\/\/www.destrezasyvidaenelmedionatural.es\/#website\"},\"primaryImageOfPage\":{\"@id\":\"https:\/\/www.destrezasyvidaenelmedionatural.es\/index.php\/2023\/03\/14\/supera-tus-limites-y-aprende-a-sobrevivir-en-la-naturaleza-con-el-curso-de-iniciacion-en-supervivencia-en-entorno-mediterraneo-semiarido-del-7-al-9-abril\/#primaryimage\"},\"image\":{\"@id\":\"https:\/\/www.destrezasyvidaenelmedionatural.es\/index.php\/2023\/03\/14\/supera-tus-limites-y-aprende-a-sobrevivir-en-la-naturaleza-con-el-curso-de-iniciacion-en-supervivencia-en-entorno-mediterraneo-semiarido-del-7-al-9-abril\/#primaryimage\"},\"thumbnailUrl\":\"http:\/\/www.destrezasyvidaenelmedionatural.es\/wp-content\/uploads\/2023\/03\/INICIACION-A-LA-SUPERVIVENCIA-EN-ENTORNO-MEDITERRANEO-SEMIARIDO-597x1024.png\",\"datePublished\":\"2023-03-14T09:01:32+00:00\",\"dateModified\":\"2023-03-14T09:06:32+00:00\",\"breadcrumb\":{\"@id\":\"https:\/\/www.destrezasyvidaenelmedionatural.es\/index.php\/2023\/03\/14\/supera-tus-limites-y-aprende-a-sobrevivir-en-la-naturaleza-con-el-curso-de-iniciacion-en-supervivencia-en-entorno-mediterraneo-semiarido-del-7-al-9-abril\/#breadcrumb\"},\"inLanguage\":\"es\",\"potentialAction\":[{\"@type\":\"ReadAction\",\"target\":[\"https:\/\/www.destrezasyvidaenelmedionatural.es\/index.php\/2023\/03\/14\/supera-tus-limites-y-aprende-a-sobrevivir-en-la-naturaleza-con-el-curso-de-iniciacion-en-supervivencia-en-entorno-mediterraneo-semiarido-del-7-al-9-abril\/\"]}]},{\"@type\":\"ImageObject\",\"inLanguage\":\"es\",\"@id\":\"https:\/\/www.destrezasyvidaenelmedionatural.es\/index.php\/2023\/03\/14\/supera-tus-limites-y-aprende-a-sobrevivir-en-la-naturaleza-con-el-curso-de-iniciacion-en-supervivencia-en-entorno-mediterraneo-semiarido-del-7-al-9-abril\/#primaryimage\",\"url\":\"https:\/\/www.destrezasyvidaenelmedionatural.es\/wp-content\/uploads\/2023\/03\/INICIACION-A-LA-SUPERVIVENCIA-EN-ENTORNO-MEDITERRANEO-SEMIARIDO.png\",\"contentUrl\":\"https:\/\/www.destrezasyvidaenelmedionatural.es\/wp-content\/uploads\/2023\/03\/INICIACION-A-LA-SUPERVIVENCIA-EN-ENTORNO-MEDITERRANEO-SEMIARIDO.png\",\"width\":1512,\"height\":2592,\"caption\":\"3 d\u00edas y 2 noches, comenzando el viernes 7 abril a las 15:00 y finalizando el domingo 9 abril a las 15 h, tras la entrega de diplomas y la comida de despedida.\"},{\"@type\":\"BreadcrumbList\",\"@id\":\"https:\/\/www.destrezasyvidaenelmedionatural.es\/index.php\/2023\/03\/14\/supera-tus-limites-y-aprende-a-sobrevivir-en-la-naturaleza-con-el-curso-de-iniciacion-en-supervivencia-en-entorno-mediterraneo-semiarido-del-7-al-9-abril\/#breadcrumb\",\"itemListElement\":[{\"@type\":\"ListItem\",\"position\":1,\"name\":\"Portada\",\"item\":\"https:\/\/www.destrezasyvidaenelmedionatural.es\/\"},{\"@type\":\"ListItem\",\"position\":2,\"name\":\"Supera tus l\u00edmites y aprende a sobrevivir en la naturaleza con el curso de iniciaci\u00f3n en supervivencia en entorno mediterr\u00e1neo semi\u00e1rido del 7 al 9 abril\"}]},{\"@type\":\"WebSite\",\"@id\":\"https:\/\/www.destrezasyvidaenelmedionatural.es\/#website\",\"url\":\"https:\/\/www.destrezasyvidaenelmedionatural.es\/\",\"name\":\"Destrezas y Vida en el Medio Natural\",\"description\":\"El sitio web Destrezas y Vida en el Medio Natural es un recurso excelente para cualquiera que quiera aprender sobre la naturaleza y c\u00f3mo interactuar con ella de manera segura y respetuosa.\",\"publisher\":{\"@id\":\"https:\/\/www.destrezasyvidaenelmedionatural.es\/#\/schema\/person\/05ac69635d864d75006df0853eb7afd3\"},\"potentialAction\":[{\"@type\":\"SearchAction\",\"target\":{\"@type\":\"EntryPoint\",\"urlTemplate\":\"https:\/\/www.destrezasyvidaenelmedionatural.es\/?s={search_term_string}\"},\"query-input\":{\"@type\":\"PropertyValueSpecification\",\"valueRequired\":true,\"valueName\":\"search_term_string\"}}],\"inLanguage\":\"es\"},{\"@type\":[\"Person\",\"Organization\"],\"@id\":\"https:\/\/www.destrezasyvidaenelmedionatural.es\/#\/schema\/person\/05ac69635d864d75006df0853eb7afd3\",\"name\":\"admin\",\"image\":{\"@type\":\"ImageObject\",\"inLanguage\":\"es\",\"@id\":\"https:\/\/www.destrezasyvidaenelmedionatural.es\/#\/schema\/person\/image\/\",\"url\":\"https:\/\/www.destrezasyvidaenelmedionatural.es\/wp-content\/uploads\/2021\/08\/cropped-SIN-FONDO-PRUEBA1.png\",\"contentUrl\":\"https:\/\/www.destrezasyvidaenelmedionatural.es\/wp-content\/uploads\/2021\/08\/cropped-SIN-FONDO-PRUEBA1.png\",\"width\":351,\"height\":349,\"caption\":\"admin\"},\"logo\":{\"@id\":\"https:\/\/www.destrezasyvidaenelmedionatural.es\/#\/schema\/person\/image\/\"},\"sameAs\":[\"http:\/\/www.destrezasyvidaenelmedionatural.es\",\"https:\/\/www.facebook.com\/Destrezas.y.Vida.en.el.Medio.Natural\",\"https:\/\/www.instagram.com\/destrezasyvidamn\/\"],\"url\":\"https:\/\/www.destrezasyvidaenelmedionatural.es\/index.php\/author\/admin\/\"}]}<\/script>\n<!-- \/ Yoast SEO plugin. -->","yoast_head_json":{"title":"Supera tus l\u00edmites y aprende a sobrevivir en la naturaleza con el curso de iniciaci\u00f3n en supervivencia en entorno mediterr\u00e1neo semi\u00e1rido del 7 al 9 abril - Destrezas y Vida en el Medio Natural","robots":{"index":"index","follow":"follow","max-snippet":"max-snippet:-1","max-image-preview":"max-image-preview:large","max-video-preview":"max-video-preview:-1"},"canonical":"https:\/\/www.destrezasyvidaenelmedionatural.es\/index.php\/2023\/03\/14\/supera-tus-limites-y-aprende-a-sobrevivir-en-la-naturaleza-con-el-curso-de-iniciacion-en-supervivencia-en-entorno-mediterraneo-semiarido-del-7-al-9-abril\/","og_locale":"es_ES","og_type":"article","og_title":"Supera tus l\u00edmites y aprende a sobrevivir en la naturaleza con el curso de iniciaci\u00f3n en supervivencia en entorno mediterr\u00e1neo semi\u00e1rido del 7 al 9 abril - Destrezas y Vida en el Medio Natural","og_description":"\u00a1Ap\u00fantate al curso de Iniciaci\u00f3n a la Supervivencia en Entorno Mediterr\u00e1neo Semi\u00e1rido (4\u00ba edici\u00f3n) y vive una experiencia \u00fanica en la naturaleza! Aqu\u00ed te presentamos algunas razones por las que deber\u00edas considerar apuntarte a este curso: Aprendizaje pr\u00e1ctico: Este curso se enfoca en la experiencia pr\u00e1ctica en el medio ambiente, lo que significa que aprender\u00e1s &hellip; Supera tus l\u00edmites y aprende a sobrevivir en la naturaleza con el curso de iniciaci\u00f3n en supervivencia en entorno mediterr\u00e1neo semi\u00e1rido del 7 al 9 abril Leer m\u00e1s &raquo;","og_url":"https:\/\/www.destrezasyvidaenelmedionatural.es\/index.php\/2023\/03\/14\/supera-tus-limites-y-aprende-a-sobrevivir-en-la-naturaleza-con-el-curso-de-iniciacion-en-supervivencia-en-entorno-mediterraneo-semiarido-del-7-al-9-abril\/","og_site_name":"Destrezas y Vida en el Medio Natural","article_publisher":"https:\/\/www.facebook.com\/Destrezas.y.Vida.en.el.Medio.Natural","article_author":"https:\/\/www.facebook.com\/Destrezas.y.Vida.en.el.Medio.Natural","article_published_time":"2023-03-14T09:01:32+00:00","article_modified_time":"2023-03-14T09:06:32+00:00","og_image":[{"url":"http:\/\/www.destrezasyvidaenelmedionatural.es\/wp-content\/uploads\/2023\/03\/INICIACION-A-LA-SUPERVIVENCIA-EN-ENTORNO-MEDITERRANEO-SEMIARIDO-597x1024.png"}],"author":"admin","twitter_card":"summary_large_image","twitter_creator":"@DestrezasyVida","twitter_site":"@DestrezasyVida","twitter_misc":{"Escrito por":"admin","Tiempo de lectura":"3 minutos"},"schema":{"@context":"https:\/\/schema.org","@graph":[{"@type":"Article","@id":"https:\/\/www.destrezasyvidaenelmedionatural.es\/index.php\/2023\/03\/14\/supera-tus-limites-y-aprende-a-sobrevivir-en-la-naturaleza-con-el-curso-de-iniciacion-en-supervivencia-en-entorno-mediterraneo-semiarido-del-7-al-9-abril\/#article","isPartOf":{"@id":"https:\/\/www.destrezasyvidaenelmedionatural.es\/index.php\/2023\/03\/14\/supera-tus-limites-y-aprende-a-sobrevivir-en-la-naturaleza-con-el-curso-de-iniciacion-en-supervivencia-en-entorno-mediterraneo-semiarido-del-7-al-9-abril\/"},"author":{"name":"admin","@id":"https:\/\/www.destrezasyvidaenelmedionatural.es\/#\/schema\/person\/05ac69635d864d75006df0853eb7afd3"},"headline":"Supera tus l\u00edmites y aprende a sobrevivir en la naturaleza con el curso de iniciaci\u00f3n en supervivencia en entorno mediterr\u00e1neo semi\u00e1rido del 7 al 9 abril","datePublished":"2023-03-14T09:01:32+00:00","dateModified":"2023-03-14T09:06:32+00:00","mainEntityOfPage":{"@id":"https:\/\/www.destrezasyvidaenelmedionatural.es\/index.php\/2023\/03\/14\/supera-tus-limites-y-aprende-a-sobrevivir-en-la-naturaleza-con-el-curso-de-iniciacion-en-supervivencia-en-entorno-mediterraneo-semiarido-del-7-al-9-abril\/"},"wordCount":605,"commentCount":0,"publisher":{"@id":"https:\/\/www.destrezasyvidaenelmedionatural.es\/#\/schema\/person\/05ac69635d864d75006df0853eb7afd3"},"image":{"@id":"https:\/\/www.destrezasyvidaenelmedionatural.es\/index.php\/2023\/03\/14\/supera-tus-limites-y-aprende-a-sobrevivir-en-la-naturaleza-con-el-curso-de-iniciacion-en-supervivencia-en-entorno-mediterraneo-semiarido-del-7-al-9-abril\/#primaryimage"},"thumbnailUrl":"http:\/\/www.destrezasyvidaenelmedionatural.es\/wp-content\/uploads\/2023\/03\/INICIACION-A-LA-SUPERVIVENCIA-EN-ENTORNO-MEDITERRANEO-SEMIARIDO-597x1024.png","inLanguage":"es","potentialAction":[{"@type":"CommentAction","name":"Comment","target":["https:\/\/www.destrezasyvidaenelmedionatural.es\/index.php\/2023\/03\/14\/supera-tus-limites-y-aprende-a-sobrevivir-en-la-naturaleza-con-el-curso-de-iniciacion-en-supervivencia-en-entorno-mediterraneo-semiarido-del-7-al-9-abril\/#respond"]}]},{"@type":"WebPage","@id":"https:\/\/www.destrezasyvidaenelmedionatural.es\/index.php\/2023\/03\/14\/supera-tus-limites-y-aprende-a-sobrevivir-en-la-naturaleza-con-el-curso-de-iniciacion-en-supervivencia-en-entorno-mediterraneo-semiarido-del-7-al-9-abril\/","url":"https:\/\/www.destrezasyvidaenelmedionatural.es\/index.php\/2023\/03\/14\/supera-tus-limites-y-aprende-a-sobrevivir-en-la-naturaleza-con-el-curso-de-iniciacion-en-supervivencia-en-entorno-mediterraneo-semiarido-del-7-al-9-abril\/","name":"Supera tus l\u00edmites y aprende a sobrevivir en la naturaleza con el curso de iniciaci\u00f3n en supervivencia en entorno mediterr\u00e1neo semi\u00e1rido del 7 al 9 abril - Destrezas y Vida en el Medio Natural","isPartOf":{"@id":"https:\/\/www.destrezasyvidaenelmedionatural.es\/#website"},"primaryImageOfPage":{"@id":"https:\/\/www.destrezasyvidaenelmedionatural.es\/index.php\/2023\/03\/14\/supera-tus-limites-y-aprende-a-sobrevivir-en-la-naturaleza-con-el-curso-de-iniciacion-en-supervivencia-en-entorno-mediterraneo-semiarido-del-7-al-9-abril\/#primaryimage"},"image":{"@id":"https:\/\/www.destrezasyvidaenelmedionatural.es\/index.php\/2023\/03\/14\/supera-tus-limites-y-aprende-a-sobrevivir-en-la-naturaleza-con-el-curso-de-iniciacion-en-supervivencia-en-entorno-mediterraneo-semiarido-del-7-al-9-abril\/#primaryimage"},"thumbnailUrl":"http:\/\/www.destrezasyvidaenelmedionatural.es\/wp-content\/uploads\/2023\/03\/INICIACION-A-LA-SUPERVIVENCIA-EN-ENTORNO-MEDITERRANEO-SEMIARIDO-597x1024.png","datePublished":"2023-03-14T09:01:32+00:00","dateModified":"2023-03-14T09:06:32+00:00","breadcrumb":{"@id":"https:\/\/www.destrezasyvidaenelmedionatural.es\/index.php\/2023\/03\/14\/supera-tus-limites-y-aprende-a-sobrevivir-en-la-naturaleza-con-el-curso-de-iniciacion-en-supervivencia-en-entorno-mediterraneo-semiarido-del-7-al-9-abril\/#breadcrumb"},"inLanguage":"es","potentialAction":[{"@type":"ReadAction","target":["https:\/\/www.destrezasyvidaenelmedionatural.es\/index.php\/2023\/03\/14\/supera-tus-limites-y-aprende-a-sobrevivir-en-la-naturaleza-con-el-curso-de-iniciacion-en-supervivencia-en-entorno-mediterraneo-semiarido-del-7-al-9-abril\/"]}]},{"@type":"ImageObject","inLanguage":"es","@id":"https:\/\/www.destrezasyvidaenelmedionatural.es\/index.php\/2023\/03\/14\/supera-tus-limites-y-aprende-a-sobrevivir-en-la-naturaleza-con-el-curso-de-iniciacion-en-supervivencia-en-entorno-mediterraneo-semiarido-del-7-al-9-abril\/#primaryimage","url":"https:\/\/www.destrezasyvidaenelmedionatural.es\/wp-content\/uploads\/2023\/03\/INICIACION-A-LA-SUPERVIVENCIA-EN-ENTORNO-MEDITERRANEO-SEMIARIDO.png","contentUrl":"https:\/\/www.destrezasyvidaenelmedionatural.es\/wp-content\/uploads\/2023\/03\/INICIACION-A-LA-SUPERVIVENCIA-EN-ENTORNO-MEDITERRANEO-SEMIARIDO.png","width":1512,"height":2592,"caption":"3 d\u00edas y 2 noches, comenzando el viernes 7 abril a las 15:00 y finalizando el domingo 9 abril a las 15 h, tras la entrega de diplomas y la comida de despedida."},{"@type":"BreadcrumbList","@id":"https:\/\/www.destrezasyvidaenelmedionatural.es\/index.php\/2023\/03\/14\/supera-tus-limites-y-aprende-a-sobrevivir-en-la-naturaleza-con-el-curso-de-iniciacion-en-supervivencia-en-entorno-mediterraneo-semiarido-del-7-al-9-abril\/#breadcrumb","itemListElement":[{"@type":"ListItem","position":1,"name":"Portada","item":"https:\/\/www.destrezasyvidaenelmedionatural.es\/"},{"@type":"ListItem","position":2,"name":"Supera tus l\u00edmites y aprende a sobrevivir en la naturaleza con el curso de iniciaci\u00f3n en supervivencia en entorno mediterr\u00e1neo semi\u00e1rido del 7 al 9 abril"}]},{"@type":"WebSite","@id":"https:\/\/www.destrezasyvidaenelmedionatural.es\/#website","url":"https:\/\/www.destrezasyvidaenelmedionatural.es\/","name":"Destrezas y Vida en el Medio Natural","description":"El sitio web Destrezas y Vida en el Medio Natural es un recurso excelente para cualquiera que quiera aprender sobre la naturaleza y c\u00f3mo interactuar con ella de manera segura y respetuosa.","publisher":{"@id":"https:\/\/www.destrezasyvidaenelmedionatural.es\/#\/schema\/person\/05ac69635d864d75006df0853eb7afd3"},"potentialAction":[{"@type":"SearchAction","target":{"@type":"EntryPoint","urlTemplate":"https:\/\/www.destrezasyvidaenelmedionatural.es\/?s={search_term_string}"},"query-input":{"@type":"PropertyValueSpecification","valueRequired":true,"valueName":"search_term_string"}}],"inLanguage":"es"},{"@type":["Person","Organization"],"@id":"https:\/\/www.destrezasyvidaenelmedionatural.es\/#\/schema\/person\/05ac69635d864d75006df0853eb7afd3","name":"admin","image":{"@type":"ImageObject","inLanguage":"es","@id":"https:\/\/www.destrezasyvidaenelmedionatural.es\/#\/schema\/person\/image\/","url":"https:\/\/www.destrezasyvidaenelmedionatural.es\/wp-content\/uploads\/2021\/08\/cropped-SIN-FONDO-PRUEBA1.png","contentUrl":"https:\/\/www.destrezasyvidaenelmedionatural.es\/wp-content\/uploads\/2021\/08\/cropped-SIN-FONDO-PRUEBA1.png","width":351,"height":349,"caption":"admin"},"logo":{"@id":"https:\/\/www.destrezasyvidaenelmedionatural.es\/#\/schema\/person\/image\/"},"sameAs":["http:\/\/www.destrezasyvidaenelmedionatural.es","https:\/\/www.facebook.com\/Destrezas.y.Vida.en.el.Medio.Natural","https:\/\/www.instagram.com\/destrezasyvidamn\/"],"url":"https:\/\/www.destrezasyvidaenelmedionatural.es\/index.php\/author\/admin\/"}]}},"_links":{"self":[{"href":"https:\/\/www.destrezasyvidaenelmedionatural.es\/index.php\/wp-json\/wp\/v2\/posts\/1324","targetHints":{"allow":["GET"]}}],"collection":[{"href":"https:\/\/www.destrezasyvidaenelmedionatural.es\/index.php\/wp-json\/wp\/v2\/posts"}],"about":[{"href":"https:\/\/www.destrezasyvidaenelmedionatural.es\/index.php\/wp-json\/wp\/v2\/types\/post"}],"author":[{"embeddable":true,"href":"https:\/\/www.destrezasyvidaenelmedionatural.es\/index.php\/wp-json\/wp\/v2\/users\/1"}],"replies":[{"embeddable":true,"href":"https:\/\/www.destrezasyvidaenelmedionatural.es\/index.php\/wp-json\/wp\/v2\/comments?post=1324"}],"version-history":[{"count":14,"href":"https:\/\/www.destrezasyvidaenelmedionatural.es\/index.php\/wp-json\/wp\/v2\/posts\/1324\/revisions"}],"predecessor-version":[{"id":1354,"href":"https:\/\/www.destrezasyvidaenelmedionatural.es\/index.php\/wp-json\/wp\/v2\/posts\/1324\/revisions\/1354"}],"wp:attachment":[{"href":"https:\/\/www.destrezasyvidaenelmedionatural.es\/index.php\/wp-json\/wp\/v2\/media?parent=1324"}],"wp:term":[{"taxonomy":"category","embeddable":true,"href":"https:\/\/www.destrezasyvidaenelmedionatural.es\/index.php\/wp-json\/wp\/v2\/categories?post=1324"},{"taxonomy":"post_tag","embeddable":true,"href":"https:\/\/www.destrezasyvidaenelmedionatural.es\/index.php\/wp-json\/wp\/v2\/tags?post=1324"}],"curies":[{"name":"wp","href":"https:\/\/api.w.org\/{rel}","templated":true}]}}