{"id":1487,"date":"2023-06-27T16:42:36","date_gmt":"2023-06-27T16:42:36","guid":{"rendered":"https:\/\/www.destrezasyvidaenelmedionatural.es\/?p=1487"},"modified":"2023-06-30T15:32:15","modified_gmt":"2023-06-30T15:32:15","slug":"curso-la-talla-del-silex-en-la-prehistoria-la-tecnologia-del-homo-sapiens","status":"publish","type":"post","link":"https:\/\/www.destrezasyvidaenelmedionatural.es\/index.php\/2023\/06\/27\/curso-la-talla-del-silex-en-la-prehistoria-la-tecnologia-del-homo-sapiens\/","title":{"rendered":"Curso La talla del s\u00edlex en la Prehistoria: La tecnolog\u00eda del Homo sapiens 28 octubre 2023"},"content":{"rendered":"\t\t<div data-elementor-type=\"wp-post\" data-elementor-id=\"1487\" class=\"elementor elementor-1487\">\n\t\t\t\t\t\t<section class=\"elementor-section elementor-top-section elementor-element elementor-element-c878a4e elementor-section-boxed elementor-section-height-default elementor-section-height-default\" data-id=\"c878a4e\" data-element_type=\"section\" data-e-type=\"section\">\n\t\t\t\t\t\t<div class=\"elementor-container elementor-column-gap-default\">\n\t\t\t\t\t<div class=\"elementor-column elementor-col-100 elementor-top-column elementor-element elementor-element-33c0ed3\" data-id=\"33c0ed3\" data-element_type=\"column\" data-e-type=\"column\">\n\t\t\t<div class=\"elementor-widget-wrap elementor-element-populated\">\n\t\t\t\t\t\t<div class=\"elementor-element elementor-element-83acd4f elementor-widget elementor-widget-text-editor\" data-id=\"83acd4f\" data-element_type=\"widget\" data-e-type=\"widget\" data-widget_type=\"text-editor.default\">\n\t\t\t\t<div class=\"elementor-widget-container\">\n\t\t\t\t\t\t\t\t\t<p><span style=\"color: #000000;\">En este curso de formaci\u00f3n en tecnolog\u00eda l\u00edtica prehist\u00f3rica, el alumnado podr\u00e1 adquirir los conocimientos b\u00e1sicos\u00a0<\/span><span style=\"color: #000000;\">para la comprensi\u00f3n de los m\u00e9todos y t\u00e9cnicas de talla experimental relacionados con la tecnolog\u00eda del Homo\u00a0<\/span><span style=\"color: #000000;\">sapiens, as\u00ed como los distintos procesos t\u00e9cnicos necesarios para la elaboraci\u00f3n de \u00fatiles prehist\u00f3ricos.<\/span><br \/><span style=\"color: #000000;\">La realizaci\u00f3n de este curso no requiere experiencia previa. Durante el curso, cada alumno tiene asignado unos\u00a0<\/span><span style=\"color: #000000;\">\u00fatiles para la talla, guantes y gafas para su protecci\u00f3n, as\u00ed como las materias primas necesarias par el desarrollo de\u00a0<\/span><span style=\"color: #000000;\">las pr\u00e1cticas de talla.<\/span><\/p><p><span style=\"color: #000000;\"><strong>\u00bfD\u00f3nde se realiza este curso?<\/strong><\/span><\/p><p><span style=\"color: #000000;\">El curso de talla de s\u00edlex te espera en nuestras instalaciones ubicadas en plena naturaleza, en el Alto de la Churleta, cerca de Las Casicas, a tan solo 8 kil\u00f3metros de Fortuna \/ Murcia. Nuestro espacio comunitario, con una planta de 70 m2, te brindar\u00e1 un ambiente acogedor y c\u00f3modo. Dispondr\u00e1s de camas individuales, as\u00ed como de aseo y ducha para tu mayor comodidad.<\/span><\/p><p><span style=\"color: #000000;\">Nuestras instalaciones se encuentran en una finca privada de 10.000 m2, situada a 640 metros sobre el nivel del mar. Estaremos rodeados por el magn\u00edfico entorno del Parque Regional Sierra de La Pila, un impresionante espacio forestal que ha sido aprovechado intensamente a lo largo de los siglos.\u00a0 No te pierdas la oportunidad de disfrutar de este entorno natural privilegiado mientras aprendes la fascinante t\u00e9cnica de talla de s\u00edlex. \u00a1Te esperamos con los brazos abiertos en nuestro curso!<\/span><\/p><p><span style=\"color: #000000;\">Recepci\u00f3n de alumnos en Las Casicas \/ Fortuna-Murcia Como llegar con google Maps:\u00a0<a style=\"color: #000000;\" href=\"https:\/\/goo.gl\/maps\/7L1hdFCG5cmVtghg6\" target=\"_blank\" rel=\"noopener\">https:\/\/goo.gl\/maps\/7L1hdFCG5cmVtghg6<\/a><\/span><\/p><p><span style=\"color: #000000;\">Zona aparcamiento para veh\u00edculos:\u00a0<a style=\"color: #000000;\" href=\"https:\/\/goo.gl\/maps\/iAbHBvyVzj9C2gRx7\" target=\"_blank\" rel=\"noopener\">https:\/\/goo.gl\/maps\/iAbHBvyVzj9C2gRx7<\/a>\u00a0<\/span><\/p><p><span style=\"color: #000000;\"><strong>Alojamiento y comida<\/strong><\/span><\/p><p><span style=\"color: #000000;\">Adem\u00e1s, \u00a1la comida del 28 octubre est\u00e1 incluida! Para aquellos alumnos que necesiten desplazarse con anticipaci\u00f3n el viernes 27 octubre debido a la distancia, ofrecemos la oportunidad de pasar la noche sin ning\u00fan costo adicional en nuestro acogedor albergue. El albergue cuenta con una amplia planta de 70 m2, donde podr\u00e1s disfrutar de un espacio comunitario acogedor. Con camas individuales y comodidades como aseo y ducha, te garantizamos una estancia confortable y relajante antes de tu evento. \u00a1No te preocupes por los gastos adicionales ni por encontrar alojamiento, nosotros nos encargamos de todo!<\/span><\/p>\t\t\t\t\t\t\t\t<\/div>\n\t\t\t\t<\/div>\n\t\t\t\t\t<\/div>\n\t\t<\/div>\n\t\t\t\t\t<\/div>\n\t\t<\/section>\n\t\t\t\t<section class=\"elementor-section elementor-top-section elementor-element elementor-element-fc53135 elementor-section-boxed elementor-section-height-default elementor-section-height-default\" data-id=\"fc53135\" data-element_type=\"section\" data-e-type=\"section\">\n\t\t\t\t\t\t<div class=\"elementor-container elementor-column-gap-default\">\n\t\t\t\t\t<div class=\"elementor-column elementor-col-100 elementor-top-column elementor-element elementor-element-48565d4\" data-id=\"48565d4\" data-element_type=\"column\" data-e-type=\"column\">\n\t\t\t<div class=\"elementor-widget-wrap elementor-element-populated\">\n\t\t\t\t\t\t<div class=\"elementor-element elementor-element-742dc98 elementor-widget elementor-widget-image\" data-id=\"742dc98\" data-element_type=\"widget\" data-e-type=\"widget\" data-widget_type=\"image.default\">\n\t\t\t\t<div class=\"elementor-widget-container\">\n\t\t\t\t\t\t\t\t\t\t\t\t\t\t\t<img fetchpriority=\"high\" decoding=\"async\" width=\"768\" height=\"768\" src=\"https:\/\/www.destrezasyvidaenelmedionatural.es\/wp-content\/uploads\/2023\/06\/La-tecnologia-del-Homo-sapiens-28-octubre-Fortuna-2023-768x768.png\" class=\"attachment-medium_large size-medium_large wp-image-1517\" alt=\"Curso La talla del s\u00edlex en la Prehistoria: La tecnolog\u00eda del Homo sapiens 28 octubre Fortuna 2023\" srcset=\"https:\/\/www.destrezasyvidaenelmedionatural.es\/wp-content\/uploads\/2023\/06\/La-tecnologia-del-Homo-sapiens-28-octubre-Fortuna-2023-768x768.png 768w, https:\/\/www.destrezasyvidaenelmedionatural.es\/wp-content\/uploads\/2023\/06\/La-tecnologia-del-Homo-sapiens-28-octubre-Fortuna-2023-300x300.png 300w, https:\/\/www.destrezasyvidaenelmedionatural.es\/wp-content\/uploads\/2023\/06\/La-tecnologia-del-Homo-sapiens-28-octubre-Fortuna-2023-1024x1024.png 1024w, https:\/\/www.destrezasyvidaenelmedionatural.es\/wp-content\/uploads\/2023\/06\/La-tecnologia-del-Homo-sapiens-28-octubre-Fortuna-2023-150x150.png 150w, https:\/\/www.destrezasyvidaenelmedionatural.es\/wp-content\/uploads\/2023\/06\/La-tecnologia-del-Homo-sapiens-28-octubre-Fortuna-2023.png 1080w\" sizes=\"(max-width: 768px) 100vw, 768px\" \/>\t\t\t\t\t\t\t\t\t\t\t\t\t\t\t<\/div>\n\t\t\t\t<\/div>\n\t\t\t\t\t<\/div>\n\t\t<\/div>\n\t\t\t\t\t<\/div>\n\t\t<\/section>\n\t\t\t\t<section class=\"elementor-section elementor-top-section elementor-element elementor-element-9370466 elementor-section-boxed elementor-section-height-default elementor-section-height-default\" data-id=\"9370466\" data-element_type=\"section\" data-e-type=\"section\">\n\t\t\t\t\t\t<div class=\"elementor-container elementor-column-gap-default\">\n\t\t\t\t\t<div class=\"elementor-column elementor-col-50 elementor-top-column elementor-element elementor-element-42eeb5f\" data-id=\"42eeb5f\" data-element_type=\"column\" data-e-type=\"column\">\n\t\t\t<div class=\"elementor-widget-wrap elementor-element-populated\">\n\t\t\t\t\t\t<div class=\"elementor-element elementor-element-50c55dd elementor-widget elementor-widget-text-editor\" data-id=\"50c55dd\" data-element_type=\"widget\" data-e-type=\"widget\" data-widget_type=\"text-editor.default\">\n\t\t\t\t<div class=\"elementor-widget-container\">\n\t\t\t\t\t\t\t\t\t<p><span style=\"color: #000000;\">Existen varias razones por las cuales deber\u00edas apuntarte al curso \u00abLa talla del s\u00edlex en la Prehistoria: La tecnolog\u00eda del Homo sapiens\u00bb. A continuaci\u00f3n, te presento algunos beneficios que podr\u00edas obtener al participar en esta formaci\u00f3n:<\/span><\/p><p><span style=\"color: #000000;\"><strong>Adquisici\u00f3n de conocimientos b\u00e1sicos:<\/strong> El curso te brindar\u00e1 los conocimientos fundamentales sobre los m\u00e9todos y t\u00e9cnicas de talla experimental utilizados por el Homo sapiens en la Prehistoria. Aprender\u00e1s sobre los procesos t\u00e9cnicos necesarios para la elaboraci\u00f3n de \u00fatiles prehist\u00f3ricos tales como realizaci\u00f3n de buriles en s\u00edlex, Realizaci\u00f3n de raspadores y perforadores en s\u00edlex y la elaboraci\u00f3n de puntas de flecha en s\u00edlex, lo cual te permitir\u00e1 comprender y apreciar mejor la tecnolog\u00eda l\u00edtica ancestral.<\/span><\/p><p><span style=\"color: #000000;\"><strong>Experiencia pr\u00e1ctica:<\/strong> Durante el curso, cada alumno contar\u00e1 con herramientas de talla, guantes y gafas de protecci\u00f3n, as\u00ed como las materias primas necesarias para llevar a cabo las pr\u00e1cticas de talla. Esto te brindar\u00e1 la oportunidad de poner en pr\u00e1ctica los conocimientos adquiridos y experimentar de primera mano el proceso de elaboraci\u00f3n de \u00fatiles prehist\u00f3ricos. La experiencia pr\u00e1ctica es fundamental para comprender mejor los desaf\u00edos y logros de los antiguos artesanos.<\/span><\/p><p><span style=\"color: #000000;\"><strong>No se requiere experiencia previa:<\/strong> Este curso est\u00e1 dise\u00f1ado para personas sin experiencia previa en el tema. Por lo tanto, no importa si no tienes conocimientos previos sobre tecnolog\u00eda l\u00edtica prehist\u00f3rica. El curso te proporcionar\u00e1 una introducci\u00f3n completa y te guiar\u00e1 paso a paso a trav\u00e9s de los conceptos y t\u00e9cnicas necesarios.<\/span><\/p><p><span style=\"color: #000000;\"><strong>Conexi\u00f3n con la historia y la cultura ancestral:<\/strong> Aprender sobre la tecnolog\u00eda del Homo sapiens en la Prehistoria te permitir\u00e1 establecer una conexi\u00f3n directa con nuestros antepasados y comprender c\u00f3mo viv\u00edan y se desenvolv\u00edan en su entorno. Explorar\u00e1s c\u00f3mo utilizaban herramientas de s\u00edlex y c\u00f3mo estas t\u00e9cnicas influyeron en su supervivencia y desarrollo como especie. Esta conexi\u00f3n con la historia y la cultura ancestral puede ser enriquecedora y fascinante.<\/span><\/p><p><span style=\"color: #000000;\"><strong>Potencial para futuras investigaciones o actividades recreativas:<\/strong> Al adquirir conocimientos y habilidades en la talla del s\u00edlex, podr\u00edas abrir puertas hacia futuras investigaciones o actividades recreativas relacionadas con la tecnolog\u00eda l\u00edtica prehist\u00f3rica. Podr\u00edas utilizar estos conocimientos para explorar m\u00e1s a fondo el tema, participar en proyectos arqueol\u00f3gicos o incluso realizar tus propias r\u00e9plicas de \u00fatiles prehist\u00f3ricos. Esto podr\u00eda convertirse en un hobby apasionante o una oportunidad de aprendizaje continuo.<\/span><\/p><p><span style=\"color: #000000;\">Al participar en el curso \u00abLa talla del s\u00edlex en la Prehistoria: La tecnolog\u00eda del Homo sapiens\u00bb, tendr\u00e1s la oportunidad de adquirir conocimientos b\u00e1sicos, experimentar pr\u00e1cticamente, conectar con la historia ancestral y abrir puertas hacia futuras investigaciones o actividades recreativas. No se requiere experiencia previa, por lo que cualquier persona interesada en la tem\u00e1tica puede beneficiarse de esta formaci\u00f3n.<\/span><\/p>\t\t\t\t\t\t\t\t<\/div>\n\t\t\t\t<\/div>\n\t\t\t\t\t<\/div>\n\t\t<\/div>\n\t\t\t\t<div class=\"elementor-column elementor-col-50 elementor-top-column elementor-element elementor-element-fe97845\" data-id=\"fe97845\" data-element_type=\"column\" data-e-type=\"column\">\n\t\t\t<div class=\"elementor-widget-wrap elementor-element-populated\">\n\t\t\t\t\t\t<div class=\"elementor-element elementor-element-1911f6d elementor-widget elementor-widget-text-editor\" data-id=\"1911f6d\" data-element_type=\"widget\" data-e-type=\"widget\" data-widget_type=\"text-editor.default\">\n\t\t\t\t<div class=\"elementor-widget-container\">\n\t\t\t\t\t\t\t\t\t<p><span style=\"color: #000000;\">El Homo sapiens, tambi\u00e9n conocido como ser humano moderno, es una especie de hom\u00ednido que ha existido en la Tierra durante aproximadamente 300,000 a\u00f1os. Es el \u00fanico miembro del g\u00e9nero Homo que ha sobrevivido hasta la actualidad. Los Homo sapiens se caracterizan por su capacidad para el pensamiento abstracto, el lenguaje complejo, la fabricaci\u00f3n y el uso de herramientas, as\u00ed como por su organizaci\u00f3n social y cultural avanzada.<\/span><\/p><p><span style=\"color: #000000;\">Algunas caracter\u00edsticas distintivas del Homo sapiens incluyen:<\/span><\/p><p><span style=\"color: #000000;\"><strong>Anatom\u00eda moderna:<\/strong> Los Homo sapiens tienen una estructura esquel\u00e9tica y muscular que se asemeja a la de los seres humanos actuales. Poseen un cr\u00e1neo redondeado, una mand\u00edbula m\u00e1s peque\u00f1a, una frente alta y un ment\u00f3n prominente. Adem\u00e1s, tienen una postura erguida que les permite caminar de manera b\u00edpeda.<\/span><\/p><p><span style=\"color: #000000;\"><strong>Cerebro desarrollado:<\/strong> Los Homo sapiens poseen un cerebro altamente desarrollado en comparaci\u00f3n con otras especies. Esto les proporciona habilidades cognitivas superiores, como el razonamiento abstracto, la planificaci\u00f3n, la resoluci\u00f3n de problemas y el pensamiento simb\u00f3lico. Estas capacidades han sido fundamentales para el desarrollo de la cultura y la tecnolog\u00eda humana.<\/span><\/p><p><span style=\"color: #000000;\"><strong>Lenguaje y comunicaci\u00f3n:<\/strong> Los Homo sapiens tienen un sistema de comunicaci\u00f3n altamente desarrollado, basado en el lenguaje verbal y escrito. Esta capacidad ling\u00fc\u00edstica les permite compartir y transmitir informaci\u00f3n de manera compleja, lo que ha sido crucial para la colaboraci\u00f3n social, la transmisi\u00f3n cultural y el desarrollo de sociedades complejas.<\/span><\/p><p><span style=\"color: #000000;\"><strong>Uso de herramientas:<\/strong> Los Homo sapiens son conocidos por su capacidad para fabricar y utilizar herramientas. Desde la Prehistoria, han desarrollado una amplia variedad de herramientas l\u00edticas y posteriormente herramientas m\u00e1s sofisticadas hechas de materiales como el metal. Estas herramientas han sido utilizadas para la caza, la recolecci\u00f3n de alimentos, la construcci\u00f3n de refugios y diversas actividades cotidianas.<\/span><\/p><p><span style=\"color: #000000;\"><strong>Cultura y sociedad:<\/strong> Los Homo sapiens son seres sociales que viven en comunidades y han desarrollado sistemas culturales complejos. Estas culturas incluyen creencias, valores, normas, tradiciones y pr\u00e1cticas que se transmiten de generaci\u00f3n en generaci\u00f3n. La cultura ha sido fundamental para la adaptaci\u00f3n y supervivencia de los Homo sapiens en diversos entornos.<\/span><\/p><p><span style=\"color: #000000;\">El Homo sapiens es una especie de hom\u00ednido que se caracteriza por su anatom\u00eda moderna, su cerebro desarrollado, su capacidad ling\u00fc\u00edstica, su habilidad para fabricar y utilizar herramientas, y su cultura y sociedad complejas. Estas caracter\u00edsticas distintivas han permitido a los Homo sapiens sobrevivir y prosperar en diferentes entornos a lo largo de la historia.<\/span><\/p>\t\t\t\t\t\t\t\t<\/div>\n\t\t\t\t<\/div>\n\t\t\t\t\t<\/div>\n\t\t<\/div>\n\t\t\t\t\t<\/div>\n\t\t<\/section>\n\t\t\t\t<section class=\"elementor-section elementor-top-section elementor-element elementor-element-74d6b1e elementor-section-boxed elementor-section-height-default elementor-section-height-default\" data-id=\"74d6b1e\" data-element_type=\"section\" data-e-type=\"section\">\n\t\t\t\t\t\t<div class=\"elementor-container elementor-column-gap-default\">\n\t\t\t\t\t<div class=\"elementor-column elementor-col-100 elementor-top-column elementor-element elementor-element-699f47ca\" data-id=\"699f47ca\" data-element_type=\"column\" data-e-type=\"column\">\n\t\t\t<div class=\"elementor-widget-wrap\">\n\t\t\t\t\t\t\t<\/div>\n\t\t<\/div>\n\t\t\t\t\t<\/div>\n\t\t<\/section>\n\t\t\t\t<section class=\"elementor-section elementor-top-section elementor-element elementor-element-73ab4c57 elementor-section-content-middle elementor-section-boxed elementor-section-height-default elementor-section-height-default\" data-id=\"73ab4c57\" data-element_type=\"section\" data-e-type=\"section\">\n\t\t\t\t\t\t<div class=\"elementor-container elementor-column-gap-no\">\n\t\t\t\t\t<div class=\"elementor-column elementor-col-100 elementor-top-column elementor-element elementor-element-6d0c74ba\" data-id=\"6d0c74ba\" data-element_type=\"column\" data-e-type=\"column\">\n\t\t\t<div class=\"elementor-widget-wrap elementor-element-populated\">\n\t\t\t\t\t\t<section class=\"elementor-section elementor-inner-section elementor-element elementor-element-a0c8f0c elementor-section-boxed elementor-section-height-default elementor-section-height-default\" data-id=\"a0c8f0c\" data-element_type=\"section\" data-e-type=\"section\">\n\t\t\t\t\t\t<div class=\"elementor-container elementor-column-gap-default\">\n\t\t\t\t\t<div class=\"elementor-column elementor-col-33 elementor-inner-column elementor-element elementor-element-3a238b0b\" data-id=\"3a238b0b\" data-element_type=\"column\" data-e-type=\"column\">\n\t\t\t<div class=\"elementor-widget-wrap elementor-element-populated\">\n\t\t\t\t\t\t<div class=\"elementor-element elementor-element-257121b2 elementor-widget elementor-widget-heading\" data-id=\"257121b2\" data-element_type=\"widget\" data-e-type=\"widget\" data-widget_type=\"heading.default\">\n\t\t\t\t<div class=\"elementor-widget-container\">\n\t\t\t\t\t<h3 class=\"elementor-heading-title elementor-size-default\">Fechas y lugar de celebraci\u00f3n<\/h3>\t\t\t\t<\/div>\n\t\t\t\t<\/div>\n\t\t\t\t<div class=\"elementor-element elementor-element-28d41cbf elementor-widget-divider--view-line elementor-widget elementor-widget-divider\" data-id=\"28d41cbf\" data-element_type=\"widget\" data-e-type=\"widget\" data-widget_type=\"divider.default\">\n\t\t\t\t<div class=\"elementor-widget-container\">\n\t\t\t\t\t\t\t<div class=\"elementor-divider\">\n\t\t\t<span class=\"elementor-divider-separator\">\n\t\t\t\t\t\t<\/span>\n\t\t<\/div>\n\t\t\t\t\t\t<\/div>\n\t\t\t\t<\/div>\n\t\t\t\t<div class=\"elementor-element elementor-element-6914fd99 elementor-widget elementor-widget-text-editor\" data-id=\"6914fd99\" data-element_type=\"widget\" data-e-type=\"widget\" data-widget_type=\"text-editor.default\">\n\t\t\t\t<div class=\"elementor-widget-container\">\n\t\t\t\t\t\t\t\t\t<p><span style=\"color: #000000;\"><strong>Fecha<\/strong>: 28\/10\/23<\/span><\/p><p><span style=\"color: #000000;\"><strong>Lugar<\/strong>: El Alto de la Churleta, Las Casicas, Fortuna, Murcia.<\/span><\/p><p><span style=\"color: #000000;\"><strong>Inscripci\u00f3n<\/strong>: del 01\/07\/2023 al 26\/10\/2023.<\/span><\/p>\t\t\t\t\t\t\t\t<\/div>\n\t\t\t\t<\/div>\n\t\t\t\t\t<\/div>\n\t\t<\/div>\n\t\t\t\t<div class=\"elementor-column elementor-col-33 elementor-inner-column elementor-element elementor-element-5d897236\" data-id=\"5d897236\" data-element_type=\"column\" data-e-type=\"column\">\n\t\t\t<div class=\"elementor-widget-wrap elementor-element-populated\">\n\t\t\t\t\t\t<div class=\"elementor-element elementor-element-15e3a368 elementor-widget elementor-widget-heading\" data-id=\"15e3a368\" data-element_type=\"widget\" data-e-type=\"widget\" data-widget_type=\"heading.default\">\n\t\t\t\t<div class=\"elementor-widget-container\">\n\t\t\t\t\t<h3 class=\"elementor-heading-title elementor-size-default\"><h2 style=\"margin-top: 0cm;background-image: initial;background-position: initial;background-size: initial;background-repeat: initial;background-attachment: initial\"><font face=\"Helvetica, sans-serif\">Presentaci\u00f3n de objetivos<\/font><\/h2><\/h3>\t\t\t\t<\/div>\n\t\t\t\t<\/div>\n\t\t\t\t<div class=\"elementor-element elementor-element-11c9b153 elementor-widget-divider--view-line elementor-widget elementor-widget-divider\" data-id=\"11c9b153\" data-element_type=\"widget\" data-e-type=\"widget\" data-widget_type=\"divider.default\">\n\t\t\t\t<div class=\"elementor-widget-container\">\n\t\t\t\t\t\t\t<div class=\"elementor-divider\">\n\t\t\t<span class=\"elementor-divider-separator\">\n\t\t\t\t\t\t<\/span>\n\t\t<\/div>\n\t\t\t\t\t\t<\/div>\n\t\t\t\t<\/div>\n\t\t\t\t<div class=\"elementor-element elementor-element-2c1af00d elementor-widget elementor-widget-text-editor\" data-id=\"2c1af00d\" data-element_type=\"widget\" data-e-type=\"widget\" data-widget_type=\"text-editor.default\">\n\t\t\t\t<div class=\"elementor-widget-container\">\n\t\t\t\t\t\t\t\t\t<p><span style=\"color: #000000;\">S\u00edlex est\u00e1 especializado en la difusi\u00f3n del Patrimonio Arqueol\u00f3gico, Hist\u00f3rico y Etnogr\u00e1fico mediante la realizaci\u00f3n de proyectos museogr\u00e1ficos y exposiciones. Dise\u00f1ando y elaborando las reproducciones arqueol\u00f3gicas, escenograf\u00edas prehist\u00f3ricas e hist\u00f3ricas, con el objetivo concienciar y sensibilizar con la actividad tecnol\u00f3gica del ser humano.<\/span><\/p><p><span style=\"color: #000000;\">Para la r\u00e9plica de estas tematizaciones, se emplean m\u00e9todos, t\u00e9cnicas y materiales fieles a los procedimientos de trabajo en cada per\u00edodo cronol\u00f3gico con el fin de reconstruir procesos emp\u00edricos.<\/span><\/p>\t\t\t\t\t\t\t\t<\/div>\n\t\t\t\t<\/div>\n\t\t\t\t\t<\/div>\n\t\t<\/div>\n\t\t\t\t<div class=\"elementor-column elementor-col-33 elementor-inner-column elementor-element elementor-element-76208aca\" data-id=\"76208aca\" data-element_type=\"column\" data-e-type=\"column\">\n\t\t\t<div class=\"elementor-widget-wrap elementor-element-populated\">\n\t\t\t\t\t\t<div class=\"elementor-element elementor-element-18d8fcc2 elementor-widget elementor-widget-heading\" data-id=\"18d8fcc2\" data-element_type=\"widget\" data-e-type=\"widget\" data-widget_type=\"heading.default\">\n\t\t\t\t<div class=\"elementor-widget-container\">\n\t\t\t\t\t<h3 class=\"elementor-heading-title elementor-size-default\"><h3 style=\"margin-top: 0cm;background-image: initial;background-position: initial;background-size: initial;background-repeat: initial;background-attachment: initial\"><font color=\"#000000\" face=\"Helvetica, sans-serif\">Profesorado<\/font><\/h3><\/h3>\t\t\t\t<\/div>\n\t\t\t\t<\/div>\n\t\t\t\t<div class=\"elementor-element elementor-element-310fb6db elementor-widget-divider--view-line elementor-widget elementor-widget-divider\" data-id=\"310fb6db\" data-element_type=\"widget\" data-e-type=\"widget\" data-widget_type=\"divider.default\">\n\t\t\t\t<div class=\"elementor-widget-container\">\n\t\t\t\t\t\t\t<div class=\"elementor-divider\">\n\t\t\t<span class=\"elementor-divider-separator\">\n\t\t\t\t\t\t<\/span>\n\t\t<\/div>\n\t\t\t\t\t\t<\/div>\n\t\t\t\t<\/div>\n\t\t\t\t<div class=\"elementor-element elementor-element-7cbfd1e1 elementor-widget elementor-widget-text-editor\" data-id=\"7cbfd1e1\" data-element_type=\"widget\" data-e-type=\"widget\" data-widget_type=\"text-editor.default\">\n\t\t\t\t<div class=\"elementor-widget-container\">\n\t\t\t\t\t\t\t\t\t<p><span style=\"color: #000000;\">Juan Antonio Mar\u00edn de Espinosa S\u00e1nchez.\u00a0<\/span><span style=\"color: #000000;\">S\u00edlex Arqueolog\u00eda y Difusi\u00f3n del Patrimonio S.L. comienza en 2008, tras a\u00f1os de experiencia en el campo de la arqueolog\u00eda, la museograf\u00eda y la did\u00e1ctica.<\/span><br \/><span style=\"color: #000000;\">Su director, Juan Antonio Mar\u00edn de Espinosa es Doctor en Prehistoria y ha publicado desde el a\u00f1o 2000\u00a0trabajos orientados al estudio e interpretaci\u00f3n de las colecciones l\u00edticas talladas, empleando el referente\u00a0arqueol\u00f3gico y el m\u00e9todo experimental para la interpretaci\u00f3n de fen\u00f3menos sociol\u00f3gicos.<\/span><br \/><span style=\"color: #000000;\">Ha dirigido desde el a\u00f1o 2002 numerosas intervenciones arqueol\u00f3gicas destinadas al estudio y\u00a0preservaci\u00f3n de restos arqueol\u00f3gicos y etnogr\u00e1ficos en el sureste de la Pen\u00ednsula Ib\u00e9rica.<\/span><br \/><span style=\"color: #000000;\">Imparte cursos y conferencias relacionadas con el an\u00e1lisis del comportamiento t\u00e9cnico aplicado a la\u00a0hominizaci\u00f3n en diversas universidades espa\u00f1olas y es miembro de diversos proyectos de investigaci\u00f3n.<\/span><\/p>\t\t\t\t\t\t\t\t<\/div>\n\t\t\t\t<\/div>\n\t\t\t\t\t<\/div>\n\t\t<\/div>\n\t\t\t\t\t<\/div>\n\t\t<\/section>\n\t\t\t\t<section class=\"elementor-section elementor-inner-section elementor-element elementor-element-19d20849 elementor-section-boxed elementor-section-height-default elementor-section-height-default\" data-id=\"19d20849\" data-element_type=\"section\" data-e-type=\"section\">\n\t\t\t\t\t\t<div class=\"elementor-container elementor-column-gap-default\">\n\t\t\t\t\t<div class=\"elementor-column elementor-col-33 elementor-inner-column elementor-element elementor-element-5083ff9c\" data-id=\"5083ff9c\" data-element_type=\"column\" data-e-type=\"column\">\n\t\t\t<div class=\"elementor-widget-wrap elementor-element-populated\">\n\t\t\t\t\t\t<div class=\"elementor-element elementor-element-4ac077f3 elementor-widget elementor-widget-heading\" data-id=\"4ac077f3\" data-element_type=\"widget\" data-e-type=\"widget\" data-widget_type=\"heading.default\">\n\t\t\t\t<div class=\"elementor-widget-container\">\n\t\t\t\t\t<h3 class=\"elementor-heading-title elementor-size-default\">Contenido del programa<\/h3>\t\t\t\t<\/div>\n\t\t\t\t<\/div>\n\t\t\t\t<div class=\"elementor-element elementor-element-1931b247 elementor-widget-divider--view-line elementor-widget elementor-widget-divider\" data-id=\"1931b247\" data-element_type=\"widget\" data-e-type=\"widget\" data-widget_type=\"divider.default\">\n\t\t\t\t<div class=\"elementor-widget-container\">\n\t\t\t\t\t\t\t<div class=\"elementor-divider\">\n\t\t\t<span class=\"elementor-divider-separator\">\n\t\t\t\t\t\t<\/span>\n\t\t<\/div>\n\t\t\t\t\t\t<\/div>\n\t\t\t\t<\/div>\n\t\t\t\t<div class=\"elementor-element elementor-element-f460aa0 elementor-widget elementor-widget-text-editor\" data-id=\"f460aa0\" data-element_type=\"widget\" data-e-type=\"widget\" data-widget_type=\"text-editor.default\">\n\t\t\t\t<div class=\"elementor-widget-container\">\n\t\t\t\t\t\t\t\t\t<p style=\"text-align: left;\"><span style=\"color: #000000;\">28 DE OCTUBRE DE 2023<\/span><br \/><span style=\"color: #000000;\">09:00 a 09:30 Recepci\u00f3n y entrega de documentaci\u00f3n: Apertura del curso.<\/span><br \/><span style=\"color: #000000;\">09:30 a 11:00 Conferencia: La talla del s\u00edlex en la Prehistoria. La tecnolog\u00eda del\u00a0<\/span><span style=\"color: #000000;\">Paleol\u00edtico superior.<\/span><br \/><span style=\"color: #000000;\">Muestra de tecnoteca y referentes experimentales.<\/span><br \/><span style=\"color: #000000;\">11:00 a 11:30 Pausa-Caf\u00e9.<\/span><br \/><span style=\"color: #000000;\">11:30 a 14:00 Demostraci\u00f3n comentada: el m\u00e9todo laminar.<\/span><br \/><span style=\"color: #000000;\">Pr\u00e1ctica por parte del alumnado: realizaci\u00f3n de buriles en s\u00edlex.<\/span><br \/><span style=\"color: #000000;\">14:00 a 15:30 Pausa-comida.<\/span><br \/><span style=\"color: #000000;\">15:30 a 17:00 Pr\u00e1ctica por parte del alumnado.\u00a0<\/span><span style=\"color: #000000;\">Realizaci\u00f3n de raspadores y perforadores en s\u00edlex<\/span><br \/><span style=\"color: #000000;\">17:00 a 17:30 Pausa-Caf\u00e9.<\/span><br \/><span style=\"color: #000000;\">17:30 a 19:00 Pr\u00e1ctica por parte del alumnado:\u00a0<\/span><span style=\"color: #000000;\">La elaboraci\u00f3n de puntas de flecha en s\u00edlex.<\/span><\/p>\t\t\t\t\t\t\t\t<\/div>\n\t\t\t\t<\/div>\n\t\t\t\t\t<\/div>\n\t\t<\/div>\n\t\t\t\t<div class=\"elementor-column elementor-col-33 elementor-inner-column elementor-element elementor-element-7bdaec5c\" data-id=\"7bdaec5c\" data-element_type=\"column\" data-e-type=\"column\">\n\t\t\t<div class=\"elementor-widget-wrap elementor-element-populated\">\n\t\t\t\t\t\t<div class=\"elementor-element elementor-element-4a5aa8b2 elementor-widget elementor-widget-heading\" data-id=\"4a5aa8b2\" data-element_type=\"widget\" data-e-type=\"widget\" data-widget_type=\"heading.default\">\n\t\t\t\t<div class=\"elementor-widget-container\">\n\t\t\t\t\t<h3 class=\"elementor-heading-title elementor-size-default\">Equipo necesario<\/h3>\t\t\t\t<\/div>\n\t\t\t\t<\/div>\n\t\t\t\t<div class=\"elementor-element elementor-element-13fa9b50 elementor-widget-divider--view-line elementor-widget elementor-widget-divider\" data-id=\"13fa9b50\" data-element_type=\"widget\" data-e-type=\"widget\" data-widget_type=\"divider.default\">\n\t\t\t\t<div class=\"elementor-widget-container\">\n\t\t\t\t\t\t\t<div class=\"elementor-divider\">\n\t\t\t<span class=\"elementor-divider-separator\">\n\t\t\t\t\t\t<\/span>\n\t\t<\/div>\n\t\t\t\t\t\t<\/div>\n\t\t\t\t<\/div>\n\t\t\t\t<div class=\"elementor-element elementor-element-6adc647e elementor-widget elementor-widget-text-editor\" data-id=\"6adc647e\" data-element_type=\"widget\" data-e-type=\"widget\" data-widget_type=\"text-editor.default\">\n\t\t\t\t<div class=\"elementor-widget-container\">\n\t\t\t\t\t\t\t\t\t<p><span style=\"color: #000000;\">Ropa adecuada a la \u00e9poca del a\u00f1o y a la climatolog\u00eda prevista.<\/span><\/p><p><span style=\"color: #000000;\">Guantes y gafas de protecci\u00f3n opcional si dispones ( la organizaci\u00f3n lo proporciona)<\/span><\/p>\t\t\t\t\t\t\t\t<\/div>\n\t\t\t\t<\/div>\n\t\t\t\t\t<\/div>\n\t\t<\/div>\n\t\t\t\t<div class=\"elementor-column elementor-col-33 elementor-inner-column elementor-element elementor-element-d9ea763\" data-id=\"d9ea763\" data-element_type=\"column\" data-e-type=\"column\">\n\t\t\t<div class=\"elementor-widget-wrap elementor-element-populated\">\n\t\t\t\t\t\t<div class=\"elementor-element elementor-element-55303629 elementor-widget elementor-widget-heading\" data-id=\"55303629\" data-element_type=\"widget\" data-e-type=\"widget\" data-widget_type=\"heading.default\">\n\t\t\t\t<div class=\"elementor-widget-container\">\n\t\t\t\t\t<h3 class=\"elementor-heading-title elementor-size-default\">Precio<\/h3>\t\t\t\t<\/div>\n\t\t\t\t<\/div>\n\t\t\t\t<div class=\"elementor-element elementor-element-1a7ead95 elementor-widget-divider--view-line elementor-widget elementor-widget-divider\" data-id=\"1a7ead95\" data-element_type=\"widget\" data-e-type=\"widget\" data-widget_type=\"divider.default\">\n\t\t\t\t<div class=\"elementor-widget-container\">\n\t\t\t\t\t\t\t<div class=\"elementor-divider\">\n\t\t\t<span class=\"elementor-divider-separator\">\n\t\t\t\t\t\t<\/span>\n\t\t<\/div>\n\t\t\t\t\t\t<\/div>\n\t\t\t\t<\/div>\n\t\t\t\t<div class=\"elementor-element elementor-element-233ba846 elementor-widget elementor-widget-text-editor\" data-id=\"233ba846\" data-element_type=\"widget\" data-e-type=\"widget\" data-widget_type=\"text-editor.default\">\n\t\t\t\t<div class=\"elementor-widget-container\">\n\t\t\t\t\t\t\t\t\t<p><span style=\"color: #000000;\">Precio reducido de 180\u20ac hasta el 8 octubre. Despu\u00e9s de esa fecha, el precio aumenta a 200\u20ac<\/span><\/p><p><span style=\"color: #000000;\"><strong>N\u00famero m\u00e1ximo de alumnos<\/strong>: 10<\/span><\/p><p><span style=\"color: #000000;\">Incluye la comida y el material para realizar el curso.<\/span><\/p>\t\t\t\t\t\t\t\t<\/div>\n\t\t\t\t<\/div>\n\t\t\t\t\t<\/div>\n\t\t<\/div>\n\t\t\t\t\t<\/div>\n\t\t<\/section>\n\t\t\t\t\t<\/div>\n\t\t<\/div>\n\t\t\t\t\t<\/div>\n\t\t<\/section>\n\t\t\t\t<section class=\"elementor-section elementor-top-section elementor-element elementor-element-57fb93b elementor-section-boxed elementor-section-height-default elementor-section-height-default\" data-id=\"57fb93b\" data-element_type=\"section\" data-e-type=\"section\">\n\t\t\t\t\t\t<div class=\"elementor-container elementor-column-gap-default\">\n\t\t\t\t\t<div class=\"elementor-column elementor-col-100 elementor-top-column elementor-element elementor-element-7411edbf\" data-id=\"7411edbf\" data-element_type=\"column\" data-e-type=\"column\">\n\t\t\t<div class=\"elementor-widget-wrap elementor-element-populated\">\n\t\t\t\t\t\t<div class=\"elementor-element elementor-element-2979807e elementor-align-center elementor-widget elementor-widget-button\" data-id=\"2979807e\" data-element_type=\"widget\" data-e-type=\"widget\" data-widget_type=\"button.default\">\n\t\t\t\t<div class=\"elementor-widget-container\">\n\t\t\t\t\t\t\t\t\t<div class=\"elementor-button-wrapper\">\n\t\t\t\t\t<a class=\"elementor-button elementor-size-xl\" role=\"button\">\n\t\t\t\t\t\t<span class=\"elementor-button-content-wrapper\">\n\t\t\t\t\t\t\t\t\t<span class=\"elementor-button-text\">Reserva tu plaza al Email : info@destrezasyvidaenelmedionatural.es o por WhatsApp 640293093<\/span>\n\t\t\t\t\t<\/span>\n\t\t\t\t\t<\/a>\n\t\t\t\t<\/div>\n\t\t\t\t\t\t\t\t<\/div>\n\t\t\t\t<\/div>\n\t\t\t\t\t<\/div>\n\t\t<\/div>\n\t\t\t\t\t<\/div>\n\t\t<\/section>\n\t\t\t\t<section class=\"elementor-section elementor-top-section elementor-element elementor-element-7efaef6 elementor-section-boxed elementor-section-height-default elementor-section-height-default\" data-id=\"7efaef6\" data-element_type=\"section\" data-e-type=\"section\">\n\t\t\t\t\t\t<div class=\"elementor-container elementor-column-gap-default\">\n\t\t\t\t\t<div class=\"elementor-column elementor-col-33 elementor-top-column elementor-element elementor-element-e509238\" data-id=\"e509238\" data-element_type=\"column\" data-e-type=\"column\">\n\t\t\t<div class=\"elementor-widget-wrap elementor-element-populated\">\n\t\t\t\t\t\t<div class=\"elementor-element elementor-element-ff2e8d0 elementor-widget elementor-widget-image\" data-id=\"ff2e8d0\" data-element_type=\"widget\" data-e-type=\"widget\" data-widget_type=\"image.default\">\n\t\t\t\t<div class=\"elementor-widget-container\">\n\t\t\t\t\t\t\t\t\t\t\t\t\t\t\t<img decoding=\"async\" width=\"1024\" height=\"680\" src=\"https:\/\/www.destrezasyvidaenelmedionatural.es\/wp-content\/uploads\/2023\/06\/21616_132_xgaplus-1-1024x680.jpg\" class=\"attachment-large size-large wp-image-1539\" alt=\"Los Homo sapiens tienen una estructura esquel\u00e9tica y muscular que se asemeja a la de los seres humanos actuales. Poseen un cr\u00e1neo redondeado, una mand\u00edbula m\u00e1s peque\u00f1a, una frente alta y un ment\u00f3n prominente. Adem\u00e1s, tienen una postura erguida que les permite caminar de manera b\u00edpeda.\" srcset=\"https:\/\/www.destrezasyvidaenelmedionatural.es\/wp-content\/uploads\/2023\/06\/21616_132_xgaplus-1-1024x680.jpg 1024w, https:\/\/www.destrezasyvidaenelmedionatural.es\/wp-content\/uploads\/2023\/06\/21616_132_xgaplus-1-300x199.jpg 300w, https:\/\/www.destrezasyvidaenelmedionatural.es\/wp-content\/uploads\/2023\/06\/21616_132_xgaplus-1-768x510.jpg 768w, https:\/\/www.destrezasyvidaenelmedionatural.es\/wp-content\/uploads\/2023\/06\/21616_132_xgaplus-1.jpg 1152w\" sizes=\"(max-width: 1024px) 100vw, 1024px\" \/>\t\t\t\t\t\t\t\t\t\t\t\t\t\t\t<\/div>\n\t\t\t\t<\/div>\n\t\t\t\t\t<\/div>\n\t\t<\/div>\n\t\t\t\t<div class=\"elementor-column elementor-col-33 elementor-top-column elementor-element elementor-element-22cceb7\" data-id=\"22cceb7\" data-element_type=\"column\" data-e-type=\"column\">\n\t\t\t<div class=\"elementor-widget-wrap elementor-element-populated\">\n\t\t\t\t\t\t<div class=\"elementor-element elementor-element-6f010fc elementor-widget elementor-widget-image\" data-id=\"6f010fc\" data-element_type=\"widget\" data-e-type=\"widget\" data-widget_type=\"image.default\">\n\t\t\t\t<div class=\"elementor-widget-container\">\n\t\t\t\t\t\t\t\t\t\t\t\t\t\t\t<img decoding=\"async\" width=\"1024\" height=\"598\" src=\"https:\/\/www.destrezasyvidaenelmedionatural.es\/wp-content\/uploads\/2023\/06\/1280px-Burin_Brassempouy_213.3_Profil_4-1024x598.jpg\" class=\"attachment-large size-large wp-image-1540\" alt=\"\" srcset=\"https:\/\/www.destrezasyvidaenelmedionatural.es\/wp-content\/uploads\/2023\/06\/1280px-Burin_Brassempouy_213.3_Profil_4-1024x598.jpg 1024w, https:\/\/www.destrezasyvidaenelmedionatural.es\/wp-content\/uploads\/2023\/06\/1280px-Burin_Brassempouy_213.3_Profil_4-300x175.jpg 300w, https:\/\/www.destrezasyvidaenelmedionatural.es\/wp-content\/uploads\/2023\/06\/1280px-Burin_Brassempouy_213.3_Profil_4-768x449.jpg 768w, https:\/\/www.destrezasyvidaenelmedionatural.es\/wp-content\/uploads\/2023\/06\/1280px-Burin_Brassempouy_213.3_Profil_4.jpg 1280w\" sizes=\"(max-width: 1024px) 100vw, 1024px\" \/>\t\t\t\t\t\t\t\t\t\t\t\t\t\t\t<\/div>\n\t\t\t\t<\/div>\n\t\t\t\t\t<\/div>\n\t\t<\/div>\n\t\t\t\t<div class=\"elementor-column elementor-col-33 elementor-top-column elementor-element elementor-element-5f59f33\" data-id=\"5f59f33\" data-element_type=\"column\" data-e-type=\"column\">\n\t\t\t<div class=\"elementor-widget-wrap elementor-element-populated\">\n\t\t\t\t\t\t<div class=\"elementor-element elementor-element-b007cdb elementor-widget elementor-widget-image\" data-id=\"b007cdb\" data-element_type=\"widget\" data-e-type=\"widget\" data-widget_type=\"image.default\">\n\t\t\t\t<div class=\"elementor-widget-container\">\n\t\t\t\t\t\t\t\t\t\t\t\t\t\t\t<img loading=\"lazy\" decoding=\"async\" width=\"1024\" height=\"680\" src=\"https:\/\/www.destrezasyvidaenelmedionatural.es\/wp-content\/uploads\/2023\/06\/feuilles-de-laurier-1024x680-2.jpg\" class=\"attachment-large size-large wp-image-1541\" alt=\"\" srcset=\"https:\/\/www.destrezasyvidaenelmedionatural.es\/wp-content\/uploads\/2023\/06\/feuilles-de-laurier-1024x680-2.jpg 1024w, https:\/\/www.destrezasyvidaenelmedionatural.es\/wp-content\/uploads\/2023\/06\/feuilles-de-laurier-1024x680-2-300x199.jpg 300w, https:\/\/www.destrezasyvidaenelmedionatural.es\/wp-content\/uploads\/2023\/06\/feuilles-de-laurier-1024x680-2-768x510.jpg 768w\" sizes=\"(max-width: 1024px) 100vw, 1024px\" \/>\t\t\t\t\t\t\t\t\t\t\t\t\t\t\t<\/div>\n\t\t\t\t<\/div>\n\t\t\t\t\t<\/div>\n\t\t<\/div>\n\t\t\t\t\t<\/div>\n\t\t<\/section>\n\t\t\t\t<section class=\"elementor-section elementor-top-section elementor-element elementor-element-3768a75 elementor-section-boxed elementor-section-height-default elementor-section-height-default\" data-id=\"3768a75\" data-element_type=\"section\" data-e-type=\"section\">\n\t\t\t\t\t\t<div class=\"elementor-container elementor-column-gap-default\">\n\t\t\t\t\t<div class=\"elementor-column elementor-col-33 elementor-top-column elementor-element elementor-element-ed54501\" data-id=\"ed54501\" data-element_type=\"column\" data-e-type=\"column\">\n\t\t\t<div class=\"elementor-widget-wrap elementor-element-populated\">\n\t\t\t\t\t\t<div class=\"elementor-element elementor-element-e1bfe9d elementor-widget elementor-widget-image\" data-id=\"e1bfe9d\" data-element_type=\"widget\" data-e-type=\"widget\" data-widget_type=\"image.default\">\n\t\t\t\t<div class=\"elementor-widget-container\">\n\t\t\t\t\t\t\t\t\t\t\t\t\t\t\t<img loading=\"lazy\" decoding=\"async\" width=\"1024\" height=\"577\" src=\"https:\/\/www.destrezasyvidaenelmedionatural.es\/wp-content\/uploads\/2023\/06\/20230311_121720-1024x577.jpg\" class=\"attachment-large size-large wp-image-1465\" alt=\"La tecnolog\u00eda de los neandertales\" srcset=\"https:\/\/www.destrezasyvidaenelmedionatural.es\/wp-content\/uploads\/2023\/06\/20230311_121720-1024x577.jpg 1024w, https:\/\/www.destrezasyvidaenelmedionatural.es\/wp-content\/uploads\/2023\/06\/20230311_121720-300x169.jpg 300w, https:\/\/www.destrezasyvidaenelmedionatural.es\/wp-content\/uploads\/2023\/06\/20230311_121720-768x432.jpg 768w, https:\/\/www.destrezasyvidaenelmedionatural.es\/wp-content\/uploads\/2023\/06\/20230311_121720-1536x865.jpg 1536w, https:\/\/www.destrezasyvidaenelmedionatural.es\/wp-content\/uploads\/2023\/06\/20230311_121720-2048x1153.jpg 2048w\" sizes=\"(max-width: 1024px) 100vw, 1024px\" \/>\t\t\t\t\t\t\t\t\t\t\t\t\t\t\t<\/div>\n\t\t\t\t<\/div>\n\t\t\t\t\t<\/div>\n\t\t<\/div>\n\t\t\t\t<div class=\"elementor-column elementor-col-33 elementor-top-column elementor-element elementor-element-654a957\" data-id=\"654a957\" data-element_type=\"column\" data-e-type=\"column\">\n\t\t\t<div class=\"elementor-widget-wrap elementor-element-populated\">\n\t\t\t\t\t\t<div class=\"elementor-element elementor-element-4b0f1cd elementor-widget elementor-widget-image\" data-id=\"4b0f1cd\" data-element_type=\"widget\" data-e-type=\"widget\" data-widget_type=\"image.default\">\n\t\t\t\t<div class=\"elementor-widget-container\">\n\t\t\t\t\t\t\t\t\t\t\t\t\t\t\t<img loading=\"lazy\" decoding=\"async\" width=\"1024\" height=\"577\" src=\"https:\/\/www.destrezasyvidaenelmedionatural.es\/wp-content\/uploads\/2023\/06\/20230311_110350-1024x577.jpg\" class=\"attachment-large size-large wp-image-1464\" alt=\"La tecnolog\u00eda de los neandertales\" srcset=\"https:\/\/www.destrezasyvidaenelmedionatural.es\/wp-content\/uploads\/2023\/06\/20230311_110350-1024x577.jpg 1024w, https:\/\/www.destrezasyvidaenelmedionatural.es\/wp-content\/uploads\/2023\/06\/20230311_110350-300x169.jpg 300w, https:\/\/www.destrezasyvidaenelmedionatural.es\/wp-content\/uploads\/2023\/06\/20230311_110350-768x432.jpg 768w, https:\/\/www.destrezasyvidaenelmedionatural.es\/wp-content\/uploads\/2023\/06\/20230311_110350-1536x865.jpg 1536w, https:\/\/www.destrezasyvidaenelmedionatural.es\/wp-content\/uploads\/2023\/06\/20230311_110350-2048x1153.jpg 2048w\" sizes=\"(max-width: 1024px) 100vw, 1024px\" \/>\t\t\t\t\t\t\t\t\t\t\t\t\t\t\t<\/div>\n\t\t\t\t<\/div>\n\t\t\t\t\t<\/div>\n\t\t<\/div>\n\t\t\t\t<div class=\"elementor-column elementor-col-33 elementor-top-column elementor-element elementor-element-097092b\" data-id=\"097092b\" data-element_type=\"column\" data-e-type=\"column\">\n\t\t\t<div class=\"elementor-widget-wrap elementor-element-populated\">\n\t\t\t\t\t\t<div class=\"elementor-element elementor-element-24db887 elementor-widget elementor-widget-image\" data-id=\"24db887\" data-element_type=\"widget\" data-e-type=\"widget\" data-widget_type=\"image.default\">\n\t\t\t\t<div class=\"elementor-widget-container\">\n\t\t\t\t\t\t\t\t\t\t\t\t\t\t\t<img loading=\"lazy\" decoding=\"async\" width=\"1024\" height=\"698\" src=\"https:\/\/www.destrezasyvidaenelmedionatural.es\/wp-content\/uploads\/2023\/01\/img13-1024x698.jpg\" class=\"attachment-large size-large wp-image-1186\" alt=\"\" srcset=\"https:\/\/www.destrezasyvidaenelmedionatural.es\/wp-content\/uploads\/2023\/01\/img13-1024x698.jpg 1024w, https:\/\/www.destrezasyvidaenelmedionatural.es\/wp-content\/uploads\/2023\/01\/img13-300x205.jpg 300w, https:\/\/www.destrezasyvidaenelmedionatural.es\/wp-content\/uploads\/2023\/01\/img13-768x524.jpg 768w, https:\/\/www.destrezasyvidaenelmedionatural.es\/wp-content\/uploads\/2023\/01\/img13.jpg 1299w\" sizes=\"(max-width: 1024px) 100vw, 1024px\" \/>\t\t\t\t\t\t\t\t\t\t\t\t\t\t\t<\/div>\n\t\t\t\t<\/div>\n\t\t\t\t\t<\/div>\n\t\t<\/div>\n\t\t\t\t\t<\/div>\n\t\t<\/section>\n\t\t\t\t<\/div>\n\t\t","protected":false},"excerpt":{"rendered":"<p>En este curso de formaci\u00f3n en tecnolog\u00eda l\u00edtica prehist\u00f3rica, el alumnado podr\u00e1 adquirir los conocimientos b\u00e1sicos\u00a0para la comprensi\u00f3n de los m\u00e9todos y t\u00e9cnicas de talla experimental relacionados con la tecnolog\u00eda del Homo\u00a0sapiens, as\u00ed como los distintos procesos t\u00e9cnicos necesarios para la elaboraci\u00f3n de \u00fatiles prehist\u00f3ricos.La realizaci\u00f3n de este curso no requiere experiencia previa. Durante el &hellip;<\/p>\n<p class=\"read-more\"> <a class=\"\" href=\"https:\/\/www.destrezasyvidaenelmedionatural.es\/index.php\/2023\/06\/27\/curso-la-talla-del-silex-en-la-prehistoria-la-tecnologia-del-homo-sapiens\/\"> <span class=\"screen-reader-text\">Curso La talla del s\u00edlex en la Prehistoria: La tecnolog\u00eda del Homo sapiens 28 octubre 2023<\/span> Leer m\u00e1s &raquo;<\/a><\/p>\n","protected":false},"author":1,"featured_media":0,"comment_status":"open","ping_status":"open","sticky":false,"template":"","format":"standard","meta":{"episode_type":"","audio_file":"","cover_image":"","cover_image_id":"","duration":"","filesize":"","date_recorded":"","explicit":"","block":"","filesize_raw":"","footnotes":""},"categories":[1],"tags":[],"class_list":["post-1487","post","type-post","status-publish","format-standard","hentry","category-sin-categoria"],"yoast_head":"<!-- This site is optimized with the Yoast SEO plugin v23.8 - https:\/\/yoast.com\/wordpress\/plugins\/seo\/ -->\n<title>Curso La talla del s\u00edlex en la Prehistoria: La tecnolog\u00eda del Homo sapiens 28 octubre 2023 - Destrezas y Vida en el Medio Natural<\/title>\n<meta name=\"robots\" content=\"index, follow, max-snippet:-1, max-image-preview:large, max-video-preview:-1\" \/>\n<link rel=\"canonical\" href=\"https:\/\/www.destrezasyvidaenelmedionatural.es\/index.php\/2023\/06\/27\/curso-la-talla-del-silex-en-la-prehistoria-la-tecnologia-del-homo-sapiens\/\" \/>\n<meta property=\"og:locale\" content=\"es_ES\" \/>\n<meta property=\"og:type\" content=\"article\" \/>\n<meta property=\"og:title\" content=\"Curso La talla del s\u00edlex en la Prehistoria: La tecnolog\u00eda del Homo sapiens 28 octubre 2023 - Destrezas y Vida en el Medio Natural\" \/>\n<meta property=\"og:description\" content=\"En este curso de formaci\u00f3n en tecnolog\u00eda l\u00edtica prehist\u00f3rica, el alumnado podr\u00e1 adquirir los conocimientos b\u00e1sicos\u00a0para la comprensi\u00f3n de los m\u00e9todos y t\u00e9cnicas de talla experimental relacionados con la tecnolog\u00eda del Homo\u00a0sapiens, as\u00ed como los distintos procesos t\u00e9cnicos necesarios para la elaboraci\u00f3n de \u00fatiles prehist\u00f3ricos.La realizaci\u00f3n de este curso no requiere experiencia previa. Durante el &hellip; Curso La talla del s\u00edlex en la Prehistoria: La tecnolog\u00eda del Homo sapiens 28 octubre 2023 Leer m\u00e1s &raquo;\" \/>\n<meta property=\"og:url\" content=\"https:\/\/www.destrezasyvidaenelmedionatural.es\/index.php\/2023\/06\/27\/curso-la-talla-del-silex-en-la-prehistoria-la-tecnologia-del-homo-sapiens\/\" \/>\n<meta property=\"og:site_name\" content=\"Destrezas y Vida en el Medio Natural\" \/>\n<meta property=\"article:publisher\" content=\"https:\/\/www.facebook.com\/Destrezas.y.Vida.en.el.Medio.Natural\" \/>\n<meta property=\"article:author\" content=\"https:\/\/www.facebook.com\/Destrezas.y.Vida.en.el.Medio.Natural\" \/>\n<meta property=\"article:published_time\" content=\"2023-06-27T16:42:36+00:00\" \/>\n<meta property=\"article:modified_time\" content=\"2023-06-30T15:32:15+00:00\" \/>\n<meta property=\"og:image\" content=\"http:\/\/www.destrezasyvidaenelmedionatural.es\/wp-content\/uploads\/2023\/06\/La-tecnologia-del-Homo-sapiens-28-octubre-Fortuna-2023-768x768.png\" \/>\n<meta name=\"author\" content=\"admin\" \/>\n<meta name=\"twitter:card\" content=\"summary_large_image\" \/>\n<meta name=\"twitter:creator\" content=\"@DestrezasyVida\" \/>\n<meta name=\"twitter:site\" content=\"@DestrezasyVida\" \/>\n<meta name=\"twitter:label1\" content=\"Escrito por\" \/>\n\t<meta name=\"twitter:data1\" content=\"admin\" \/>\n\t<meta name=\"twitter:label2\" content=\"Tiempo de lectura\" \/>\n\t<meta name=\"twitter:data2\" content=\"9 minutos\" \/>\n<script type=\"application\/ld+json\" class=\"yoast-schema-graph\">{\"@context\":\"https:\/\/schema.org\",\"@graph\":[{\"@type\":\"Article\",\"@id\":\"https:\/\/www.destrezasyvidaenelmedionatural.es\/index.php\/2023\/06\/27\/curso-la-talla-del-silex-en-la-prehistoria-la-tecnologia-del-homo-sapiens\/#article\",\"isPartOf\":{\"@id\":\"https:\/\/www.destrezasyvidaenelmedionatural.es\/index.php\/2023\/06\/27\/curso-la-talla-del-silex-en-la-prehistoria-la-tecnologia-del-homo-sapiens\/\"},\"author\":{\"name\":\"admin\",\"@id\":\"https:\/\/www.destrezasyvidaenelmedionatural.es\/#\/schema\/person\/05ac69635d864d75006df0853eb7afd3\"},\"headline\":\"Curso La talla del s\u00edlex en la Prehistoria: La tecnolog\u00eda del Homo sapiens 28 octubre 2023\",\"datePublished\":\"2023-06-27T16:42:36+00:00\",\"dateModified\":\"2023-06-30T15:32:15+00:00\",\"mainEntityOfPage\":{\"@id\":\"https:\/\/www.destrezasyvidaenelmedionatural.es\/index.php\/2023\/06\/27\/curso-la-talla-del-silex-en-la-prehistoria-la-tecnologia-del-homo-sapiens\/\"},\"wordCount\":1766,\"commentCount\":1,\"publisher\":{\"@id\":\"https:\/\/www.destrezasyvidaenelmedionatural.es\/#\/schema\/person\/05ac69635d864d75006df0853eb7afd3\"},\"image\":{\"@id\":\"https:\/\/www.destrezasyvidaenelmedionatural.es\/index.php\/2023\/06\/27\/curso-la-talla-del-silex-en-la-prehistoria-la-tecnologia-del-homo-sapiens\/#primaryimage\"},\"thumbnailUrl\":\"http:\/\/www.destrezasyvidaenelmedionatural.es\/wp-content\/uploads\/2023\/06\/La-tecnologia-del-Homo-sapiens-28-octubre-Fortuna-2023-768x768.png\",\"inLanguage\":\"es\",\"potentialAction\":[{\"@type\":\"CommentAction\",\"name\":\"Comment\",\"target\":[\"https:\/\/www.destrezasyvidaenelmedionatural.es\/index.php\/2023\/06\/27\/curso-la-talla-del-silex-en-la-prehistoria-la-tecnologia-del-homo-sapiens\/#respond\"]}]},{\"@type\":\"WebPage\",\"@id\":\"https:\/\/www.destrezasyvidaenelmedionatural.es\/index.php\/2023\/06\/27\/curso-la-talla-del-silex-en-la-prehistoria-la-tecnologia-del-homo-sapiens\/\",\"url\":\"https:\/\/www.destrezasyvidaenelmedionatural.es\/index.php\/2023\/06\/27\/curso-la-talla-del-silex-en-la-prehistoria-la-tecnologia-del-homo-sapiens\/\",\"name\":\"Curso La talla del s\u00edlex en la Prehistoria: La tecnolog\u00eda del Homo sapiens 28 octubre 2023 - Destrezas y Vida en el Medio Natural\",\"isPartOf\":{\"@id\":\"https:\/\/www.destrezasyvidaenelmedionatural.es\/#website\"},\"primaryImageOfPage\":{\"@id\":\"https:\/\/www.destrezasyvidaenelmedionatural.es\/index.php\/2023\/06\/27\/curso-la-talla-del-silex-en-la-prehistoria-la-tecnologia-del-homo-sapiens\/#primaryimage\"},\"image\":{\"@id\":\"https:\/\/www.destrezasyvidaenelmedionatural.es\/index.php\/2023\/06\/27\/curso-la-talla-del-silex-en-la-prehistoria-la-tecnologia-del-homo-sapiens\/#primaryimage\"},\"thumbnailUrl\":\"http:\/\/www.destrezasyvidaenelmedionatural.es\/wp-content\/uploads\/2023\/06\/La-tecnologia-del-Homo-sapiens-28-octubre-Fortuna-2023-768x768.png\",\"datePublished\":\"2023-06-27T16:42:36+00:00\",\"dateModified\":\"2023-06-30T15:32:15+00:00\",\"breadcrumb\":{\"@id\":\"https:\/\/www.destrezasyvidaenelmedionatural.es\/index.php\/2023\/06\/27\/curso-la-talla-del-silex-en-la-prehistoria-la-tecnologia-del-homo-sapiens\/#breadcrumb\"},\"inLanguage\":\"es\",\"potentialAction\":[{\"@type\":\"ReadAction\",\"target\":[\"https:\/\/www.destrezasyvidaenelmedionatural.es\/index.php\/2023\/06\/27\/curso-la-talla-del-silex-en-la-prehistoria-la-tecnologia-del-homo-sapiens\/\"]}]},{\"@type\":\"ImageObject\",\"inLanguage\":\"es\",\"@id\":\"https:\/\/www.destrezasyvidaenelmedionatural.es\/index.php\/2023\/06\/27\/curso-la-talla-del-silex-en-la-prehistoria-la-tecnologia-del-homo-sapiens\/#primaryimage\",\"url\":\"https:\/\/www.destrezasyvidaenelmedionatural.es\/wp-content\/uploads\/2023\/06\/La-tecnologia-del-Homo-sapiens-28-octubre-Fortuna-2023.png\",\"contentUrl\":\"https:\/\/www.destrezasyvidaenelmedionatural.es\/wp-content\/uploads\/2023\/06\/La-tecnologia-del-Homo-sapiens-28-octubre-Fortuna-2023.png\",\"width\":1080,\"height\":1080,\"caption\":\"Curso La talla del s\u00edlex en la Prehistoria: La tecnolog\u00eda del Homo sapiens 28 octubre Fortuna 2023\"},{\"@type\":\"BreadcrumbList\",\"@id\":\"https:\/\/www.destrezasyvidaenelmedionatural.es\/index.php\/2023\/06\/27\/curso-la-talla-del-silex-en-la-prehistoria-la-tecnologia-del-homo-sapiens\/#breadcrumb\",\"itemListElement\":[{\"@type\":\"ListItem\",\"position\":1,\"name\":\"Portada\",\"item\":\"https:\/\/www.destrezasyvidaenelmedionatural.es\/\"},{\"@type\":\"ListItem\",\"position\":2,\"name\":\"Curso La talla del s\u00edlex en la Prehistoria: La tecnolog\u00eda del Homo sapiens 28 octubre 2023\"}]},{\"@type\":\"WebSite\",\"@id\":\"https:\/\/www.destrezasyvidaenelmedionatural.es\/#website\",\"url\":\"https:\/\/www.destrezasyvidaenelmedionatural.es\/\",\"name\":\"Destrezas y Vida en el Medio Natural\",\"description\":\"El sitio web Destrezas y Vida en el Medio Natural es un recurso excelente para cualquiera que quiera aprender sobre la naturaleza y c\u00f3mo interactuar con ella de manera segura y respetuosa.\",\"publisher\":{\"@id\":\"https:\/\/www.destrezasyvidaenelmedionatural.es\/#\/schema\/person\/05ac69635d864d75006df0853eb7afd3\"},\"potentialAction\":[{\"@type\":\"SearchAction\",\"target\":{\"@type\":\"EntryPoint\",\"urlTemplate\":\"https:\/\/www.destrezasyvidaenelmedionatural.es\/?s={search_term_string}\"},\"query-input\":{\"@type\":\"PropertyValueSpecification\",\"valueRequired\":true,\"valueName\":\"search_term_string\"}}],\"inLanguage\":\"es\"},{\"@type\":[\"Person\",\"Organization\"],\"@id\":\"https:\/\/www.destrezasyvidaenelmedionatural.es\/#\/schema\/person\/05ac69635d864d75006df0853eb7afd3\",\"name\":\"admin\",\"image\":{\"@type\":\"ImageObject\",\"inLanguage\":\"es\",\"@id\":\"https:\/\/www.destrezasyvidaenelmedionatural.es\/#\/schema\/person\/image\/\",\"url\":\"https:\/\/www.destrezasyvidaenelmedionatural.es\/wp-content\/uploads\/2021\/08\/cropped-SIN-FONDO-PRUEBA1.png\",\"contentUrl\":\"https:\/\/www.destrezasyvidaenelmedionatural.es\/wp-content\/uploads\/2021\/08\/cropped-SIN-FONDO-PRUEBA1.png\",\"width\":351,\"height\":349,\"caption\":\"admin\"},\"logo\":{\"@id\":\"https:\/\/www.destrezasyvidaenelmedionatural.es\/#\/schema\/person\/image\/\"},\"sameAs\":[\"http:\/\/www.destrezasyvidaenelmedionatural.es\",\"https:\/\/www.facebook.com\/Destrezas.y.Vida.en.el.Medio.Natural\",\"https:\/\/www.instagram.com\/destrezasyvidamn\/\"],\"url\":\"https:\/\/www.destrezasyvidaenelmedionatural.es\/index.php\/author\/admin\/\"}]}<\/script>\n<!-- \/ Yoast SEO plugin. -->","yoast_head_json":{"title":"Curso La talla del s\u00edlex en la Prehistoria: La tecnolog\u00eda del Homo sapiens 28 octubre 2023 - Destrezas y Vida en el Medio Natural","robots":{"index":"index","follow":"follow","max-snippet":"max-snippet:-1","max-image-preview":"max-image-preview:large","max-video-preview":"max-video-preview:-1"},"canonical":"https:\/\/www.destrezasyvidaenelmedionatural.es\/index.php\/2023\/06\/27\/curso-la-talla-del-silex-en-la-prehistoria-la-tecnologia-del-homo-sapiens\/","og_locale":"es_ES","og_type":"article","og_title":"Curso La talla del s\u00edlex en la Prehistoria: La tecnolog\u00eda del Homo sapiens 28 octubre 2023 - Destrezas y Vida en el Medio Natural","og_description":"En este curso de formaci\u00f3n en tecnolog\u00eda l\u00edtica prehist\u00f3rica, el alumnado podr\u00e1 adquirir los conocimientos b\u00e1sicos\u00a0para la comprensi\u00f3n de los m\u00e9todos y t\u00e9cnicas de talla experimental relacionados con la tecnolog\u00eda del Homo\u00a0sapiens, as\u00ed como los distintos procesos t\u00e9cnicos necesarios para la elaboraci\u00f3n de \u00fatiles prehist\u00f3ricos.La realizaci\u00f3n de este curso no requiere experiencia previa. Durante el &hellip; Curso La talla del s\u00edlex en la Prehistoria: La tecnolog\u00eda del Homo sapiens 28 octubre 2023 Leer m\u00e1s &raquo;","og_url":"https:\/\/www.destrezasyvidaenelmedionatural.es\/index.php\/2023\/06\/27\/curso-la-talla-del-silex-en-la-prehistoria-la-tecnologia-del-homo-sapiens\/","og_site_name":"Destrezas y Vida en el Medio Natural","article_publisher":"https:\/\/www.facebook.com\/Destrezas.y.Vida.en.el.Medio.Natural","article_author":"https:\/\/www.facebook.com\/Destrezas.y.Vida.en.el.Medio.Natural","article_published_time":"2023-06-27T16:42:36+00:00","article_modified_time":"2023-06-30T15:32:15+00:00","og_image":[{"url":"http:\/\/www.destrezasyvidaenelmedionatural.es\/wp-content\/uploads\/2023\/06\/La-tecnologia-del-Homo-sapiens-28-octubre-Fortuna-2023-768x768.png"}],"author":"admin","twitter_card":"summary_large_image","twitter_creator":"@DestrezasyVida","twitter_site":"@DestrezasyVida","twitter_misc":{"Escrito por":"admin","Tiempo de lectura":"9 minutos"},"schema":{"@context":"https:\/\/schema.org","@graph":[{"@type":"Article","@id":"https:\/\/www.destrezasyvidaenelmedionatural.es\/index.php\/2023\/06\/27\/curso-la-talla-del-silex-en-la-prehistoria-la-tecnologia-del-homo-sapiens\/#article","isPartOf":{"@id":"https:\/\/www.destrezasyvidaenelmedionatural.es\/index.php\/2023\/06\/27\/curso-la-talla-del-silex-en-la-prehistoria-la-tecnologia-del-homo-sapiens\/"},"author":{"name":"admin","@id":"https:\/\/www.destrezasyvidaenelmedionatural.es\/#\/schema\/person\/05ac69635d864d75006df0853eb7afd3"},"headline":"Curso La talla del s\u00edlex en la Prehistoria: La tecnolog\u00eda del Homo sapiens 28 octubre 2023","datePublished":"2023-06-27T16:42:36+00:00","dateModified":"2023-06-30T15:32:15+00:00","mainEntityOfPage":{"@id":"https:\/\/www.destrezasyvidaenelmedionatural.es\/index.php\/2023\/06\/27\/curso-la-talla-del-silex-en-la-prehistoria-la-tecnologia-del-homo-sapiens\/"},"wordCount":1766,"commentCount":1,"publisher":{"@id":"https:\/\/www.destrezasyvidaenelmedionatural.es\/#\/schema\/person\/05ac69635d864d75006df0853eb7afd3"},"image":{"@id":"https:\/\/www.destrezasyvidaenelmedionatural.es\/index.php\/2023\/06\/27\/curso-la-talla-del-silex-en-la-prehistoria-la-tecnologia-del-homo-sapiens\/#primaryimage"},"thumbnailUrl":"http:\/\/www.destrezasyvidaenelmedionatural.es\/wp-content\/uploads\/2023\/06\/La-tecnologia-del-Homo-sapiens-28-octubre-Fortuna-2023-768x768.png","inLanguage":"es","potentialAction":[{"@type":"CommentAction","name":"Comment","target":["https:\/\/www.destrezasyvidaenelmedionatural.es\/index.php\/2023\/06\/27\/curso-la-talla-del-silex-en-la-prehistoria-la-tecnologia-del-homo-sapiens\/#respond"]}]},{"@type":"WebPage","@id":"https:\/\/www.destrezasyvidaenelmedionatural.es\/index.php\/2023\/06\/27\/curso-la-talla-del-silex-en-la-prehistoria-la-tecnologia-del-homo-sapiens\/","url":"https:\/\/www.destrezasyvidaenelmedionatural.es\/index.php\/2023\/06\/27\/curso-la-talla-del-silex-en-la-prehistoria-la-tecnologia-del-homo-sapiens\/","name":"Curso La talla del s\u00edlex en la Prehistoria: La tecnolog\u00eda del Homo sapiens 28 octubre 2023 - Destrezas y Vida en el Medio Natural","isPartOf":{"@id":"https:\/\/www.destrezasyvidaenelmedionatural.es\/#website"},"primaryImageOfPage":{"@id":"https:\/\/www.destrezasyvidaenelmedionatural.es\/index.php\/2023\/06\/27\/curso-la-talla-del-silex-en-la-prehistoria-la-tecnologia-del-homo-sapiens\/#primaryimage"},"image":{"@id":"https:\/\/www.destrezasyvidaenelmedionatural.es\/index.php\/2023\/06\/27\/curso-la-talla-del-silex-en-la-prehistoria-la-tecnologia-del-homo-sapiens\/#primaryimage"},"thumbnailUrl":"http:\/\/www.destrezasyvidaenelmedionatural.es\/wp-content\/uploads\/2023\/06\/La-tecnologia-del-Homo-sapiens-28-octubre-Fortuna-2023-768x768.png","datePublished":"2023-06-27T16:42:36+00:00","dateModified":"2023-06-30T15:32:15+00:00","breadcrumb":{"@id":"https:\/\/www.destrezasyvidaenelmedionatural.es\/index.php\/2023\/06\/27\/curso-la-talla-del-silex-en-la-prehistoria-la-tecnologia-del-homo-sapiens\/#breadcrumb"},"inLanguage":"es","potentialAction":[{"@type":"ReadAction","target":["https:\/\/www.destrezasyvidaenelmedionatural.es\/index.php\/2023\/06\/27\/curso-la-talla-del-silex-en-la-prehistoria-la-tecnologia-del-homo-sapiens\/"]}]},{"@type":"ImageObject","inLanguage":"es","@id":"https:\/\/www.destrezasyvidaenelmedionatural.es\/index.php\/2023\/06\/27\/curso-la-talla-del-silex-en-la-prehistoria-la-tecnologia-del-homo-sapiens\/#primaryimage","url":"https:\/\/www.destrezasyvidaenelmedionatural.es\/wp-content\/uploads\/2023\/06\/La-tecnologia-del-Homo-sapiens-28-octubre-Fortuna-2023.png","contentUrl":"https:\/\/www.destrezasyvidaenelmedionatural.es\/wp-content\/uploads\/2023\/06\/La-tecnologia-del-Homo-sapiens-28-octubre-Fortuna-2023.png","width":1080,"height":1080,"caption":"Curso La talla del s\u00edlex en la Prehistoria: La tecnolog\u00eda del Homo sapiens 28 octubre Fortuna 2023"},{"@type":"BreadcrumbList","@id":"https:\/\/www.destrezasyvidaenelmedionatural.es\/index.php\/2023\/06\/27\/curso-la-talla-del-silex-en-la-prehistoria-la-tecnologia-del-homo-sapiens\/#breadcrumb","itemListElement":[{"@type":"ListItem","position":1,"name":"Portada","item":"https:\/\/www.destrezasyvidaenelmedionatural.es\/"},{"@type":"ListItem","position":2,"name":"Curso La talla del s\u00edlex en la Prehistoria: La tecnolog\u00eda del Homo sapiens 28 octubre 2023"}]},{"@type":"WebSite","@id":"https:\/\/www.destrezasyvidaenelmedionatural.es\/#website","url":"https:\/\/www.destrezasyvidaenelmedionatural.es\/","name":"Destrezas y Vida en el Medio Natural","description":"El sitio web Destrezas y Vida en el Medio Natural es un recurso excelente para cualquiera que quiera aprender sobre la naturaleza y c\u00f3mo interactuar con ella de manera segura y respetuosa.","publisher":{"@id":"https:\/\/www.destrezasyvidaenelmedionatural.es\/#\/schema\/person\/05ac69635d864d75006df0853eb7afd3"},"potentialAction":[{"@type":"SearchAction","target":{"@type":"EntryPoint","urlTemplate":"https:\/\/www.destrezasyvidaenelmedionatural.es\/?s={search_term_string}"},"query-input":{"@type":"PropertyValueSpecification","valueRequired":true,"valueName":"search_term_string"}}],"inLanguage":"es"},{"@type":["Person","Organization"],"@id":"https:\/\/www.destrezasyvidaenelmedionatural.es\/#\/schema\/person\/05ac69635d864d75006df0853eb7afd3","name":"admin","image":{"@type":"ImageObject","inLanguage":"es","@id":"https:\/\/www.destrezasyvidaenelmedionatural.es\/#\/schema\/person\/image\/","url":"https:\/\/www.destrezasyvidaenelmedionatural.es\/wp-content\/uploads\/2021\/08\/cropped-SIN-FONDO-PRUEBA1.png","contentUrl":"https:\/\/www.destrezasyvidaenelmedionatural.es\/wp-content\/uploads\/2021\/08\/cropped-SIN-FONDO-PRUEBA1.png","width":351,"height":349,"caption":"admin"},"logo":{"@id":"https:\/\/www.destrezasyvidaenelmedionatural.es\/#\/schema\/person\/image\/"},"sameAs":["http:\/\/www.destrezasyvidaenelmedionatural.es","https:\/\/www.facebook.com\/Destrezas.y.Vida.en.el.Medio.Natural","https:\/\/www.instagram.com\/destrezasyvidamn\/"],"url":"https:\/\/www.destrezasyvidaenelmedionatural.es\/index.php\/author\/admin\/"}]}},"_links":{"self":[{"href":"https:\/\/www.destrezasyvidaenelmedionatural.es\/index.php\/wp-json\/wp\/v2\/posts\/1487","targetHints":{"allow":["GET"]}}],"collection":[{"href":"https:\/\/www.destrezasyvidaenelmedionatural.es\/index.php\/wp-json\/wp\/v2\/posts"}],"about":[{"href":"https:\/\/www.destrezasyvidaenelmedionatural.es\/index.php\/wp-json\/wp\/v2\/types\/post"}],"author":[{"embeddable":true,"href":"https:\/\/www.destrezasyvidaenelmedionatural.es\/index.php\/wp-json\/wp\/v2\/users\/1"}],"replies":[{"embeddable":true,"href":"https:\/\/www.destrezasyvidaenelmedionatural.es\/index.php\/wp-json\/wp\/v2\/comments?post=1487"}],"version-history":[{"count":38,"href":"https:\/\/www.destrezasyvidaenelmedionatural.es\/index.php\/wp-json\/wp\/v2\/posts\/1487\/revisions"}],"predecessor-version":[{"id":1545,"href":"https:\/\/www.destrezasyvidaenelmedionatural.es\/index.php\/wp-json\/wp\/v2\/posts\/1487\/revisions\/1545"}],"wp:attachment":[{"href":"https:\/\/www.destrezasyvidaenelmedionatural.es\/index.php\/wp-json\/wp\/v2\/media?parent=1487"}],"wp:term":[{"taxonomy":"category","embeddable":true,"href":"https:\/\/www.destrezasyvidaenelmedionatural.es\/index.php\/wp-json\/wp\/v2\/categories?post=1487"},{"taxonomy":"post_tag","embeddable":true,"href":"https:\/\/www.destrezasyvidaenelmedionatural.es\/index.php\/wp-json\/wp\/v2\/tags?post=1487"}],"curies":[{"name":"wp","href":"https:\/\/api.w.org\/{rel}","templated":true}]}}