{"id":1881,"date":"2023-10-16T08:33:22","date_gmt":"2023-10-16T08:33:22","guid":{"rendered":"https:\/\/www.destrezasyvidaenelmedionatural.es\/?p=1881"},"modified":"2023-10-16T08:33:23","modified_gmt":"2023-10-16T08:33:23","slug":"aprende-a-tallar-madera-con-cuchillo-en-un-curso-de-un-dia-en-plena-naturaleza-11-noviembre","status":"publish","type":"post","link":"https:\/\/www.destrezasyvidaenelmedionatural.es\/index.php\/2023\/10\/16\/aprende-a-tallar-madera-con-cuchillo-en-un-curso-de-un-dia-en-plena-naturaleza-11-noviembre\/","title":{"rendered":"Aprende a tallar madera con cuchillo en un curso de un d\u00eda en plena naturaleza 11 noviembre"},"content":{"rendered":"\n<p>\ud83c\udf33 Ad\u00e9ntrate en el fascinante mundo del tallado en madera de la mano del prestigioso Profesor Juan Antonio Mar\u00edn de Espinosa S\u00e1nchez, Doctor en Prehistoria y experto en arqueolog\u00eda. En este curso de \u00abIntroducci\u00f3n al Tallado en Madera con Cuchillo,\u00bb descubrir\u00e1s los secretos de esta ancestral t\u00e9cnica.<\/p>\n\n\n<div class=\"wp-block-image\">\n<figure class=\"aligncenter size-large is-resized\"><img fetchpriority=\"high\" decoding=\"async\" width=\"1024\" height=\"1024\" src=\"http:\/\/www.destrezasyvidaenelmedionatural.es\/wp-content\/uploads\/2023\/10\/Curso-talla-de-madera-1024x1024.jpeg\" alt=\"\" class=\"wp-image-1880\" style=\"aspect-ratio:1;width:667px;height:auto\" srcset=\"https:\/\/www.destrezasyvidaenelmedionatural.es\/wp-content\/uploads\/2023\/10\/Curso-talla-de-madera-1024x1024.jpeg 1024w, https:\/\/www.destrezasyvidaenelmedionatural.es\/wp-content\/uploads\/2023\/10\/Curso-talla-de-madera-300x300.jpeg 300w, https:\/\/www.destrezasyvidaenelmedionatural.es\/wp-content\/uploads\/2023\/10\/Curso-talla-de-madera-150x150.jpeg 150w, https:\/\/www.destrezasyvidaenelmedionatural.es\/wp-content\/uploads\/2023\/10\/Curso-talla-de-madera-768x768.jpeg 768w, https:\/\/www.destrezasyvidaenelmedionatural.es\/wp-content\/uploads\/2023\/10\/Curso-talla-de-madera.jpeg 1080w\" sizes=\"(max-width: 1024px) 100vw, 1024px\" \/><\/figure>\n<\/div>\n\n\n<p>\ud83c\udf33 Aprende a tallar piezas desde cero, desde el dise\u00f1o inicial hasta la obra acabada. El tallado de madera con cuchillo es una t\u00e9cnica sencilla y asequible que te permitir\u00e1 crear aut\u00e9nticas obras de arte.<\/p>\n\n\n\n<p>\ud83e\ude93 Durante el curso, explorar\u00e1s las herramientas tradicionales como hachas, azuelas, bastrenes y cuchillos de talla. Conocer\u00e1s la anatom\u00eda de la madera y dominar\u00e1s las t\u00e9cnicas de afilado y mantenimiento de las herramientas.<\/p>\n\n\n\n<p>\u2705 Descubre c\u00f3mo las t\u00e9cnicas de talla de madera han evolucionado desde la Prehistoria hasta nuestros d\u00edas. Desde la Edad del Hierro, el uso de herramientas met\u00e1licas ha dejado su huella en la artesan\u00eda de la madera, y ahora t\u00fa tambi\u00e9n puedes formar parte de esta tradici\u00f3n.<\/p>\n\n\n\n<figure class=\"wp-block-gallery has-nested-images columns-default is-cropped wp-block-gallery-1 is-layout-flex wp-block-gallery-is-layout-flex\">\n<figure class=\"wp-block-image size-large\"><img decoding=\"async\" width=\"1024\" height=\"621\" data-id=\"1883\" src=\"https:\/\/www.destrezasyvidaenelmedionatural.es\/wp-content\/uploads\/2023\/10\/2-1024x621.jpg\" alt=\"\" class=\"wp-image-1883\" srcset=\"https:\/\/www.destrezasyvidaenelmedionatural.es\/wp-content\/uploads\/2023\/10\/2-1024x621.jpg 1024w, https:\/\/www.destrezasyvidaenelmedionatural.es\/wp-content\/uploads\/2023\/10\/2-300x182.jpg 300w, https:\/\/www.destrezasyvidaenelmedionatural.es\/wp-content\/uploads\/2023\/10\/2-768x466.jpg 768w, https:\/\/www.destrezasyvidaenelmedionatural.es\/wp-content\/uploads\/2023\/10\/2-1536x932.jpg 1536w, https:\/\/www.destrezasyvidaenelmedionatural.es\/wp-content\/uploads\/2023\/10\/2-2048x1242.jpg 2048w\" sizes=\"(max-width: 1024px) 100vw, 1024px\" \/><\/figure>\n\n\n\n<figure class=\"wp-block-image size-large\"><img decoding=\"async\" width=\"1024\" height=\"684\" data-id=\"1884\" src=\"https:\/\/www.destrezasyvidaenelmedionatural.es\/wp-content\/uploads\/2023\/10\/3-1024x684.jpg\" alt=\"\" class=\"wp-image-1884\" srcset=\"https:\/\/www.destrezasyvidaenelmedionatural.es\/wp-content\/uploads\/2023\/10\/3-1024x684.jpg 1024w, https:\/\/www.destrezasyvidaenelmedionatural.es\/wp-content\/uploads\/2023\/10\/3-300x200.jpg 300w, https:\/\/www.destrezasyvidaenelmedionatural.es\/wp-content\/uploads\/2023\/10\/3-768x513.jpg 768w, https:\/\/www.destrezasyvidaenelmedionatural.es\/wp-content\/uploads\/2023\/10\/3-1536x1026.jpg 1536w, https:\/\/www.destrezasyvidaenelmedionatural.es\/wp-content\/uploads\/2023\/10\/3-2048x1368.jpg 2048w\" sizes=\"(max-width: 1024px) 100vw, 1024px\" \/><\/figure>\n\n\n\n<figure class=\"wp-block-image size-large\"><img loading=\"lazy\" decoding=\"async\" width=\"1024\" height=\"772\" data-id=\"1885\" src=\"https:\/\/www.destrezasyvidaenelmedionatural.es\/wp-content\/uploads\/2023\/10\/4-1-1024x772.jpg\" alt=\"\" class=\"wp-image-1885\" srcset=\"https:\/\/www.destrezasyvidaenelmedionatural.es\/wp-content\/uploads\/2023\/10\/4-1-1024x772.jpg 1024w, https:\/\/www.destrezasyvidaenelmedionatural.es\/wp-content\/uploads\/2023\/10\/4-1-300x226.jpg 300w, https:\/\/www.destrezasyvidaenelmedionatural.es\/wp-content\/uploads\/2023\/10\/4-1-768x579.jpg 768w, https:\/\/www.destrezasyvidaenelmedionatural.es\/wp-content\/uploads\/2023\/10\/4-1-1536x1158.jpg 1536w, https:\/\/www.destrezasyvidaenelmedionatural.es\/wp-content\/uploads\/2023\/10\/4-1-2048x1545.jpg 2048w\" sizes=\"(max-width: 1024px) 100vw, 1024px\" \/><\/figure>\n<\/figure>\n\n\n\n<p>\u2705 \u00bfQu\u00e9 m\u00e1s te espera? Cada alumno recibir\u00e1 un exclusivo pack de bienvenida que incluye herramientas esenciales de Morakniv, perfectas para la talla de madera. Con el Morakniv 164 y el Morakniv 120, adem\u00e1s de preformas de madera para practicar, tendr\u00e1s todo lo que necesitas para desatar tu creatividad y seguir continuando en casa.<\/p>\n\n\n\n<figure class=\"wp-block-gallery has-nested-images columns-default is-cropped wp-block-gallery-2 is-layout-flex wp-block-gallery-is-layout-flex\">\n<figure class=\"wp-block-image size-large\"><img loading=\"lazy\" decoding=\"async\" width=\"577\" height=\"1024\" data-id=\"1887\" src=\"https:\/\/www.destrezasyvidaenelmedionatural.es\/wp-content\/uploads\/2023\/10\/20230311_080748-577x1024.jpg\" alt=\"\" class=\"wp-image-1887\" srcset=\"https:\/\/www.destrezasyvidaenelmedionatural.es\/wp-content\/uploads\/2023\/10\/20230311_080748-577x1024.jpg 577w, https:\/\/www.destrezasyvidaenelmedionatural.es\/wp-content\/uploads\/2023\/10\/20230311_080748-169x300.jpg 169w, https:\/\/www.destrezasyvidaenelmedionatural.es\/wp-content\/uploads\/2023\/10\/20230311_080748-768x1364.jpg 768w, https:\/\/www.destrezasyvidaenelmedionatural.es\/wp-content\/uploads\/2023\/10\/20230311_080748-865x1536.jpg 865w, https:\/\/www.destrezasyvidaenelmedionatural.es\/wp-content\/uploads\/2023\/10\/20230311_080748-1153x2048.jpg 1153w, https:\/\/www.destrezasyvidaenelmedionatural.es\/wp-content\/uploads\/2023\/10\/20230311_080748-scaled.jpg 1441w\" sizes=\"(max-width: 577px) 100vw, 577px\" \/><\/figure>\n\n\n\n<figure class=\"wp-block-image size-large\"><img loading=\"lazy\" decoding=\"async\" width=\"1024\" height=\"577\" data-id=\"1891\" src=\"https:\/\/www.destrezasyvidaenelmedionatural.es\/wp-content\/uploads\/2023\/10\/20230311_095532-1024x577.jpg\" alt=\"\" class=\"wp-image-1891\" srcset=\"https:\/\/www.destrezasyvidaenelmedionatural.es\/wp-content\/uploads\/2023\/10\/20230311_095532-1024x577.jpg 1024w, https:\/\/www.destrezasyvidaenelmedionatural.es\/wp-content\/uploads\/2023\/10\/20230311_095532-300x169.jpg 300w, https:\/\/www.destrezasyvidaenelmedionatural.es\/wp-content\/uploads\/2023\/10\/20230311_095532-768x432.jpg 768w, https:\/\/www.destrezasyvidaenelmedionatural.es\/wp-content\/uploads\/2023\/10\/20230311_095532-1536x865.jpg 1536w, https:\/\/www.destrezasyvidaenelmedionatural.es\/wp-content\/uploads\/2023\/10\/20230311_095532-2048x1153.jpg 2048w\" sizes=\"(max-width: 1024px) 100vw, 1024px\" \/><\/figure>\n\n\n\n<figure class=\"wp-block-image size-large\"><img loading=\"lazy\" decoding=\"async\" width=\"1024\" height=\"577\" data-id=\"1890\" src=\"https:\/\/www.destrezasyvidaenelmedionatural.es\/wp-content\/uploads\/2023\/10\/20230311_120143-1024x577.jpg\" alt=\"\" class=\"wp-image-1890\" srcset=\"https:\/\/www.destrezasyvidaenelmedionatural.es\/wp-content\/uploads\/2023\/10\/20230311_120143-1024x577.jpg 1024w, https:\/\/www.destrezasyvidaenelmedionatural.es\/wp-content\/uploads\/2023\/10\/20230311_120143-300x169.jpg 300w, https:\/\/www.destrezasyvidaenelmedionatural.es\/wp-content\/uploads\/2023\/10\/20230311_120143-768x432.jpg 768w, https:\/\/www.destrezasyvidaenelmedionatural.es\/wp-content\/uploads\/2023\/10\/20230311_120143-1536x865.jpg 1536w, https:\/\/www.destrezasyvidaenelmedionatural.es\/wp-content\/uploads\/2023\/10\/20230311_120143-2048x1153.jpg 2048w\" sizes=\"(max-width: 1024px) 100vw, 1024px\" \/><\/figure>\n\n\n\n<figure class=\"wp-block-image size-large\"><img loading=\"lazy\" decoding=\"async\" width=\"1024\" height=\"577\" data-id=\"1888\" src=\"https:\/\/www.destrezasyvidaenelmedionatural.es\/wp-content\/uploads\/2023\/10\/20230311_123105-1024x577.jpg\" alt=\"\" class=\"wp-image-1888\" srcset=\"https:\/\/www.destrezasyvidaenelmedionatural.es\/wp-content\/uploads\/2023\/10\/20230311_123105-1024x577.jpg 1024w, https:\/\/www.destrezasyvidaenelmedionatural.es\/wp-content\/uploads\/2023\/10\/20230311_123105-300x169.jpg 300w, https:\/\/www.destrezasyvidaenelmedionatural.es\/wp-content\/uploads\/2023\/10\/20230311_123105-768x432.jpg 768w, https:\/\/www.destrezasyvidaenelmedionatural.es\/wp-content\/uploads\/2023\/10\/20230311_123105-1536x865.jpg 1536w, https:\/\/www.destrezasyvidaenelmedionatural.es\/wp-content\/uploads\/2023\/10\/20230311_123105-2048x1153.jpg 2048w\" sizes=\"(max-width: 1024px) 100vw, 1024px\" \/><\/figure>\n<\/figure>\n\n\n\n<p>\ud83c\udfde\ufe0f \u00danete a nosotros en nuestras instalaciones en plena naturaleza, ubicadas en el Alto de la Churleta, cerca de Las Casicas, a solo 8 kil\u00f3metros de Fortuna \/ Murcia. Nuestro espacio comunitario te brindar\u00e1 un ambiente acogedor y c\u00f3modo, y estar\u00e1s rodeado por el magn\u00edfico entorno del Parque Regional Sierra de La Pila.<\/p>\n\n\n\n<p>\ud83c\udfe0 Adem\u00e1s, ofrecemos alojamiento y la comida del 11 de noviembre est\u00e1 incluida. \u00a1Tu comodidad es nuestra prioridad!<\/p>\n\n\n\n<p>\ud83e\ude90 \u00bfA qui\u00e9n est\u00e1 dirigido este curso? A todos los amantes de la madera y la creatividad, sin importar tu experiencia previa. \u00a1La talla de madera est\u00e1 al alcance de todos!<\/p>\n\n\n\n<p>\u00a1Inscr\u00edbete hoy y comienza tu viaje hacia la maestr\u00eda en la talla de madera! <\/p>\n\n\n\n<p><strong><a href=\"https:\/\/docs.google.com\/forms\/d\/e\/1FAIpQLScKuf5kqONr0x14CtUDT9JQ6adKa7SkEt2I5vAoXLu2Fsve_g\/viewform\">Enlace de Registro<\/a><\/strong><\/p>\n\n\n\n<h3 class=\"wp-block-heading\"><strong>Contenido del programa<\/strong><\/h3>\n\n\n\n<p><strong>Viernes<\/strong><strong>&nbsp;10 noviembre<\/strong><\/p>\n\n\n\n<p>Recepci\u00f3n de alumnos a partir de las 19:00 para aquellos alumnos que deban viajar con anticipaci\u00f3n el viernes 10 de noviembre debido a la distancia, y pasen la noche en el alberge.<\/p>\n\n\n\n<p><strong>S\u00e1bado<\/strong><strong>&nbsp;11 noviembre<\/strong><\/p>\n\n\n\n<p>09:00 a 09:15 Recepci\u00f3n y entrega de documentaci\u00f3n: Apertura del curso.<br>09:15 a 10:30 Conferencia: El trabajo tradicional de la madera<br>Muestra de herramientas y modo de empleo.<br>10:30 a 11:00 Pausa-Caf\u00e9.<br>11:00 a 14:00 Pr\u00e1ctica por parte del alumnado: La talla de madera con cuchillo. Elaboraci\u00f3n de un caballo en<br>madera.<br>14:00 a 15:30 Pausa-comida.<br>15:30 a 16:30 Conferencia: La elaboraci\u00f3n de cucharas en madera.<br>Muestra de objetos en madera tradicionales.<br>16:30 a 18:30 Pr\u00e1ctica por parte del alumnado: Elaboraci\u00f3n de cucharas tradicionales en madera.<\/p>\n\n\n\n<p><strong>Aclaraciones<\/strong><\/p>\n\n\n\n<p>El temario puede verse modificado por la fluidez de grupo y para adaptarse a las condiciones climatol\u00f3gicas<\/p>\n\n\n\n<h3 class=\"wp-block-heading\"><strong>Equipo necesario<\/strong><\/h3>\n\n\n\n<p>Ropa adecuada a la \u00e9poca del a\u00f1o y a la climatolog\u00eda prevista.<\/p>\n\n\n\n<p>Guantes y gafas de protecci\u00f3n opcional si dispones ( la organizaci\u00f3n lo proporciona)<\/p>\n\n\n\n<h3 class=\"wp-block-heading\"><strong>Precio<\/strong><\/h3>\n\n\n\n<p>Precio reducido de 160 \u20ac hasta el 5 noviembre. Despu\u00e9s de esa fecha, el precio aumenta a 180\u20ac<\/p>\n\n\n\n<p><strong>N\u00famero m\u00e1ximo de alumnos<\/strong>: 10<\/p>\n\n\n\n<p>Incluye la comida y el&nbsp;pack de bienvenida ofrece una serie de beneficios para los alumnos de cursos de talla de madera. En primer lugar, proporciona las herramientas necesarias para empezar a trabajar. En segundo lugar, ahorra a los alumnos la necesidad de comprar sus propios cuchillos y preformas de madera. En tercer lugar, permite a los alumnos centrarse en el aprendizaje de la talla de madera sin tener que preocuparse por las herramientas.<\/p>\n<noscript class=\"ninja-forms-noscript-message\">\n\tAviso: Se requiere JavaScript para este contenido.<\/noscript>\n<div id=\"nf-form-2-cont\" class=\"nf-form-cont\" aria-live=\"polite\" aria-labelledby=\"nf-form-title-2\" aria-describedby=\"nf-form-errors-2\" role=\"form\">\n\n    <div class=\"nf-loading-spinner\"><\/div>\n\n<\/div>\n        <!-- That data is being printed as a workaround to page builders reordering the order of the scripts loaded-->\n        <script>var formDisplay=1;var nfForms=nfForms||[];var form=[];form.id='2';form.settings={\"objectType\":\"Form Setting\",\"editActive\":true,\"title\":\"Formulario de Contacto\",\"created_at\":\"2016-08-24 16:39:20\",\"form_title\":\"Contact Me\",\"default_label_pos\":\"above\",\"show_title\":\"1\",\"clear_complete\":\"1\",\"hide_complete\":\"1\",\"logged_in\":\"0\",\"key\":\"\",\"conditions\":[],\"wrapper_class\":\"\",\"element_class\":\"\",\"add_submit\":\"1\",\"not_logged_in_msg\":\"\",\"sub_limit_number\":\"\",\"sub_limit_msg\":\"\",\"calculations\":[],\"formContentData\":[\"nombre_y_apellidos_1692369724776\",\"email\",\"mensaje_1692367310122\",\"enviar_1692367233836\"],\"container_styles_background-color\":\"\",\"container_styles_border\":\"\",\"container_styles_border-style\":\"\",\"container_styles_border-color\":\"\",\"container_styles_color\":\"\",\"container_styles_height\":\"\",\"container_styles_width\":\"\",\"container_styles_font-size\":\"\",\"container_styles_margin\":\"\",\"container_styles_padding\":\"\",\"container_styles_display\":\"\",\"container_styles_float\":\"\",\"container_styles_show_advanced_css\":\"0\",\"container_styles_advanced\":\"\",\"title_styles_background-color\":\"\",\"title_styles_border\":\"\",\"title_styles_border-style\":\"\",\"title_styles_border-color\":\"\",\"title_styles_color\":\"\",\"title_styles_height\":\"\",\"title_styles_width\":\"\",\"title_styles_font-size\":\"\",\"title_styles_margin\":\"\",\"title_styles_padding\":\"\",\"title_styles_display\":\"\",\"title_styles_float\":\"\",\"title_styles_show_advanced_css\":\"0\",\"title_styles_advanced\":\"\",\"row_styles_background-color\":\"\",\"row_styles_border\":\"\",\"row_styles_border-style\":\"\",\"row_styles_border-color\":\"\",\"row_styles_color\":\"\",\"row_styles_height\":\"\",\"row_styles_width\":\"\",\"row_styles_font-size\":\"\",\"row_styles_margin\":\"\",\"row_styles_padding\":\"\",\"row_styles_display\":\"\",\"row_styles_show_advanced_css\":\"0\",\"row_styles_advanced\":\"\",\"row-odd_styles_background-color\":\"\",\"row-odd_styles_border\":\"\",\"row-odd_styles_border-style\":\"\",\"row-odd_styles_border-color\":\"\",\"row-odd_styles_color\":\"\",\"row-odd_styles_height\":\"\",\"row-odd_styles_width\":\"\",\"row-odd_styles_font-size\":\"\",\"row-odd_styles_margin\":\"\",\"row-odd_styles_padding\":\"\",\"row-odd_styles_display\":\"\",\"row-odd_styles_show_advanced_css\":\"0\",\"row-odd_styles_advanced\":\"\",\"success-msg_styles_background-color\":\"\",\"success-msg_styles_border\":\"\",\"success-msg_styles_border-style\":\"\",\"success-msg_styles_border-color\":\"\",\"success-msg_styles_color\":\"\",\"success-msg_styles_height\":\"\",\"success-msg_styles_width\":\"\",\"success-msg_styles_font-size\":\"\",\"success-msg_styles_margin\":\"\",\"success-msg_styles_padding\":\"\",\"success-msg_styles_display\":\"\",\"success-msg_styles_show_advanced_css\":\"0\",\"success-msg_styles_advanced\":\"\",\"error_msg_styles_background-color\":\"\",\"error_msg_styles_border\":\"\",\"error_msg_styles_border-style\":\"\",\"error_msg_styles_border-color\":\"\",\"error_msg_styles_color\":\"\",\"error_msg_styles_height\":\"\",\"error_msg_styles_width\":\"\",\"error_msg_styles_font-size\":\"\",\"error_msg_styles_margin\":\"\",\"error_msg_styles_padding\":\"\",\"error_msg_styles_display\":\"\",\"error_msg_styles_show_advanced_css\":\"0\",\"error_msg_styles_advanced\":\"\",\"allow_public_link\":0,\"public_link\":\"https:\\\/\\\/www.destrezasyvidaenelmedionatural.es\\\/ninja-forms\\\/2rn6x\",\"embed_form\":\"\",\"form_title_heading_level\":\"3\",\"currency\":\"\",\"unique_field_error\":\"A form with this value has already been submitted.\",\"public_link_key\":\"2rn6x\",\"changeEmailErrorMsg\":\"Introduce una direcci\\u00f3n de correo electr\\u00f3nico v\\u00e1lida.\",\"changeDateErrorMsg\":\"\\u00a1Introduce una fecha v\\u00e1lida!\",\"confirmFieldErrorMsg\":\"Estos campos deben coincidir.\",\"fieldNumberNumMinError\":\"Error de n\\u00famero m\\u00ednimo\",\"fieldNumberNumMaxError\":\"Error de n\\u00famero m\\u00e1ximo\",\"fieldNumberIncrementBy\":\"Increm\\u00e9ntalo por \",\"formErrorsCorrectErrors\":\"Corrige los errores antes de enviar este formulario.\",\"validateRequiredField\":\"Esto es un campo obligatorio.\",\"honeypotHoneypotError\":\"Error de Honeypot\",\"fieldsMarkedRequired\":\"Los campos marcados con <span class=\\\"ninja-forms-req-symbol\\\">*<\\\/span> son obligatorios\",\"drawerDisabled\":false,\"ninjaForms\":\"Ninja Forms\",\"fieldTextareaRTEInsertLink\":\"Insertar enlace\",\"fieldTextareaRTEInsertMedia\":\"Insertar medios\",\"fieldTextareaRTESelectAFile\":\"Seleccione un archivo\",\"tableInsertRowAbove\":\"Insert Row Above\",\"tableInsertRowBelow\":\"Insert Row Below\",\"tableInsertColumnLeft\":\"Insert Column Left\",\"tableInsertColumnRight\":\"Insert Column Right\",\"tableDeleteRow\":\"Delete Row\",\"tableDeleteColumn\":\"Delete Column\",\"tableDeleteTable\":\"Delete Table\",\"tableLegacyNotice\":\"This content has tables in the old editor format. Custom styles are preserved until converted. Editing will update to the new format.\",\"tableLegacyConvert\":\"Convert Now\",\"tableInsertTable\":\"Insert Table\",\"dismiss\":\"Descartar\",\"insertLink\":\"Insertar enlace\",\"formHoneypot\":\"Si eres un ser humano y est\\u00e1s viendo este campo, por favor d\\u00e9jalo vac\\u00edo.\",\"fileUploadOldCodeFileUploadInProgress\":\"Subida de archivo en curso.\",\"fileUploadOldCodeFileUpload\":\"SUBIDA DE ARCHIVO\",\"currencySymbol\":false,\"thousands_sep\":\".\",\"decimal_point\":\",\",\"siteLocale\":\"es_ES\",\"dateFormat\":\"m\\\/d\\\/Y\",\"startOfWeek\":\"1\",\"of\":\"de\",\"previousMonth\":\"Mes anterior\",\"nextMonth\":\"Pr\\u00f3ximo mes\",\"months\":[\"Enero\",\"Febrero\",\"Marzo\",\"Abril\",\"Mayo\",\"Junio\",\"Julio\",\"Agosto\",\"Septiembre\",\"Octubre\",\"Noviembre\",\"Diciembre\"],\"monthsShort\":[\"Ene\",\"Feb\",\"Mar\",\"Abr\",\"Mayo\",\"Jun\",\"Jul\",\"Ago\",\"Sep\",\"Oct\",\"Nov\",\"Dic\"],\"weekdays\":[\"Domingo\",\"Lunes\",\"Martes\",\"Mi\\u00e9rcoles\",\"Jueves\",\"Viernes\",\"S\\u00e1bado\"],\"weekdaysShort\":[\"Dom\",\"Lun\",\"Mar\",\"Mi\\u00e9\",\"Jue\",\"Vie\",\"S\\u00e1b\"],\"weekdaysMin\":[\"Do\",\"Lu\",\"Ma\",\"Mi\",\"Ju\",\"Vi\",\"S\\u00e1\"],\"recaptchaConsentMissing\":\"reCaptcha validation couldn&#039;t load.\",\"recaptchaMissingCookie\":\"reCaptcha v3 validation couldn&#039;t load the cookie needed to submit the form.\",\"recaptchaConsentEvent\":\"Accept reCaptcha cookies before sending the form.\",\"currency_symbol\":\"\",\"beforeForm\":\"\",\"beforeFields\":\"\",\"afterFields\":\"\",\"afterForm\":\"\"};form.fields=[{\"objectType\":\"Field\",\"objectDomain\":\"fields\",\"editActive\":false,\"order\":1,\"idAttribute\":\"id\",\"label\":\"Nombre y Apellidos\",\"key\":\"nombre_y_apellidos_1692369724776\",\"type\":\"textbox\",\"created_at\":\"2016-08-24 16:39:20\",\"label_pos\":\"above\",\"required\":1,\"placeholder\":\"\",\"default\":\"\",\"wrapper_class\":\"\",\"element_class\":\"\",\"container_class\":\"\",\"input_limit\":\"\",\"input_limit_type\":\"characters\",\"input_limit_msg\":\"Character(s) left\",\"manual_key\":\"\",\"disable_input\":\"\",\"admin_label\":\"\",\"help_text\":\"\",\"desc_text\":\"\",\"disable_browser_autocomplete\":\"\",\"mask\":\"\",\"custom_mask\":\"\",\"wrap_styles_background-color\":\"\",\"wrap_styles_border\":\"\",\"wrap_styles_border-style\":\"\",\"wrap_styles_border-color\":\"\",\"wrap_styles_color\":\"\",\"wrap_styles_height\":\"\",\"wrap_styles_width\":\"\",\"wrap_styles_font-size\":\"\",\"wrap_styles_margin\":\"\",\"wrap_styles_padding\":\"\",\"wrap_styles_display\":\"\",\"wrap_styles_float\":\"\",\"wrap_styles_show_advanced_css\":0,\"wrap_styles_advanced\":\"\",\"label_styles_background-color\":\"\",\"label_styles_border\":\"\",\"label_styles_border-style\":\"\",\"label_styles_border-color\":\"\",\"label_styles_color\":\"\",\"label_styles_height\":\"\",\"label_styles_width\":\"\",\"label_styles_font-size\":\"\",\"label_styles_margin\":\"\",\"label_styles_padding\":\"\",\"label_styles_display\":\"\",\"label_styles_float\":\"\",\"label_styles_show_advanced_css\":0,\"label_styles_advanced\":\"\",\"element_styles_background-color\":\"\",\"element_styles_border\":\"\",\"element_styles_border-style\":\"\",\"element_styles_border-color\":\"\",\"element_styles_color\":\"\",\"element_styles_height\":\"\",\"element_styles_width\":\"\",\"element_styles_font-size\":\"\",\"element_styles_margin\":\"\",\"element_styles_padding\":\"\",\"element_styles_display\":\"\",\"element_styles_float\":\"\",\"element_styles_show_advanced_css\":0,\"element_styles_advanced\":\"\",\"cellcid\":\"c3277\",\"field_label\":\"Name\",\"field_key\":\"name\",\"custom_name_attribute\":\"\",\"personally_identifiable\":\"\",\"value\":\"\",\"drawerDisabled\":false,\"id\":5,\"beforeField\":\"\",\"afterField\":\"\",\"parentType\":\"textbox\",\"element_templates\":[\"textbox\",\"input\"],\"old_classname\":\"\",\"wrap_template\":\"wrap\"},{\"objectType\":\"Field\",\"objectDomain\":\"fields\",\"editActive\":false,\"order\":2,\"idAttribute\":\"id\",\"label\":\"Email\",\"key\":\"email\",\"type\":\"email\",\"created_at\":\"2016-08-24 16:39:20\",\"label_pos\":\"above\",\"required\":1,\"placeholder\":\"\",\"default\":\"\",\"wrapper_class\":\"\",\"element_class\":\"\",\"container_class\":\"\",\"admin_label\":\"\",\"help_text\":\"\",\"desc_text\":\"\",\"wrap_styles_background-color\":\"\",\"wrap_styles_border\":\"\",\"wrap_styles_border-style\":\"\",\"wrap_styles_border-color\":\"\",\"wrap_styles_color\":\"\",\"wrap_styles_height\":\"\",\"wrap_styles_width\":\"\",\"wrap_styles_font-size\":\"\",\"wrap_styles_margin\":\"\",\"wrap_styles_padding\":\"\",\"wrap_styles_display\":\"\",\"wrap_styles_float\":\"\",\"wrap_styles_show_advanced_css\":0,\"wrap_styles_advanced\":\"\",\"label_styles_background-color\":\"\",\"label_styles_border\":\"\",\"label_styles_border-style\":\"\",\"label_styles_border-color\":\"\",\"label_styles_color\":\"\",\"label_styles_height\":\"\",\"label_styles_width\":\"\",\"label_styles_font-size\":\"\",\"label_styles_margin\":\"\",\"label_styles_padding\":\"\",\"label_styles_display\":\"\",\"label_styles_float\":\"\",\"label_styles_show_advanced_css\":0,\"label_styles_advanced\":\"\",\"element_styles_background-color\":\"\",\"element_styles_border\":\"\",\"element_styles_border-style\":\"\",\"element_styles_border-color\":\"\",\"element_styles_color\":\"\",\"element_styles_height\":\"\",\"element_styles_width\":\"\",\"element_styles_font-size\":\"\",\"element_styles_margin\":\"\",\"element_styles_padding\":\"\",\"element_styles_display\":\"\",\"element_styles_float\":\"\",\"element_styles_show_advanced_css\":0,\"element_styles_advanced\":\"\",\"cellcid\":\"c3281\",\"field_label\":\"Email\",\"field_key\":\"email\",\"custom_name_attribute\":\"email\",\"personally_identifiable\":1,\"value\":\"\",\"id\":6,\"beforeField\":\"\",\"afterField\":\"\",\"parentType\":\"email\",\"element_templates\":[\"email\",\"input\"],\"old_classname\":\"\",\"wrap_template\":\"wrap\"},{\"objectType\":\"Field\",\"objectDomain\":\"fields\",\"editActive\":false,\"order\":3,\"idAttribute\":\"id\",\"label\":\"Mensaje\",\"key\":\"mensaje_1692367310122\",\"type\":\"textarea\",\"created_at\":\"2016-08-24 16:39:20\",\"label_pos\":\"above\",\"required\":1,\"placeholder\":\"\",\"default\":\"\",\"wrapper_class\":\"\",\"element_class\":\"\",\"container_class\":\"\",\"input_limit\":\"\",\"input_limit_type\":\"characters\",\"input_limit_msg\":\"Character(s) left\",\"manual_key\":\"\",\"disable_input\":\"\",\"admin_label\":\"\",\"help_text\":\"\",\"desc_text\":\"\",\"disable_browser_autocomplete\":\"\",\"textarea_rte\":\"\",\"disable_rte_mobile\":\"\",\"textarea_media\":\"\",\"wrap_styles_background-color\":\"\",\"wrap_styles_border\":\"\",\"wrap_styles_border-style\":\"\",\"wrap_styles_border-color\":\"\",\"wrap_styles_color\":\"\",\"wrap_styles_height\":\"\",\"wrap_styles_width\":\"\",\"wrap_styles_font-size\":\"\",\"wrap_styles_margin\":\"\",\"wrap_styles_padding\":\"\",\"wrap_styles_display\":\"\",\"wrap_styles_float\":\"\",\"wrap_styles_show_advanced_css\":0,\"wrap_styles_advanced\":\"\",\"label_styles_background-color\":\"\",\"label_styles_border\":\"\",\"label_styles_border-style\":\"\",\"label_styles_border-color\":\"\",\"label_styles_color\":\"\",\"label_styles_height\":\"\",\"label_styles_width\":\"\",\"label_styles_font-size\":\"\",\"label_styles_margin\":\"\",\"label_styles_padding\":\"\",\"label_styles_display\":\"\",\"label_styles_float\":\"\",\"label_styles_show_advanced_css\":0,\"label_styles_advanced\":\"\",\"element_styles_background-color\":\"\",\"element_styles_border\":\"\",\"element_styles_border-style\":\"\",\"element_styles_border-color\":\"\",\"element_styles_color\":\"\",\"element_styles_height\":\"\",\"element_styles_width\":\"\",\"element_styles_font-size\":\"\",\"element_styles_margin\":\"\",\"element_styles_padding\":\"\",\"element_styles_display\":\"\",\"element_styles_float\":\"\",\"element_styles_show_advanced_css\":0,\"element_styles_advanced\":\"\",\"cellcid\":\"c3284\",\"field_label\":\"Message\",\"field_key\":\"message\",\"value\":\"\",\"drawerDisabled\":false,\"id\":7,\"beforeField\":\"\",\"afterField\":\"\",\"parentType\":\"textarea\",\"element_templates\":[\"textarea\",\"input\"],\"old_classname\":\"\",\"wrap_template\":\"wrap\"},{\"objectType\":\"Field\",\"objectDomain\":\"fields\",\"editActive\":false,\"order\":4,\"idAttribute\":\"id\",\"label\":\"Enviar\",\"key\":\"enviar_1692367233836\",\"type\":\"submit\",\"created_at\":\"2016-08-24 16:39:20\",\"processing_label\":\"Processing\",\"container_class\":\"\",\"element_class\":\"\",\"wrap_styles_background-color\":\"\",\"wrap_styles_border\":\"\",\"wrap_styles_border-style\":\"\",\"wrap_styles_border-color\":\"\",\"wrap_styles_color\":\"\",\"wrap_styles_height\":\"\",\"wrap_styles_width\":\"\",\"wrap_styles_font-size\":\"\",\"wrap_styles_margin\":\"\",\"wrap_styles_padding\":\"\",\"wrap_styles_display\":\"\",\"wrap_styles_float\":\"\",\"wrap_styles_show_advanced_css\":0,\"wrap_styles_advanced\":\"\",\"label_styles_background-color\":\"\",\"label_styles_border\":\"\",\"label_styles_border-style\":\"\",\"label_styles_border-color\":\"\",\"label_styles_color\":\"\",\"label_styles_height\":\"\",\"label_styles_width\":\"\",\"label_styles_font-size\":\"\",\"label_styles_margin\":\"\",\"label_styles_padding\":\"\",\"label_styles_display\":\"\",\"label_styles_float\":\"\",\"label_styles_show_advanced_css\":0,\"label_styles_advanced\":\"\",\"element_styles_background-color\":\"\",\"element_styles_border\":\"\",\"element_styles_border-style\":\"\",\"element_styles_border-color\":\"\",\"element_styles_color\":\"\",\"element_styles_height\":\"\",\"element_styles_width\":\"\",\"element_styles_font-size\":\"\",\"element_styles_margin\":\"\",\"element_styles_padding\":\"\",\"element_styles_display\":\"\",\"element_styles_float\":\"\",\"element_styles_show_advanced_css\":0,\"element_styles_advanced\":\"\",\"submit_element_hover_styles_background-color\":\"\",\"submit_element_hover_styles_border\":\"\",\"submit_element_hover_styles_border-style\":\"\",\"submit_element_hover_styles_border-color\":\"\",\"submit_element_hover_styles_color\":\"\",\"submit_element_hover_styles_height\":\"\",\"submit_element_hover_styles_width\":\"\",\"submit_element_hover_styles_font-size\":\"\",\"submit_element_hover_styles_margin\":\"\",\"submit_element_hover_styles_padding\":\"\",\"submit_element_hover_styles_display\":\"\",\"submit_element_hover_styles_float\":\"\",\"submit_element_hover_styles_show_advanced_css\":0,\"submit_element_hover_styles_advanced\":\"\",\"cellcid\":\"c3287\",\"field_label\":\"Submit\",\"field_key\":\"submit\",\"drawerDisabled\":false,\"id\":8,\"beforeField\":\"\",\"afterField\":\"\",\"value\":\"\",\"label_pos\":\"above\",\"parentType\":\"textbox\",\"element_templates\":[\"submit\",\"button\",\"input\"],\"old_classname\":\"\",\"wrap_template\":\"wrap-no-label\"}];nfForms.push(form);<\/script>\n        ","protected":false},"excerpt":{"rendered":"<p>Ad\u00e9ntrate en el fascinante mundo del tallado en madera de la mano del prestigioso Profesor Juan Antonio Mar\u00edn de Espinosa S\u00e1nchez, Doctor en Prehistoria y experto en arqueolog\u00eda. En este curso de \u00abIntroducci\u00f3n al Tallado en Madera con Cuchillo,\u00bb descubrir\u00e1s los secretos de esta ancestral t\u00e9cnica.<\/p>\n","protected":false},"author":1,"featured_media":0,"comment_status":"open","ping_status":"open","sticky":false,"template":"","format":"standard","meta":{"episode_type":"","audio_file":"","cover_image":"","cover_image_id":"","duration":"","filesize":"","date_recorded":"","explicit":"","block":"","filesize_raw":"","footnotes":""},"categories":[8],"tags":[],"class_list":["post-1881","post","type-post","status-publish","format-standard","hentry","category-blog"],"yoast_head":"<!-- This site is optimized with the Yoast SEO plugin v23.8 - https:\/\/yoast.com\/wordpress\/plugins\/seo\/ -->\n<title>Aprende a tallar madera con cuchillo en un curso de un d\u00eda en plena naturaleza 11 noviembre - Destrezas y Vida en el Medio Natural<\/title>\n<meta name=\"robots\" content=\"index, follow, max-snippet:-1, max-image-preview:large, max-video-preview:-1\" \/>\n<link rel=\"canonical\" href=\"https:\/\/www.destrezasyvidaenelmedionatural.es\/index.php\/2023\/10\/16\/aprende-a-tallar-madera-con-cuchillo-en-un-curso-de-un-dia-en-plena-naturaleza-11-noviembre\/\" \/>\n<meta property=\"og:locale\" content=\"es_ES\" \/>\n<meta property=\"og:type\" content=\"article\" \/>\n<meta property=\"og:title\" content=\"Aprende a tallar madera con cuchillo en un curso de un d\u00eda en plena naturaleza 11 noviembre - Destrezas y Vida en el Medio Natural\" \/>\n<meta property=\"og:description\" content=\"Ad\u00e9ntrate en el fascinante mundo del tallado en madera de la mano del prestigioso Profesor Juan Antonio Mar\u00edn de Espinosa S\u00e1nchez, Doctor en Prehistoria y experto en arqueolog\u00eda. En este curso de &quot;Introducci\u00f3n al Tallado en Madera con Cuchillo,&quot; descubrir\u00e1s los secretos de esta ancestral t\u00e9cnica.\" \/>\n<meta property=\"og:url\" content=\"https:\/\/www.destrezasyvidaenelmedionatural.es\/index.php\/2023\/10\/16\/aprende-a-tallar-madera-con-cuchillo-en-un-curso-de-un-dia-en-plena-naturaleza-11-noviembre\/\" \/>\n<meta property=\"og:site_name\" content=\"Destrezas y Vida en el Medio Natural\" \/>\n<meta property=\"article:publisher\" content=\"https:\/\/www.facebook.com\/Destrezas.y.Vida.en.el.Medio.Natural\" \/>\n<meta property=\"article:author\" content=\"https:\/\/www.facebook.com\/Destrezas.y.Vida.en.el.Medio.Natural\" \/>\n<meta property=\"article:published_time\" content=\"2023-10-16T08:33:22+00:00\" \/>\n<meta property=\"article:modified_time\" content=\"2023-10-16T08:33:23+00:00\" \/>\n<meta property=\"og:image\" content=\"http:\/\/www.destrezasyvidaenelmedionatural.es\/wp-content\/uploads\/2023\/10\/Curso-talla-de-madera-1024x1024.jpeg\" \/>\n<meta name=\"author\" content=\"admin\" \/>\n<meta name=\"twitter:card\" content=\"summary_large_image\" \/>\n<meta name=\"twitter:creator\" content=\"@DestrezasyVida\" \/>\n<meta name=\"twitter:site\" content=\"@DestrezasyVida\" \/>\n<meta name=\"twitter:label1\" content=\"Escrito por\" \/>\n\t<meta name=\"twitter:data1\" content=\"admin\" \/>\n\t<meta name=\"twitter:label2\" content=\"Tiempo de lectura\" \/>\n\t<meta name=\"twitter:data2\" content=\"3 minutos\" \/>\n<script type=\"application\/ld+json\" class=\"yoast-schema-graph\">{\"@context\":\"https:\/\/schema.org\",\"@graph\":[{\"@type\":\"Article\",\"@id\":\"https:\/\/www.destrezasyvidaenelmedionatural.es\/index.php\/2023\/10\/16\/aprende-a-tallar-madera-con-cuchillo-en-un-curso-de-un-dia-en-plena-naturaleza-11-noviembre\/#article\",\"isPartOf\":{\"@id\":\"https:\/\/www.destrezasyvidaenelmedionatural.es\/index.php\/2023\/10\/16\/aprende-a-tallar-madera-con-cuchillo-en-un-curso-de-un-dia-en-plena-naturaleza-11-noviembre\/\"},\"author\":{\"name\":\"admin\",\"@id\":\"https:\/\/www.destrezasyvidaenelmedionatural.es\/#\/schema\/person\/05ac69635d864d75006df0853eb7afd3\"},\"headline\":\"Aprende a tallar madera con cuchillo en un curso de un d\u00eda en plena naturaleza 11 noviembre\",\"datePublished\":\"2023-10-16T08:33:22+00:00\",\"dateModified\":\"2023-10-16T08:33:23+00:00\",\"mainEntityOfPage\":{\"@id\":\"https:\/\/www.destrezasyvidaenelmedionatural.es\/index.php\/2023\/10\/16\/aprende-a-tallar-madera-con-cuchillo-en-un-curso-de-un-dia-en-plena-naturaleza-11-noviembre\/\"},\"wordCount\":637,\"commentCount\":0,\"publisher\":{\"@id\":\"https:\/\/www.destrezasyvidaenelmedionatural.es\/#\/schema\/person\/05ac69635d864d75006df0853eb7afd3\"},\"image\":{\"@id\":\"https:\/\/www.destrezasyvidaenelmedionatural.es\/index.php\/2023\/10\/16\/aprende-a-tallar-madera-con-cuchillo-en-un-curso-de-un-dia-en-plena-naturaleza-11-noviembre\/#primaryimage\"},\"thumbnailUrl\":\"http:\/\/www.destrezasyvidaenelmedionatural.es\/wp-content\/uploads\/2023\/10\/Curso-talla-de-madera-1024x1024.jpeg\",\"articleSection\":[\"Blog\"],\"inLanguage\":\"es\",\"potentialAction\":[{\"@type\":\"CommentAction\",\"name\":\"Comment\",\"target\":[\"https:\/\/www.destrezasyvidaenelmedionatural.es\/index.php\/2023\/10\/16\/aprende-a-tallar-madera-con-cuchillo-en-un-curso-de-un-dia-en-plena-naturaleza-11-noviembre\/#respond\"]}]},{\"@type\":\"WebPage\",\"@id\":\"https:\/\/www.destrezasyvidaenelmedionatural.es\/index.php\/2023\/10\/16\/aprende-a-tallar-madera-con-cuchillo-en-un-curso-de-un-dia-en-plena-naturaleza-11-noviembre\/\",\"url\":\"https:\/\/www.destrezasyvidaenelmedionatural.es\/index.php\/2023\/10\/16\/aprende-a-tallar-madera-con-cuchillo-en-un-curso-de-un-dia-en-plena-naturaleza-11-noviembre\/\",\"name\":\"Aprende a tallar madera con cuchillo en un curso de un d\u00eda en plena naturaleza 11 noviembre - Destrezas y Vida en el Medio Natural\",\"isPartOf\":{\"@id\":\"https:\/\/www.destrezasyvidaenelmedionatural.es\/#website\"},\"primaryImageOfPage\":{\"@id\":\"https:\/\/www.destrezasyvidaenelmedionatural.es\/index.php\/2023\/10\/16\/aprende-a-tallar-madera-con-cuchillo-en-un-curso-de-un-dia-en-plena-naturaleza-11-noviembre\/#primaryimage\"},\"image\":{\"@id\":\"https:\/\/www.destrezasyvidaenelmedionatural.es\/index.php\/2023\/10\/16\/aprende-a-tallar-madera-con-cuchillo-en-un-curso-de-un-dia-en-plena-naturaleza-11-noviembre\/#primaryimage\"},\"thumbnailUrl\":\"http:\/\/www.destrezasyvidaenelmedionatural.es\/wp-content\/uploads\/2023\/10\/Curso-talla-de-madera-1024x1024.jpeg\",\"datePublished\":\"2023-10-16T08:33:22+00:00\",\"dateModified\":\"2023-10-16T08:33:23+00:00\",\"breadcrumb\":{\"@id\":\"https:\/\/www.destrezasyvidaenelmedionatural.es\/index.php\/2023\/10\/16\/aprende-a-tallar-madera-con-cuchillo-en-un-curso-de-un-dia-en-plena-naturaleza-11-noviembre\/#breadcrumb\"},\"inLanguage\":\"es\",\"potentialAction\":[{\"@type\":\"ReadAction\",\"target\":[\"https:\/\/www.destrezasyvidaenelmedionatural.es\/index.php\/2023\/10\/16\/aprende-a-tallar-madera-con-cuchillo-en-un-curso-de-un-dia-en-plena-naturaleza-11-noviembre\/\"]}]},{\"@type\":\"ImageObject\",\"inLanguage\":\"es\",\"@id\":\"https:\/\/www.destrezasyvidaenelmedionatural.es\/index.php\/2023\/10\/16\/aprende-a-tallar-madera-con-cuchillo-en-un-curso-de-un-dia-en-plena-naturaleza-11-noviembre\/#primaryimage\",\"url\":\"https:\/\/www.destrezasyvidaenelmedionatural.es\/wp-content\/uploads\/2023\/10\/Curso-talla-de-madera.jpeg\",\"contentUrl\":\"https:\/\/www.destrezasyvidaenelmedionatural.es\/wp-content\/uploads\/2023\/10\/Curso-talla-de-madera.jpeg\",\"width\":1080,\"height\":1080},{\"@type\":\"BreadcrumbList\",\"@id\":\"https:\/\/www.destrezasyvidaenelmedionatural.es\/index.php\/2023\/10\/16\/aprende-a-tallar-madera-con-cuchillo-en-un-curso-de-un-dia-en-plena-naturaleza-11-noviembre\/#breadcrumb\",\"itemListElement\":[{\"@type\":\"ListItem\",\"position\":1,\"name\":\"Portada\",\"item\":\"https:\/\/www.destrezasyvidaenelmedionatural.es\/\"},{\"@type\":\"ListItem\",\"position\":2,\"name\":\"Aprende a tallar madera con cuchillo en un curso de un d\u00eda en plena naturaleza 11 noviembre\"}]},{\"@type\":\"WebSite\",\"@id\":\"https:\/\/www.destrezasyvidaenelmedionatural.es\/#website\",\"url\":\"https:\/\/www.destrezasyvidaenelmedionatural.es\/\",\"name\":\"Destrezas y Vida en el Medio Natural\",\"description\":\"El sitio web Destrezas y Vida en el Medio Natural es un recurso excelente para cualquiera que quiera aprender sobre la naturaleza y c\u00f3mo interactuar con ella de manera segura y respetuosa.\",\"publisher\":{\"@id\":\"https:\/\/www.destrezasyvidaenelmedionatural.es\/#\/schema\/person\/05ac69635d864d75006df0853eb7afd3\"},\"potentialAction\":[{\"@type\":\"SearchAction\",\"target\":{\"@type\":\"EntryPoint\",\"urlTemplate\":\"https:\/\/www.destrezasyvidaenelmedionatural.es\/?s={search_term_string}\"},\"query-input\":{\"@type\":\"PropertyValueSpecification\",\"valueRequired\":true,\"valueName\":\"search_term_string\"}}],\"inLanguage\":\"es\"},{\"@type\":[\"Person\",\"Organization\"],\"@id\":\"https:\/\/www.destrezasyvidaenelmedionatural.es\/#\/schema\/person\/05ac69635d864d75006df0853eb7afd3\",\"name\":\"admin\",\"image\":{\"@type\":\"ImageObject\",\"inLanguage\":\"es\",\"@id\":\"https:\/\/www.destrezasyvidaenelmedionatural.es\/#\/schema\/person\/image\/\",\"url\":\"https:\/\/www.destrezasyvidaenelmedionatural.es\/wp-content\/uploads\/2021\/08\/cropped-SIN-FONDO-PRUEBA1.png\",\"contentUrl\":\"https:\/\/www.destrezasyvidaenelmedionatural.es\/wp-content\/uploads\/2021\/08\/cropped-SIN-FONDO-PRUEBA1.png\",\"width\":351,\"height\":349,\"caption\":\"admin\"},\"logo\":{\"@id\":\"https:\/\/www.destrezasyvidaenelmedionatural.es\/#\/schema\/person\/image\/\"},\"sameAs\":[\"http:\/\/www.destrezasyvidaenelmedionatural.es\",\"https:\/\/www.facebook.com\/Destrezas.y.Vida.en.el.Medio.Natural\",\"https:\/\/www.instagram.com\/destrezasyvidamn\/\"],\"url\":\"https:\/\/www.destrezasyvidaenelmedionatural.es\/index.php\/author\/admin\/\"}]}<\/script>\n<!-- \/ Yoast SEO plugin. -->","yoast_head_json":{"title":"Aprende a tallar madera con cuchillo en un curso de un d\u00eda en plena naturaleza 11 noviembre - Destrezas y Vida en el Medio Natural","robots":{"index":"index","follow":"follow","max-snippet":"max-snippet:-1","max-image-preview":"max-image-preview:large","max-video-preview":"max-video-preview:-1"},"canonical":"https:\/\/www.destrezasyvidaenelmedionatural.es\/index.php\/2023\/10\/16\/aprende-a-tallar-madera-con-cuchillo-en-un-curso-de-un-dia-en-plena-naturaleza-11-noviembre\/","og_locale":"es_ES","og_type":"article","og_title":"Aprende a tallar madera con cuchillo en un curso de un d\u00eda en plena naturaleza 11 noviembre - Destrezas y Vida en el Medio Natural","og_description":"Ad\u00e9ntrate en el fascinante mundo del tallado en madera de la mano del prestigioso Profesor Juan Antonio Mar\u00edn de Espinosa S\u00e1nchez, Doctor en Prehistoria y experto en arqueolog\u00eda. En este curso de \"Introducci\u00f3n al Tallado en Madera con Cuchillo,\" descubrir\u00e1s los secretos de esta ancestral t\u00e9cnica.","og_url":"https:\/\/www.destrezasyvidaenelmedionatural.es\/index.php\/2023\/10\/16\/aprende-a-tallar-madera-con-cuchillo-en-un-curso-de-un-dia-en-plena-naturaleza-11-noviembre\/","og_site_name":"Destrezas y Vida en el Medio Natural","article_publisher":"https:\/\/www.facebook.com\/Destrezas.y.Vida.en.el.Medio.Natural","article_author":"https:\/\/www.facebook.com\/Destrezas.y.Vida.en.el.Medio.Natural","article_published_time":"2023-10-16T08:33:22+00:00","article_modified_time":"2023-10-16T08:33:23+00:00","og_image":[{"url":"http:\/\/www.destrezasyvidaenelmedionatural.es\/wp-content\/uploads\/2023\/10\/Curso-talla-de-madera-1024x1024.jpeg"}],"author":"admin","twitter_card":"summary_large_image","twitter_creator":"@DestrezasyVida","twitter_site":"@DestrezasyVida","twitter_misc":{"Escrito por":"admin","Tiempo de lectura":"3 minutos"},"schema":{"@context":"https:\/\/schema.org","@graph":[{"@type":"Article","@id":"https:\/\/www.destrezasyvidaenelmedionatural.es\/index.php\/2023\/10\/16\/aprende-a-tallar-madera-con-cuchillo-en-un-curso-de-un-dia-en-plena-naturaleza-11-noviembre\/#article","isPartOf":{"@id":"https:\/\/www.destrezasyvidaenelmedionatural.es\/index.php\/2023\/10\/16\/aprende-a-tallar-madera-con-cuchillo-en-un-curso-de-un-dia-en-plena-naturaleza-11-noviembre\/"},"author":{"name":"admin","@id":"https:\/\/www.destrezasyvidaenelmedionatural.es\/#\/schema\/person\/05ac69635d864d75006df0853eb7afd3"},"headline":"Aprende a tallar madera con cuchillo en un curso de un d\u00eda en plena naturaleza 11 noviembre","datePublished":"2023-10-16T08:33:22+00:00","dateModified":"2023-10-16T08:33:23+00:00","mainEntityOfPage":{"@id":"https:\/\/www.destrezasyvidaenelmedionatural.es\/index.php\/2023\/10\/16\/aprende-a-tallar-madera-con-cuchillo-en-un-curso-de-un-dia-en-plena-naturaleza-11-noviembre\/"},"wordCount":637,"commentCount":0,"publisher":{"@id":"https:\/\/www.destrezasyvidaenelmedionatural.es\/#\/schema\/person\/05ac69635d864d75006df0853eb7afd3"},"image":{"@id":"https:\/\/www.destrezasyvidaenelmedionatural.es\/index.php\/2023\/10\/16\/aprende-a-tallar-madera-con-cuchillo-en-un-curso-de-un-dia-en-plena-naturaleza-11-noviembre\/#primaryimage"},"thumbnailUrl":"http:\/\/www.destrezasyvidaenelmedionatural.es\/wp-content\/uploads\/2023\/10\/Curso-talla-de-madera-1024x1024.jpeg","articleSection":["Blog"],"inLanguage":"es","potentialAction":[{"@type":"CommentAction","name":"Comment","target":["https:\/\/www.destrezasyvidaenelmedionatural.es\/index.php\/2023\/10\/16\/aprende-a-tallar-madera-con-cuchillo-en-un-curso-de-un-dia-en-plena-naturaleza-11-noviembre\/#respond"]}]},{"@type":"WebPage","@id":"https:\/\/www.destrezasyvidaenelmedionatural.es\/index.php\/2023\/10\/16\/aprende-a-tallar-madera-con-cuchillo-en-un-curso-de-un-dia-en-plena-naturaleza-11-noviembre\/","url":"https:\/\/www.destrezasyvidaenelmedionatural.es\/index.php\/2023\/10\/16\/aprende-a-tallar-madera-con-cuchillo-en-un-curso-de-un-dia-en-plena-naturaleza-11-noviembre\/","name":"Aprende a tallar madera con cuchillo en un curso de un d\u00eda en plena naturaleza 11 noviembre - Destrezas y Vida en el Medio Natural","isPartOf":{"@id":"https:\/\/www.destrezasyvidaenelmedionatural.es\/#website"},"primaryImageOfPage":{"@id":"https:\/\/www.destrezasyvidaenelmedionatural.es\/index.php\/2023\/10\/16\/aprende-a-tallar-madera-con-cuchillo-en-un-curso-de-un-dia-en-plena-naturaleza-11-noviembre\/#primaryimage"},"image":{"@id":"https:\/\/www.destrezasyvidaenelmedionatural.es\/index.php\/2023\/10\/16\/aprende-a-tallar-madera-con-cuchillo-en-un-curso-de-un-dia-en-plena-naturaleza-11-noviembre\/#primaryimage"},"thumbnailUrl":"http:\/\/www.destrezasyvidaenelmedionatural.es\/wp-content\/uploads\/2023\/10\/Curso-talla-de-madera-1024x1024.jpeg","datePublished":"2023-10-16T08:33:22+00:00","dateModified":"2023-10-16T08:33:23+00:00","breadcrumb":{"@id":"https:\/\/www.destrezasyvidaenelmedionatural.es\/index.php\/2023\/10\/16\/aprende-a-tallar-madera-con-cuchillo-en-un-curso-de-un-dia-en-plena-naturaleza-11-noviembre\/#breadcrumb"},"inLanguage":"es","potentialAction":[{"@type":"ReadAction","target":["https:\/\/www.destrezasyvidaenelmedionatural.es\/index.php\/2023\/10\/16\/aprende-a-tallar-madera-con-cuchillo-en-un-curso-de-un-dia-en-plena-naturaleza-11-noviembre\/"]}]},{"@type":"ImageObject","inLanguage":"es","@id":"https:\/\/www.destrezasyvidaenelmedionatural.es\/index.php\/2023\/10\/16\/aprende-a-tallar-madera-con-cuchillo-en-un-curso-de-un-dia-en-plena-naturaleza-11-noviembre\/#primaryimage","url":"https:\/\/www.destrezasyvidaenelmedionatural.es\/wp-content\/uploads\/2023\/10\/Curso-talla-de-madera.jpeg","contentUrl":"https:\/\/www.destrezasyvidaenelmedionatural.es\/wp-content\/uploads\/2023\/10\/Curso-talla-de-madera.jpeg","width":1080,"height":1080},{"@type":"BreadcrumbList","@id":"https:\/\/www.destrezasyvidaenelmedionatural.es\/index.php\/2023\/10\/16\/aprende-a-tallar-madera-con-cuchillo-en-un-curso-de-un-dia-en-plena-naturaleza-11-noviembre\/#breadcrumb","itemListElement":[{"@type":"ListItem","position":1,"name":"Portada","item":"https:\/\/www.destrezasyvidaenelmedionatural.es\/"},{"@type":"ListItem","position":2,"name":"Aprende a tallar madera con cuchillo en un curso de un d\u00eda en plena naturaleza 11 noviembre"}]},{"@type":"WebSite","@id":"https:\/\/www.destrezasyvidaenelmedionatural.es\/#website","url":"https:\/\/www.destrezasyvidaenelmedionatural.es\/","name":"Destrezas y Vida en el Medio Natural","description":"El sitio web Destrezas y Vida en el Medio Natural es un recurso excelente para cualquiera que quiera aprender sobre la naturaleza y c\u00f3mo interactuar con ella de manera segura y respetuosa.","publisher":{"@id":"https:\/\/www.destrezasyvidaenelmedionatural.es\/#\/schema\/person\/05ac69635d864d75006df0853eb7afd3"},"potentialAction":[{"@type":"SearchAction","target":{"@type":"EntryPoint","urlTemplate":"https:\/\/www.destrezasyvidaenelmedionatural.es\/?s={search_term_string}"},"query-input":{"@type":"PropertyValueSpecification","valueRequired":true,"valueName":"search_term_string"}}],"inLanguage":"es"},{"@type":["Person","Organization"],"@id":"https:\/\/www.destrezasyvidaenelmedionatural.es\/#\/schema\/person\/05ac69635d864d75006df0853eb7afd3","name":"admin","image":{"@type":"ImageObject","inLanguage":"es","@id":"https:\/\/www.destrezasyvidaenelmedionatural.es\/#\/schema\/person\/image\/","url":"https:\/\/www.destrezasyvidaenelmedionatural.es\/wp-content\/uploads\/2021\/08\/cropped-SIN-FONDO-PRUEBA1.png","contentUrl":"https:\/\/www.destrezasyvidaenelmedionatural.es\/wp-content\/uploads\/2021\/08\/cropped-SIN-FONDO-PRUEBA1.png","width":351,"height":349,"caption":"admin"},"logo":{"@id":"https:\/\/www.destrezasyvidaenelmedionatural.es\/#\/schema\/person\/image\/"},"sameAs":["http:\/\/www.destrezasyvidaenelmedionatural.es","https:\/\/www.facebook.com\/Destrezas.y.Vida.en.el.Medio.Natural","https:\/\/www.instagram.com\/destrezasyvidamn\/"],"url":"https:\/\/www.destrezasyvidaenelmedionatural.es\/index.php\/author\/admin\/"}]}},"_links":{"self":[{"href":"https:\/\/www.destrezasyvidaenelmedionatural.es\/index.php\/wp-json\/wp\/v2\/posts\/1881","targetHints":{"allow":["GET"]}}],"collection":[{"href":"https:\/\/www.destrezasyvidaenelmedionatural.es\/index.php\/wp-json\/wp\/v2\/posts"}],"about":[{"href":"https:\/\/www.destrezasyvidaenelmedionatural.es\/index.php\/wp-json\/wp\/v2\/types\/post"}],"author":[{"embeddable":true,"href":"https:\/\/www.destrezasyvidaenelmedionatural.es\/index.php\/wp-json\/wp\/v2\/users\/1"}],"replies":[{"embeddable":true,"href":"https:\/\/www.destrezasyvidaenelmedionatural.es\/index.php\/wp-json\/wp\/v2\/comments?post=1881"}],"version-history":[{"count":1,"href":"https:\/\/www.destrezasyvidaenelmedionatural.es\/index.php\/wp-json\/wp\/v2\/posts\/1881\/revisions"}],"predecessor-version":[{"id":1892,"href":"https:\/\/www.destrezasyvidaenelmedionatural.es\/index.php\/wp-json\/wp\/v2\/posts\/1881\/revisions\/1892"}],"wp:attachment":[{"href":"https:\/\/www.destrezasyvidaenelmedionatural.es\/index.php\/wp-json\/wp\/v2\/media?parent=1881"}],"wp:term":[{"taxonomy":"category","embeddable":true,"href":"https:\/\/www.destrezasyvidaenelmedionatural.es\/index.php\/wp-json\/wp\/v2\/categories?post=1881"},{"taxonomy":"post_tag","embeddable":true,"href":"https:\/\/www.destrezasyvidaenelmedionatural.es\/index.php\/wp-json\/wp\/v2\/tags?post=1881"}],"curies":[{"name":"wp","href":"https:\/\/api.w.org\/{rel}","templated":true}]}}