{"id":1899,"date":"2023-10-24T17:07:24","date_gmt":"2023-10-24T17:07:24","guid":{"rendered":"https:\/\/www.destrezasyvidaenelmedionatural.es\/?p=1899"},"modified":"2023-10-24T17:07:24","modified_gmt":"2023-10-24T17:07:24","slug":"ana-pastor-analiza-la-preparacion-de-espana-para-catastrofes-naturales-en-su-nuevo-programa","status":"publish","type":"post","link":"https:\/\/www.destrezasyvidaenelmedionatural.es\/index.php\/2023\/10\/24\/ana-pastor-analiza-la-preparacion-de-espana-para-catastrofes-naturales-en-su-nuevo-programa\/","title":{"rendered":"Ana Pastor analiza la preparaci\u00f3n de Espa\u00f1a para cat\u00e1strofes naturales en su nuevo programa"},"content":{"rendered":"\n<p>Fuente noticia original: <a href=\"https:\/\/www.elespanol.com\/bluper\/20230920\/ana-pastor-prepara-gabinete-crisis-nuevo-proyecto-lasexta-cancelacion-objetivo\/795920778_0.html\">Ana Pastor prepara &#8216;Gabinete de crisis&#8217;, su nuevo proyecto en laSexta tras la cancelaci\u00f3n de &#8216;El objetivo&#8217;<\/a><\/p>\n\n\n\n<p><strong>Resumiendo la noticia:<\/strong> Ana Pastor, periodista y presentadora de televisi\u00f3n, prepara un nuevo programa para la Sexta titulado <strong>Gabinete de crisis<\/strong>. El espacio, que se estrenar\u00e1 en este \u00faltimo trimestre del a\u00f1o, ser\u00e1 una serie documental de seis episodios en la que se analizar\u00e1 c\u00f3mo de preparada est\u00e1 Espa\u00f1a para posibles cat\u00e1strofes naturales.<\/p>\n\n\n\n<p>En cada entrega, se estudiar\u00e1 un caso hipot\u00e9tico de cat\u00e1strofe, como un terremoto, una pandemia o una crisis clim\u00e1tica. Para ello, se contar\u00e1 con la opini\u00f3n de expertos en materias de ciencia, geopol\u00edtica o salud.<\/p>\n\n\n\n<p>Adem\u00e1s de ver si Espa\u00f1a est\u00e1 preparada para diferentes desastres, se har\u00e1 una comparativa de c\u00f3mo de prevenida est\u00e1 frente a otros pa\u00edses.<\/p>\n\n\n\n<p>Se trata de la gran vuelta de Ana Pastor a la peque\u00f1a pantalla tras la cancelaci\u00f3n de su anterior programa, <strong>El Objetivo<\/strong>.<\/p>\n\n\n\n<p><strong>Detalles del programa<\/strong><\/p>\n\n\n\n<ul class=\"wp-block-list\">\n<li><strong>Formato:<\/strong>&nbsp;Serie documental de seis episodios<\/li>\n\n\n\n<li><strong>Tema:<\/strong>&nbsp;Preparaci\u00f3n de Espa\u00f1a para cat\u00e1strofes naturales<\/li>\n\n\n\n<li><strong>Equipo:<\/strong>&nbsp;Ana Pastor (presentadora), Newtral (productora)<\/li>\n\n\n\n<li><strong>Fecha de estreno:<\/strong>&nbsp;\u00daltimo trimestre de 2023<\/li>\n<\/ul>\n\n\n\n<p><strong>Objetivos del programa<\/strong><\/p>\n\n\n\n<ul class=\"wp-block-list\">\n<li>Analizar c\u00f3mo de preparada est\u00e1 Espa\u00f1a para posibles cat\u00e1strofes naturales<\/li>\n\n\n\n<li>Comparar la preparaci\u00f3n de Espa\u00f1a con la de otros pa\u00edses<\/li>\n\n\n\n<li>Concienciar a la poblaci\u00f3n sobre los riesgos de las cat\u00e1strofes naturales<\/li>\n<\/ul>\n\n\n\n<p><strong>Impacto esperado<\/strong><\/p>\n\n\n\n<ul class=\"wp-block-list\">\n<li>El programa podr\u00eda contribuir a mejorar la preparaci\u00f3n de Espa\u00f1a para cat\u00e1strofes naturales<\/li>\n\n\n\n<li>Podr\u00eda concienciar a la poblaci\u00f3n sobre los riesgos de las cat\u00e1strofes naturales<\/li>\n\n\n\n<li>Podr\u00eda generar un debate p\u00fablico sobre la importancia de la prevenci\u00f3n de cat\u00e1strofes<\/li>\n<\/ul>\n\n\n\n<p>En Destrezas y Vida en el Medio Natural hemos investigado sobre \u00bfC\u00f3mo de preparada est\u00e1 Espa\u00f1a para posibles cat\u00e1strofes naturales? pero antes \u00bfCu\u00e1les son los riesgo de cat\u00e1strofes naturales posibles en Espa\u00f1a?<\/p>\n\n\n\n<p>Espa\u00f1a es un pa\u00eds con un alto riesgo de cat\u00e1strofes naturales, debido a su ubicaci\u00f3n geogr\u00e1fica y a su clima. Est\u00e1 expuesta a diversos riesgos naturales, como terremotos, inundaciones, incendios forestales y sequ\u00edas. La preparaci\u00f3n implica identificar estas amenazas y tomar medidas para mitigar sus efectos. Los principales tipos de cat\u00e1strofes naturales que pueden afectar a Espa\u00f1a son:<\/p>\n\n\n\n<ul class=\"wp-block-list\">\n<li><strong>Terremotos:<\/strong>&nbsp;Espa\u00f1a se encuentra en una zona de alta actividad s\u00edsmica, especialmente en la zona de Levante y en las Islas Canarias.<\/li>\n\n\n\n<li><strong>Inundaciones:<\/strong>&nbsp;Espa\u00f1a es un pa\u00eds con una gran red fluvial, lo que la hace vulnerable a inundaciones.<\/li>\n\n\n\n<li><strong>Incendios forestales:<\/strong>&nbsp;Espa\u00f1a tiene una gran superficie de bosques, lo que la hace vulnerable a incendios forestales.<\/li>\n\n\n\n<li><strong>Olas de calor:<\/strong>&nbsp;Espa\u00f1a es un pa\u00eds con un clima mediterr\u00e1neo, lo que la hace vulnerable a olas de calor.<\/li>\n\n\n\n<li><strong>Sequ\u00edas:<\/strong>&nbsp;Espa\u00f1a es un pa\u00eds con un clima mediterr\u00e1neo, lo que la hace vulnerable a sequ\u00edas.<\/li>\n<\/ul>\n\n\n\n<p>En los \u00faltimos a\u00f1os, Espa\u00f1a ha sufrido varios desastres naturales, como los terremotos de Lorca (2011) y de Granada (2022), las inundaciones de Valencia (2019) y de Catalu\u00f1a (2021), los incendios forestales de Catalu\u00f1a (2020) y de Extremadura (2022), las olas de calor de 2022 y 2023 y la sequ\u00eda de 2023.<\/p>\n\n\n\n<p>En respuesta a estos desastres, Espa\u00f1a ha desarrollado un sistema de protecci\u00f3n civil que incluye una serie de medidas de prevenci\u00f3n, mitigaci\u00f3n y respuesta.<\/p>\n\n\n\n<p>Ahora la pregunta es: <strong>\u00bfCu\u00e1les son las medidas de prevenci\u00f3n?<\/strong><\/p>\n\n\n\n<p><strong>Medidas de prevenci\u00f3n<\/strong><\/p>\n\n\n\n<p>Las medidas de prevenci\u00f3n tienen como objetivo reducir el riesgo de que se produzcan cat\u00e1strofes naturales. La construcci\u00f3n de edificios y estructuras resistentes a terremotos, la gesti\u00f3n de cuencas fluviales para prevenir inundaciones y la creaci\u00f3n de cortafuegos para evitar incendios forestales son ejemplos de medidas de infraestructura. Entre las medidas de prevenci\u00f3n m\u00e1s importantes se encuentran:<\/p>\n\n\n\n<ul class=\"wp-block-list\">\n<li><strong>Mapeo de riesgos:<\/strong>&nbsp;Espa\u00f1a dispone de un mapa de riesgos que identifica las zonas m\u00e1s vulnerables a cat\u00e1strofes naturales.<\/li>\n\n\n\n<li><strong>Normativa de construcci\u00f3n:<\/strong>&nbsp;La normativa de construcci\u00f3n espa\u00f1ola incluye medidas para reducir la vulnerabilidad de los edificios ante cat\u00e1strofes naturales.<\/li>\n\n\n\n<li><strong>Planificaci\u00f3n urban\u00edstica:<\/strong>&nbsp;La planificaci\u00f3n urban\u00edstica debe tener en cuenta los riesgos de cat\u00e1strofes naturales.<\/li>\n\n\n\n<li><strong>Educaci\u00f3n y sensibilizaci\u00f3n:<\/strong>&nbsp;Es importante educar a la poblaci\u00f3n sobre los riesgos de cat\u00e1strofes naturales y sobre c\u00f3mo actuar en caso de que se produzcan.<\/li>\n<\/ul>\n\n\n\n<p><strong>Medidas de mitigaci\u00f3n<\/strong><\/p>\n\n\n\n<p>Las medidas de mitigaci\u00f3n tienen como objetivo reducir el impacto de las cat\u00e1strofes naturales en caso de que se produzcan. Entre las medidas de mitigaci\u00f3n m\u00e1s importantes se encuentran:<\/p>\n\n\n\n<ul class=\"wp-block-list\">\n<li><strong>Infraestructuras de protecci\u00f3n:<\/strong>&nbsp;Espa\u00f1a dispone de una serie de infraestructuras de protecci\u00f3n, como presas, diques y sistemas de alerta temprana, que ayudan a reducir el impacto de las cat\u00e1strofes naturales.<\/li>\n\n\n\n<li><strong>Seguros:<\/strong>&nbsp;Los seguros pueden ayudar a proteger a las personas y a las empresas de los da\u00f1os econ\u00f3micos causados por las cat\u00e1strofes naturales.<\/li>\n\n\n\n<li><strong>Resiliencia:<\/strong>&nbsp;Es importante que las personas y las comunidades sean resilientes, es decir, que sean capaces de recuperarse de las cat\u00e1strofes naturales.<\/li>\n<\/ul>\n\n\n\n<p><strong>Medidas de respuesta<\/strong><\/p>\n\n\n\n<p>Las medidas de respuesta tienen como objetivo ayudar a las personas afectadas por cat\u00e1strofes naturales. Entre las medidas de respuesta m\u00e1s importantes se encuentran:<\/p>\n\n\n\n<ul class=\"wp-block-list\">\n<li><strong>Equipos de emergencia:<\/strong>&nbsp;Espa\u00f1a dispone de una red de equipos de emergencia que est\u00e1n preparados para actuar en caso de cat\u00e1strofes naturales.<\/li>\n\n\n\n<li><strong>Planificaci\u00f3n de emergencias:<\/strong>&nbsp;Espa\u00f1a dispone de planes de emergencias que establecen las acciones que se deben tomar en caso de cat\u00e1strofes naturales.<\/li>\n\n\n\n<li><strong>Asistencia humanitaria:<\/strong>&nbsp;En caso de cat\u00e1strofes naturales, las autoridades pueden proporcionar asistencia humanitaria a las personas afectadas.<\/li>\n<\/ul>\n\n\n\n<p>En general, Espa\u00f1a est\u00e1 bien preparada para hacer frente a cat\u00e1strofes naturales. Sin embargo, existen algunas \u00e1reas en las que se puede mejorar, como la coordinaci\u00f3n entre las diferentes instituciones responsables de la protecci\u00f3n civil, la inversi\u00f3n en infraestructuras de protecci\u00f3n y la educaci\u00f3n y sensibilizaci\u00f3n de la poblaci\u00f3n sobre los riesgos de cat\u00e1strofes naturales.<\/p>\n\n\n\n<p><strong>\u00bfQui\u00e9n Dirige la &#8216;Orquesta&#8217; en Medio de una Cat\u00e1strofe en Espa\u00f1a?<\/strong><\/p>\n\n\n\n<p>El \u00abGabinete de Crisis\u00bb en Espa\u00f1a es un \u00f3rgano o grupo de trabajo compuesto por distintos estamentos oficiales y expertos puede incluir representantes de otros organismos p\u00fablicos, como la Agencia Estatal de Meteorolog\u00eda, el Instituto Geogr\u00e1fico Nacional o la Direcci\u00f3n General de Tr\u00e1fico que se re\u00fanen para coordinar la respuesta y tomar decisiones en situaciones de emergencia o crisis, como desastres naturales, pandemias, incidentes graves, entre otros. Los componentes exactos del Gabinete de Crisis pueden variar seg\u00fan la naturaleza de la crisis y qui\u00e9n est\u00e9 en el poder en un momento dado. <\/p>\n\n\n\n<p>El gabinete de crisis se re\u00fane de forma peri\u00f3dica para analizar la situaci\u00f3n y tomar las decisiones necesarias para gestionar la emergencia. Tambi\u00e9n puede reunirse de forma extraordinaria en caso de que se produzca una cat\u00e1strofe o emergencia de gran magnitud.<\/p>\n\n\n\n<p>Las funciones del gabinete de crisis son las siguientes:<\/p>\n\n\n\n<ul class=\"wp-block-list\">\n<li><strong>Coordinar la respuesta a la emergencia.<\/strong><\/li>\n\n\n\n<li><strong>Establecer las prioridades de actuaci\u00f3n.<\/strong><\/li>\n\n\n\n<li><strong>Tomar las decisiones necesarias para la gesti\u00f3n de la emergencia.<\/strong><\/li>\n\n\n\n<li><strong>Informar a la poblaci\u00f3n sobre la situaci\u00f3n.<\/strong><\/li>\n<\/ul>\n\n\n\n<p>Por lo general, los estamentos oficiales que pueden estar involucrados en el Gabinete de Crisis incluyen:<\/p>\n\n\n\n<ol class=\"wp-block-list\">\n<li><strong>Gobierno Central:<\/strong> El Gobierno de Espa\u00f1a a trav\u00e9s de los ministros y departamentos relacionados puede ser parte del Gabinete de Crisis.<\/li>\n\n\n\n<li><strong>Gobiernos Auton\u00f3micos:<\/strong> Las Comunidades Aut\u00f3nomas de Espa\u00f1a pueden estar representadas en el Gabinete de Crisis, especialmente si la crisis afecta a una regi\u00f3n espec\u00edfica.<\/li>\n\n\n\n<li><strong>Ayuntamientos:<\/strong> Los ayuntamientos de \u00e1reas afectadas pueden estar involucrados para coordinar la respuesta a nivel local.<\/li>\n\n\n\n<li><strong>Fuerzas de Seguridad:<\/strong> La Polic\u00eda Nacional y la Guardia Civil, as\u00ed como las fuerzas policiales locales, pueden ser parte del Gabinete para garantizar la seguridad en situaciones de crisis.<\/li>\n\n\n\n<li><strong>Servicios de Emergencia:<\/strong> Los cuerpos de bomberos, servicios m\u00e9dicos de emergencia, y otros servicios de socorro pueden estar representados.<\/li>\n\n\n\n<li><strong>Cuerpos Militares:<\/strong> En situaciones de crisis graves, las fuerzas armadas pueden desempe\u00f1ar un papel importante en la respuesta y la gesti\u00f3n de la crisis.<\/li>\n\n\n\n<li><strong>Agencias de Protecci\u00f3n Civil:<\/strong> Estas agencias se dedican a la gesti\u00f3n de emergencias y la coordinaci\u00f3n de la respuesta en situaciones de crisis.<\/li>\n\n\n\n<li><strong>Expertos y Cient\u00edficos:<\/strong> Dependiendo de la naturaleza de la crisis, expertos en salud p\u00fablica, geolog\u00eda, climatolog\u00eda y otras disciplinas cient\u00edficas pueden ser consultados para proporcionar informaci\u00f3n y asesoramiento t\u00e9cnico.<\/li>\n<\/ol>\n\n\n\n<p>La composici\u00f3n exacta del Gabinete de Crisis puede variar seg\u00fan las circunstancias y la magnitud de la crisis. Su objetivo principal es coordinar esfuerzos, tomar decisiones efectivas y proporcionar direcci\u00f3n en situaciones de emergencia para garantizar la seguridad y el bienestar de la poblaci\u00f3n.<\/p>\n\n\n\n<p><strong>Impacto esperado del programa<\/strong><\/p>\n\n\n\n<p>El programa <strong>Gabinete de crisis<\/strong> podr\u00eda contribuir a mejorar la preparaci\u00f3n de Espa\u00f1a para cat\u00e1strofes naturales de varias maneras:<\/p>\n\n\n\n<ul class=\"wp-block-list\">\n<li><strong>Concientizaci\u00f3n:<\/strong>&nbsp;El programa podr\u00eda ayudar a concienciar a la poblaci\u00f3n sobre los riesgos de cat\u00e1strofes naturales y sobre c\u00f3mo actuar en caso de que se produzcan.<\/li>\n\n\n\n<li><strong>Debate p\u00fablico:<\/strong>&nbsp;El programa podr\u00eda generar un debate p\u00fablico sobre la importancia de la prevenci\u00f3n de cat\u00e1strofes.<\/li>\n\n\n\n<li><strong>Mejora de la coordinaci\u00f3n:<\/strong>&nbsp;El programa podr\u00eda contribuir a mejorar la coordinaci\u00f3n entre las diferentes instituciones responsables de la protecci\u00f3n civil.<\/li>\n\n\n\n<li><strong>Inversi\u00f3n en infraestructuras:<\/strong>\u00a0El programa podr\u00eda ayudar a promover la inversi\u00f3n en infraestructuras de protecci\u00f3n.<\/li>\n<\/ul>\n\n\n\n<p>En definitiva, el programa <strong>Gabinete de crisis<\/strong> podr\u00eda ser una herramienta valiosa para mejorar la preparaci\u00f3n de Espa\u00f1a para cat\u00e1strofes naturales.<\/p>\n","protected":false},"excerpt":{"rendered":"<p>Ana Pastor analiza la preparaci\u00f3n de Espa\u00f1a para cat\u00e1strofes naturales en su nuevo programa \u00abGabinete de crisis\u00bb<\/p>\n","protected":false},"author":1,"featured_media":1900,"comment_status":"open","ping_status":"open","sticky":false,"template":"","format":"standard","meta":{"episode_type":"","audio_file":"","cover_image":"","cover_image_id":"","duration":"","filesize":"","date_recorded":"","explicit":"","block":"","filesize_raw":"","footnotes":""},"categories":[8],"tags":[20,55,26],"class_list":["post-1899","post","type-post","status-publish","format-standard","has-post-thumbnail","hentry","category-blog","tag-consejosdesupervivencia","tag-curso-de-supervivencia","tag-supervivencia"],"yoast_head":"<!-- This site is optimized with the Yoast SEO plugin v23.8 - https:\/\/yoast.com\/wordpress\/plugins\/seo\/ -->\n<title>Ana Pastor analiza la preparaci\u00f3n de Espa\u00f1a para cat\u00e1strofes naturales en su nuevo programa - Destrezas y Vida en el Medio Natural<\/title>\n<meta name=\"robots\" content=\"index, follow, max-snippet:-1, max-image-preview:large, max-video-preview:-1\" \/>\n<link rel=\"canonical\" href=\"https:\/\/www.destrezasyvidaenelmedionatural.es\/index.php\/2023\/10\/24\/ana-pastor-analiza-la-preparacion-de-espana-para-catastrofes-naturales-en-su-nuevo-programa\/\" \/>\n<meta property=\"og:locale\" content=\"es_ES\" \/>\n<meta property=\"og:type\" content=\"article\" \/>\n<meta property=\"og:title\" content=\"Ana Pastor analiza la preparaci\u00f3n de Espa\u00f1a para cat\u00e1strofes naturales en su nuevo programa - Destrezas y Vida en el Medio Natural\" \/>\n<meta property=\"og:description\" content=\"Ana Pastor analiza la preparaci\u00f3n de Espa\u00f1a para cat\u00e1strofes naturales en su nuevo programa &quot;Gabinete de crisis&quot;\" \/>\n<meta property=\"og:url\" content=\"https:\/\/www.destrezasyvidaenelmedionatural.es\/index.php\/2023\/10\/24\/ana-pastor-analiza-la-preparacion-de-espana-para-catastrofes-naturales-en-su-nuevo-programa\/\" \/>\n<meta property=\"og:site_name\" content=\"Destrezas y Vida en el Medio Natural\" \/>\n<meta property=\"article:publisher\" content=\"https:\/\/www.facebook.com\/Destrezas.y.Vida.en.el.Medio.Natural\" \/>\n<meta property=\"article:author\" content=\"https:\/\/www.facebook.com\/Destrezas.y.Vida.en.el.Medio.Natural\" \/>\n<meta property=\"article:published_time\" content=\"2023-10-24T17:07:24+00:00\" \/>\n<meta property=\"og:image\" content=\"https:\/\/www.destrezasyvidaenelmedionatural.es\/wp-content\/uploads\/2023\/10\/bluper_288485919_169564941_1706x960.webp\" \/>\n\t<meta property=\"og:image:width\" content=\"1706\" \/>\n\t<meta property=\"og:image:height\" content=\"960\" \/>\n\t<meta property=\"og:image:type\" content=\"image\/webp\" \/>\n<meta name=\"author\" content=\"admin\" \/>\n<meta name=\"twitter:card\" content=\"summary_large_image\" \/>\n<meta name=\"twitter:creator\" content=\"@DestrezasyVida\" \/>\n<meta name=\"twitter:site\" content=\"@DestrezasyVida\" \/>\n<meta name=\"twitter:label1\" content=\"Escrito por\" \/>\n\t<meta name=\"twitter:data1\" content=\"admin\" \/>\n\t<meta name=\"twitter:label2\" content=\"Tiempo de lectura\" \/>\n\t<meta name=\"twitter:data2\" content=\"8 minutos\" \/>\n<script type=\"application\/ld+json\" class=\"yoast-schema-graph\">{\"@context\":\"https:\/\/schema.org\",\"@graph\":[{\"@type\":\"Article\",\"@id\":\"https:\/\/www.destrezasyvidaenelmedionatural.es\/index.php\/2023\/10\/24\/ana-pastor-analiza-la-preparacion-de-espana-para-catastrofes-naturales-en-su-nuevo-programa\/#article\",\"isPartOf\":{\"@id\":\"https:\/\/www.destrezasyvidaenelmedionatural.es\/index.php\/2023\/10\/24\/ana-pastor-analiza-la-preparacion-de-espana-para-catastrofes-naturales-en-su-nuevo-programa\/\"},\"author\":{\"name\":\"admin\",\"@id\":\"https:\/\/www.destrezasyvidaenelmedionatural.es\/#\/schema\/person\/05ac69635d864d75006df0853eb7afd3\"},\"headline\":\"Ana Pastor analiza la preparaci\u00f3n de Espa\u00f1a para cat\u00e1strofes naturales en su nuevo programa\",\"datePublished\":\"2023-10-24T17:07:24+00:00\",\"dateModified\":\"2023-10-24T17:07:24+00:00\",\"mainEntityOfPage\":{\"@id\":\"https:\/\/www.destrezasyvidaenelmedionatural.es\/index.php\/2023\/10\/24\/ana-pastor-analiza-la-preparacion-de-espana-para-catastrofes-naturales-en-su-nuevo-programa\/\"},\"wordCount\":1697,\"commentCount\":0,\"publisher\":{\"@id\":\"https:\/\/www.destrezasyvidaenelmedionatural.es\/#\/schema\/person\/05ac69635d864d75006df0853eb7afd3\"},\"image\":{\"@id\":\"https:\/\/www.destrezasyvidaenelmedionatural.es\/index.php\/2023\/10\/24\/ana-pastor-analiza-la-preparacion-de-espana-para-catastrofes-naturales-en-su-nuevo-programa\/#primaryimage\"},\"thumbnailUrl\":\"https:\/\/www.destrezasyvidaenelmedionatural.es\/wp-content\/uploads\/2023\/10\/bluper_288485919_169564941_1706x960.webp\",\"keywords\":[\"consejosdesupervivencia\",\"Curso de supervivencia\",\"Supervivencia\"],\"articleSection\":[\"Blog\"],\"inLanguage\":\"es\",\"potentialAction\":[{\"@type\":\"CommentAction\",\"name\":\"Comment\",\"target\":[\"https:\/\/www.destrezasyvidaenelmedionatural.es\/index.php\/2023\/10\/24\/ana-pastor-analiza-la-preparacion-de-espana-para-catastrofes-naturales-en-su-nuevo-programa\/#respond\"]}]},{\"@type\":\"WebPage\",\"@id\":\"https:\/\/www.destrezasyvidaenelmedionatural.es\/index.php\/2023\/10\/24\/ana-pastor-analiza-la-preparacion-de-espana-para-catastrofes-naturales-en-su-nuevo-programa\/\",\"url\":\"https:\/\/www.destrezasyvidaenelmedionatural.es\/index.php\/2023\/10\/24\/ana-pastor-analiza-la-preparacion-de-espana-para-catastrofes-naturales-en-su-nuevo-programa\/\",\"name\":\"Ana Pastor analiza la preparaci\u00f3n de Espa\u00f1a para cat\u00e1strofes naturales en su nuevo programa - Destrezas y Vida en el Medio Natural\",\"isPartOf\":{\"@id\":\"https:\/\/www.destrezasyvidaenelmedionatural.es\/#website\"},\"primaryImageOfPage\":{\"@id\":\"https:\/\/www.destrezasyvidaenelmedionatural.es\/index.php\/2023\/10\/24\/ana-pastor-analiza-la-preparacion-de-espana-para-catastrofes-naturales-en-su-nuevo-programa\/#primaryimage\"},\"image\":{\"@id\":\"https:\/\/www.destrezasyvidaenelmedionatural.es\/index.php\/2023\/10\/24\/ana-pastor-analiza-la-preparacion-de-espana-para-catastrofes-naturales-en-su-nuevo-programa\/#primaryimage\"},\"thumbnailUrl\":\"https:\/\/www.destrezasyvidaenelmedionatural.es\/wp-content\/uploads\/2023\/10\/bluper_288485919_169564941_1706x960.webp\",\"datePublished\":\"2023-10-24T17:07:24+00:00\",\"dateModified\":\"2023-10-24T17:07:24+00:00\",\"breadcrumb\":{\"@id\":\"https:\/\/www.destrezasyvidaenelmedionatural.es\/index.php\/2023\/10\/24\/ana-pastor-analiza-la-preparacion-de-espana-para-catastrofes-naturales-en-su-nuevo-programa\/#breadcrumb\"},\"inLanguage\":\"es\",\"potentialAction\":[{\"@type\":\"ReadAction\",\"target\":[\"https:\/\/www.destrezasyvidaenelmedionatural.es\/index.php\/2023\/10\/24\/ana-pastor-analiza-la-preparacion-de-espana-para-catastrofes-naturales-en-su-nuevo-programa\/\"]}]},{\"@type\":\"ImageObject\",\"inLanguage\":\"es\",\"@id\":\"https:\/\/www.destrezasyvidaenelmedionatural.es\/index.php\/2023\/10\/24\/ana-pastor-analiza-la-preparacion-de-espana-para-catastrofes-naturales-en-su-nuevo-programa\/#primaryimage\",\"url\":\"https:\/\/www.destrezasyvidaenelmedionatural.es\/wp-content\/uploads\/2023\/10\/bluper_288485919_169564941_1706x960.webp\",\"contentUrl\":\"https:\/\/www.destrezasyvidaenelmedionatural.es\/wp-content\/uploads\/2023\/10\/bluper_288485919_169564941_1706x960.webp\",\"width\":1706,\"height\":960},{\"@type\":\"BreadcrumbList\",\"@id\":\"https:\/\/www.destrezasyvidaenelmedionatural.es\/index.php\/2023\/10\/24\/ana-pastor-analiza-la-preparacion-de-espana-para-catastrofes-naturales-en-su-nuevo-programa\/#breadcrumb\",\"itemListElement\":[{\"@type\":\"ListItem\",\"position\":1,\"name\":\"Portada\",\"item\":\"https:\/\/www.destrezasyvidaenelmedionatural.es\/\"},{\"@type\":\"ListItem\",\"position\":2,\"name\":\"Ana Pastor analiza la preparaci\u00f3n de Espa\u00f1a para cat\u00e1strofes naturales en su nuevo programa\"}]},{\"@type\":\"WebSite\",\"@id\":\"https:\/\/www.destrezasyvidaenelmedionatural.es\/#website\",\"url\":\"https:\/\/www.destrezasyvidaenelmedionatural.es\/\",\"name\":\"Destrezas y Vida en el Medio Natural\",\"description\":\"El sitio web Destrezas y Vida en el Medio Natural es un recurso excelente para cualquiera que quiera aprender sobre la naturaleza y c\u00f3mo interactuar con ella de manera segura y respetuosa.\",\"publisher\":{\"@id\":\"https:\/\/www.destrezasyvidaenelmedionatural.es\/#\/schema\/person\/05ac69635d864d75006df0853eb7afd3\"},\"potentialAction\":[{\"@type\":\"SearchAction\",\"target\":{\"@type\":\"EntryPoint\",\"urlTemplate\":\"https:\/\/www.destrezasyvidaenelmedionatural.es\/?s={search_term_string}\"},\"query-input\":{\"@type\":\"PropertyValueSpecification\",\"valueRequired\":true,\"valueName\":\"search_term_string\"}}],\"inLanguage\":\"es\"},{\"@type\":[\"Person\",\"Organization\"],\"@id\":\"https:\/\/www.destrezasyvidaenelmedionatural.es\/#\/schema\/person\/05ac69635d864d75006df0853eb7afd3\",\"name\":\"admin\",\"image\":{\"@type\":\"ImageObject\",\"inLanguage\":\"es\",\"@id\":\"https:\/\/www.destrezasyvidaenelmedionatural.es\/#\/schema\/person\/image\/\",\"url\":\"https:\/\/www.destrezasyvidaenelmedionatural.es\/wp-content\/uploads\/2021\/08\/cropped-SIN-FONDO-PRUEBA1.png\",\"contentUrl\":\"https:\/\/www.destrezasyvidaenelmedionatural.es\/wp-content\/uploads\/2021\/08\/cropped-SIN-FONDO-PRUEBA1.png\",\"width\":351,\"height\":349,\"caption\":\"admin\"},\"logo\":{\"@id\":\"https:\/\/www.destrezasyvidaenelmedionatural.es\/#\/schema\/person\/image\/\"},\"sameAs\":[\"http:\/\/www.destrezasyvidaenelmedionatural.es\",\"https:\/\/www.facebook.com\/Destrezas.y.Vida.en.el.Medio.Natural\",\"https:\/\/www.instagram.com\/destrezasyvidamn\/\"],\"url\":\"https:\/\/www.destrezasyvidaenelmedionatural.es\/index.php\/author\/admin\/\"}]}<\/script>\n<!-- \/ Yoast SEO plugin. -->","yoast_head_json":{"title":"Ana Pastor analiza la preparaci\u00f3n de Espa\u00f1a para cat\u00e1strofes naturales en su nuevo programa - Destrezas y Vida en el Medio Natural","robots":{"index":"index","follow":"follow","max-snippet":"max-snippet:-1","max-image-preview":"max-image-preview:large","max-video-preview":"max-video-preview:-1"},"canonical":"https:\/\/www.destrezasyvidaenelmedionatural.es\/index.php\/2023\/10\/24\/ana-pastor-analiza-la-preparacion-de-espana-para-catastrofes-naturales-en-su-nuevo-programa\/","og_locale":"es_ES","og_type":"article","og_title":"Ana Pastor analiza la preparaci\u00f3n de Espa\u00f1a para cat\u00e1strofes naturales en su nuevo programa - Destrezas y Vida en el Medio Natural","og_description":"Ana Pastor analiza la preparaci\u00f3n de Espa\u00f1a para cat\u00e1strofes naturales en su nuevo programa \"Gabinete de crisis\"","og_url":"https:\/\/www.destrezasyvidaenelmedionatural.es\/index.php\/2023\/10\/24\/ana-pastor-analiza-la-preparacion-de-espana-para-catastrofes-naturales-en-su-nuevo-programa\/","og_site_name":"Destrezas y Vida en el Medio Natural","article_publisher":"https:\/\/www.facebook.com\/Destrezas.y.Vida.en.el.Medio.Natural","article_author":"https:\/\/www.facebook.com\/Destrezas.y.Vida.en.el.Medio.Natural","article_published_time":"2023-10-24T17:07:24+00:00","og_image":[{"width":1706,"height":960,"url":"https:\/\/www.destrezasyvidaenelmedionatural.es\/wp-content\/uploads\/2023\/10\/bluper_288485919_169564941_1706x960.webp","type":"image\/webp"}],"author":"admin","twitter_card":"summary_large_image","twitter_creator":"@DestrezasyVida","twitter_site":"@DestrezasyVida","twitter_misc":{"Escrito por":"admin","Tiempo de lectura":"8 minutos"},"schema":{"@context":"https:\/\/schema.org","@graph":[{"@type":"Article","@id":"https:\/\/www.destrezasyvidaenelmedionatural.es\/index.php\/2023\/10\/24\/ana-pastor-analiza-la-preparacion-de-espana-para-catastrofes-naturales-en-su-nuevo-programa\/#article","isPartOf":{"@id":"https:\/\/www.destrezasyvidaenelmedionatural.es\/index.php\/2023\/10\/24\/ana-pastor-analiza-la-preparacion-de-espana-para-catastrofes-naturales-en-su-nuevo-programa\/"},"author":{"name":"admin","@id":"https:\/\/www.destrezasyvidaenelmedionatural.es\/#\/schema\/person\/05ac69635d864d75006df0853eb7afd3"},"headline":"Ana Pastor analiza la preparaci\u00f3n de Espa\u00f1a para cat\u00e1strofes naturales en su nuevo programa","datePublished":"2023-10-24T17:07:24+00:00","dateModified":"2023-10-24T17:07:24+00:00","mainEntityOfPage":{"@id":"https:\/\/www.destrezasyvidaenelmedionatural.es\/index.php\/2023\/10\/24\/ana-pastor-analiza-la-preparacion-de-espana-para-catastrofes-naturales-en-su-nuevo-programa\/"},"wordCount":1697,"commentCount":0,"publisher":{"@id":"https:\/\/www.destrezasyvidaenelmedionatural.es\/#\/schema\/person\/05ac69635d864d75006df0853eb7afd3"},"image":{"@id":"https:\/\/www.destrezasyvidaenelmedionatural.es\/index.php\/2023\/10\/24\/ana-pastor-analiza-la-preparacion-de-espana-para-catastrofes-naturales-en-su-nuevo-programa\/#primaryimage"},"thumbnailUrl":"https:\/\/www.destrezasyvidaenelmedionatural.es\/wp-content\/uploads\/2023\/10\/bluper_288485919_169564941_1706x960.webp","keywords":["consejosdesupervivencia","Curso de supervivencia","Supervivencia"],"articleSection":["Blog"],"inLanguage":"es","potentialAction":[{"@type":"CommentAction","name":"Comment","target":["https:\/\/www.destrezasyvidaenelmedionatural.es\/index.php\/2023\/10\/24\/ana-pastor-analiza-la-preparacion-de-espana-para-catastrofes-naturales-en-su-nuevo-programa\/#respond"]}]},{"@type":"WebPage","@id":"https:\/\/www.destrezasyvidaenelmedionatural.es\/index.php\/2023\/10\/24\/ana-pastor-analiza-la-preparacion-de-espana-para-catastrofes-naturales-en-su-nuevo-programa\/","url":"https:\/\/www.destrezasyvidaenelmedionatural.es\/index.php\/2023\/10\/24\/ana-pastor-analiza-la-preparacion-de-espana-para-catastrofes-naturales-en-su-nuevo-programa\/","name":"Ana Pastor analiza la preparaci\u00f3n de Espa\u00f1a para cat\u00e1strofes naturales en su nuevo programa - Destrezas y Vida en el Medio Natural","isPartOf":{"@id":"https:\/\/www.destrezasyvidaenelmedionatural.es\/#website"},"primaryImageOfPage":{"@id":"https:\/\/www.destrezasyvidaenelmedionatural.es\/index.php\/2023\/10\/24\/ana-pastor-analiza-la-preparacion-de-espana-para-catastrofes-naturales-en-su-nuevo-programa\/#primaryimage"},"image":{"@id":"https:\/\/www.destrezasyvidaenelmedionatural.es\/index.php\/2023\/10\/24\/ana-pastor-analiza-la-preparacion-de-espana-para-catastrofes-naturales-en-su-nuevo-programa\/#primaryimage"},"thumbnailUrl":"https:\/\/www.destrezasyvidaenelmedionatural.es\/wp-content\/uploads\/2023\/10\/bluper_288485919_169564941_1706x960.webp","datePublished":"2023-10-24T17:07:24+00:00","dateModified":"2023-10-24T17:07:24+00:00","breadcrumb":{"@id":"https:\/\/www.destrezasyvidaenelmedionatural.es\/index.php\/2023\/10\/24\/ana-pastor-analiza-la-preparacion-de-espana-para-catastrofes-naturales-en-su-nuevo-programa\/#breadcrumb"},"inLanguage":"es","potentialAction":[{"@type":"ReadAction","target":["https:\/\/www.destrezasyvidaenelmedionatural.es\/index.php\/2023\/10\/24\/ana-pastor-analiza-la-preparacion-de-espana-para-catastrofes-naturales-en-su-nuevo-programa\/"]}]},{"@type":"ImageObject","inLanguage":"es","@id":"https:\/\/www.destrezasyvidaenelmedionatural.es\/index.php\/2023\/10\/24\/ana-pastor-analiza-la-preparacion-de-espana-para-catastrofes-naturales-en-su-nuevo-programa\/#primaryimage","url":"https:\/\/www.destrezasyvidaenelmedionatural.es\/wp-content\/uploads\/2023\/10\/bluper_288485919_169564941_1706x960.webp","contentUrl":"https:\/\/www.destrezasyvidaenelmedionatural.es\/wp-content\/uploads\/2023\/10\/bluper_288485919_169564941_1706x960.webp","width":1706,"height":960},{"@type":"BreadcrumbList","@id":"https:\/\/www.destrezasyvidaenelmedionatural.es\/index.php\/2023\/10\/24\/ana-pastor-analiza-la-preparacion-de-espana-para-catastrofes-naturales-en-su-nuevo-programa\/#breadcrumb","itemListElement":[{"@type":"ListItem","position":1,"name":"Portada","item":"https:\/\/www.destrezasyvidaenelmedionatural.es\/"},{"@type":"ListItem","position":2,"name":"Ana Pastor analiza la preparaci\u00f3n de Espa\u00f1a para cat\u00e1strofes naturales en su nuevo programa"}]},{"@type":"WebSite","@id":"https:\/\/www.destrezasyvidaenelmedionatural.es\/#website","url":"https:\/\/www.destrezasyvidaenelmedionatural.es\/","name":"Destrezas y Vida en el Medio Natural","description":"El sitio web Destrezas y Vida en el Medio Natural es un recurso excelente para cualquiera que quiera aprender sobre la naturaleza y c\u00f3mo interactuar con ella de manera segura y respetuosa.","publisher":{"@id":"https:\/\/www.destrezasyvidaenelmedionatural.es\/#\/schema\/person\/05ac69635d864d75006df0853eb7afd3"},"potentialAction":[{"@type":"SearchAction","target":{"@type":"EntryPoint","urlTemplate":"https:\/\/www.destrezasyvidaenelmedionatural.es\/?s={search_term_string}"},"query-input":{"@type":"PropertyValueSpecification","valueRequired":true,"valueName":"search_term_string"}}],"inLanguage":"es"},{"@type":["Person","Organization"],"@id":"https:\/\/www.destrezasyvidaenelmedionatural.es\/#\/schema\/person\/05ac69635d864d75006df0853eb7afd3","name":"admin","image":{"@type":"ImageObject","inLanguage":"es","@id":"https:\/\/www.destrezasyvidaenelmedionatural.es\/#\/schema\/person\/image\/","url":"https:\/\/www.destrezasyvidaenelmedionatural.es\/wp-content\/uploads\/2021\/08\/cropped-SIN-FONDO-PRUEBA1.png","contentUrl":"https:\/\/www.destrezasyvidaenelmedionatural.es\/wp-content\/uploads\/2021\/08\/cropped-SIN-FONDO-PRUEBA1.png","width":351,"height":349,"caption":"admin"},"logo":{"@id":"https:\/\/www.destrezasyvidaenelmedionatural.es\/#\/schema\/person\/image\/"},"sameAs":["http:\/\/www.destrezasyvidaenelmedionatural.es","https:\/\/www.facebook.com\/Destrezas.y.Vida.en.el.Medio.Natural","https:\/\/www.instagram.com\/destrezasyvidamn\/"],"url":"https:\/\/www.destrezasyvidaenelmedionatural.es\/index.php\/author\/admin\/"}]}},"_links":{"self":[{"href":"https:\/\/www.destrezasyvidaenelmedionatural.es\/index.php\/wp-json\/wp\/v2\/posts\/1899","targetHints":{"allow":["GET"]}}],"collection":[{"href":"https:\/\/www.destrezasyvidaenelmedionatural.es\/index.php\/wp-json\/wp\/v2\/posts"}],"about":[{"href":"https:\/\/www.destrezasyvidaenelmedionatural.es\/index.php\/wp-json\/wp\/v2\/types\/post"}],"author":[{"embeddable":true,"href":"https:\/\/www.destrezasyvidaenelmedionatural.es\/index.php\/wp-json\/wp\/v2\/users\/1"}],"replies":[{"embeddable":true,"href":"https:\/\/www.destrezasyvidaenelmedionatural.es\/index.php\/wp-json\/wp\/v2\/comments?post=1899"}],"version-history":[{"count":1,"href":"https:\/\/www.destrezasyvidaenelmedionatural.es\/index.php\/wp-json\/wp\/v2\/posts\/1899\/revisions"}],"predecessor-version":[{"id":1901,"href":"https:\/\/www.destrezasyvidaenelmedionatural.es\/index.php\/wp-json\/wp\/v2\/posts\/1899\/revisions\/1901"}],"wp:featuredmedia":[{"embeddable":true,"href":"https:\/\/www.destrezasyvidaenelmedionatural.es\/index.php\/wp-json\/wp\/v2\/media\/1900"}],"wp:attachment":[{"href":"https:\/\/www.destrezasyvidaenelmedionatural.es\/index.php\/wp-json\/wp\/v2\/media?parent=1899"}],"wp:term":[{"taxonomy":"category","embeddable":true,"href":"https:\/\/www.destrezasyvidaenelmedionatural.es\/index.php\/wp-json\/wp\/v2\/categories?post=1899"},{"taxonomy":"post_tag","embeddable":true,"href":"https:\/\/www.destrezasyvidaenelmedionatural.es\/index.php\/wp-json\/wp\/v2\/tags?post=1899"}],"curies":[{"name":"wp","href":"https:\/\/api.w.org\/{rel}","templated":true}]}}