{"id":2023,"date":"2024-01-22T11:35:44","date_gmt":"2024-01-22T11:35:44","guid":{"rendered":"https:\/\/www.destrezasyvidaenelmedionatural.es\/?p=2023"},"modified":"2024-01-22T11:35:45","modified_gmt":"2024-01-22T11:35:45","slug":"hornear-pan-en-la-naturaleza-un-festin-para-los-sentidos","status":"publish","type":"post","link":"https:\/\/www.destrezasyvidaenelmedionatural.es\/index.php\/2024\/01\/22\/hornear-pan-en-la-naturaleza-un-festin-para-los-sentidos\/","title":{"rendered":"Hornear Pan en la Naturaleza: Un Fest\u00edn para los Sentidos"},"content":{"rendered":"\n<p>En la vor\u00e1gine del mundo moderno, la simpleza de hornear pan en plena naturaleza se presenta como una experiencia que va m\u00e1s all\u00e1 de la cocina tradicional. Un fest\u00edn para los sentidos, donde la magia de la elaboraci\u00f3n del pan se encuentra con la autenticidad de la vida al aire libre, creando una conexi\u00f3n profunda con la esencia misma de la existencia.<\/p>\n\n\n\n<figure class=\"wp-block-image size-large is-resized\"><img fetchpriority=\"high\" decoding=\"async\" width=\"768\" height=\"1024\" src=\"https:\/\/www.destrezasyvidaenelmedionatural.es\/wp-content\/uploads\/2024\/01\/IMG_20230930_110233-768x1024.jpg\" alt=\"\" class=\"wp-image-2024\" style=\"width:391px;height:auto\" srcset=\"https:\/\/www.destrezasyvidaenelmedionatural.es\/wp-content\/uploads\/2024\/01\/IMG_20230930_110233-768x1024.jpg 768w, https:\/\/www.destrezasyvidaenelmedionatural.es\/wp-content\/uploads\/2024\/01\/IMG_20230930_110233-225x300.jpg 225w, https:\/\/www.destrezasyvidaenelmedionatural.es\/wp-content\/uploads\/2024\/01\/IMG_20230930_110233-1152x1536.jpg 1152w, https:\/\/www.destrezasyvidaenelmedionatural.es\/wp-content\/uploads\/2024\/01\/IMG_20230930_110233-1536x2048.jpg 1536w, https:\/\/www.destrezasyvidaenelmedionatural.es\/wp-content\/uploads\/2024\/01\/IMG_20230930_110233-scaled.jpg 1920w\" sizes=\"(max-width: 768px) 100vw, 768px\" \/><\/figure>\n\n\n\n<h3 class=\"wp-block-heading\">Sumergi\u00e9ndonos en la Naturaleza<\/h3>\n\n\n\n<p>Imag\u00ednate en un claro ba\u00f1ado por la c\u00e1lida luz del sol, rodeado por la sinfon\u00eda de la naturaleza. Este es el escenario perfecto para nuestra odisea culinaria, donde el aroma a madera quem\u00e1ndose se mezcla con la frescura del bosque, preparando el escenario para una experiencia \u00fanica.<\/p>\n\n\n\n<figure class=\"wp-block-image size-large is-resized\"><img decoding=\"async\" width=\"1024\" height=\"682\" src=\"https:\/\/www.destrezasyvidaenelmedionatural.es\/wp-content\/uploads\/2024\/01\/146446219_2877903199088736_7928202932558925389_n-1024x682.jpg\" alt=\"\" class=\"wp-image-2025\" style=\"width:508px;height:auto\" srcset=\"https:\/\/www.destrezasyvidaenelmedionatural.es\/wp-content\/uploads\/2024\/01\/146446219_2877903199088736_7928202932558925389_n-1024x682.jpg 1024w, https:\/\/www.destrezasyvidaenelmedionatural.es\/wp-content\/uploads\/2024\/01\/146446219_2877903199088736_7928202932558925389_n-300x200.jpg 300w, https:\/\/www.destrezasyvidaenelmedionatural.es\/wp-content\/uploads\/2024\/01\/146446219_2877903199088736_7928202932558925389_n-768x512.jpg 768w, https:\/\/www.destrezasyvidaenelmedionatural.es\/wp-content\/uploads\/2024\/01\/146446219_2877903199088736_7928202932558925389_n-1536x1024.jpg 1536w, https:\/\/www.destrezasyvidaenelmedionatural.es\/wp-content\/uploads\/2024\/01\/146446219_2877903199088736_7928202932558925389_n.jpg 2033w\" sizes=\"(max-width: 1024px) 100vw, 1024px\" \/><\/figure>\n\n\n\n<h3 class=\"wp-block-heading\">El Aliado Perfecto: Horno Holand\u00e9s de Petromax<\/h3>\n\n\n\n<p>En este viaje gastron\u00f3mico, nuestro compa\u00f1ero es el horno holand\u00e9s de Petromax, una obra maestra moderna que nos permite controlar la temperatura con precisi\u00f3n. Este aliado se convierte en el puente entre la tradici\u00f3n y la eficiencia, esencial para lograr un pan dorado y esponjoso en el entorno natural.<\/p>\n\n\n\n<h3 class=\"wp-block-heading\">Conexi\u00f3n con la Tradici\u00f3n y la Naturaleza<\/h3>\n\n\n\n<p>Desde la elecci\u00f3n cuidadosa del lugar hasta la mezcla de ingredientes con utensilios de madera de olivo, cada paso es una reverencia a la maestr\u00eda de tiempos antiguos. La madera tibia al tacto nos conecta con la simplicidad y la conexi\u00f3n con los elementos b\u00e1sicos, siguiendo los pasos de aquellos que vivieron en la frontera del siglo XVII.<\/p>\n\n\n\n<h3 class=\"wp-block-heading\">Una Danza Culinaria en la Naturaleza<\/h3>\n\n\n\n<p>La masa, amasada con paciencia y cuidado, reposa mientras el bosque a nuestro alrededor se llena con los sonidos crepitantes del fuego. La fragancia del pan reci\u00e9n horneado se mezcla con el aire, creando una experiencia sensorial que nos acerca m\u00e1s a la esencia de la cocina al aire libre.<\/p>\n\n\n\n<h3 class=\"wp-block-heading\">Celebrando la Conexi\u00f3n y la Compa\u00f1\u00eda<\/h3>\n\n\n\n<p>Cuando retiramos el pan dorado y crujiente del horno, celebramos m\u00e1s que la culminaci\u00f3n de un proceso culinario. Nos reunimos alrededor del fuego, compartimos risas y disfrutamos del pan con mantequilla y miel, conect\u00e1ndonos con la esencia de la exploraci\u00f3n y la camarader\u00eda.<\/p>\n\n\n\n<h3 class=\"wp-block-heading\">Un Recordatorio Tangible de la Riqueza Natural<\/h3>\n\n\n\n<p>Cada bocado de este pan, horneado en medio de un bosque encantado, es m\u00e1s que alimento; es un recordatorio tangible de la riqueza que se encuentra al cocinar con fuego de le\u00f1a y utensilios tradicionales en la naturaleza. Es un testimonio de la conexi\u00f3n profunda con la tradici\u00f3n y la naturaleza que hemos cultivado.<\/p>\n\n\n\n<h3 class=\"wp-block-heading\">Inspiraci\u00f3n para la Vida al Aire Libre<\/h3>\n\n\n\n<p>En este viaje culinario, tejemos juntos la magia de la historia, la destreza moderna y la belleza simple de la vida al aire libre. Cada bocado de este pan es un testimonio de la riqueza que encontramos al sumergirnos en la cocina al aire libre y celebrar la conexi\u00f3n con la naturaleza.<\/p>\n\n\n\n<p><strong>\u00a1Descubre la Alegr\u00eda de la Cocina Sencilla y Aut\u00e9ntica!<\/strong><\/p>\n\n\n\n<p>Que esta experiencia inspire a todos a redescubrir la alegr\u00eda de la cocina sencilla y aut\u00e9ntica en medio de la majestuosidad natural que nos rodea. Hornear pan en la naturaleza es m\u00e1s que una actividad culinaria; es una celebraci\u00f3n de la vida y una conexi\u00f3n profunda con nuestra esencia m\u00e1s b\u00e1sica. \u00a1Atr\u00e9vete a sumergirte en esta aventura gastron\u00f3mica y celebra la riqueza que la naturaleza tiene para ofrecer!<\/p>\n","protected":false},"excerpt":{"rendered":"<p>En la vor\u00e1gine del mundo moderno, la simpleza de hornear pan en plena naturaleza se presenta como una experiencia que va m\u00e1s all\u00e1 de la cocina tradicional. Un fest\u00edn para los sentidos, donde la magia de la elaboraci\u00f3n del pan se encuentra con la autenticidad de la vida al aire libre, creando una conexi\u00f3n profunda &hellip;<\/p>\n<p class=\"read-more\"> <a class=\"\" href=\"https:\/\/www.destrezasyvidaenelmedionatural.es\/index.php\/2024\/01\/22\/hornear-pan-en-la-naturaleza-un-festin-para-los-sentidos\/\"> <span class=\"screen-reader-text\">Hornear Pan en la Naturaleza: Un Fest\u00edn para los Sentidos<\/span> Leer m\u00e1s &raquo;<\/a><\/p>\n","protected":false},"author":1,"featured_media":0,"comment_status":"open","ping_status":"open","sticky":false,"template":"","format":"standard","meta":{"episode_type":"","audio_file":"","cover_image":"","cover_image_id":"","duration":"","filesize":"","date_recorded":"","explicit":"","block":"","filesize_raw":"","footnotes":""},"categories":[8],"tags":[],"class_list":["post-2023","post","type-post","status-publish","format-standard","hentry","category-blog"],"yoast_head":"<!-- This site is optimized with the Yoast SEO plugin v23.8 - https:\/\/yoast.com\/wordpress\/plugins\/seo\/ -->\n<title>Hornear Pan en la Naturaleza: Un Fest\u00edn para los Sentidos - Destrezas y Vida en el Medio Natural<\/title>\n<meta name=\"robots\" content=\"index, follow, max-snippet:-1, max-image-preview:large, max-video-preview:-1\" \/>\n<link rel=\"canonical\" href=\"https:\/\/www.destrezasyvidaenelmedionatural.es\/index.php\/2024\/01\/22\/hornear-pan-en-la-naturaleza-un-festin-para-los-sentidos\/\" \/>\n<meta property=\"og:locale\" content=\"es_ES\" \/>\n<meta property=\"og:type\" content=\"article\" \/>\n<meta property=\"og:title\" content=\"Hornear Pan en la Naturaleza: Un Fest\u00edn para los Sentidos - Destrezas y Vida en el Medio Natural\" \/>\n<meta property=\"og:description\" content=\"En la vor\u00e1gine del mundo moderno, la simpleza de hornear pan en plena naturaleza se presenta como una experiencia que va m\u00e1s all\u00e1 de la cocina tradicional. Un fest\u00edn para los sentidos, donde la magia de la elaboraci\u00f3n del pan se encuentra con la autenticidad de la vida al aire libre, creando una conexi\u00f3n profunda &hellip; Hornear Pan en la Naturaleza: Un Fest\u00edn para los Sentidos Leer m\u00e1s &raquo;\" \/>\n<meta property=\"og:url\" content=\"https:\/\/www.destrezasyvidaenelmedionatural.es\/index.php\/2024\/01\/22\/hornear-pan-en-la-naturaleza-un-festin-para-los-sentidos\/\" \/>\n<meta property=\"og:site_name\" content=\"Destrezas y Vida en el Medio Natural\" \/>\n<meta property=\"article:publisher\" content=\"https:\/\/www.facebook.com\/Destrezas.y.Vida.en.el.Medio.Natural\" \/>\n<meta property=\"article:author\" content=\"https:\/\/www.facebook.com\/Destrezas.y.Vida.en.el.Medio.Natural\" \/>\n<meta property=\"article:published_time\" content=\"2024-01-22T11:35:44+00:00\" \/>\n<meta property=\"article:modified_time\" content=\"2024-01-22T11:35:45+00:00\" \/>\n<meta property=\"og:image\" content=\"https:\/\/www.destrezasyvidaenelmedionatural.es\/wp-content\/uploads\/2024\/01\/IMG_20230930_110233-768x1024.jpg\" \/>\n<meta name=\"author\" content=\"admin\" \/>\n<meta name=\"twitter:card\" content=\"summary_large_image\" \/>\n<meta name=\"twitter:creator\" content=\"@DestrezasyVida\" \/>\n<meta name=\"twitter:site\" content=\"@DestrezasyVida\" \/>\n<meta name=\"twitter:label1\" content=\"Escrito por\" \/>\n\t<meta name=\"twitter:data1\" content=\"admin\" \/>\n\t<meta name=\"twitter:label2\" content=\"Tiempo de lectura\" \/>\n\t<meta name=\"twitter:data2\" content=\"3 minutos\" \/>\n<script type=\"application\/ld+json\" class=\"yoast-schema-graph\">{\"@context\":\"https:\/\/schema.org\",\"@graph\":[{\"@type\":\"Article\",\"@id\":\"https:\/\/www.destrezasyvidaenelmedionatural.es\/index.php\/2024\/01\/22\/hornear-pan-en-la-naturaleza-un-festin-para-los-sentidos\/#article\",\"isPartOf\":{\"@id\":\"https:\/\/www.destrezasyvidaenelmedionatural.es\/index.php\/2024\/01\/22\/hornear-pan-en-la-naturaleza-un-festin-para-los-sentidos\/\"},\"author\":{\"name\":\"admin\",\"@id\":\"https:\/\/www.destrezasyvidaenelmedionatural.es\/#\/schema\/person\/05ac69635d864d75006df0853eb7afd3\"},\"headline\":\"Hornear Pan en la Naturaleza: Un Fest\u00edn para los Sentidos\",\"datePublished\":\"2024-01-22T11:35:44+00:00\",\"dateModified\":\"2024-01-22T11:35:45+00:00\",\"mainEntityOfPage\":{\"@id\":\"https:\/\/www.destrezasyvidaenelmedionatural.es\/index.php\/2024\/01\/22\/hornear-pan-en-la-naturaleza-un-festin-para-los-sentidos\/\"},\"wordCount\":596,\"commentCount\":0,\"publisher\":{\"@id\":\"https:\/\/www.destrezasyvidaenelmedionatural.es\/#\/schema\/person\/05ac69635d864d75006df0853eb7afd3\"},\"image\":{\"@id\":\"https:\/\/www.destrezasyvidaenelmedionatural.es\/index.php\/2024\/01\/22\/hornear-pan-en-la-naturaleza-un-festin-para-los-sentidos\/#primaryimage\"},\"thumbnailUrl\":\"https:\/\/www.destrezasyvidaenelmedionatural.es\/wp-content\/uploads\/2024\/01\/IMG_20230930_110233-768x1024.jpg\",\"articleSection\":[\"Blog\"],\"inLanguage\":\"es\",\"potentialAction\":[{\"@type\":\"CommentAction\",\"name\":\"Comment\",\"target\":[\"https:\/\/www.destrezasyvidaenelmedionatural.es\/index.php\/2024\/01\/22\/hornear-pan-en-la-naturaleza-un-festin-para-los-sentidos\/#respond\"]}]},{\"@type\":\"WebPage\",\"@id\":\"https:\/\/www.destrezasyvidaenelmedionatural.es\/index.php\/2024\/01\/22\/hornear-pan-en-la-naturaleza-un-festin-para-los-sentidos\/\",\"url\":\"https:\/\/www.destrezasyvidaenelmedionatural.es\/index.php\/2024\/01\/22\/hornear-pan-en-la-naturaleza-un-festin-para-los-sentidos\/\",\"name\":\"Hornear Pan en la Naturaleza: Un Fest\u00edn para los Sentidos - Destrezas y Vida en el Medio Natural\",\"isPartOf\":{\"@id\":\"https:\/\/www.destrezasyvidaenelmedionatural.es\/#website\"},\"primaryImageOfPage\":{\"@id\":\"https:\/\/www.destrezasyvidaenelmedionatural.es\/index.php\/2024\/01\/22\/hornear-pan-en-la-naturaleza-un-festin-para-los-sentidos\/#primaryimage\"},\"image\":{\"@id\":\"https:\/\/www.destrezasyvidaenelmedionatural.es\/index.php\/2024\/01\/22\/hornear-pan-en-la-naturaleza-un-festin-para-los-sentidos\/#primaryimage\"},\"thumbnailUrl\":\"https:\/\/www.destrezasyvidaenelmedionatural.es\/wp-content\/uploads\/2024\/01\/IMG_20230930_110233-768x1024.jpg\",\"datePublished\":\"2024-01-22T11:35:44+00:00\",\"dateModified\":\"2024-01-22T11:35:45+00:00\",\"breadcrumb\":{\"@id\":\"https:\/\/www.destrezasyvidaenelmedionatural.es\/index.php\/2024\/01\/22\/hornear-pan-en-la-naturaleza-un-festin-para-los-sentidos\/#breadcrumb\"},\"inLanguage\":\"es\",\"potentialAction\":[{\"@type\":\"ReadAction\",\"target\":[\"https:\/\/www.destrezasyvidaenelmedionatural.es\/index.php\/2024\/01\/22\/hornear-pan-en-la-naturaleza-un-festin-para-los-sentidos\/\"]}]},{\"@type\":\"ImageObject\",\"inLanguage\":\"es\",\"@id\":\"https:\/\/www.destrezasyvidaenelmedionatural.es\/index.php\/2024\/01\/22\/hornear-pan-en-la-naturaleza-un-festin-para-los-sentidos\/#primaryimage\",\"url\":\"https:\/\/www.destrezasyvidaenelmedionatural.es\/wp-content\/uploads\/2024\/01\/IMG_20230930_110233-scaled.jpg\",\"contentUrl\":\"https:\/\/www.destrezasyvidaenelmedionatural.es\/wp-content\/uploads\/2024\/01\/IMG_20230930_110233-scaled.jpg\",\"width\":1920,\"height\":2560},{\"@type\":\"BreadcrumbList\",\"@id\":\"https:\/\/www.destrezasyvidaenelmedionatural.es\/index.php\/2024\/01\/22\/hornear-pan-en-la-naturaleza-un-festin-para-los-sentidos\/#breadcrumb\",\"itemListElement\":[{\"@type\":\"ListItem\",\"position\":1,\"name\":\"Portada\",\"item\":\"https:\/\/www.destrezasyvidaenelmedionatural.es\/\"},{\"@type\":\"ListItem\",\"position\":2,\"name\":\"Hornear Pan en la Naturaleza: Un Fest\u00edn para los Sentidos\"}]},{\"@type\":\"WebSite\",\"@id\":\"https:\/\/www.destrezasyvidaenelmedionatural.es\/#website\",\"url\":\"https:\/\/www.destrezasyvidaenelmedionatural.es\/\",\"name\":\"Destrezas y Vida en el Medio Natural\",\"description\":\"El sitio web Destrezas y Vida en el Medio Natural es un recurso excelente para cualquiera que quiera aprender sobre la naturaleza y c\u00f3mo interactuar con ella de manera segura y respetuosa.\",\"publisher\":{\"@id\":\"https:\/\/www.destrezasyvidaenelmedionatural.es\/#\/schema\/person\/05ac69635d864d75006df0853eb7afd3\"},\"potentialAction\":[{\"@type\":\"SearchAction\",\"target\":{\"@type\":\"EntryPoint\",\"urlTemplate\":\"https:\/\/www.destrezasyvidaenelmedionatural.es\/?s={search_term_string}\"},\"query-input\":{\"@type\":\"PropertyValueSpecification\",\"valueRequired\":true,\"valueName\":\"search_term_string\"}}],\"inLanguage\":\"es\"},{\"@type\":[\"Person\",\"Organization\"],\"@id\":\"https:\/\/www.destrezasyvidaenelmedionatural.es\/#\/schema\/person\/05ac69635d864d75006df0853eb7afd3\",\"name\":\"admin\",\"image\":{\"@type\":\"ImageObject\",\"inLanguage\":\"es\",\"@id\":\"https:\/\/www.destrezasyvidaenelmedionatural.es\/#\/schema\/person\/image\/\",\"url\":\"https:\/\/www.destrezasyvidaenelmedionatural.es\/wp-content\/uploads\/2021\/08\/cropped-SIN-FONDO-PRUEBA1.png\",\"contentUrl\":\"https:\/\/www.destrezasyvidaenelmedionatural.es\/wp-content\/uploads\/2021\/08\/cropped-SIN-FONDO-PRUEBA1.png\",\"width\":351,\"height\":349,\"caption\":\"admin\"},\"logo\":{\"@id\":\"https:\/\/www.destrezasyvidaenelmedionatural.es\/#\/schema\/person\/image\/\"},\"sameAs\":[\"http:\/\/www.destrezasyvidaenelmedionatural.es\",\"https:\/\/www.facebook.com\/Destrezas.y.Vida.en.el.Medio.Natural\",\"https:\/\/www.instagram.com\/destrezasyvidamn\/\"],\"url\":\"https:\/\/www.destrezasyvidaenelmedionatural.es\/index.php\/author\/admin\/\"}]}<\/script>\n<!-- \/ Yoast SEO plugin. -->","yoast_head_json":{"title":"Hornear Pan en la Naturaleza: Un Fest\u00edn para los Sentidos - Destrezas y Vida en el Medio Natural","robots":{"index":"index","follow":"follow","max-snippet":"max-snippet:-1","max-image-preview":"max-image-preview:large","max-video-preview":"max-video-preview:-1"},"canonical":"https:\/\/www.destrezasyvidaenelmedionatural.es\/index.php\/2024\/01\/22\/hornear-pan-en-la-naturaleza-un-festin-para-los-sentidos\/","og_locale":"es_ES","og_type":"article","og_title":"Hornear Pan en la Naturaleza: Un Fest\u00edn para los Sentidos - Destrezas y Vida en el Medio Natural","og_description":"En la vor\u00e1gine del mundo moderno, la simpleza de hornear pan en plena naturaleza se presenta como una experiencia que va m\u00e1s all\u00e1 de la cocina tradicional. Un fest\u00edn para los sentidos, donde la magia de la elaboraci\u00f3n del pan se encuentra con la autenticidad de la vida al aire libre, creando una conexi\u00f3n profunda &hellip; Hornear Pan en la Naturaleza: Un Fest\u00edn para los Sentidos Leer m\u00e1s &raquo;","og_url":"https:\/\/www.destrezasyvidaenelmedionatural.es\/index.php\/2024\/01\/22\/hornear-pan-en-la-naturaleza-un-festin-para-los-sentidos\/","og_site_name":"Destrezas y Vida en el Medio Natural","article_publisher":"https:\/\/www.facebook.com\/Destrezas.y.Vida.en.el.Medio.Natural","article_author":"https:\/\/www.facebook.com\/Destrezas.y.Vida.en.el.Medio.Natural","article_published_time":"2024-01-22T11:35:44+00:00","article_modified_time":"2024-01-22T11:35:45+00:00","og_image":[{"url":"https:\/\/www.destrezasyvidaenelmedionatural.es\/wp-content\/uploads\/2024\/01\/IMG_20230930_110233-768x1024.jpg"}],"author":"admin","twitter_card":"summary_large_image","twitter_creator":"@DestrezasyVida","twitter_site":"@DestrezasyVida","twitter_misc":{"Escrito por":"admin","Tiempo de lectura":"3 minutos"},"schema":{"@context":"https:\/\/schema.org","@graph":[{"@type":"Article","@id":"https:\/\/www.destrezasyvidaenelmedionatural.es\/index.php\/2024\/01\/22\/hornear-pan-en-la-naturaleza-un-festin-para-los-sentidos\/#article","isPartOf":{"@id":"https:\/\/www.destrezasyvidaenelmedionatural.es\/index.php\/2024\/01\/22\/hornear-pan-en-la-naturaleza-un-festin-para-los-sentidos\/"},"author":{"name":"admin","@id":"https:\/\/www.destrezasyvidaenelmedionatural.es\/#\/schema\/person\/05ac69635d864d75006df0853eb7afd3"},"headline":"Hornear Pan en la Naturaleza: Un Fest\u00edn para los Sentidos","datePublished":"2024-01-22T11:35:44+00:00","dateModified":"2024-01-22T11:35:45+00:00","mainEntityOfPage":{"@id":"https:\/\/www.destrezasyvidaenelmedionatural.es\/index.php\/2024\/01\/22\/hornear-pan-en-la-naturaleza-un-festin-para-los-sentidos\/"},"wordCount":596,"commentCount":0,"publisher":{"@id":"https:\/\/www.destrezasyvidaenelmedionatural.es\/#\/schema\/person\/05ac69635d864d75006df0853eb7afd3"},"image":{"@id":"https:\/\/www.destrezasyvidaenelmedionatural.es\/index.php\/2024\/01\/22\/hornear-pan-en-la-naturaleza-un-festin-para-los-sentidos\/#primaryimage"},"thumbnailUrl":"https:\/\/www.destrezasyvidaenelmedionatural.es\/wp-content\/uploads\/2024\/01\/IMG_20230930_110233-768x1024.jpg","articleSection":["Blog"],"inLanguage":"es","potentialAction":[{"@type":"CommentAction","name":"Comment","target":["https:\/\/www.destrezasyvidaenelmedionatural.es\/index.php\/2024\/01\/22\/hornear-pan-en-la-naturaleza-un-festin-para-los-sentidos\/#respond"]}]},{"@type":"WebPage","@id":"https:\/\/www.destrezasyvidaenelmedionatural.es\/index.php\/2024\/01\/22\/hornear-pan-en-la-naturaleza-un-festin-para-los-sentidos\/","url":"https:\/\/www.destrezasyvidaenelmedionatural.es\/index.php\/2024\/01\/22\/hornear-pan-en-la-naturaleza-un-festin-para-los-sentidos\/","name":"Hornear Pan en la Naturaleza: Un Fest\u00edn para los Sentidos - Destrezas y Vida en el Medio Natural","isPartOf":{"@id":"https:\/\/www.destrezasyvidaenelmedionatural.es\/#website"},"primaryImageOfPage":{"@id":"https:\/\/www.destrezasyvidaenelmedionatural.es\/index.php\/2024\/01\/22\/hornear-pan-en-la-naturaleza-un-festin-para-los-sentidos\/#primaryimage"},"image":{"@id":"https:\/\/www.destrezasyvidaenelmedionatural.es\/index.php\/2024\/01\/22\/hornear-pan-en-la-naturaleza-un-festin-para-los-sentidos\/#primaryimage"},"thumbnailUrl":"https:\/\/www.destrezasyvidaenelmedionatural.es\/wp-content\/uploads\/2024\/01\/IMG_20230930_110233-768x1024.jpg","datePublished":"2024-01-22T11:35:44+00:00","dateModified":"2024-01-22T11:35:45+00:00","breadcrumb":{"@id":"https:\/\/www.destrezasyvidaenelmedionatural.es\/index.php\/2024\/01\/22\/hornear-pan-en-la-naturaleza-un-festin-para-los-sentidos\/#breadcrumb"},"inLanguage":"es","potentialAction":[{"@type":"ReadAction","target":["https:\/\/www.destrezasyvidaenelmedionatural.es\/index.php\/2024\/01\/22\/hornear-pan-en-la-naturaleza-un-festin-para-los-sentidos\/"]}]},{"@type":"ImageObject","inLanguage":"es","@id":"https:\/\/www.destrezasyvidaenelmedionatural.es\/index.php\/2024\/01\/22\/hornear-pan-en-la-naturaleza-un-festin-para-los-sentidos\/#primaryimage","url":"https:\/\/www.destrezasyvidaenelmedionatural.es\/wp-content\/uploads\/2024\/01\/IMG_20230930_110233-scaled.jpg","contentUrl":"https:\/\/www.destrezasyvidaenelmedionatural.es\/wp-content\/uploads\/2024\/01\/IMG_20230930_110233-scaled.jpg","width":1920,"height":2560},{"@type":"BreadcrumbList","@id":"https:\/\/www.destrezasyvidaenelmedionatural.es\/index.php\/2024\/01\/22\/hornear-pan-en-la-naturaleza-un-festin-para-los-sentidos\/#breadcrumb","itemListElement":[{"@type":"ListItem","position":1,"name":"Portada","item":"https:\/\/www.destrezasyvidaenelmedionatural.es\/"},{"@type":"ListItem","position":2,"name":"Hornear Pan en la Naturaleza: Un Fest\u00edn para los Sentidos"}]},{"@type":"WebSite","@id":"https:\/\/www.destrezasyvidaenelmedionatural.es\/#website","url":"https:\/\/www.destrezasyvidaenelmedionatural.es\/","name":"Destrezas y Vida en el Medio Natural","description":"El sitio web Destrezas y Vida en el Medio Natural es un recurso excelente para cualquiera que quiera aprender sobre la naturaleza y c\u00f3mo interactuar con ella de manera segura y respetuosa.","publisher":{"@id":"https:\/\/www.destrezasyvidaenelmedionatural.es\/#\/schema\/person\/05ac69635d864d75006df0853eb7afd3"},"potentialAction":[{"@type":"SearchAction","target":{"@type":"EntryPoint","urlTemplate":"https:\/\/www.destrezasyvidaenelmedionatural.es\/?s={search_term_string}"},"query-input":{"@type":"PropertyValueSpecification","valueRequired":true,"valueName":"search_term_string"}}],"inLanguage":"es"},{"@type":["Person","Organization"],"@id":"https:\/\/www.destrezasyvidaenelmedionatural.es\/#\/schema\/person\/05ac69635d864d75006df0853eb7afd3","name":"admin","image":{"@type":"ImageObject","inLanguage":"es","@id":"https:\/\/www.destrezasyvidaenelmedionatural.es\/#\/schema\/person\/image\/","url":"https:\/\/www.destrezasyvidaenelmedionatural.es\/wp-content\/uploads\/2021\/08\/cropped-SIN-FONDO-PRUEBA1.png","contentUrl":"https:\/\/www.destrezasyvidaenelmedionatural.es\/wp-content\/uploads\/2021\/08\/cropped-SIN-FONDO-PRUEBA1.png","width":351,"height":349,"caption":"admin"},"logo":{"@id":"https:\/\/www.destrezasyvidaenelmedionatural.es\/#\/schema\/person\/image\/"},"sameAs":["http:\/\/www.destrezasyvidaenelmedionatural.es","https:\/\/www.facebook.com\/Destrezas.y.Vida.en.el.Medio.Natural","https:\/\/www.instagram.com\/destrezasyvidamn\/"],"url":"https:\/\/www.destrezasyvidaenelmedionatural.es\/index.php\/author\/admin\/"}]}},"_links":{"self":[{"href":"https:\/\/www.destrezasyvidaenelmedionatural.es\/index.php\/wp-json\/wp\/v2\/posts\/2023","targetHints":{"allow":["GET"]}}],"collection":[{"href":"https:\/\/www.destrezasyvidaenelmedionatural.es\/index.php\/wp-json\/wp\/v2\/posts"}],"about":[{"href":"https:\/\/www.destrezasyvidaenelmedionatural.es\/index.php\/wp-json\/wp\/v2\/types\/post"}],"author":[{"embeddable":true,"href":"https:\/\/www.destrezasyvidaenelmedionatural.es\/index.php\/wp-json\/wp\/v2\/users\/1"}],"replies":[{"embeddable":true,"href":"https:\/\/www.destrezasyvidaenelmedionatural.es\/index.php\/wp-json\/wp\/v2\/comments?post=2023"}],"version-history":[{"count":1,"href":"https:\/\/www.destrezasyvidaenelmedionatural.es\/index.php\/wp-json\/wp\/v2\/posts\/2023\/revisions"}],"predecessor-version":[{"id":2026,"href":"https:\/\/www.destrezasyvidaenelmedionatural.es\/index.php\/wp-json\/wp\/v2\/posts\/2023\/revisions\/2026"}],"wp:attachment":[{"href":"https:\/\/www.destrezasyvidaenelmedionatural.es\/index.php\/wp-json\/wp\/v2\/media?parent=2023"}],"wp:term":[{"taxonomy":"category","embeddable":true,"href":"https:\/\/www.destrezasyvidaenelmedionatural.es\/index.php\/wp-json\/wp\/v2\/categories?post=2023"},{"taxonomy":"post_tag","embeddable":true,"href":"https:\/\/www.destrezasyvidaenelmedionatural.es\/index.php\/wp-json\/wp\/v2\/tags?post=2023"}],"curies":[{"name":"wp","href":"https:\/\/api.w.org\/{rel}","templated":true}]}}