{"id":3028,"date":"2024-12-16T11:20:40","date_gmt":"2024-12-16T11:20:40","guid":{"rendered":"https:\/\/www.destrezasyvidaenelmedionatural.es\/?p=3028"},"modified":"2024-12-16T11:20:41","modified_gmt":"2024-12-16T11:20:41","slug":"la-supervivencia-es-mas-que-una-habilidad-es-una-mentalidad-historia-de-luis-garcia","status":"publish","type":"post","link":"https:\/\/www.destrezasyvidaenelmedionatural.es\/index.php\/2024\/12\/16\/la-supervivencia-es-mas-que-una-habilidad-es-una-mentalidad-historia-de-luis-garcia\/","title":{"rendered":"La Supervivencia es m\u00e1s que una Habilidad, es una Mentalidad: Historia de Luis Garc\u00eda"},"content":{"rendered":"\n<h3 class=\"wp-block-heading\"><\/h3>\n\n\n\n<p>Luis Garc\u00eda, un apasionado de la naturaleza y alumno de la edici\u00f3n anterior del <strong>Curso Completo de Supervivencia<\/strong>, nunca imagin\u00f3 que las t\u00e9cnicas que aprendi\u00f3 durante el curso le salvar\u00edan en una situaci\u00f3n real.<\/p>\n\n\n\n<p><em>\u00abTodo comenz\u00f3 como un desaf\u00edo personal. Siempre me hab\u00eda interesado la supervivencia, pero nunca pens\u00e9 que necesitar\u00eda aplicarla fuera del contexto del curso. Lo que aprend\u00ed en esos tres d\u00edas termin\u00f3 siendo invaluable cuando, meses despu\u00e9s, me enfrent\u00e9 a un momento cr\u00edtico en una excursi\u00f3n al Pirineo con amigos.\u00bb<\/em><\/p>\n\n\n\n<hr class=\"wp-block-separator has-alpha-channel-opacity\"\/>\n\n\n\n<h3 class=\"wp-block-heading\"><strong>El Desaf\u00edo: Una Caminata que Sali\u00f3 Mal<\/strong><\/h3>\n\n\n<div class=\"wp-block-image\">\n<figure class=\"alignleft size-large is-resized\"><img fetchpriority=\"high\" decoding=\"async\" width=\"1024\" height=\"768\" src=\"https:\/\/www.destrezasyvidaenelmedionatural.es\/wp-content\/uploads\/2024\/12\/IMG_20210924_171500-1024x768.jpg\" alt=\"\" class=\"wp-image-3029\" style=\"width:514px;height:auto\" srcset=\"https:\/\/www.destrezasyvidaenelmedionatural.es\/wp-content\/uploads\/2024\/12\/IMG_20210924_171500-1024x768.jpg 1024w, https:\/\/www.destrezasyvidaenelmedionatural.es\/wp-content\/uploads\/2024\/12\/IMG_20210924_171500-300x225.jpg 300w, https:\/\/www.destrezasyvidaenelmedionatural.es\/wp-content\/uploads\/2024\/12\/IMG_20210924_171500-768x576.jpg 768w, https:\/\/www.destrezasyvidaenelmedionatural.es\/wp-content\/uploads\/2024\/12\/IMG_20210924_171500-1536x1152.jpg 1536w, https:\/\/www.destrezasyvidaenelmedionatural.es\/wp-content\/uploads\/2024\/12\/IMG_20210924_171500-2048x1536.jpg 2048w\" sizes=\"(max-width: 1024px) 100vw, 1024px\" \/><\/figure>\n<\/div>\n\n\n<p>Luis relata que el plan original era una caminata sencilla de un d\u00eda. Sin embargo, una inesperada tormenta de nieve los sorprendi\u00f3 y los oblig\u00f3 a detenerse a mitad de camino. Sin se\u00f1al telef\u00f3nica y con temperaturas descendiendo r\u00e1pidamente, tuvieron que improvisar un refugio para pasar la noche.<\/p>\n\n\n\n<p><em>\u00abLo primero que hice fue evaluar la situaci\u00f3n, como aprend\u00ed en el curso. Us\u00e9 una lona que llevaba en mi mochila para construir un refugio tipo A, aprovechando los \u00e1rboles para atarlo con el paracord que siempre llevo desde el curso. No parec\u00eda mucho, pero nos protegi\u00f3 del viento y nos dio un lugar seguro.\u00bb<\/em><\/p>\n\n\n\n<hr class=\"wp-block-separator has-alpha-channel-opacity\"\/>\n\n\n\n<h3 class=\"wp-block-heading\"><strong>Haciendo Fuego en Condiciones Extremas<\/strong><\/h3>\n\n\n\n<p>El fr\u00edo era intenso, y Luis sab\u00eda que encender un fuego ser\u00eda crucial para evitar la hipotermia.<br><em>\u00abGracias al curso, sab\u00eda usar mi ferrocerio incluso con las manos heladas. Encontr\u00e9 ramas secas debajo de los pinos, y con un poco de corteza como yesca, logr\u00e9 encender una peque\u00f1a fogata. Ese fuego no solo nos dio calor, tambi\u00e9n nos calm\u00f3 y levant\u00f3 el \u00e1nimo.\u00bb<\/em><\/p>\n\n\n\n<hr class=\"wp-block-separator has-alpha-channel-opacity\"\/>\n\n\n\n<h3 class=\"wp-block-heading\"><strong>Gesti\u00f3n del Agua y Mantenerse Hidratado<\/strong><\/h3>\n\n\n\n<p>Con la nieve cayendo, el acceso al agua potable no era un problema, pero Luis sab\u00eda que beber agua fr\u00eda directamente podr\u00eda enfriarlos a\u00fan m\u00e1s.<br><em>\u00abRecord\u00e9 que en el curso aprend\u00ed a derretir nieve en peque\u00f1os recipientes al lado del fuego, evitando consumirla directamente para no perder temperatura corporal.\u00bb<\/em><\/p>\n\n\n\n<hr class=\"wp-block-separator has-alpha-channel-opacity\"\/>\n\n\n\n<h3 class=\"wp-block-heading\"><strong>El Rescate y Reflexi\u00f3n<\/strong><\/h3>\n\n\n\n<p>Al amanecer, la tormenta hab\u00eda disminuido, y Luis y sus amigos lograron regresar al punto de partida, donde un grupo de rescate ya los estaba buscando.<br><em>\u00abEsa noche fue una prueba real de lo aprendido. Sin esas habilidades, la situaci\u00f3n podr\u00eda haber terminado de manera muy diferente. No solo me sent\u00ed preparado, sino que pude cuidar de mis amigos, y eso es algo que no tiene precio.\u00bb<\/em><\/p>\n\n\n\n<hr class=\"wp-block-separator has-alpha-channel-opacity\"\/>\n\n\n\n<h3 class=\"wp-block-heading\"><strong>\u00abLa Supervivencia es una Mentalidad\u00bb<\/strong><\/h3>\n\n\n\n<p>Luis concluye:<br><em>\u00abEl curso me ense\u00f1\u00f3 que la supervivencia no es solo t\u00e9cnicas, es c\u00f3mo te enfrentas a las situaciones dif\u00edciles. Es mantener la calma, priorizar y confiar en lo que sabes. Ahora veo la naturaleza de una manera diferente y me siento mucho m\u00e1s preparado para cualquier reto que venga.\u00bb<\/em><\/p>\n\n\n\n<hr class=\"wp-block-separator has-alpha-channel-opacity\"\/>\n\n\n\n<h3 class=\"wp-block-heading\"><strong>\u00bfY t\u00fa, est\u00e1s listo para aprender habilidades que podr\u00edan salvar tu vida?<\/strong><\/h3>\n\n\n\n<p>Vive una experiencia transformadora en nuestros pr\u00f3ximos cursos:<br>\ud83d\udcc5 <strong>B\u00e1sico:<\/strong> 1-2 marzo 2025<br>\ud83d\udcc5 <strong>Completo:<\/strong> 4-6 abril 2025<\/p>\n\n\n\n<p>\ud83c\udfaf <strong>Reserva tu lugar y aprende lo que Luis aplic\u00f3 cuando m\u00e1s lo necesitaba.<\/strong> \ud83c\udf3f<\/p>\n","protected":false},"excerpt":{"rendered":"<p>Luis Garc\u00eda, un apasionado de la naturaleza y alumno de la edici\u00f3n anterior del Curso Completo de Supervivencia, nunca imagin\u00f3 que las t\u00e9cnicas que aprendi\u00f3 durante el curso le salvar\u00edan en una situaci\u00f3n real. \u00abTodo comenz\u00f3 como un desaf\u00edo personal. Siempre me hab\u00eda interesado la supervivencia, pero nunca pens\u00e9 que necesitar\u00eda aplicarla fuera del contexto &hellip;<\/p>\n<p class=\"read-more\"> <a class=\"\" href=\"https:\/\/www.destrezasyvidaenelmedionatural.es\/index.php\/2024\/12\/16\/la-supervivencia-es-mas-que-una-habilidad-es-una-mentalidad-historia-de-luis-garcia\/\"> <span class=\"screen-reader-text\">La Supervivencia es m\u00e1s que una Habilidad, es una Mentalidad: Historia de Luis Garc\u00eda<\/span> Leer m\u00e1s &raquo;<\/a><\/p>\n","protected":false},"author":1,"featured_media":0,"comment_status":"open","ping_status":"open","sticky":false,"template":"","format":"standard","meta":{"episode_type":"","audio_file":"","cover_image":"","cover_image_id":"","duration":"","filesize":"","date_recorded":"","explicit":"","block":"","filesize_raw":"","footnotes":""},"categories":[1],"tags":[20,55,26],"class_list":["post-3028","post","type-post","status-publish","format-standard","hentry","category-sin-categoria","tag-consejosdesupervivencia","tag-curso-de-supervivencia","tag-supervivencia"],"yoast_head":"<!-- This site is optimized with the Yoast SEO plugin v23.8 - https:\/\/yoast.com\/wordpress\/plugins\/seo\/ -->\n<title>La Supervivencia es m\u00e1s que una Habilidad, es una Mentalidad: Historia de Luis Garc\u00eda - Destrezas y Vida en el Medio Natural<\/title>\n<meta name=\"description\" content=\"Luis, apasionado de la naturaleza, jam\u00e1s imagin\u00f3 que lo aprendido en el Curso Completo de Supervivencia cambiar\u00eda su vida.\" \/>\n<meta name=\"robots\" content=\"index, follow, max-snippet:-1, max-image-preview:large, max-video-preview:-1\" \/>\n<link rel=\"canonical\" href=\"https:\/\/www.destrezasyvidaenelmedionatural.es\/index.php\/2024\/12\/16\/la-supervivencia-es-mas-que-una-habilidad-es-una-mentalidad-historia-de-luis-garcia\/\" \/>\n<meta property=\"og:locale\" content=\"es_ES\" \/>\n<meta property=\"og:type\" content=\"article\" \/>\n<meta property=\"og:title\" content=\"La Supervivencia es m\u00e1s que una Habilidad, es una Mentalidad: Historia de Luis Garc\u00eda - Destrezas y Vida en el Medio Natural\" \/>\n<meta property=\"og:description\" content=\"Luis, apasionado de la naturaleza, jam\u00e1s imagin\u00f3 que lo aprendido en el Curso Completo de Supervivencia cambiar\u00eda su vida.\" \/>\n<meta property=\"og:url\" content=\"https:\/\/www.destrezasyvidaenelmedionatural.es\/index.php\/2024\/12\/16\/la-supervivencia-es-mas-que-una-habilidad-es-una-mentalidad-historia-de-luis-garcia\/\" \/>\n<meta property=\"og:site_name\" content=\"Destrezas y Vida en el Medio Natural\" \/>\n<meta property=\"article:publisher\" content=\"https:\/\/www.facebook.com\/Destrezas.y.Vida.en.el.Medio.Natural\" \/>\n<meta property=\"article:author\" content=\"https:\/\/www.facebook.com\/Destrezas.y.Vida.en.el.Medio.Natural\" \/>\n<meta property=\"article:published_time\" content=\"2024-12-16T11:20:40+00:00\" \/>\n<meta property=\"article:modified_time\" content=\"2024-12-16T11:20:41+00:00\" \/>\n<meta property=\"og:image\" content=\"https:\/\/www.destrezasyvidaenelmedionatural.es\/wp-content\/uploads\/2024\/12\/IMG_20210924_171500-scaled.jpg\" \/>\n\t<meta property=\"og:image:width\" content=\"2560\" \/>\n\t<meta property=\"og:image:height\" content=\"1920\" \/>\n\t<meta property=\"og:image:type\" content=\"image\/jpeg\" \/>\n<meta name=\"author\" content=\"admin\" \/>\n<meta name=\"twitter:card\" content=\"summary_large_image\" \/>\n<meta name=\"twitter:creator\" content=\"@DestrezasyVida\" \/>\n<meta name=\"twitter:site\" content=\"@DestrezasyVida\" \/>\n<meta name=\"twitter:label1\" content=\"Escrito por\" \/>\n\t<meta name=\"twitter:data1\" content=\"admin\" \/>\n\t<meta name=\"twitter:label2\" content=\"Tiempo de lectura\" \/>\n\t<meta name=\"twitter:data2\" content=\"3 minutos\" \/>\n<script type=\"application\/ld+json\" class=\"yoast-schema-graph\">{\"@context\":\"https:\/\/schema.org\",\"@graph\":[{\"@type\":\"Article\",\"@id\":\"https:\/\/www.destrezasyvidaenelmedionatural.es\/index.php\/2024\/12\/16\/la-supervivencia-es-mas-que-una-habilidad-es-una-mentalidad-historia-de-luis-garcia\/#article\",\"isPartOf\":{\"@id\":\"https:\/\/www.destrezasyvidaenelmedionatural.es\/index.php\/2024\/12\/16\/la-supervivencia-es-mas-que-una-habilidad-es-una-mentalidad-historia-de-luis-garcia\/\"},\"author\":{\"name\":\"admin\",\"@id\":\"https:\/\/www.destrezasyvidaenelmedionatural.es\/#\/schema\/person\/05ac69635d864d75006df0853eb7afd3\"},\"headline\":\"La Supervivencia es m\u00e1s que una Habilidad, es una Mentalidad: Historia de Luis Garc\u00eda\",\"datePublished\":\"2024-12-16T11:20:40+00:00\",\"dateModified\":\"2024-12-16T11:20:41+00:00\",\"mainEntityOfPage\":{\"@id\":\"https:\/\/www.destrezasyvidaenelmedionatural.es\/index.php\/2024\/12\/16\/la-supervivencia-es-mas-que-una-habilidad-es-una-mentalidad-historia-de-luis-garcia\/\"},\"wordCount\":543,\"commentCount\":0,\"publisher\":{\"@id\":\"https:\/\/www.destrezasyvidaenelmedionatural.es\/#\/schema\/person\/05ac69635d864d75006df0853eb7afd3\"},\"image\":{\"@id\":\"https:\/\/www.destrezasyvidaenelmedionatural.es\/index.php\/2024\/12\/16\/la-supervivencia-es-mas-que-una-habilidad-es-una-mentalidad-historia-de-luis-garcia\/#primaryimage\"},\"thumbnailUrl\":\"https:\/\/www.destrezasyvidaenelmedionatural.es\/wp-content\/uploads\/2024\/12\/IMG_20210924_171500-1024x768.jpg\",\"keywords\":[\"consejosdesupervivencia\",\"Curso de supervivencia\",\"Supervivencia\"],\"inLanguage\":\"es\",\"potentialAction\":[{\"@type\":\"CommentAction\",\"name\":\"Comment\",\"target\":[\"https:\/\/www.destrezasyvidaenelmedionatural.es\/index.php\/2024\/12\/16\/la-supervivencia-es-mas-que-una-habilidad-es-una-mentalidad-historia-de-luis-garcia\/#respond\"]}]},{\"@type\":\"WebPage\",\"@id\":\"https:\/\/www.destrezasyvidaenelmedionatural.es\/index.php\/2024\/12\/16\/la-supervivencia-es-mas-que-una-habilidad-es-una-mentalidad-historia-de-luis-garcia\/\",\"url\":\"https:\/\/www.destrezasyvidaenelmedionatural.es\/index.php\/2024\/12\/16\/la-supervivencia-es-mas-que-una-habilidad-es-una-mentalidad-historia-de-luis-garcia\/\",\"name\":\"La Supervivencia es m\u00e1s que una Habilidad, es una Mentalidad: Historia de Luis Garc\u00eda - Destrezas y Vida en el Medio Natural\",\"isPartOf\":{\"@id\":\"https:\/\/www.destrezasyvidaenelmedionatural.es\/#website\"},\"primaryImageOfPage\":{\"@id\":\"https:\/\/www.destrezasyvidaenelmedionatural.es\/index.php\/2024\/12\/16\/la-supervivencia-es-mas-que-una-habilidad-es-una-mentalidad-historia-de-luis-garcia\/#primaryimage\"},\"image\":{\"@id\":\"https:\/\/www.destrezasyvidaenelmedionatural.es\/index.php\/2024\/12\/16\/la-supervivencia-es-mas-que-una-habilidad-es-una-mentalidad-historia-de-luis-garcia\/#primaryimage\"},\"thumbnailUrl\":\"https:\/\/www.destrezasyvidaenelmedionatural.es\/wp-content\/uploads\/2024\/12\/IMG_20210924_171500-1024x768.jpg\",\"datePublished\":\"2024-12-16T11:20:40+00:00\",\"dateModified\":\"2024-12-16T11:20:41+00:00\",\"description\":\"Luis, apasionado de la naturaleza, jam\u00e1s imagin\u00f3 que lo aprendido en el Curso Completo de Supervivencia cambiar\u00eda su vida.\",\"breadcrumb\":{\"@id\":\"https:\/\/www.destrezasyvidaenelmedionatural.es\/index.php\/2024\/12\/16\/la-supervivencia-es-mas-que-una-habilidad-es-una-mentalidad-historia-de-luis-garcia\/#breadcrumb\"},\"inLanguage\":\"es\",\"potentialAction\":[{\"@type\":\"ReadAction\",\"target\":[\"https:\/\/www.destrezasyvidaenelmedionatural.es\/index.php\/2024\/12\/16\/la-supervivencia-es-mas-que-una-habilidad-es-una-mentalidad-historia-de-luis-garcia\/\"]}]},{\"@type\":\"ImageObject\",\"inLanguage\":\"es\",\"@id\":\"https:\/\/www.destrezasyvidaenelmedionatural.es\/index.php\/2024\/12\/16\/la-supervivencia-es-mas-que-una-habilidad-es-una-mentalidad-historia-de-luis-garcia\/#primaryimage\",\"url\":\"https:\/\/www.destrezasyvidaenelmedionatural.es\/wp-content\/uploads\/2024\/12\/IMG_20210924_171500-scaled.jpg\",\"contentUrl\":\"https:\/\/www.destrezasyvidaenelmedionatural.es\/wp-content\/uploads\/2024\/12\/IMG_20210924_171500-scaled.jpg\",\"width\":2560,\"height\":1920},{\"@type\":\"BreadcrumbList\",\"@id\":\"https:\/\/www.destrezasyvidaenelmedionatural.es\/index.php\/2024\/12\/16\/la-supervivencia-es-mas-que-una-habilidad-es-una-mentalidad-historia-de-luis-garcia\/#breadcrumb\",\"itemListElement\":[{\"@type\":\"ListItem\",\"position\":1,\"name\":\"Portada\",\"item\":\"https:\/\/www.destrezasyvidaenelmedionatural.es\/\"},{\"@type\":\"ListItem\",\"position\":2,\"name\":\"La Supervivencia es m\u00e1s que una Habilidad, es una Mentalidad: Historia de Luis Garc\u00eda\"}]},{\"@type\":\"WebSite\",\"@id\":\"https:\/\/www.destrezasyvidaenelmedionatural.es\/#website\",\"url\":\"https:\/\/www.destrezasyvidaenelmedionatural.es\/\",\"name\":\"Destrezas y Vida en el Medio Natural\",\"description\":\"El sitio web Destrezas y Vida en el Medio Natural es un recurso excelente para cualquiera que quiera aprender sobre la naturaleza y c\u00f3mo interactuar con ella de manera segura y respetuosa.\",\"publisher\":{\"@id\":\"https:\/\/www.destrezasyvidaenelmedionatural.es\/#\/schema\/person\/05ac69635d864d75006df0853eb7afd3\"},\"potentialAction\":[{\"@type\":\"SearchAction\",\"target\":{\"@type\":\"EntryPoint\",\"urlTemplate\":\"https:\/\/www.destrezasyvidaenelmedionatural.es\/?s={search_term_string}\"},\"query-input\":{\"@type\":\"PropertyValueSpecification\",\"valueRequired\":true,\"valueName\":\"search_term_string\"}}],\"inLanguage\":\"es\"},{\"@type\":[\"Person\",\"Organization\"],\"@id\":\"https:\/\/www.destrezasyvidaenelmedionatural.es\/#\/schema\/person\/05ac69635d864d75006df0853eb7afd3\",\"name\":\"admin\",\"image\":{\"@type\":\"ImageObject\",\"inLanguage\":\"es\",\"@id\":\"https:\/\/www.destrezasyvidaenelmedionatural.es\/#\/schema\/person\/image\/\",\"url\":\"https:\/\/www.destrezasyvidaenelmedionatural.es\/wp-content\/uploads\/2021\/08\/cropped-SIN-FONDO-PRUEBA1.png\",\"contentUrl\":\"https:\/\/www.destrezasyvidaenelmedionatural.es\/wp-content\/uploads\/2021\/08\/cropped-SIN-FONDO-PRUEBA1.png\",\"width\":351,\"height\":349,\"caption\":\"admin\"},\"logo\":{\"@id\":\"https:\/\/www.destrezasyvidaenelmedionatural.es\/#\/schema\/person\/image\/\"},\"sameAs\":[\"http:\/\/www.destrezasyvidaenelmedionatural.es\",\"https:\/\/www.facebook.com\/Destrezas.y.Vida.en.el.Medio.Natural\",\"https:\/\/www.instagram.com\/destrezasyvidamn\/\"],\"url\":\"https:\/\/www.destrezasyvidaenelmedionatural.es\/index.php\/author\/admin\/\"}]}<\/script>\n<!-- \/ Yoast SEO plugin. -->","yoast_head_json":{"title":"La Supervivencia es m\u00e1s que una Habilidad, es una Mentalidad: Historia de Luis Garc\u00eda - Destrezas y Vida en el Medio Natural","description":"Luis, apasionado de la naturaleza, jam\u00e1s imagin\u00f3 que lo aprendido en el Curso Completo de Supervivencia cambiar\u00eda su vida.","robots":{"index":"index","follow":"follow","max-snippet":"max-snippet:-1","max-image-preview":"max-image-preview:large","max-video-preview":"max-video-preview:-1"},"canonical":"https:\/\/www.destrezasyvidaenelmedionatural.es\/index.php\/2024\/12\/16\/la-supervivencia-es-mas-que-una-habilidad-es-una-mentalidad-historia-de-luis-garcia\/","og_locale":"es_ES","og_type":"article","og_title":"La Supervivencia es m\u00e1s que una Habilidad, es una Mentalidad: Historia de Luis Garc\u00eda - Destrezas y Vida en el Medio Natural","og_description":"Luis, apasionado de la naturaleza, jam\u00e1s imagin\u00f3 que lo aprendido en el Curso Completo de Supervivencia cambiar\u00eda su vida.","og_url":"https:\/\/www.destrezasyvidaenelmedionatural.es\/index.php\/2024\/12\/16\/la-supervivencia-es-mas-que-una-habilidad-es-una-mentalidad-historia-de-luis-garcia\/","og_site_name":"Destrezas y Vida en el Medio Natural","article_publisher":"https:\/\/www.facebook.com\/Destrezas.y.Vida.en.el.Medio.Natural","article_author":"https:\/\/www.facebook.com\/Destrezas.y.Vida.en.el.Medio.Natural","article_published_time":"2024-12-16T11:20:40+00:00","article_modified_time":"2024-12-16T11:20:41+00:00","og_image":[{"width":2560,"height":1920,"url":"https:\/\/www.destrezasyvidaenelmedionatural.es\/wp-content\/uploads\/2024\/12\/IMG_20210924_171500-scaled.jpg","type":"image\/jpeg"}],"author":"admin","twitter_card":"summary_large_image","twitter_creator":"@DestrezasyVida","twitter_site":"@DestrezasyVida","twitter_misc":{"Escrito por":"admin","Tiempo de lectura":"3 minutos"},"schema":{"@context":"https:\/\/schema.org","@graph":[{"@type":"Article","@id":"https:\/\/www.destrezasyvidaenelmedionatural.es\/index.php\/2024\/12\/16\/la-supervivencia-es-mas-que-una-habilidad-es-una-mentalidad-historia-de-luis-garcia\/#article","isPartOf":{"@id":"https:\/\/www.destrezasyvidaenelmedionatural.es\/index.php\/2024\/12\/16\/la-supervivencia-es-mas-que-una-habilidad-es-una-mentalidad-historia-de-luis-garcia\/"},"author":{"name":"admin","@id":"https:\/\/www.destrezasyvidaenelmedionatural.es\/#\/schema\/person\/05ac69635d864d75006df0853eb7afd3"},"headline":"La Supervivencia es m\u00e1s que una Habilidad, es una Mentalidad: Historia de Luis Garc\u00eda","datePublished":"2024-12-16T11:20:40+00:00","dateModified":"2024-12-16T11:20:41+00:00","mainEntityOfPage":{"@id":"https:\/\/www.destrezasyvidaenelmedionatural.es\/index.php\/2024\/12\/16\/la-supervivencia-es-mas-que-una-habilidad-es-una-mentalidad-historia-de-luis-garcia\/"},"wordCount":543,"commentCount":0,"publisher":{"@id":"https:\/\/www.destrezasyvidaenelmedionatural.es\/#\/schema\/person\/05ac69635d864d75006df0853eb7afd3"},"image":{"@id":"https:\/\/www.destrezasyvidaenelmedionatural.es\/index.php\/2024\/12\/16\/la-supervivencia-es-mas-que-una-habilidad-es-una-mentalidad-historia-de-luis-garcia\/#primaryimage"},"thumbnailUrl":"https:\/\/www.destrezasyvidaenelmedionatural.es\/wp-content\/uploads\/2024\/12\/IMG_20210924_171500-1024x768.jpg","keywords":["consejosdesupervivencia","Curso de supervivencia","Supervivencia"],"inLanguage":"es","potentialAction":[{"@type":"CommentAction","name":"Comment","target":["https:\/\/www.destrezasyvidaenelmedionatural.es\/index.php\/2024\/12\/16\/la-supervivencia-es-mas-que-una-habilidad-es-una-mentalidad-historia-de-luis-garcia\/#respond"]}]},{"@type":"WebPage","@id":"https:\/\/www.destrezasyvidaenelmedionatural.es\/index.php\/2024\/12\/16\/la-supervivencia-es-mas-que-una-habilidad-es-una-mentalidad-historia-de-luis-garcia\/","url":"https:\/\/www.destrezasyvidaenelmedionatural.es\/index.php\/2024\/12\/16\/la-supervivencia-es-mas-que-una-habilidad-es-una-mentalidad-historia-de-luis-garcia\/","name":"La Supervivencia es m\u00e1s que una Habilidad, es una Mentalidad: Historia de Luis Garc\u00eda - Destrezas y Vida en el Medio Natural","isPartOf":{"@id":"https:\/\/www.destrezasyvidaenelmedionatural.es\/#website"},"primaryImageOfPage":{"@id":"https:\/\/www.destrezasyvidaenelmedionatural.es\/index.php\/2024\/12\/16\/la-supervivencia-es-mas-que-una-habilidad-es-una-mentalidad-historia-de-luis-garcia\/#primaryimage"},"image":{"@id":"https:\/\/www.destrezasyvidaenelmedionatural.es\/index.php\/2024\/12\/16\/la-supervivencia-es-mas-que-una-habilidad-es-una-mentalidad-historia-de-luis-garcia\/#primaryimage"},"thumbnailUrl":"https:\/\/www.destrezasyvidaenelmedionatural.es\/wp-content\/uploads\/2024\/12\/IMG_20210924_171500-1024x768.jpg","datePublished":"2024-12-16T11:20:40+00:00","dateModified":"2024-12-16T11:20:41+00:00","description":"Luis, apasionado de la naturaleza, jam\u00e1s imagin\u00f3 que lo aprendido en el Curso Completo de Supervivencia cambiar\u00eda su vida.","breadcrumb":{"@id":"https:\/\/www.destrezasyvidaenelmedionatural.es\/index.php\/2024\/12\/16\/la-supervivencia-es-mas-que-una-habilidad-es-una-mentalidad-historia-de-luis-garcia\/#breadcrumb"},"inLanguage":"es","potentialAction":[{"@type":"ReadAction","target":["https:\/\/www.destrezasyvidaenelmedionatural.es\/index.php\/2024\/12\/16\/la-supervivencia-es-mas-que-una-habilidad-es-una-mentalidad-historia-de-luis-garcia\/"]}]},{"@type":"ImageObject","inLanguage":"es","@id":"https:\/\/www.destrezasyvidaenelmedionatural.es\/index.php\/2024\/12\/16\/la-supervivencia-es-mas-que-una-habilidad-es-una-mentalidad-historia-de-luis-garcia\/#primaryimage","url":"https:\/\/www.destrezasyvidaenelmedionatural.es\/wp-content\/uploads\/2024\/12\/IMG_20210924_171500-scaled.jpg","contentUrl":"https:\/\/www.destrezasyvidaenelmedionatural.es\/wp-content\/uploads\/2024\/12\/IMG_20210924_171500-scaled.jpg","width":2560,"height":1920},{"@type":"BreadcrumbList","@id":"https:\/\/www.destrezasyvidaenelmedionatural.es\/index.php\/2024\/12\/16\/la-supervivencia-es-mas-que-una-habilidad-es-una-mentalidad-historia-de-luis-garcia\/#breadcrumb","itemListElement":[{"@type":"ListItem","position":1,"name":"Portada","item":"https:\/\/www.destrezasyvidaenelmedionatural.es\/"},{"@type":"ListItem","position":2,"name":"La Supervivencia es m\u00e1s que una Habilidad, es una Mentalidad: Historia de Luis Garc\u00eda"}]},{"@type":"WebSite","@id":"https:\/\/www.destrezasyvidaenelmedionatural.es\/#website","url":"https:\/\/www.destrezasyvidaenelmedionatural.es\/","name":"Destrezas y Vida en el Medio Natural","description":"El sitio web Destrezas y Vida en el Medio Natural es un recurso excelente para cualquiera que quiera aprender sobre la naturaleza y c\u00f3mo interactuar con ella de manera segura y respetuosa.","publisher":{"@id":"https:\/\/www.destrezasyvidaenelmedionatural.es\/#\/schema\/person\/05ac69635d864d75006df0853eb7afd3"},"potentialAction":[{"@type":"SearchAction","target":{"@type":"EntryPoint","urlTemplate":"https:\/\/www.destrezasyvidaenelmedionatural.es\/?s={search_term_string}"},"query-input":{"@type":"PropertyValueSpecification","valueRequired":true,"valueName":"search_term_string"}}],"inLanguage":"es"},{"@type":["Person","Organization"],"@id":"https:\/\/www.destrezasyvidaenelmedionatural.es\/#\/schema\/person\/05ac69635d864d75006df0853eb7afd3","name":"admin","image":{"@type":"ImageObject","inLanguage":"es","@id":"https:\/\/www.destrezasyvidaenelmedionatural.es\/#\/schema\/person\/image\/","url":"https:\/\/www.destrezasyvidaenelmedionatural.es\/wp-content\/uploads\/2021\/08\/cropped-SIN-FONDO-PRUEBA1.png","contentUrl":"https:\/\/www.destrezasyvidaenelmedionatural.es\/wp-content\/uploads\/2021\/08\/cropped-SIN-FONDO-PRUEBA1.png","width":351,"height":349,"caption":"admin"},"logo":{"@id":"https:\/\/www.destrezasyvidaenelmedionatural.es\/#\/schema\/person\/image\/"},"sameAs":["http:\/\/www.destrezasyvidaenelmedionatural.es","https:\/\/www.facebook.com\/Destrezas.y.Vida.en.el.Medio.Natural","https:\/\/www.instagram.com\/destrezasyvidamn\/"],"url":"https:\/\/www.destrezasyvidaenelmedionatural.es\/index.php\/author\/admin\/"}]}},"_links":{"self":[{"href":"https:\/\/www.destrezasyvidaenelmedionatural.es\/index.php\/wp-json\/wp\/v2\/posts\/3028","targetHints":{"allow":["GET"]}}],"collection":[{"href":"https:\/\/www.destrezasyvidaenelmedionatural.es\/index.php\/wp-json\/wp\/v2\/posts"}],"about":[{"href":"https:\/\/www.destrezasyvidaenelmedionatural.es\/index.php\/wp-json\/wp\/v2\/types\/post"}],"author":[{"embeddable":true,"href":"https:\/\/www.destrezasyvidaenelmedionatural.es\/index.php\/wp-json\/wp\/v2\/users\/1"}],"replies":[{"embeddable":true,"href":"https:\/\/www.destrezasyvidaenelmedionatural.es\/index.php\/wp-json\/wp\/v2\/comments?post=3028"}],"version-history":[{"count":1,"href":"https:\/\/www.destrezasyvidaenelmedionatural.es\/index.php\/wp-json\/wp\/v2\/posts\/3028\/revisions"}],"predecessor-version":[{"id":3030,"href":"https:\/\/www.destrezasyvidaenelmedionatural.es\/index.php\/wp-json\/wp\/v2\/posts\/3028\/revisions\/3030"}],"wp:attachment":[{"href":"https:\/\/www.destrezasyvidaenelmedionatural.es\/index.php\/wp-json\/wp\/v2\/media?parent=3028"}],"wp:term":[{"taxonomy":"category","embeddable":true,"href":"https:\/\/www.destrezasyvidaenelmedionatural.es\/index.php\/wp-json\/wp\/v2\/categories?post=3028"},{"taxonomy":"post_tag","embeddable":true,"href":"https:\/\/www.destrezasyvidaenelmedionatural.es\/index.php\/wp-json\/wp\/v2\/tags?post=3028"}],"curies":[{"name":"wp","href":"https:\/\/api.w.org\/{rel}","templated":true}]}}