{"id":3246,"date":"2025-04-15T07:20:15","date_gmt":"2025-04-15T07:20:15","guid":{"rendered":"https:\/\/www.destrezasyvidaenelmedionatural.es\/?p=3246"},"modified":"2025-04-15T07:20:16","modified_gmt":"2025-04-15T07:20:16","slug":"leche-en-polvo-de-mejor-sabor-y-larga-vida-util-10-anos-analisis-convar","status":"publish","type":"post","link":"https:\/\/www.destrezasyvidaenelmedionatural.es\/index.php\/2025\/04\/15\/leche-en-polvo-de-mejor-sabor-y-larga-vida-util-10-anos-analisis-convar\/","title":{"rendered":"Leche en Polvo de Mejor Sabor y Larga Vida \u00datil (+10 a\u00f1os) | An\u00e1lisis CONVAR"},"content":{"rendered":"\n<p>Para cualquiera que se tome en serio la preparaci\u00f3n y el almacenamiento de alimentos a largo plazo, la leche en polvo emerge como un componente casi indispensable. Su versatilidad y valor nutricional la convierten en un pilar fundamental. Pero, \u00bfc\u00f3mo asegurar que tengamos leche disponible, con buen sabor, incluso a\u00f1os despu\u00e9s? Perm\u00edteme compartir mi experiencia y la soluci\u00f3n espec\u00edfica que hemos encontrado.<\/p>\n\n\n<div class=\"wp-block-image\">\n<figure class=\"aligncenter size-full\"><img fetchpriority=\"high\" decoding=\"async\" width=\"600\" height=\"600\" src=\"https:\/\/www.destrezasyvidaenelmedionatural.es\/wp-content\/uploads\/2025\/04\/CONVARa_132__162__FeldkA_188_che_Basics_Leche_Entera_en_Polvo_EcolA_179_gica_350g_rinde_3_litros.avif\" alt=\"\" class=\"wp-image-3247\"\/><figcaption class=\"wp-element-caption\">CONVAR\u2122 Feldk\u00fcche Basics | Leche Entera en Polvo Ecol\u00f3gica (350g rinde 3 litros) DE-\u00d6KO-039<\/figcaption><\/figure>\n<\/div>\n\n\n<p><strong>La Importancia de la Leche en Polvo para el Almacenamiento a Largo Plazo<\/strong><\/p>\n\n\n\n<p>Cuando decid\u00ed profundizar en la preparaci\u00f3n de mi despensa, la leche en polvo fue uno de los primeros elementos en mi lista. No solo es una bebida reconfortante por s\u00ed sola, sino que tambi\u00e9n es un ingrediente crucial en innumerables recetas, desde panes y postres hasta sopas y batidos.<\/p>\n\n\n\n<p>M\u00e1s all\u00e1 de su versatilidad culinaria, su perfil nutricional es destacable: es una fuente valiosa de&nbsp;<strong>prote\u00ednas, calcio, y vitaminas esenciales como la D y la A<\/strong>. Incorporarla al almacenamiento de alimentos de supervivencia a largo plazo es una decisi\u00f3n inteligente para asegurar una nutrici\u00f3n equilibrada en cualquier circunstancia.<\/p>\n\n\n\n<p><strong>El Desaf\u00edo: Encontrar Calidad y Durabilidad<\/strong><\/p>\n\n\n\n<p>Mi investigaci\u00f3n inicial revel\u00f3 que la leche en polvo para almacenamiento a largo plazo suele presentarse en&nbsp;<strong>latas #10 selladas al vac\u00edo<\/strong>, un formato popular entre las compa\u00f1\u00edas de alimentos de supervivencia. Si bien la leche en polvo tambi\u00e9n est\u00e1 disponible en supermercados, su empaque no est\u00e1 dise\u00f1ado espec\u00edficamente para resistir el paso de d\u00e9cadas.<\/p>\n\n\n\n<p>El mayor obst\u00e1culo, sin embargo, suele ser el&nbsp;<strong>sabor<\/strong>. Muchas leches en polvo simplemente no saben bien o tienen una textura desagradable al reconstituirse. Este factor es crucial, ya que en una situaci\u00f3n prolongada, el \u00e1nimo y la disposici\u00f3n a consumir los alimentos almacenados dependen en gran medida de su palatabilidad.<\/p>\n\n\n\n<p><strong>Mi Elecci\u00f3n: CONVAR\u2122 Feldk\u00fcche Basics &#8211; Sabor, Calidad y Longevidad<\/strong><\/p>\n\n\n\n<p>Despu\u00e9s de probar varias opciones, mi elecci\u00f3n se consolid\u00f3 en la&nbsp;<strong>leche entera ecol\u00f3gica certificada en polvo de CONVAR\u2122 Feldk\u00fcche Basics<\/strong>. Varios factores inclinaron la balanza:<\/p>\n\n\n\n<ol class=\"wp-block-list\">\n<li><strong>Sabor Superior:<\/strong>\u00a0Francamente, nos gusta su sabor. Comparada con otras, se reconstituye en una leche sorprendentemente agradable, lo m\u00e1s parecido a la leche fresca que hemos encontrado en formato polvo.<\/li>\n\n\n\n<li><strong>Calidad Ecol\u00f3gica Certificada:<\/strong>\u00a0Saber que es leche entera\u00a0<strong>100% ecol\u00f3gica ([DE-\u00d6KO-039])<\/strong>, sin aditivos ni conservantes, aporta una gran tranquilidad.<\/li>\n\n\n\n<li><strong>Vida \u00datil Excepcional:<\/strong>\u00a0Aunque el objetivo ideal para muchos preparadores es una vida \u00fatil de 20 a\u00f1os (a menudo m\u00e1s factible con leche desnatada), esta leche entera ecol\u00f3gica de CONVAR\u2122 ofrece una durabilidad sobresaliente gracias a su proceso y envasado. La fecha de caducidad espec\u00edfica de mi lote es\u00a0<strong>01\/2036<\/strong>, lo que garantiza m\u00e1s de una d\u00e9cada de almacenamiento seguro si se mantiene en condiciones adecuadas. Es importante recordar que la grasa de la leche entera puede limitar la vida \u00fatil en comparaci\u00f3n con la desnatada, pero CONVAR\u2122 maximiza esta durabilidad.<\/li>\n\n\n\n<li><strong>Confianza en la Marca:<\/strong>\u00a0CONVAR\u2122 tiene una reputaci\u00f3n de calidad, sostenibilidad y funcionalidad, dise\u00f1ando productos pensados para necesidades reales.<\/li>\n<\/ol>\n\n\n\n<p><strong>Innovaci\u00f3n en el Envasado: M\u00e1s All\u00e1 de la Lata<\/strong><\/p>\n\n\n\n<p>Un aspecto diferencial de la leche CONVAR\u2122 es su envase. En lugar de las voluminosas latas, utilizan&nbsp;<strong>bolsas blandas de seis capas sin BPA<\/strong>. Este dise\u00f1o ofrece m\u00faltiples ventajas:<\/p>\n\n\n\n<ul class=\"wp-block-list\">\n<li><strong>Protecci\u00f3n \u00d3ptima:<\/strong>\u00a0Protege eficazmente contra la humedad, los golpes y las ca\u00eddas.<\/li>\n\n\n\n<li><strong>Facilidad de Uso:<\/strong>\u00a0Incluye un\u00a0<strong>cierre tipo cremallera (zip)<\/strong>\u00a0integrado, permitiendo volver a cerrar la bolsa f\u00e1cilmente despu\u00e9s de abrirla, manteniendo la frescura.<\/li>\n\n\n\n<li><strong>Ahorro de Espacio:<\/strong>\u00a0Son compactas y mucho m\u00e1s f\u00e1ciles de almacenar en mochilas, despensas o kits de emergencia que las latas r\u00edgidas.<\/li>\n\n\n\n<li><strong>Sostenibilidad:<\/strong>\u00a0Generan hasta un\u00a0<strong>92% menos de residuos de envases<\/strong>\u00a0en comparaci\u00f3n con las latas tradicionales.<\/li>\n<\/ul>\n\n\n\n<p><strong>Caracter\u00edsticas Detalladas de CONVAR\u2122 Feldk\u00fcche Basics Leche Entera Ecol\u00f3gica:<\/strong><\/p>\n\n\n\n<ul class=\"wp-block-list\">\n<li><strong>Rendimiento:<\/strong>\u00a0Una bolsa de 350 g rinde hasta\u00a0<strong>3 litros de leche entera fresca<\/strong>.<\/li>\n\n\n\n<li><strong>Preparaci\u00f3n Sencilla:<\/strong>\u00a0Se mezcla f\u00e1cilmente con agua. La proporci\u00f3n recomendada es aproximadamente 1 parte de polvo por 7 partes de agua (350 g de polvo con 2.65 L de agua para obtener 3 L de leche).<\/li>\n\n\n\n<li><strong>Ingredientes:<\/strong>\u00a0100% Leche entera ecol\u00f3gica certificada.<\/li>\n\n\n\n<li><strong>Informaci\u00f3n Nutricional (por 100g promedio):<\/strong>\n<ul class=\"wp-block-list\">\n<li>Valor energ\u00e9tico: 2043 kJ \/ 488 kcal<\/li>\n\n\n\n<li>Grasas: 26g (saturadas: 16,2g)<\/li>\n\n\n\n<li>Hidratos de carbono: 38g (az\u00facares: 38g)<\/li>\n\n\n\n<li>Prote\u00ednas: 25g<\/li>\n\n\n\n<li>Sal: 0,75g<\/li>\n<\/ul>\n<\/li>\n\n\n\n<li><strong>Origen:<\/strong>\u00a0Alemania (Ref: CFB-BVMP-350-15).<\/li>\n<\/ul>\n\n\n\n<p><strong>Ideal Para M\u00faltiples Escenarios:<\/strong><\/p>\n\n\n\n<p>Esta leche en polvo no es solo para preparadores:<\/p>\n\n\n\n<ul class=\"wp-block-list\">\n<li><strong>Camping y Actividades al Aire Libre:<\/strong>\u00a0Ligera, compacta y nutritiva.<\/li>\n\n\n\n<li><strong>Preparaci\u00f3n para Emergencias:<\/strong>\u00a0Un alimento b\u00e1sico fiable y duradero.<\/li>\n\n\n\n<li><strong>Uso Dom\u00e9stico:<\/strong>\u00a0Una alternativa pr\u00e1ctica para tener siempre leche disponible sin depender de la refrigeraci\u00f3n constante.<\/li>\n\n\n\n<li><strong>Viajes y Expediciones:<\/strong>\u00a0F\u00e1cil de transportar y preparar en cualquier lugar.<\/li>\n<\/ul>\n\n\n\n<p><strong>Complementos Inteligentes:<\/strong><\/p>\n\n\n\n<p>Para maximizar su utilidad, considera combinarla con:<\/p>\n\n\n\n<ul class=\"wp-block-list\">\n<li>Cereales y granolas.<\/li>\n\n\n\n<li>Caf\u00e9 o cacao instant\u00e1neo.<\/li>\n\n\n\n<li>Como parte de kits de supervivencia m\u00e1s amplios.<\/li>\n\n\n\n<li>Utilizando botellas reutilizables para su mezcla y transporte.<\/li>\n<\/ul>\n\n\n\n<p><strong>Conclusi\u00f3n: Una Soluci\u00f3n Confiable y de Calidad<\/strong><\/p>\n\n\n\n<p>Encontrar una leche en polvo para almacenamiento a largo plazo que combine\u00a0<strong>buen sabor, alta calidad nutricional, una vida \u00fatil prolongada y un envasado pr\u00e1ctico y sostenible<\/strong>\u00a0puede ser un desaf\u00edo. Basado en mi experiencia, la\u00a0<strong><a href=\"https:\/\/www.ferrehogar.es\/p\/convar-tm-feldkueche-basics-u-leche-entera-en-polvo-ecologica-350g-rinde-3-litros-de-oeko-039\">Leche Entera Ecol\u00f3gica en Polvo CONVAR\u2122 Feldk\u00fcche Basics<\/a><\/strong>\u00a0cumple notablemente con estos requisitos.<\/p>\n\n\n\n<p>Es m\u00e1s que un simple alimento de emergencia; es una soluci\u00f3n vers\u00e1til y fiable que te permite disfrutar de la comodidad y nutrici\u00f3n de la leche fresca en casi cualquier situaci\u00f3n, hoy o dentro de muchos a\u00f1os. Si buscas fortalecer tu despensa de largo plazo sin comprometer el sabor ni la calidad, esta es una opci\u00f3n que definitivamente vale la pena considerar.<\/p>\n","protected":false},"excerpt":{"rendered":"<p>Para cualquiera que se tome en serio la preparaci\u00f3n y el almacenamiento de alimentos a largo plazo, la leche en polvo emerge como un componente casi indispensable. Su versatilidad y valor nutricional la convierten en un pilar fundamental. Pero, \u00bfc\u00f3mo asegurar que tengamos leche disponible, con buen sabor, incluso a\u00f1os despu\u00e9s? Perm\u00edteme compartir mi experiencia &hellip;<\/p>\n<p class=\"read-more\"> <a class=\"\" href=\"https:\/\/www.destrezasyvidaenelmedionatural.es\/index.php\/2025\/04\/15\/leche-en-polvo-de-mejor-sabor-y-larga-vida-util-10-anos-analisis-convar\/\"> <span class=\"screen-reader-text\">Leche en Polvo de Mejor Sabor y Larga Vida \u00datil (+10 a\u00f1os) | An\u00e1lisis CONVAR<\/span> Leer m\u00e1s &raquo;<\/a><\/p>\n","protected":false},"author":1,"featured_media":0,"comment_status":"open","ping_status":"open","sticky":false,"template":"","format":"standard","meta":{"episode_type":"","audio_file":"","cover_image":"","cover_image_id":"","duration":"","filesize":"","date_recorded":"","explicit":"","block":"","filesize_raw":"","footnotes":""},"categories":[8],"tags":[181,176,183,180,182,177,179,72,178,26],"class_list":["post-3246","post","type-post","status-publish","format-standard","hentry","category-blog","tag-alimentos-emergencia","tag-almacenamiento-largo-plazo","tag-convar","tag-larga-vida-util","tag-leche-ecologica","tag-leche-en-polvo","tag-mejor-sabor","tag-preparacion","tag-prepping","tag-supervivencia"],"yoast_head":"<!-- This site is optimized with the Yoast SEO plugin v23.8 - https:\/\/yoast.com\/wordpress\/plugins\/seo\/ -->\n<title>Leche en Polvo de Mejor Sabor y Larga Vida \u00datil (+10 a\u00f1os) | An\u00e1lisis CONVAR - Destrezas y Vida en el Medio Natural<\/title>\n<meta name=\"description\" content=\"Descubre la mejor leche en polvo para almacenamiento a largo plazo (+10 a\u00f1os). An\u00e1lisis de Jorge Mi\u00f1ano sobre sabor, duraci\u00f3n y por qu\u00e9 CONVAR\u2122 ecol\u00f3gica es una gran opci\u00f3n.\" \/>\n<meta name=\"robots\" content=\"index, follow, max-snippet:-1, max-image-preview:large, max-video-preview:-1\" \/>\n<link rel=\"canonical\" href=\"https:\/\/www.destrezasyvidaenelmedionatural.es\/index.php\/2025\/04\/15\/leche-en-polvo-de-mejor-sabor-y-larga-vida-util-10-anos-analisis-convar\/\" \/>\n<meta property=\"og:locale\" content=\"es_ES\" \/>\n<meta property=\"og:type\" content=\"article\" \/>\n<meta property=\"og:title\" content=\"Leche en Polvo de Mejor Sabor y Larga Vida \u00datil (+10 a\u00f1os) | An\u00e1lisis CONVAR - Destrezas y Vida en el Medio Natural\" \/>\n<meta property=\"og:description\" content=\"Descubre la mejor leche en polvo para almacenamiento a largo plazo (+10 a\u00f1os). An\u00e1lisis de Jorge Mi\u00f1ano sobre sabor, duraci\u00f3n y por qu\u00e9 CONVAR\u2122 ecol\u00f3gica es una gran opci\u00f3n.\" \/>\n<meta property=\"og:url\" content=\"https:\/\/www.destrezasyvidaenelmedionatural.es\/index.php\/2025\/04\/15\/leche-en-polvo-de-mejor-sabor-y-larga-vida-util-10-anos-analisis-convar\/\" \/>\n<meta property=\"og:site_name\" content=\"Destrezas y Vida en el Medio Natural\" \/>\n<meta property=\"article:publisher\" content=\"https:\/\/www.facebook.com\/Destrezas.y.Vida.en.el.Medio.Natural\" \/>\n<meta property=\"article:author\" content=\"https:\/\/www.facebook.com\/Destrezas.y.Vida.en.el.Medio.Natural\" \/>\n<meta property=\"article:published_time\" content=\"2025-04-15T07:20:15+00:00\" \/>\n<meta property=\"article:modified_time\" content=\"2025-04-15T07:20:16+00:00\" \/>\n<meta property=\"og:image\" content=\"https:\/\/www.destrezasyvidaenelmedionatural.es\/wp-content\/uploads\/2021\/08\/cropped-SIN-FONDO-PRUEBA1.png\" \/>\n\t<meta property=\"og:image:width\" content=\"351\" \/>\n\t<meta property=\"og:image:height\" content=\"349\" \/>\n\t<meta property=\"og:image:type\" content=\"image\/png\" \/>\n<meta name=\"author\" content=\"admin\" \/>\n<meta name=\"twitter:card\" content=\"summary_large_image\" \/>\n<meta name=\"twitter:creator\" content=\"@DestrezasyVida\" \/>\n<meta name=\"twitter:site\" content=\"@DestrezasyVida\" \/>\n<meta name=\"twitter:label1\" content=\"Escrito por\" \/>\n\t<meta name=\"twitter:data1\" content=\"admin\" \/>\n\t<meta name=\"twitter:label2\" content=\"Tiempo de lectura\" \/>\n\t<meta name=\"twitter:data2\" content=\"5 minutos\" \/>\n<script type=\"application\/ld+json\" class=\"yoast-schema-graph\">{\"@context\":\"https:\/\/schema.org\",\"@graph\":[{\"@type\":\"Article\",\"@id\":\"https:\/\/www.destrezasyvidaenelmedionatural.es\/index.php\/2025\/04\/15\/leche-en-polvo-de-mejor-sabor-y-larga-vida-util-10-anos-analisis-convar\/#article\",\"isPartOf\":{\"@id\":\"https:\/\/www.destrezasyvidaenelmedionatural.es\/index.php\/2025\/04\/15\/leche-en-polvo-de-mejor-sabor-y-larga-vida-util-10-anos-analisis-convar\/\"},\"author\":{\"name\":\"admin\",\"@id\":\"https:\/\/www.destrezasyvidaenelmedionatural.es\/#\/schema\/person\/05ac69635d864d75006df0853eb7afd3\"},\"headline\":\"Leche en Polvo de Mejor Sabor y Larga Vida \u00datil (+10 a\u00f1os) | An\u00e1lisis CONVAR\",\"datePublished\":\"2025-04-15T07:20:15+00:00\",\"dateModified\":\"2025-04-15T07:20:16+00:00\",\"mainEntityOfPage\":{\"@id\":\"https:\/\/www.destrezasyvidaenelmedionatural.es\/index.php\/2025\/04\/15\/leche-en-polvo-de-mejor-sabor-y-larga-vida-util-10-anos-analisis-convar\/\"},\"wordCount\":1003,\"commentCount\":0,\"publisher\":{\"@id\":\"https:\/\/www.destrezasyvidaenelmedionatural.es\/#\/schema\/person\/05ac69635d864d75006df0853eb7afd3\"},\"image\":{\"@id\":\"https:\/\/www.destrezasyvidaenelmedionatural.es\/index.php\/2025\/04\/15\/leche-en-polvo-de-mejor-sabor-y-larga-vida-util-10-anos-analisis-convar\/#primaryimage\"},\"thumbnailUrl\":\"https:\/\/www.destrezasyvidaenelmedionatural.es\/wp-content\/uploads\/2025\/04\/CONVARa_132__162__FeldkA_188_che_Basics_Leche_Entera_en_Polvo_EcolA_179_gica_350g_rinde_3_litros.avif\",\"keywords\":[\"alimentos emergencia\",\"almacenamiento largo plazo\",\"convar\",\"larga vida \u00fatil\",\"leche ecol\u00f3gica\",\"leche en polvo\",\"mejor sabor\",\"Preparaci\u00f3n\",\"prepping\",\"Supervivencia\"],\"articleSection\":[\"Blog\"],\"inLanguage\":\"es\",\"potentialAction\":[{\"@type\":\"CommentAction\",\"name\":\"Comment\",\"target\":[\"https:\/\/www.destrezasyvidaenelmedionatural.es\/index.php\/2025\/04\/15\/leche-en-polvo-de-mejor-sabor-y-larga-vida-util-10-anos-analisis-convar\/#respond\"]}]},{\"@type\":\"WebPage\",\"@id\":\"https:\/\/www.destrezasyvidaenelmedionatural.es\/index.php\/2025\/04\/15\/leche-en-polvo-de-mejor-sabor-y-larga-vida-util-10-anos-analisis-convar\/\",\"url\":\"https:\/\/www.destrezasyvidaenelmedionatural.es\/index.php\/2025\/04\/15\/leche-en-polvo-de-mejor-sabor-y-larga-vida-util-10-anos-analisis-convar\/\",\"name\":\"Leche en Polvo de Mejor Sabor y Larga Vida \u00datil (+10 a\u00f1os) | An\u00e1lisis CONVAR - Destrezas y Vida en el Medio Natural\",\"isPartOf\":{\"@id\":\"https:\/\/www.destrezasyvidaenelmedionatural.es\/#website\"},\"primaryImageOfPage\":{\"@id\":\"https:\/\/www.destrezasyvidaenelmedionatural.es\/index.php\/2025\/04\/15\/leche-en-polvo-de-mejor-sabor-y-larga-vida-util-10-anos-analisis-convar\/#primaryimage\"},\"image\":{\"@id\":\"https:\/\/www.destrezasyvidaenelmedionatural.es\/index.php\/2025\/04\/15\/leche-en-polvo-de-mejor-sabor-y-larga-vida-util-10-anos-analisis-convar\/#primaryimage\"},\"thumbnailUrl\":\"https:\/\/www.destrezasyvidaenelmedionatural.es\/wp-content\/uploads\/2025\/04\/CONVARa_132__162__FeldkA_188_che_Basics_Leche_Entera_en_Polvo_EcolA_179_gica_350g_rinde_3_litros.avif\",\"datePublished\":\"2025-04-15T07:20:15+00:00\",\"dateModified\":\"2025-04-15T07:20:16+00:00\",\"description\":\"Descubre la mejor leche en polvo para almacenamiento a largo plazo (+10 a\u00f1os). An\u00e1lisis de Jorge Mi\u00f1ano sobre sabor, duraci\u00f3n y por qu\u00e9 CONVAR\u2122 ecol\u00f3gica es una gran opci\u00f3n.\",\"breadcrumb\":{\"@id\":\"https:\/\/www.destrezasyvidaenelmedionatural.es\/index.php\/2025\/04\/15\/leche-en-polvo-de-mejor-sabor-y-larga-vida-util-10-anos-analisis-convar\/#breadcrumb\"},\"inLanguage\":\"es\",\"potentialAction\":[{\"@type\":\"ReadAction\",\"target\":[\"https:\/\/www.destrezasyvidaenelmedionatural.es\/index.php\/2025\/04\/15\/leche-en-polvo-de-mejor-sabor-y-larga-vida-util-10-anos-analisis-convar\/\"]}]},{\"@type\":\"ImageObject\",\"inLanguage\":\"es\",\"@id\":\"https:\/\/www.destrezasyvidaenelmedionatural.es\/index.php\/2025\/04\/15\/leche-en-polvo-de-mejor-sabor-y-larga-vida-util-10-anos-analisis-convar\/#primaryimage\",\"url\":\"https:\/\/www.destrezasyvidaenelmedionatural.es\/wp-content\/uploads\/2025\/04\/CONVARa_132__162__FeldkA_188_che_Basics_Leche_Entera_en_Polvo_EcolA_179_gica_350g_rinde_3_litros.avif\",\"contentUrl\":\"https:\/\/www.destrezasyvidaenelmedionatural.es\/wp-content\/uploads\/2025\/04\/CONVARa_132__162__FeldkA_188_che_Basics_Leche_Entera_en_Polvo_EcolA_179_gica_350g_rinde_3_litros.avif\",\"width\":600,\"height\":600},{\"@type\":\"BreadcrumbList\",\"@id\":\"https:\/\/www.destrezasyvidaenelmedionatural.es\/index.php\/2025\/04\/15\/leche-en-polvo-de-mejor-sabor-y-larga-vida-util-10-anos-analisis-convar\/#breadcrumb\",\"itemListElement\":[{\"@type\":\"ListItem\",\"position\":1,\"name\":\"Portada\",\"item\":\"https:\/\/www.destrezasyvidaenelmedionatural.es\/\"},{\"@type\":\"ListItem\",\"position\":2,\"name\":\"Leche en Polvo de Mejor Sabor y Larga Vida \u00datil (+10 a\u00f1os) | An\u00e1lisis CONVAR\"}]},{\"@type\":\"WebSite\",\"@id\":\"https:\/\/www.destrezasyvidaenelmedionatural.es\/#website\",\"url\":\"https:\/\/www.destrezasyvidaenelmedionatural.es\/\",\"name\":\"Destrezas y Vida en el Medio Natural\",\"description\":\"El sitio web Destrezas y Vida en el Medio Natural es un recurso excelente para cualquiera que quiera aprender sobre la naturaleza y c\u00f3mo interactuar con ella de manera segura y respetuosa.\",\"publisher\":{\"@id\":\"https:\/\/www.destrezasyvidaenelmedionatural.es\/#\/schema\/person\/05ac69635d864d75006df0853eb7afd3\"},\"potentialAction\":[{\"@type\":\"SearchAction\",\"target\":{\"@type\":\"EntryPoint\",\"urlTemplate\":\"https:\/\/www.destrezasyvidaenelmedionatural.es\/?s={search_term_string}\"},\"query-input\":{\"@type\":\"PropertyValueSpecification\",\"valueRequired\":true,\"valueName\":\"search_term_string\"}}],\"inLanguage\":\"es\"},{\"@type\":[\"Person\",\"Organization\"],\"@id\":\"https:\/\/www.destrezasyvidaenelmedionatural.es\/#\/schema\/person\/05ac69635d864d75006df0853eb7afd3\",\"name\":\"admin\",\"image\":{\"@type\":\"ImageObject\",\"inLanguage\":\"es\",\"@id\":\"https:\/\/www.destrezasyvidaenelmedionatural.es\/#\/schema\/person\/image\/\",\"url\":\"https:\/\/www.destrezasyvidaenelmedionatural.es\/wp-content\/uploads\/2021\/08\/cropped-SIN-FONDO-PRUEBA1.png\",\"contentUrl\":\"https:\/\/www.destrezasyvidaenelmedionatural.es\/wp-content\/uploads\/2021\/08\/cropped-SIN-FONDO-PRUEBA1.png\",\"width\":351,\"height\":349,\"caption\":\"admin\"},\"logo\":{\"@id\":\"https:\/\/www.destrezasyvidaenelmedionatural.es\/#\/schema\/person\/image\/\"},\"sameAs\":[\"http:\/\/www.destrezasyvidaenelmedionatural.es\",\"https:\/\/www.facebook.com\/Destrezas.y.Vida.en.el.Medio.Natural\",\"https:\/\/www.instagram.com\/destrezasyvidamn\/\"],\"url\":\"https:\/\/www.destrezasyvidaenelmedionatural.es\/index.php\/author\/admin\/\"}]}<\/script>\n<!-- \/ Yoast SEO plugin. -->","yoast_head_json":{"title":"Leche en Polvo de Mejor Sabor y Larga Vida \u00datil (+10 a\u00f1os) | An\u00e1lisis CONVAR - Destrezas y Vida en el Medio Natural","description":"Descubre la mejor leche en polvo para almacenamiento a largo plazo (+10 a\u00f1os). An\u00e1lisis de Jorge Mi\u00f1ano sobre sabor, duraci\u00f3n y por qu\u00e9 CONVAR\u2122 ecol\u00f3gica es una gran opci\u00f3n.","robots":{"index":"index","follow":"follow","max-snippet":"max-snippet:-1","max-image-preview":"max-image-preview:large","max-video-preview":"max-video-preview:-1"},"canonical":"https:\/\/www.destrezasyvidaenelmedionatural.es\/index.php\/2025\/04\/15\/leche-en-polvo-de-mejor-sabor-y-larga-vida-util-10-anos-analisis-convar\/","og_locale":"es_ES","og_type":"article","og_title":"Leche en Polvo de Mejor Sabor y Larga Vida \u00datil (+10 a\u00f1os) | An\u00e1lisis CONVAR - Destrezas y Vida en el Medio Natural","og_description":"Descubre la mejor leche en polvo para almacenamiento a largo plazo (+10 a\u00f1os). An\u00e1lisis de Jorge Mi\u00f1ano sobre sabor, duraci\u00f3n y por qu\u00e9 CONVAR\u2122 ecol\u00f3gica es una gran opci\u00f3n.","og_url":"https:\/\/www.destrezasyvidaenelmedionatural.es\/index.php\/2025\/04\/15\/leche-en-polvo-de-mejor-sabor-y-larga-vida-util-10-anos-analisis-convar\/","og_site_name":"Destrezas y Vida en el Medio Natural","article_publisher":"https:\/\/www.facebook.com\/Destrezas.y.Vida.en.el.Medio.Natural","article_author":"https:\/\/www.facebook.com\/Destrezas.y.Vida.en.el.Medio.Natural","article_published_time":"2025-04-15T07:20:15+00:00","article_modified_time":"2025-04-15T07:20:16+00:00","og_image":[{"width":351,"height":349,"url":"https:\/\/www.destrezasyvidaenelmedionatural.es\/wp-content\/uploads\/2021\/08\/cropped-SIN-FONDO-PRUEBA1.png","type":"image\/png"}],"author":"admin","twitter_card":"summary_large_image","twitter_creator":"@DestrezasyVida","twitter_site":"@DestrezasyVida","twitter_misc":{"Escrito por":"admin","Tiempo de lectura":"5 minutos"},"schema":{"@context":"https:\/\/schema.org","@graph":[{"@type":"Article","@id":"https:\/\/www.destrezasyvidaenelmedionatural.es\/index.php\/2025\/04\/15\/leche-en-polvo-de-mejor-sabor-y-larga-vida-util-10-anos-analisis-convar\/#article","isPartOf":{"@id":"https:\/\/www.destrezasyvidaenelmedionatural.es\/index.php\/2025\/04\/15\/leche-en-polvo-de-mejor-sabor-y-larga-vida-util-10-anos-analisis-convar\/"},"author":{"name":"admin","@id":"https:\/\/www.destrezasyvidaenelmedionatural.es\/#\/schema\/person\/05ac69635d864d75006df0853eb7afd3"},"headline":"Leche en Polvo de Mejor Sabor y Larga Vida \u00datil (+10 a\u00f1os) | An\u00e1lisis CONVAR","datePublished":"2025-04-15T07:20:15+00:00","dateModified":"2025-04-15T07:20:16+00:00","mainEntityOfPage":{"@id":"https:\/\/www.destrezasyvidaenelmedionatural.es\/index.php\/2025\/04\/15\/leche-en-polvo-de-mejor-sabor-y-larga-vida-util-10-anos-analisis-convar\/"},"wordCount":1003,"commentCount":0,"publisher":{"@id":"https:\/\/www.destrezasyvidaenelmedionatural.es\/#\/schema\/person\/05ac69635d864d75006df0853eb7afd3"},"image":{"@id":"https:\/\/www.destrezasyvidaenelmedionatural.es\/index.php\/2025\/04\/15\/leche-en-polvo-de-mejor-sabor-y-larga-vida-util-10-anos-analisis-convar\/#primaryimage"},"thumbnailUrl":"https:\/\/www.destrezasyvidaenelmedionatural.es\/wp-content\/uploads\/2025\/04\/CONVARa_132__162__FeldkA_188_che_Basics_Leche_Entera_en_Polvo_EcolA_179_gica_350g_rinde_3_litros.avif","keywords":["alimentos emergencia","almacenamiento largo plazo","convar","larga vida \u00fatil","leche ecol\u00f3gica","leche en polvo","mejor sabor","Preparaci\u00f3n","prepping","Supervivencia"],"articleSection":["Blog"],"inLanguage":"es","potentialAction":[{"@type":"CommentAction","name":"Comment","target":["https:\/\/www.destrezasyvidaenelmedionatural.es\/index.php\/2025\/04\/15\/leche-en-polvo-de-mejor-sabor-y-larga-vida-util-10-anos-analisis-convar\/#respond"]}]},{"@type":"WebPage","@id":"https:\/\/www.destrezasyvidaenelmedionatural.es\/index.php\/2025\/04\/15\/leche-en-polvo-de-mejor-sabor-y-larga-vida-util-10-anos-analisis-convar\/","url":"https:\/\/www.destrezasyvidaenelmedionatural.es\/index.php\/2025\/04\/15\/leche-en-polvo-de-mejor-sabor-y-larga-vida-util-10-anos-analisis-convar\/","name":"Leche en Polvo de Mejor Sabor y Larga Vida \u00datil (+10 a\u00f1os) | An\u00e1lisis CONVAR - Destrezas y Vida en el Medio Natural","isPartOf":{"@id":"https:\/\/www.destrezasyvidaenelmedionatural.es\/#website"},"primaryImageOfPage":{"@id":"https:\/\/www.destrezasyvidaenelmedionatural.es\/index.php\/2025\/04\/15\/leche-en-polvo-de-mejor-sabor-y-larga-vida-util-10-anos-analisis-convar\/#primaryimage"},"image":{"@id":"https:\/\/www.destrezasyvidaenelmedionatural.es\/index.php\/2025\/04\/15\/leche-en-polvo-de-mejor-sabor-y-larga-vida-util-10-anos-analisis-convar\/#primaryimage"},"thumbnailUrl":"https:\/\/www.destrezasyvidaenelmedionatural.es\/wp-content\/uploads\/2025\/04\/CONVARa_132__162__FeldkA_188_che_Basics_Leche_Entera_en_Polvo_EcolA_179_gica_350g_rinde_3_litros.avif","datePublished":"2025-04-15T07:20:15+00:00","dateModified":"2025-04-15T07:20:16+00:00","description":"Descubre la mejor leche en polvo para almacenamiento a largo plazo (+10 a\u00f1os). An\u00e1lisis de Jorge Mi\u00f1ano sobre sabor, duraci\u00f3n y por qu\u00e9 CONVAR\u2122 ecol\u00f3gica es una gran opci\u00f3n.","breadcrumb":{"@id":"https:\/\/www.destrezasyvidaenelmedionatural.es\/index.php\/2025\/04\/15\/leche-en-polvo-de-mejor-sabor-y-larga-vida-util-10-anos-analisis-convar\/#breadcrumb"},"inLanguage":"es","potentialAction":[{"@type":"ReadAction","target":["https:\/\/www.destrezasyvidaenelmedionatural.es\/index.php\/2025\/04\/15\/leche-en-polvo-de-mejor-sabor-y-larga-vida-util-10-anos-analisis-convar\/"]}]},{"@type":"ImageObject","inLanguage":"es","@id":"https:\/\/www.destrezasyvidaenelmedionatural.es\/index.php\/2025\/04\/15\/leche-en-polvo-de-mejor-sabor-y-larga-vida-util-10-anos-analisis-convar\/#primaryimage","url":"https:\/\/www.destrezasyvidaenelmedionatural.es\/wp-content\/uploads\/2025\/04\/CONVARa_132__162__FeldkA_188_che_Basics_Leche_Entera_en_Polvo_EcolA_179_gica_350g_rinde_3_litros.avif","contentUrl":"https:\/\/www.destrezasyvidaenelmedionatural.es\/wp-content\/uploads\/2025\/04\/CONVARa_132__162__FeldkA_188_che_Basics_Leche_Entera_en_Polvo_EcolA_179_gica_350g_rinde_3_litros.avif","width":600,"height":600},{"@type":"BreadcrumbList","@id":"https:\/\/www.destrezasyvidaenelmedionatural.es\/index.php\/2025\/04\/15\/leche-en-polvo-de-mejor-sabor-y-larga-vida-util-10-anos-analisis-convar\/#breadcrumb","itemListElement":[{"@type":"ListItem","position":1,"name":"Portada","item":"https:\/\/www.destrezasyvidaenelmedionatural.es\/"},{"@type":"ListItem","position":2,"name":"Leche en Polvo de Mejor Sabor y Larga Vida \u00datil (+10 a\u00f1os) | An\u00e1lisis CONVAR"}]},{"@type":"WebSite","@id":"https:\/\/www.destrezasyvidaenelmedionatural.es\/#website","url":"https:\/\/www.destrezasyvidaenelmedionatural.es\/","name":"Destrezas y Vida en el Medio Natural","description":"El sitio web Destrezas y Vida en el Medio Natural es un recurso excelente para cualquiera que quiera aprender sobre la naturaleza y c\u00f3mo interactuar con ella de manera segura y respetuosa.","publisher":{"@id":"https:\/\/www.destrezasyvidaenelmedionatural.es\/#\/schema\/person\/05ac69635d864d75006df0853eb7afd3"},"potentialAction":[{"@type":"SearchAction","target":{"@type":"EntryPoint","urlTemplate":"https:\/\/www.destrezasyvidaenelmedionatural.es\/?s={search_term_string}"},"query-input":{"@type":"PropertyValueSpecification","valueRequired":true,"valueName":"search_term_string"}}],"inLanguage":"es"},{"@type":["Person","Organization"],"@id":"https:\/\/www.destrezasyvidaenelmedionatural.es\/#\/schema\/person\/05ac69635d864d75006df0853eb7afd3","name":"admin","image":{"@type":"ImageObject","inLanguage":"es","@id":"https:\/\/www.destrezasyvidaenelmedionatural.es\/#\/schema\/person\/image\/","url":"https:\/\/www.destrezasyvidaenelmedionatural.es\/wp-content\/uploads\/2021\/08\/cropped-SIN-FONDO-PRUEBA1.png","contentUrl":"https:\/\/www.destrezasyvidaenelmedionatural.es\/wp-content\/uploads\/2021\/08\/cropped-SIN-FONDO-PRUEBA1.png","width":351,"height":349,"caption":"admin"},"logo":{"@id":"https:\/\/www.destrezasyvidaenelmedionatural.es\/#\/schema\/person\/image\/"},"sameAs":["http:\/\/www.destrezasyvidaenelmedionatural.es","https:\/\/www.facebook.com\/Destrezas.y.Vida.en.el.Medio.Natural","https:\/\/www.instagram.com\/destrezasyvidamn\/"],"url":"https:\/\/www.destrezasyvidaenelmedionatural.es\/index.php\/author\/admin\/"}]}},"_links":{"self":[{"href":"https:\/\/www.destrezasyvidaenelmedionatural.es\/index.php\/wp-json\/wp\/v2\/posts\/3246","targetHints":{"allow":["GET"]}}],"collection":[{"href":"https:\/\/www.destrezasyvidaenelmedionatural.es\/index.php\/wp-json\/wp\/v2\/posts"}],"about":[{"href":"https:\/\/www.destrezasyvidaenelmedionatural.es\/index.php\/wp-json\/wp\/v2\/types\/post"}],"author":[{"embeddable":true,"href":"https:\/\/www.destrezasyvidaenelmedionatural.es\/index.php\/wp-json\/wp\/v2\/users\/1"}],"replies":[{"embeddable":true,"href":"https:\/\/www.destrezasyvidaenelmedionatural.es\/index.php\/wp-json\/wp\/v2\/comments?post=3246"}],"version-history":[{"count":1,"href":"https:\/\/www.destrezasyvidaenelmedionatural.es\/index.php\/wp-json\/wp\/v2\/posts\/3246\/revisions"}],"predecessor-version":[{"id":3248,"href":"https:\/\/www.destrezasyvidaenelmedionatural.es\/index.php\/wp-json\/wp\/v2\/posts\/3246\/revisions\/3248"}],"wp:attachment":[{"href":"https:\/\/www.destrezasyvidaenelmedionatural.es\/index.php\/wp-json\/wp\/v2\/media?parent=3246"}],"wp:term":[{"taxonomy":"category","embeddable":true,"href":"https:\/\/www.destrezasyvidaenelmedionatural.es\/index.php\/wp-json\/wp\/v2\/categories?post=3246"},{"taxonomy":"post_tag","embeddable":true,"href":"https:\/\/www.destrezasyvidaenelmedionatural.es\/index.php\/wp-json\/wp\/v2\/tags?post=3246"}],"curies":[{"name":"wp","href":"https:\/\/api.w.org\/{rel}","templated":true}]}}