{"id":3278,"date":"2025-05-04T18:20:58","date_gmt":"2025-05-04T18:20:58","guid":{"rendered":"https:\/\/www.destrezasyvidaenelmedionatural.es\/?p=3278"},"modified":"2025-05-04T18:20:59","modified_gmt":"2025-05-04T18:20:59","slug":"estamos-preparados-para-una-tormenta-solar-extrema","status":"publish","type":"post","link":"https:\/\/www.destrezasyvidaenelmedionatural.es\/index.php\/2025\/05\/04\/estamos-preparados-para-una-tormenta-solar-extrema\/","title":{"rendered":"\u00bfEstamos preparados para una Tormenta Solar Extrema? El Documental Esencial que Deber\u00edas Ver Hoy"},"content":{"rendered":"\n<p>Un domingo es, para muchos, un d\u00eda de descanso, reflexi\u00f3n o quiz\u00e1s de ponerse al d\u00eda con lecturas y contenidos interesantes. Hoy queremos proponerte algo que cumple con eso y, adem\u00e1s, toca una fibra sensible en la preparaci\u00f3n para imprevistos:&nbsp;<strong>comprender el escenario real de una tormenta solar extrema.<\/strong><\/p>\n\n\n\n<p>Vivimos bajo una estrella activa, nuestro Sol. Si bien nos da vida, tambi\u00e9n es capaz de generar fen\u00f3menos de clima espacial que pueden tener un impacto devastador en nuestra tecnolog\u00eda y, por ende, en nuestra civilizaci\u00f3n. Hablamos de las&nbsp;<strong>tormentas solares geomagn\u00e9ticas de gran intensidad<\/strong>.<\/p>\n\n\n\n<p><strong>Documental en abierto que describe c\u00f3mo ser\u00eda ese escenario<\/strong>:<\/p>\n\n\n\n<figure class=\"wp-block-embed is-type-video is-provider-youtube wp-block-embed-youtube wp-embed-aspect-16-9 wp-has-aspect-ratio\"><div class=\"wp-block-embed__wrapper\">\n<div class=\"ast-oembed-container\"><iframe title=\"Documental: As\u00ed ser\u00e1 la gran tormenta solar\" width=\"500\" height=\"281\" src=\"https:\/\/www.youtube.com\/embed\/e-2YLdKQMbA?start=524&#038;feature=oembed&#038;enablejsapi=1&#038;origin=https:\/\/www.destrezasyvidaenelmedionatural.es\" frameborder=\"0\" allow=\"accelerometer; autoplay; clipboard-write; encrypted-media; gyroscope; picture-in-picture; web-share\" referrerpolicy=\"strict-origin-when-cross-origin\" allowfullscreen><\/iframe><\/div>\n<\/div><\/figure>\n\n\n\n<p><strong>\u00bfEs un escenario perfectamente fiel?<\/strong>&nbsp;Como toda simulaci\u00f3n, tiene sus matices. Es importante mencionar que&nbsp;<strong>informes posteriores del propio Gobierno de EEUU han reconocido que incluso este documental podr\u00eda quedarse corto<\/strong>&nbsp;en evaluar todos los riesgos derivados, especialmente en lo referente a los&nbsp;<strong>accidentes nucleares<\/strong>&nbsp;que podr\u00edan desencadenarse por la p\u00e9rdida prolongada de refrigeraci\u00f3n en las centrales. Sin embargo, como punto de partida para entender la magnitud del desaf\u00edo, sigue siendo una herramienta visual muy potente.<\/p>\n\n\n\n<p><strong>M\u00e1s All\u00e1 de la Tormenta Solar: Los Eventos HILF<\/strong><\/p>\n\n\n\n<p>Una tormenta solar extrema es solo uno de los posibles&nbsp;<strong>HILF (High-Impact, Low-Frequency Events)<\/strong>, es decir, eventos de Alto Impacto y Baja Frecuencia. Son esos cisnes negros, desastres de gran escala que, aunque no suceden a menudo, tienen consecuencias catastr\u00f3ficas cuando ocurren. La preparaci\u00f3n, por tanto, no debe centrarse \u00fanicamente en un tipo de evento, sino en construir resiliencia ante una variedad de posibles disrupciones.<\/p>\n\n\n\n<p><strong>La Importancia Crucial de la Preparaci\u00f3n<\/strong><\/p>\n\n\n\n<p>Este documental, m\u00e1s all\u00e1 de su valor informativo, sirve como un potente recordatorio. La pregunta clave no es&nbsp;<em>si<\/em>&nbsp;ocurrir\u00e1 un evento de gran impacto (ya sea una tormenta solar, un EMP, u otra cat\u00e1strofe natural o provocada), sino&nbsp;<em>cu\u00e1ndo<\/em>. Y ante esa certeza, la preparaci\u00f3n se vuelve esencial.<\/p>\n\n\n\n<p>\ud83d\udc49&nbsp;<strong>Cuanto antes mejoren la preparaci\u00f3n nuestras instituciones<\/strong>&nbsp;ante este tipo de riesgos naturales y tecnol\u00f3gicos, y&nbsp;<strong>cuanto m\u00e1s avancemos en la autoprotecci\u00f3n<\/strong>&nbsp;a nivel de ciudadanos, familias y comunidades vecinales,&nbsp;<strong>menos probable ser\u00e1 que lleguemos a vivir las situaciones m\u00e1s dram\u00e1ticas<\/strong>&nbsp;descritas en el documental.<\/p>\n\n\n\n<p>Ver este tipo de contenidos no debe generar miedo paralizante, sino conciencia y acci\u00f3n. Nos muestra una posible realidad para la que podemos y debemos prepararnos, a nivel individual y colectivo.<\/p>\n\n\n\n<p><strong>\u00bfY t\u00fa? \u00bfHab\u00edas visto ya este documental? \u00bfCu\u00e1l es tu mayor preocupaci\u00f3n ante un evento de \u00abapag\u00f3n\u00bb prolongado? \u00a1D\u00e9janos tu opini\u00f3n en los comentarios!<\/strong><\/p>\n","protected":false},"excerpt":{"rendered":"<p>Un domingo es, para muchos, un d\u00eda de descanso, reflexi\u00f3n o quiz\u00e1s de ponerse al d\u00eda con lecturas y contenidos interesantes. Hoy queremos proponerte algo que cumple con eso y, adem\u00e1s, toca una fibra sensible en la preparaci\u00f3n para imprevistos:&nbsp;comprender el escenario real de una tormenta solar extrema. Vivimos bajo una estrella activa, nuestro Sol. &hellip;<\/p>\n<p class=\"read-more\"> <a class=\"\" href=\"https:\/\/www.destrezasyvidaenelmedionatural.es\/index.php\/2025\/05\/04\/estamos-preparados-para-una-tormenta-solar-extrema\/\"> <span class=\"screen-reader-text\">\u00bfEstamos preparados para una Tormenta Solar Extrema? El Documental Esencial que Deber\u00edas Ver Hoy<\/span> Leer m\u00e1s &raquo;<\/a><\/p>\n","protected":false},"author":1,"featured_media":0,"comment_status":"open","ping_status":"open","sticky":false,"template":"","format":"standard","meta":{"episode_type":"","audio_file":"","cover_image":"","cover_image_id":"","duration":"","filesize":"","date_recorded":"","explicit":"","block":"","filesize_raw":"","footnotes":""},"categories":[1],"tags":[],"class_list":["post-3278","post","type-post","status-publish","format-standard","hentry","category-sin-categoria"],"yoast_head":"<!-- This site is optimized with the Yoast SEO plugin v23.8 - https:\/\/yoast.com\/wordpress\/plugins\/seo\/ -->\n<title>\u00bfEstamos preparados para una Tormenta Solar Extrema? El Documental Esencial que Deber\u00edas Ver Hoy - Destrezas y Vida en el Medio Natural<\/title>\n<meta name=\"description\" content=\"Descubre el documental esencial sobre tormentas solares extremas, avalado por expertos. Entiende el riesgo real para nuestra red el\u00e9ctrica y sociedad, y por qu\u00e9 la preparaci\u00f3n es clave.\" \/>\n<meta name=\"robots\" content=\"index, follow, max-snippet:-1, max-image-preview:large, max-video-preview:-1\" \/>\n<link rel=\"canonical\" href=\"https:\/\/www.destrezasyvidaenelmedionatural.es\/index.php\/2025\/05\/04\/estamos-preparados-para-una-tormenta-solar-extrema\/\" \/>\n<meta property=\"og:locale\" content=\"es_ES\" \/>\n<meta property=\"og:type\" content=\"article\" \/>\n<meta property=\"og:title\" content=\"\u00bfEstamos preparados para una Tormenta Solar Extrema? El Documental Esencial que Deber\u00edas Ver Hoy - Destrezas y Vida en el Medio Natural\" \/>\n<meta property=\"og:description\" content=\"Descubre el documental esencial sobre tormentas solares extremas, avalado por expertos. Entiende el riesgo real para nuestra red el\u00e9ctrica y sociedad, y por qu\u00e9 la preparaci\u00f3n es clave.\" \/>\n<meta property=\"og:url\" content=\"https:\/\/www.destrezasyvidaenelmedionatural.es\/index.php\/2025\/05\/04\/estamos-preparados-para-una-tormenta-solar-extrema\/\" \/>\n<meta property=\"og:site_name\" content=\"Destrezas y Vida en el Medio Natural\" \/>\n<meta property=\"article:publisher\" content=\"https:\/\/www.facebook.com\/Destrezas.y.Vida.en.el.Medio.Natural\" \/>\n<meta property=\"article:author\" content=\"https:\/\/www.facebook.com\/Destrezas.y.Vida.en.el.Medio.Natural\" \/>\n<meta property=\"article:published_time\" content=\"2025-05-04T18:20:58+00:00\" \/>\n<meta property=\"article:modified_time\" content=\"2025-05-04T18:20:59+00:00\" \/>\n<meta property=\"og:image\" content=\"https:\/\/www.destrezasyvidaenelmedionatural.es\/wp-content\/uploads\/2021\/08\/cropped-SIN-FONDO-PRUEBA1.png\" \/>\n\t<meta property=\"og:image:width\" content=\"351\" \/>\n\t<meta property=\"og:image:height\" content=\"349\" \/>\n\t<meta property=\"og:image:type\" content=\"image\/png\" \/>\n<meta name=\"author\" content=\"admin\" \/>\n<meta name=\"twitter:card\" content=\"summary_large_image\" \/>\n<meta name=\"twitter:creator\" content=\"@DestrezasyVida\" \/>\n<meta name=\"twitter:site\" content=\"@DestrezasyVida\" \/>\n<meta name=\"twitter:label1\" content=\"Escrito por\" \/>\n\t<meta name=\"twitter:data1\" content=\"admin\" \/>\n\t<meta name=\"twitter:label2\" content=\"Tiempo de lectura\" \/>\n\t<meta name=\"twitter:data2\" content=\"2 minutos\" \/>\n<script type=\"application\/ld+json\" class=\"yoast-schema-graph\">{\"@context\":\"https:\/\/schema.org\",\"@graph\":[{\"@type\":\"Article\",\"@id\":\"https:\/\/www.destrezasyvidaenelmedionatural.es\/index.php\/2025\/05\/04\/estamos-preparados-para-una-tormenta-solar-extrema\/#article\",\"isPartOf\":{\"@id\":\"https:\/\/www.destrezasyvidaenelmedionatural.es\/index.php\/2025\/05\/04\/estamos-preparados-para-una-tormenta-solar-extrema\/\"},\"author\":{\"name\":\"admin\",\"@id\":\"https:\/\/www.destrezasyvidaenelmedionatural.es\/#\/schema\/person\/05ac69635d864d75006df0853eb7afd3\"},\"headline\":\"\u00bfEstamos preparados para una Tormenta Solar Extrema? El Documental Esencial que Deber\u00edas Ver Hoy\",\"datePublished\":\"2025-05-04T18:20:58+00:00\",\"dateModified\":\"2025-05-04T18:20:59+00:00\",\"mainEntityOfPage\":{\"@id\":\"https:\/\/www.destrezasyvidaenelmedionatural.es\/index.php\/2025\/05\/04\/estamos-preparados-para-una-tormenta-solar-extrema\/\"},\"wordCount\":491,\"commentCount\":0,\"publisher\":{\"@id\":\"https:\/\/www.destrezasyvidaenelmedionatural.es\/#\/schema\/person\/05ac69635d864d75006df0853eb7afd3\"},\"inLanguage\":\"es\",\"potentialAction\":[{\"@type\":\"CommentAction\",\"name\":\"Comment\",\"target\":[\"https:\/\/www.destrezasyvidaenelmedionatural.es\/index.php\/2025\/05\/04\/estamos-preparados-para-una-tormenta-solar-extrema\/#respond\"]}]},{\"@type\":\"WebPage\",\"@id\":\"https:\/\/www.destrezasyvidaenelmedionatural.es\/index.php\/2025\/05\/04\/estamos-preparados-para-una-tormenta-solar-extrema\/\",\"url\":\"https:\/\/www.destrezasyvidaenelmedionatural.es\/index.php\/2025\/05\/04\/estamos-preparados-para-una-tormenta-solar-extrema\/\",\"name\":\"\u00bfEstamos preparados para una Tormenta Solar Extrema? El Documental Esencial que Deber\u00edas Ver Hoy - Destrezas y Vida en el Medio Natural\",\"isPartOf\":{\"@id\":\"https:\/\/www.destrezasyvidaenelmedionatural.es\/#website\"},\"datePublished\":\"2025-05-04T18:20:58+00:00\",\"dateModified\":\"2025-05-04T18:20:59+00:00\",\"description\":\"Descubre el documental esencial sobre tormentas solares extremas, avalado por expertos. Entiende el riesgo real para nuestra red el\u00e9ctrica y sociedad, y por qu\u00e9 la preparaci\u00f3n es clave.\",\"breadcrumb\":{\"@id\":\"https:\/\/www.destrezasyvidaenelmedionatural.es\/index.php\/2025\/05\/04\/estamos-preparados-para-una-tormenta-solar-extrema\/#breadcrumb\"},\"inLanguage\":\"es\",\"potentialAction\":[{\"@type\":\"ReadAction\",\"target\":[\"https:\/\/www.destrezasyvidaenelmedionatural.es\/index.php\/2025\/05\/04\/estamos-preparados-para-una-tormenta-solar-extrema\/\"]}]},{\"@type\":\"BreadcrumbList\",\"@id\":\"https:\/\/www.destrezasyvidaenelmedionatural.es\/index.php\/2025\/05\/04\/estamos-preparados-para-una-tormenta-solar-extrema\/#breadcrumb\",\"itemListElement\":[{\"@type\":\"ListItem\",\"position\":1,\"name\":\"Portada\",\"item\":\"https:\/\/www.destrezasyvidaenelmedionatural.es\/\"},{\"@type\":\"ListItem\",\"position\":2,\"name\":\"\u00bfEstamos preparados para una Tormenta Solar Extrema? El Documental Esencial que Deber\u00edas Ver Hoy\"}]},{\"@type\":\"WebSite\",\"@id\":\"https:\/\/www.destrezasyvidaenelmedionatural.es\/#website\",\"url\":\"https:\/\/www.destrezasyvidaenelmedionatural.es\/\",\"name\":\"Destrezas y Vida en el Medio Natural\",\"description\":\"El sitio web Destrezas y Vida en el Medio Natural es un recurso excelente para cualquiera que quiera aprender sobre la naturaleza y c\u00f3mo interactuar con ella de manera segura y respetuosa.\",\"publisher\":{\"@id\":\"https:\/\/www.destrezasyvidaenelmedionatural.es\/#\/schema\/person\/05ac69635d864d75006df0853eb7afd3\"},\"potentialAction\":[{\"@type\":\"SearchAction\",\"target\":{\"@type\":\"EntryPoint\",\"urlTemplate\":\"https:\/\/www.destrezasyvidaenelmedionatural.es\/?s={search_term_string}\"},\"query-input\":{\"@type\":\"PropertyValueSpecification\",\"valueRequired\":true,\"valueName\":\"search_term_string\"}}],\"inLanguage\":\"es\"},{\"@type\":[\"Person\",\"Organization\"],\"@id\":\"https:\/\/www.destrezasyvidaenelmedionatural.es\/#\/schema\/person\/05ac69635d864d75006df0853eb7afd3\",\"name\":\"admin\",\"image\":{\"@type\":\"ImageObject\",\"inLanguage\":\"es\",\"@id\":\"https:\/\/www.destrezasyvidaenelmedionatural.es\/#\/schema\/person\/image\/\",\"url\":\"https:\/\/www.destrezasyvidaenelmedionatural.es\/wp-content\/uploads\/2021\/08\/cropped-SIN-FONDO-PRUEBA1.png\",\"contentUrl\":\"https:\/\/www.destrezasyvidaenelmedionatural.es\/wp-content\/uploads\/2021\/08\/cropped-SIN-FONDO-PRUEBA1.png\",\"width\":351,\"height\":349,\"caption\":\"admin\"},\"logo\":{\"@id\":\"https:\/\/www.destrezasyvidaenelmedionatural.es\/#\/schema\/person\/image\/\"},\"sameAs\":[\"http:\/\/www.destrezasyvidaenelmedionatural.es\",\"https:\/\/www.facebook.com\/Destrezas.y.Vida.en.el.Medio.Natural\",\"https:\/\/www.instagram.com\/destrezasyvidamn\/\"],\"url\":\"https:\/\/www.destrezasyvidaenelmedionatural.es\/index.php\/author\/admin\/\"}]}<\/script>\n<!-- \/ Yoast SEO plugin. -->","yoast_head_json":{"title":"\u00bfEstamos preparados para una Tormenta Solar Extrema? El Documental Esencial que Deber\u00edas Ver Hoy - Destrezas y Vida en el Medio Natural","description":"Descubre el documental esencial sobre tormentas solares extremas, avalado por expertos. Entiende el riesgo real para nuestra red el\u00e9ctrica y sociedad, y por qu\u00e9 la preparaci\u00f3n es clave.","robots":{"index":"index","follow":"follow","max-snippet":"max-snippet:-1","max-image-preview":"max-image-preview:large","max-video-preview":"max-video-preview:-1"},"canonical":"https:\/\/www.destrezasyvidaenelmedionatural.es\/index.php\/2025\/05\/04\/estamos-preparados-para-una-tormenta-solar-extrema\/","og_locale":"es_ES","og_type":"article","og_title":"\u00bfEstamos preparados para una Tormenta Solar Extrema? El Documental Esencial que Deber\u00edas Ver Hoy - Destrezas y Vida en el Medio Natural","og_description":"Descubre el documental esencial sobre tormentas solares extremas, avalado por expertos. Entiende el riesgo real para nuestra red el\u00e9ctrica y sociedad, y por qu\u00e9 la preparaci\u00f3n es clave.","og_url":"https:\/\/www.destrezasyvidaenelmedionatural.es\/index.php\/2025\/05\/04\/estamos-preparados-para-una-tormenta-solar-extrema\/","og_site_name":"Destrezas y Vida en el Medio Natural","article_publisher":"https:\/\/www.facebook.com\/Destrezas.y.Vida.en.el.Medio.Natural","article_author":"https:\/\/www.facebook.com\/Destrezas.y.Vida.en.el.Medio.Natural","article_published_time":"2025-05-04T18:20:58+00:00","article_modified_time":"2025-05-04T18:20:59+00:00","og_image":[{"width":351,"height":349,"url":"https:\/\/www.destrezasyvidaenelmedionatural.es\/wp-content\/uploads\/2021\/08\/cropped-SIN-FONDO-PRUEBA1.png","type":"image\/png"}],"author":"admin","twitter_card":"summary_large_image","twitter_creator":"@DestrezasyVida","twitter_site":"@DestrezasyVida","twitter_misc":{"Escrito por":"admin","Tiempo de lectura":"2 minutos"},"schema":{"@context":"https:\/\/schema.org","@graph":[{"@type":"Article","@id":"https:\/\/www.destrezasyvidaenelmedionatural.es\/index.php\/2025\/05\/04\/estamos-preparados-para-una-tormenta-solar-extrema\/#article","isPartOf":{"@id":"https:\/\/www.destrezasyvidaenelmedionatural.es\/index.php\/2025\/05\/04\/estamos-preparados-para-una-tormenta-solar-extrema\/"},"author":{"name":"admin","@id":"https:\/\/www.destrezasyvidaenelmedionatural.es\/#\/schema\/person\/05ac69635d864d75006df0853eb7afd3"},"headline":"\u00bfEstamos preparados para una Tormenta Solar Extrema? El Documental Esencial que Deber\u00edas Ver Hoy","datePublished":"2025-05-04T18:20:58+00:00","dateModified":"2025-05-04T18:20:59+00:00","mainEntityOfPage":{"@id":"https:\/\/www.destrezasyvidaenelmedionatural.es\/index.php\/2025\/05\/04\/estamos-preparados-para-una-tormenta-solar-extrema\/"},"wordCount":491,"commentCount":0,"publisher":{"@id":"https:\/\/www.destrezasyvidaenelmedionatural.es\/#\/schema\/person\/05ac69635d864d75006df0853eb7afd3"},"inLanguage":"es","potentialAction":[{"@type":"CommentAction","name":"Comment","target":["https:\/\/www.destrezasyvidaenelmedionatural.es\/index.php\/2025\/05\/04\/estamos-preparados-para-una-tormenta-solar-extrema\/#respond"]}]},{"@type":"WebPage","@id":"https:\/\/www.destrezasyvidaenelmedionatural.es\/index.php\/2025\/05\/04\/estamos-preparados-para-una-tormenta-solar-extrema\/","url":"https:\/\/www.destrezasyvidaenelmedionatural.es\/index.php\/2025\/05\/04\/estamos-preparados-para-una-tormenta-solar-extrema\/","name":"\u00bfEstamos preparados para una Tormenta Solar Extrema? El Documental Esencial que Deber\u00edas Ver Hoy - Destrezas y Vida en el Medio Natural","isPartOf":{"@id":"https:\/\/www.destrezasyvidaenelmedionatural.es\/#website"},"datePublished":"2025-05-04T18:20:58+00:00","dateModified":"2025-05-04T18:20:59+00:00","description":"Descubre el documental esencial sobre tormentas solares extremas, avalado por expertos. Entiende el riesgo real para nuestra red el\u00e9ctrica y sociedad, y por qu\u00e9 la preparaci\u00f3n es clave.","breadcrumb":{"@id":"https:\/\/www.destrezasyvidaenelmedionatural.es\/index.php\/2025\/05\/04\/estamos-preparados-para-una-tormenta-solar-extrema\/#breadcrumb"},"inLanguage":"es","potentialAction":[{"@type":"ReadAction","target":["https:\/\/www.destrezasyvidaenelmedionatural.es\/index.php\/2025\/05\/04\/estamos-preparados-para-una-tormenta-solar-extrema\/"]}]},{"@type":"BreadcrumbList","@id":"https:\/\/www.destrezasyvidaenelmedionatural.es\/index.php\/2025\/05\/04\/estamos-preparados-para-una-tormenta-solar-extrema\/#breadcrumb","itemListElement":[{"@type":"ListItem","position":1,"name":"Portada","item":"https:\/\/www.destrezasyvidaenelmedionatural.es\/"},{"@type":"ListItem","position":2,"name":"\u00bfEstamos preparados para una Tormenta Solar Extrema? El Documental Esencial que Deber\u00edas Ver Hoy"}]},{"@type":"WebSite","@id":"https:\/\/www.destrezasyvidaenelmedionatural.es\/#website","url":"https:\/\/www.destrezasyvidaenelmedionatural.es\/","name":"Destrezas y Vida en el Medio Natural","description":"El sitio web Destrezas y Vida en el Medio Natural es un recurso excelente para cualquiera que quiera aprender sobre la naturaleza y c\u00f3mo interactuar con ella de manera segura y respetuosa.","publisher":{"@id":"https:\/\/www.destrezasyvidaenelmedionatural.es\/#\/schema\/person\/05ac69635d864d75006df0853eb7afd3"},"potentialAction":[{"@type":"SearchAction","target":{"@type":"EntryPoint","urlTemplate":"https:\/\/www.destrezasyvidaenelmedionatural.es\/?s={search_term_string}"},"query-input":{"@type":"PropertyValueSpecification","valueRequired":true,"valueName":"search_term_string"}}],"inLanguage":"es"},{"@type":["Person","Organization"],"@id":"https:\/\/www.destrezasyvidaenelmedionatural.es\/#\/schema\/person\/05ac69635d864d75006df0853eb7afd3","name":"admin","image":{"@type":"ImageObject","inLanguage":"es","@id":"https:\/\/www.destrezasyvidaenelmedionatural.es\/#\/schema\/person\/image\/","url":"https:\/\/www.destrezasyvidaenelmedionatural.es\/wp-content\/uploads\/2021\/08\/cropped-SIN-FONDO-PRUEBA1.png","contentUrl":"https:\/\/www.destrezasyvidaenelmedionatural.es\/wp-content\/uploads\/2021\/08\/cropped-SIN-FONDO-PRUEBA1.png","width":351,"height":349,"caption":"admin"},"logo":{"@id":"https:\/\/www.destrezasyvidaenelmedionatural.es\/#\/schema\/person\/image\/"},"sameAs":["http:\/\/www.destrezasyvidaenelmedionatural.es","https:\/\/www.facebook.com\/Destrezas.y.Vida.en.el.Medio.Natural","https:\/\/www.instagram.com\/destrezasyvidamn\/"],"url":"https:\/\/www.destrezasyvidaenelmedionatural.es\/index.php\/author\/admin\/"}]}},"_links":{"self":[{"href":"https:\/\/www.destrezasyvidaenelmedionatural.es\/index.php\/wp-json\/wp\/v2\/posts\/3278","targetHints":{"allow":["GET"]}}],"collection":[{"href":"https:\/\/www.destrezasyvidaenelmedionatural.es\/index.php\/wp-json\/wp\/v2\/posts"}],"about":[{"href":"https:\/\/www.destrezasyvidaenelmedionatural.es\/index.php\/wp-json\/wp\/v2\/types\/post"}],"author":[{"embeddable":true,"href":"https:\/\/www.destrezasyvidaenelmedionatural.es\/index.php\/wp-json\/wp\/v2\/users\/1"}],"replies":[{"embeddable":true,"href":"https:\/\/www.destrezasyvidaenelmedionatural.es\/index.php\/wp-json\/wp\/v2\/comments?post=3278"}],"version-history":[{"count":1,"href":"https:\/\/www.destrezasyvidaenelmedionatural.es\/index.php\/wp-json\/wp\/v2\/posts\/3278\/revisions"}],"predecessor-version":[{"id":3279,"href":"https:\/\/www.destrezasyvidaenelmedionatural.es\/index.php\/wp-json\/wp\/v2\/posts\/3278\/revisions\/3279"}],"wp:attachment":[{"href":"https:\/\/www.destrezasyvidaenelmedionatural.es\/index.php\/wp-json\/wp\/v2\/media?parent=3278"}],"wp:term":[{"taxonomy":"category","embeddable":true,"href":"https:\/\/www.destrezasyvidaenelmedionatural.es\/index.php\/wp-json\/wp\/v2\/categories?post=3278"},{"taxonomy":"post_tag","embeddable":true,"href":"https:\/\/www.destrezasyvidaenelmedionatural.es\/index.php\/wp-json\/wp\/v2\/tags?post=3278"}],"curies":[{"name":"wp","href":"https:\/\/api.w.org\/{rel}","templated":true}]}}