{"id":3290,"date":"2025-05-20T14:43:30","date_gmt":"2025-05-20T14:43:30","guid":{"rendered":"https:\/\/www.destrezasyvidaenelmedionatural.es\/?p=3290"},"modified":"2025-07-09T09:04:23","modified_gmt":"2025-07-09T09:04:23","slug":"kit-72-horas-entrenamiento-de-supervivencia-en-fortuna-murcia","status":"publish","type":"post","link":"https:\/\/www.destrezasyvidaenelmedionatural.es\/index.php\/2025\/05\/20\/kit-72-horas-entrenamiento-de-supervivencia-en-fortuna-murcia\/","title":{"rendered":"Kit 72 Horas \u2013 Experiencia Real de Supervivencia 6 al 7 septiembre en Murcia"},"content":{"rendered":"\t\t<div data-elementor-type=\"wp-post\" data-elementor-id=\"3290\" class=\"elementor elementor-3290\">\n\t\t\t\t\t\t<section class=\"elementor-section elementor-top-section elementor-element elementor-element-46aedd2 elementor-section-boxed elementor-section-height-default elementor-section-height-default\" data-id=\"46aedd2\" data-element_type=\"section\" data-e-type=\"section\">\n\t\t\t\t\t\t<div class=\"elementor-container elementor-column-gap-default\">\n\t\t\t\t\t<div class=\"elementor-column elementor-col-100 elementor-top-column elementor-element elementor-element-6d2a394\" data-id=\"6d2a394\" data-element_type=\"column\" data-e-type=\"column\">\n\t\t\t<div class=\"elementor-widget-wrap elementor-element-populated\">\n\t\t\t\t\t\t<div class=\"elementor-element elementor-element-c16b01b elementor-widget elementor-widget-text-editor\" data-id=\"c16b01b\" data-element_type=\"widget\" data-e-type=\"widget\" data-widget_type=\"text-editor.default\">\n\t\t\t\t<div class=\"elementor-widget-container\">\n\t\t\t\t\t\t\t\t\t<p><br \/><script src=\"https:\/\/cdn.tailwindcss.com\"><\/script><\/p><p><style>\n        body {<br \/>            font-family: 'Inter', sans-serif;<br \/>            background-color: #f8f8f8;<br \/>            color: #333;<br \/>        }<br \/>        .section-title {<br \/>            position: relative;<br \/>            padding-bottom: 0.5rem;<br \/>            margin-bottom: 1.5rem;<br \/>            display: inline-block;<br \/>        }<br \/>        .section-title::after {<br \/>            content: '';<br \/>            position: absolute;<br \/>            left: 0;<br \/>            bottom: 0;<br \/>            width: 50%;<br \/>            height: 4px;<br \/>            background-color: #ef4444; \/* Rojo vibrante *\/<br \/>            border-radius: 2px;<br \/>        }<br \/>        .btn-primary {<br \/>            background-color: #ef4444; \/* Rojo vibrante *\/<br \/>            color: white;<br \/>            padding: 0.75rem 2rem;<br \/>            border-radius: 0.5rem;<br \/>            font-weight: 600;<br \/>            transition: background-color 0.3s ease;<br \/>        }<br \/>        .btn-primary:hover {<br \/>            background-color: #dc2626; \/* Rojo m\u00e1s oscuro al hover *\/<br \/>        }<br \/>        .icon-list li {<br \/>            display: flex;<br \/>            align-items: flex-start;<br \/>            margin-bottom: 0.75rem;<br \/>        }<br \/>        .icon-list li svg {<br \/>            flex-shrink: 0;<br \/>            margin-right: 0.75rem;<br \/>            color: #ef4444; \/* Rojo vibrante *\/<br \/>        }<br \/>        .card {<br \/>            background-color: white;<br \/>            border-radius: 0.75rem;<br \/>            box-shadow: 0 4px 12px rgba(0, 0, 0, 0.08);<br \/>            padding: 1.5rem;<br \/>            margin-bottom: 1.5rem;<br \/>        }<br \/>        .accordion-header {<br \/>            cursor: pointer;<br \/>            padding: 1rem 0;<br \/>            display: flex;<br \/>            justify-content: space-between;<br \/>            align-items: center;<br \/>            font-weight: 600;<br \/>            color: #333;<br \/>            border-bottom: 1px solid #e5e7eb;<br \/>        }<br \/>        .accordion-content {<br \/>            max-height: 0;<br \/>            overflow: hidden;<br \/>            transition: max-height 0.3s ease-out;<br \/>            padding: 0 1rem;<br \/>        }<br \/>        .accordion-content.active {<br \/>            max-height: 500px; \/* Adjust as needed *\/<br \/>            padding: 1rem;<br \/>        }<br \/>    <\/style><\/p><header class=\"bg-gray-800 text-white py-6 shadow-lg\"><div class=\"container mx-auto px-4 text-center\"><h1 class=\"text-4xl md:text-5xl font-bold mb-2\">Kit 72 Horas<\/h1><p class=\"text-xl md:text-2xl font-light\">Experiencia Real de Supervivencia<\/p><p class=\"text-lg md:text-xl mt-4\">6 al 7 septiembre de 2025 en Murcia<\/p><\/div><\/header><section class=\"bg-gradient-to-r from-gray-100 to-gray-200 py-16 md:py-24 text-center\"><div class=\"container mx-auto px-4\"><h2 class=\"text-3xl md:text-4xl font-bold text-gray-800 mb-6 leading-tight\">Pon a Prueba tu Capacitaci\u00f3n<\/h2><p class=\"text-lg md:text-xl text-gray-700 max-w-3xl mx-auto mb-8\">\u00bfEst\u00e1s listo para poner a prueba tu preparaci\u00f3n ante una emergencia? FerreHogar.es y el Centro Destreza y Vida en el Medio Natural te invitan al Kit 72 Horas, un evento de autosuficiencia y supervivencia que desafiar\u00e1 tus habilidades en un entorno natural controlado.<\/p><p class=\"text-xl md:text-2xl font-semibold text-red-600 mb-8\">Del 6 al 7 septiembre de 2025, en la emblem\u00e1tica finca <span class=\"font-bold\">El Alto de la Chuleta<\/span> (Fortuna, Murcia).<\/p><h3><a class=\"btn-primary inline-block hover:scale-105 transform transition-transform\" href=\"#registro\"><br \/>\u00a1\u00danete GRATIS*! \u00a1Plazas limitadas! Reserva ya<br \/><\/a><\/h3><\/div><\/section><section class=\"py-16 bg-white\"><div class=\"container mx-auto px-4\"><h3 class=\"section-title text-3xl font-bold mb-8\">\u00bfQu\u00e9 te espera?<\/h3><div class=\"grid md:grid-cols-2 gap-8 items-center\"><div><p><span style=\"color: #000000;\">Poner a prueba tu capacitaci\u00f3n para responder a emergencias con TU equipo b\u00e1sico adecuado en un entorno \u00fanico: Una finca de 10.000 m\u00b2 rodeada de vegetaci\u00f3n mediterr\u00e1nea aut\u00f3ctona (lentiscos, coscojas, romero y pinos halepensis) y fauna local como halcones peregrinos y zorros.<\/span><\/p><p><span style=\"color: #000000;\">Simulaci\u00f3n de emergencia: Durante 24 horas (desde el s\u00e1bado 6 a las 17:00 hasta el domingo 7 a las 17:00), deber\u00e1s ser autosuficiente con tu kit de 72 horas: agua, alimentos, herramientas y equipo de vivac.<\/span><\/p><\/div><div class=\"flex justify-center\"><img decoding=\"async\" class=\"rounded-lg shadow-xl w-full max-w-md\" src=\"https:\/\/placehold.co\/600x400\/FF5733\/FFFFFF?text=Simulaci%C3%B3n+Realista\" alt=\"Simulaci\u00f3n de Emergencia Realista\" \/><\/div><\/div><\/div><\/section><section class=\"py-16 bg-gray-100\"><div class=\"container mx-auto px-4\"><h3 class=\"section-title text-3xl font-bold mb-8\">\u00bfPor qu\u00e9 participar?<\/h3><div class=\"grid md:grid-cols-2 gap-8 items-center\"><div class=\"flex justify-center order-2 md:order-1\"><img decoding=\"async\" class=\"rounded-lg shadow-xl w-full max-w-md\" src=\"https:\/\/placehold.co\/600x400\/3366FF\/FFFFFF?text=Kit+72+Horas+UE\" alt=\"Kit de 72 Horas recomendado por la UE\" \/><\/div><div class=\"order-1 md:order-2\"><p class=\"text-lg text-gray-700 mb-4\">Bruselas recomienda tener un <span class=\"font-semibold text-red-600\">kit de 72 horas de equipamiento b\u00e1sico<\/span> como est\u00e1ndar m\u00ednimo para que cada ciudadano sea <span class=\"font-semibold text-red-600\">resiliente<\/span> y <span class=\"font-semibold text-red-600\">autosuficiente<\/span> ante desastres naturales o conflictos. Este evento no es solo una prueba f\u00edsica, sino una oportunidad invaluable para:<\/p><p><span style=\"color: #000000;\">Evaluar y mejorar tu kit de emergencia personal.<\/span><\/p><p><span style=\"color: #000000;\">Identificar errores comunes en la preparaci\u00f3n.<\/span><\/p><p><span style=\"color: #000000;\">Aprender t\u00e9cnicas clave para situaciones cr\u00edticas.<\/span><\/p><p><span style=\"color: #000000;\">Conectar con personas con tus mismos intereses.<\/span><\/p><p class=\"text-lg text-gray-700 mt-4\">Ideal tanto para principiantes curiosos como para expertos en preparacionismo. Demuestra que est\u00e1s preparado para lo inesperado con un kit de emergencia de 72 horas recomendado por la UE en un entorno natural \u00fanico.<\/p><\/div><\/div><\/div><\/section><section class=\"py-16 bg-white\"><div class=\"container mx-auto px-4\"><h3 class=\"section-title text-3xl font-bold mb-8\">Objetivos Clave del Evento<\/h3><div class=\"grid md:grid-cols-2 lg:grid-cols-3 gap-6\"><div class=\"card\"><h4 class=\"font-semibold text-xl mb-2 text-red-600\">1. Inmersi\u00f3n en Escenario de Emergencia<\/h4><p class=\"text-gray-700\">Presentaci\u00f3n el 6 septiembre a las 16:30 en el Centro Social Las Casicas (Fortuna, Murcia) con tu kit. Marcha de 4 km (ida y vuelta) por asfalto y senderos hasta el campamento en \u00abEl Alto de la Chuleta\u00bb bajo supervisi\u00f3n experta.<\/p><\/div><div class=\"card\"><h4 class=\"font-semibold text-xl mb-2 text-red-600\">2. Comprobar Efectividad del Kit<\/h4><p class=\"text-gray-700\">La Comisi\u00f3n Europea recomienda suministros para 3 d\u00edas. Realizar\u00e1s pruebas de campo (refugios, fuego, agua, cocina) para verificar si tu mochila proporciona alimentaci\u00f3n, hidrataci\u00f3n y abrigo suficientes, identificando limitaciones.<\/p><\/div><div class=\"card\"><h4 class=\"font-semibold text-xl mb-2 text-red-600\">3. Desarrollar Habilidades de Supervivencia<\/h4><p class=\"text-gray-700\">Enfoque 100% vivencial con talleres pr\u00e1cticos detallados a continuaci\u00f3n.<\/p><\/div><div class=\"card\"><h4 class=\"font-semibold text-xl mb-2 text-red-600\">4. Fomentar Autoan\u00e1lisis y Mejora<\/h4><p class=\"text-gray-700\">Evaluar\u00e1s ergonom\u00eda, peso y accesibilidad de tu equipo bajo marcha y fatiga real. Descubrir\u00e1s qu\u00e9 sobraba, faltaba y c\u00f3mo optimizar la carga y consumibles.<\/p><\/div><div class=\"card\"><h4 class=\"font-semibold text-xl mb-2 text-red-600\">5. Crear Comunidad de Aprendizaje<\/h4><p class=\"text-gray-700\">Intercambio de experiencias entre participantes de todos los niveles. Comparte trucos, soluciones y recomendaciones, ampliando tu red y fomentando la colaboraci\u00f3n.<\/p><\/div><div class=\"card\"><h4 class=\"font-semibold text-xl mb-2 text-red-600\">6. Cumplir Est\u00e1ndar Europeo y Reforzar Resiliencia<\/h4><p class=\"text-gray-700\">Seg\u00fan el <a href=\"https:\/\/www.eeas.europa.eu\/eeas\/preparedness-union-strategy_en\"><strong>Preparedness Union Strategy<\/strong><\/a>, la autosuficiencia de 72h es la base. Adquirir\u00e1s seguridad y autonom\u00eda para actuar con eficacia.<\/p><\/div><\/div><p class=\"text-lg text-gray-700 mt-8 text-center\">Al cerrar esta experiencia, saldr\u00e1s con un plan de mejora personalizado. \u00abKit 72 Horas\u00bb es la oportunidad de convertir tu equipamiento en tu mejor aliado. \u00a1Transforma tu preparaci\u00f3n en protecci\u00f3n real!<\/p><\/div><\/section><section class=\"py-16 bg-gray-100\"><div class=\"container mx-auto px-4\"><h3 class=\"section-title text-3xl font-bold mb-8\"><span style=\"color: #000000;\">Desarrollar\u00e1s Habilidades Pr\u00e1cticas en Nuestros Talleres<\/span><\/h3><div class=\"grid md:grid-cols-2 lg:grid-cols-3 gap-6\"><div class=\"card\"><h4 class=\"font-semibold text-xl mb-2\"><span style=\"color: #000000;\">Vivac y Refugio<\/span><\/h4><p class=\"text-gray-700\"><span style=\"color: #000000;\">Selecci\u00f3n de emplazamiento, uso de tarp, lonas o tienda de campa\u00f1a.<\/span><\/p><\/div><div class=\"card\"><h4 class=\"font-semibold text-xl mb-2\"><span style=\"color: #000000;\">Fuego y Cocina Port\u00e1til<\/span><\/h4><p class=\"text-gray-700\"><span style=\"color: #000000;\">Diferentes hornillos para raciones de emergencia, liofilizadas o deshidratas.<\/span><\/p><\/div><div class=\"card\"><h4 class=\"font-semibold text-xl mb-2\"><span style=\"color: #000000;\">Purificaci\u00f3n de Agua<\/span><\/h4><p class=\"text-gray-700\"><span style=\"color: #000000;\">Filtros, ebullici\u00f3n y tabletas potabilizadoras para asegurar agua segura.<\/span><\/p><\/div><div class=\"card\"><h4 class=\"font-semibold text-xl mb-2\"><span style=\"color: #000000;\">Comunicaci\u00f3n y Se\u00f1alizaci\u00f3n<\/span><\/h4><p class=\"text-gray-700\"><span style=\"color: #000000;\">Uso de radio a pilas, silbatos y se\u00f1ales luminosas.<\/span><\/p><\/div><div class=\"card\"><h4 class=\"font-semibold text-xl mb-2\"><span style=\"color: #000000;\">Gesti\u00f3n del Estr\u00e9s y Resiliencia<\/span><\/h4><p class=\"text-gray-700\"><span style=\"color: #000000;\">Simulaciones de presi\u00f3n moderada para fortalecer confianza y autocontrol.<\/span><\/p><\/div><div class=\"card\"><h4 class=\"font-semibold text-xl mb-2\"><span style=\"color: #000000;\">Mochila de 72 Horas \/ EDC<\/span><\/h4><p class=\"text-gray-700\"><span style=\"color: #000000;\">Aprender a preparar una mochila de emergencia y conocer sus elementos esenciales.<\/span><\/p><\/div><\/div><\/div><\/section><section class=\"py-16 bg-white\"><div class=\"container mx-auto px-4\"><h3 class=\"section-title text-3xl font-bold mb-8\"><span style=\"color: #000000;\">Contenido del Programa<\/span><\/h3><div class=\"grid md:grid-cols-2 gap-8\"><div class=\"card\"><h4 class=\"font-semibold text-2xl mb-4 text-red-600\"><span style=\"color: #000000;\">S\u00e1bado 6 de septiembre<\/span><\/h4><ul class=\"text-lg text-gray-700 space-y-3\"><li><span style=\"color: #000000;\"><strong>16:30 \u2013 17:00:<\/strong> Recepci\u00f3n en el punto de encuentro, Centro Social Las Casicas \/ Fortuna-Murcia.<\/span><\/li><li><span style=\"color: #000000;\">Desplazamiento con mochila (\u00abrucking\u00bb) hasta la zona de pr\u00e1cticas.<\/span><\/li><li><span style=\"color: #000000;\"><strong>Objetivo:<\/strong> Aprender progresi\u00f3n en terreno variado, medidas de seguridad y adaptaci\u00f3n al entorno natural.<\/span><\/li><li><span style=\"color: #000000;\">(Resto de actividades del s\u00e1bado se desarrollar\u00e1n en la zona de pr\u00e1cticas)<\/span><\/li><\/ul><\/div><div class=\"card\"><h4 class=\"font-semibold text-2xl mb-4 text-red-600\"><span style=\"color: #000000;\">Domingo 7 de septiembre<\/span><\/h4><ul class=\"text-lg text-gray-700 space-y-3\"><li><span style=\"color: #000000;\">(Actividades de la ma\u00f1ana y mediod\u00eda en la zona de pr\u00e1cticas)<\/span><\/li><li><span style=\"color: #000000;\">Desplazamiento de Retorno.<\/span><\/li><li><span style=\"color: #000000;\"><strong>17:00:<\/strong> Acto de Clausura en el Centro Social Las Casicas \/ Fortuna.<\/span><\/li><\/ul><\/div><\/div><p class=\"text-sm text-gray-600 mt-8 text-center italic\"><span style=\"color: #000000;\">Aclaraci\u00f3n: El temario puede verse modificado por la fluidez del grupo y para adaptarse a las condiciones climatol\u00f3gicas.<\/span><\/p><\/div><\/section><section class=\"py-16 bg-gray-100\"><div class=\"container mx-auto px-4\"><h3 class=\"section-title text-3xl font-bold mb-8\"><span style=\"color: #000000;\">Equipo Necesario<\/span><\/h3><div class=\"grid md:grid-cols-2 lg:grid-cols-3 gap-6\"><div class=\"card\"><h4 class=\"font-semibold text-xl mb-4 text-red-600\"><span style=\"color: #000000;\">Equipamiento B\u00e1sico (Obligatorio seg\u00fan UE)<\/span><\/h4><ul class=\"list-disc list-inside text-gray-700 space-y-2\"><li><span style=\"color: #000000;\">Mochila adecuada<\/span><\/li><li><span style=\"color: #000000;\">Agua (m\u00edn. 3 L)<\/span><\/li><li><span style=\"color: #000000;\">Alimentos no perecederos<\/span><\/li><li><span style=\"color: #000000;\">Radio a pilas o dinamo<\/span><\/li><li><span style=\"color: #000000;\">Linterna con pilas de repuesto<\/span><\/li><li><span style=\"color: #000000;\">Bater\u00eda extra para m\u00f3vil (Power bank)<\/span><\/li><li><span style=\"color: #000000;\">Hornillo port\u00e1til y combustible<\/span><\/li><li><span style=\"color: #000000;\">Cerillas y\/o mechero<\/span><\/li><li><span style=\"color: #000000;\">Dinero en efectivo<\/span><\/li><li><span style=\"color: #000000;\">Medicamentos y pastillas potabilizadoras<\/span><\/li><li><span style=\"color: #000000;\">Botiqu\u00edn de primeros auxilios<\/span><\/li><li><span style=\"color: #000000;\">Cinta adhesiva<\/span><\/li><li><span style=\"color: #000000;\">Art\u00edculos de higiene (papel higi\u00e9nico biodegradable, toallitas, cepillo\/pasta dientes, bolsa basura)<\/span><\/li><\/ul><\/div><div class=\"card\"><h4 class=\"font-semibold text-xl mb-4 text-red-600\"><span style=\"color: #000000;\">Elementos Obligatorios (Simulaci\u00f3n Exterior)<\/span><\/h4><ul class=\"list-disc list-inside text-gray-700 space-y-2\"><li><span style=\"color: #000000;\"><strong>Refugio y descanso:<\/strong><\/span><br \/><ul class=\"list-circle list-inside ml-4\"><li><span style=\"color: #000000;\">Tarp, lona, tienda o funda de vivac (con piquetas y vientos)<\/span><\/li><li><span style=\"color: #000000;\">Saco de dormir y aislante<\/span><\/li><\/ul><\/li><li><span style=\"color: #000000;\"><strong>Otros:<\/strong><\/span><br \/><ul class=\"list-circle list-inside ml-4\"><li><span style=\"color: #000000;\">Silbato<\/span><\/li><li><span style=\"color: #000000;\">Manta t\u00e9rmica<\/span><\/li><\/ul><\/li><li><span style=\"color: #000000;\"><strong>Menaje de cocina:<\/strong><\/span><br \/><ul class=\"list-circle list-inside ml-4\"><li><span style=\"color: #000000;\">Cazo\/olla y utensilios (taza, cubiertos)<\/span><\/li><li><span style=\"color: #000000;\">Medidor de volumen<\/span><\/li><\/ul><\/li><li><span style=\"color: #000000;\"><strong>Herramientas y Ropa:<\/strong><\/span><br \/><ul class=\"list-circle list-inside ml-4\"><li><span style=\"color: #000000;\">Pala plegable o r\u00edgida<\/span><\/li><li><span style=\"color: #000000;\">Navaja multiusos<\/span><\/li><li><span style=\"color: #000000;\">Pantal\u00f3n y camiseta de manga larga<\/span><\/li><li><span style=\"color: #000000;\">Gorra, gafas de sol y protector solar<\/span><\/li><li><span style=\"color: #000000;\">Br\u00fajula<\/span><\/li><li><span style=\"color: #000000;\">Bolsa de basura resistente<\/span><\/li><\/ul><\/li><\/ul><\/div><div class=\"card\"><h4 class=\"font-semibold text-xl mb-4 text-red-600\"><span style=\"color: #000000;\">Opcionales (Muy Recomendados)<\/span><\/h4><ul class=\"list-disc list-inside text-gray-700 space-y-2\"><li><span style=\"color: #000000;\">Silla plegable o taburete<\/span><\/li><li><span style=\"color: #000000;\">Panel solar port\u00e1til<\/span><\/li><li><span style=\"color: #000000;\">Luces qu\u00edmicas (glow sticks)<\/span><\/li><li><span style=\"color: #000000;\">Gadgets de supervivencia (espejo de se\u00f1ales, kit de supervivencia)<\/span><\/li><\/ul><\/div><\/div><\/div><\/section><section class=\"py-16 bg-white\"><div class=\"container mx-auto px-4\"><h3 class=\"section-title text-3xl font-bold mb-8\"><span style=\"color: #000000;\">Preguntas Frecuentes<\/span><\/h3><div class=\"space-y-4\"><div class=\"card\"><div class=\"accordion-header\"><p><span style=\"color: #000000;\"><strong>\u00bfNo he comprado en en FerreHogar.es? \u00bfMe puedo apuntar?<\/strong><\/span><\/p><p><span style=\"color: #000000;\">Si; solo tienes que realizar un pedido de material que seguro te faltara para completar tu mochila o algo que seguro has visto en FerreHogar.es, con la compra no hay importe m\u00ednimo podr\u00e1s participar gratuitamente en el evento.<\/span><\/p><p><span style=\"color: #000000;\"><strong>\u00bfD\u00f3nde es?<\/strong><\/span><\/p><\/div><div class=\"accordion-content\"><p class=\"text-gray-700\"><span style=\"color: #000000;\">El punto de encuentro es el Centro Social Las Casicas en Fortuna, Murcia. Desde all\u00ed partiremos hacia la zona de pr\u00e1cticas (ida y vuelta aprox. 8 km). Puedes encontrar las ubicaciones aqu\u00ed: <a class=\"text-blue-600 hover:underline\" style=\"color: #000000;\" href=\"https:\/\/www.google.com\/maps\/search\/Ubicaci%C3%B3n+Google+Maps\" target=\"_blank\" rel=\"noopener\">Ubicaci\u00f3n Google Maps<\/a> y <a class=\"text-blue-600 hover:underline\" style=\"color: #000000;\" href=\"https:\/\/www.google.com\/maps\/search\/zona+de+aparcamiento\" target=\"_blank\" rel=\"noopener\">zona de aparcamiento<\/a>.<\/span><\/p><\/div><\/div><div class=\"card\"><div class=\"accordion-header\"><p><span style=\"color: #000000;\"><strong>\u00bfQu\u00e9 debo llevar?<\/strong><\/span><\/p><\/div><div class=\"accordion-content\"><p class=\"text-gray-700\"><span style=\"color: #000000;\">Tu mochila de 72 horas con el equipo necesario detallado arriba. Ropa y calzado de monta\u00f1a adecuados al verano (ropa ligera pero cubriente, gorra, calzado cerrado). Se aconsejan gafas de sol, bastones de senderismo, para el trekking. Recuerda debes portear tu propio equipo en la mochila, deber ir todo bien empaquetado.<\/span><\/p><\/div><\/div><div class=\"card\"><div class=\"accordion-header\"><p><span style=\"color: #000000;\"><strong>\u00bfQu\u00e9 condiciones f\u00edsicas se requieren?<\/strong><\/span><\/p><\/div><div class=\"accordion-content\"><p class=\"text-gray-700\"><span style=\"color: #000000;\">Estar en condiciones de realizar dos trekkings de 4 km y participar activamente. Buena actitud y disposici\u00f3n para esforzarse y adaptarse.<\/span><\/p><\/div><\/div><div class=\"card\"><div class=\"accordion-header\"><p><span style=\"color: #000000;\"><strong>\u00bfDebo tener experiencia previa?<\/strong><\/span><\/p><\/div><div class=\"accordion-content\"><p class=\"text-gray-700\"><span style=\"color: #000000;\">No necesariamente. Si no la tienes, experimentar\u00e1s lo exigente de una emergencia real. Si tienes experiencia, pondr\u00e1s a prueba tus conocimientos y podr\u00e1s mejorar.<\/span><\/p><\/div><\/div><div class=\"card\"><div class=\"accordion-header\"><p><span style=\"color: #000000;\"><strong>\u00bfQu\u00e9 incluye el evento?<\/strong><\/span><\/p><\/div><div class=\"accordion-content\"><p class=\"text-gray-700\"><span style=\"color: #000000;\">La participaci\u00f3n y la gu\u00eda de los instructores. Cada participante necesita llevar su equipo personal.<\/span><\/p><\/div><\/div><div class=\"card\"><div class=\"accordion-header\"><p><span style=\"color: #000000;\"><strong>\u00bfEs gratuito?<\/strong><\/span><\/p><\/div><div class=\"accordion-content\"><p class=\"text-gray-700\"><span style=\"color: #000000;\">S\u00ed. La asistencia no tiene coste. Plazas limitadas, inscripci\u00f3n previa obligatoria.<\/span><\/p><\/div><\/div><div class=\"card\"><div class=\"accordion-header\"><p><span style=\"color: #000000;\"><strong>\u00bfPueden asistir ni\u00f1os o familias?<\/strong><\/span><\/p><\/div><div class=\"accordion-content\"><p class=\"text-gray-700\"><span style=\"color: #000000;\">Dise\u00f1ado principalmente para adultos a partir de 18 a\u00f1os.<\/span><\/p><\/div><\/div><div class=\"card\"><div class=\"accordion-header\"><p><span style=\"color: #000000;\"><strong>\u00bfPuedo asistir con mi mascota?<\/strong><\/span><\/p><\/div><div class=\"accordion-content\"><p class=\"text-gray-700\"><span style=\"color: #000000;\">No.<\/span><script>\n        \/\/ JavaScript for accordion functionality in FAQ\n        function toggleAccordion(header) {\n            const content = header.nextElementSibling;\n            const icon = header.querySelector('svg');\n\n            if (content.style.maxHeight) {\n                content.style.maxHeight = null;\n                content.classList.remove('active');\n                icon.classList.remove('rotate-180');\n            } else {\n                \/\/ Close all other open accordions\n                document.querySelectorAll('.accordion-content.active').forEach(item => {\n                    item.style.maxHeight = null;\n                    item.classList.remove('active');\n                    item.previousElementSibling.querySelector('svg').classList.remove('rotate-180');\n                });\n\n                content.style.maxHeight = content.scrollHeight + \"px\";\n                content.classList.add('active');\n                icon.classList.add('rotate-180');\n            }\n        }\n    <\/script><\/p><\/div><\/div><\/div><\/div><\/section>\t\t\t\t\t\t\t\t<\/div>\n\t\t\t\t<\/div>\n\t\t\t\t\t<\/div>\n\t\t<\/div>\n\t\t\t\t\t<\/div>\n\t\t<\/section>\n\t\t\t\t<section class=\"elementor-section elementor-top-section elementor-element elementor-element-ef5fc1f elementor-section-boxed elementor-section-height-default elementor-section-height-default\" data-id=\"ef5fc1f\" data-element_type=\"section\" data-e-type=\"section\">\n\t\t\t\t\t\t<div class=\"elementor-container elementor-column-gap-default\">\n\t\t\t\t\t<div class=\"elementor-column elementor-col-100 elementor-top-column elementor-element elementor-element-177d98c\" data-id=\"177d98c\" data-element_type=\"column\" data-e-type=\"column\">\n\t\t\t<div class=\"elementor-widget-wrap elementor-element-populated\">\n\t\t\t\t\t\t<div class=\"elementor-element elementor-element-b8d64a0 elementor-widget elementor-widget-text-editor\" data-id=\"b8d64a0\" data-element_type=\"widget\" data-e-type=\"widget\" data-widget_type=\"text-editor.default\">\n\t\t\t\t<div class=\"elementor-widget-container\">\n\t\t\t\t\t\t\t\t\t<section id=\"faq\" class=\"py-12\"><div class=\"max-w-3xl mx-auto\"><div class=\"faq-item card\">\u00a0<\/div><\/div><\/section><section id=\"registro\" class=\"py-16 bg-emerald-700 text-white text-center rounded-xl\"><div class=\"container mx-auto px-6\"><p class=\"text-xl mb-8\">El evento es gratuito, para clientes de FerreHogar.es y alumnos Destrezas y Vida en el Medio Natural pero debes registrar tu asistencia. Si te apuntas, aseg\u00farate de participar para no privar a otros de esta oportunidad.<\/p><p><a class=\"cta-button text-2xl px-12 py-5 mb-8 inline-block\" href=\"https:\/\/docs.google.com\/forms\/d\/e\/1FAIpQLSd3lx25HSWMNMKKqXR-0ottUeb_C-KnR20NTf4f0aMRdRqWQQ\/viewform?usp=header\"> COMPLETA EL FORMULARIO DE REGISTRO <\/a><\/p><p class=\"text-lg mb-4\">Tambi\u00e9n puedes solicitar m\u00e1s informaci\u00f3n:<\/p><p class=\"text-lg\">Email: <a class=\"text-orange-300 hover:underline\" href=\"mailto:info@destrezasyvidaenelmedionatural.es\">info@destrezasyvidaenelmedionatural.es<\/a> (Centro Destreza y Vida)<\/p><p class=\"text-lg\">WhatsApp: <a class=\"text-orange-300 hover:underline\" href=\"https:\/\/wa.me\/34640293093\" target=\"_blank\" rel=\"noopener\">640 29 30 93<\/a><\/p><p class=\"mt-10 text-2xl font-semibold\">\u00a1No dejes pasar esta oportunidad \u00fanica de poner a prueba tu kit de supervivencia y mejorar tus habilidades en la naturaleza!<\/p><\/div><\/section><section id=\"formulario-simulado\" class=\"py-12\"><div class=\"max-w-xl mx-auto card\"><p class=\"text-xs text-gray-500 mt-4 text-center\">\u00a0<\/p><\/div><\/section><footer class=\"bg-gray-800 text-white py-10 text-center\"><p class=\"mb-2\">Organizan:<\/p><p class=\"font-semibold text-lg\">FerreHogar.es (Especialistas Outdoor) y Centro Destreza y Vida en el Medio Natural<\/p><p class=\"text-sm mt-1\">Con el apoyo de instituciones locales de Las Casicas y Ayuntamiento de Fortuna.<\/p><p class=\"mt-6 text-2xl font-bold text-emerald-400\">\u00a1Te esperamos para vivir juntos la experiencia Kit 72 Horas!<\/p><p class=\"text-xs mt-4\">\u00a9 2025 Evento Kit 72 Horas. Todos los derechos reservados.<\/p><\/footer>\t\t\t\t\t\t\t\t<\/div>\n\t\t\t\t<\/div>\n\t\t\t\t\t<\/div>\n\t\t<\/div>\n\t\t\t\t\t<\/div>\n\t\t<\/section>\n\t\t\t\t<\/div>\n\t\t","protected":false},"excerpt":{"rendered":"<p>\u00danete al desaf\u00edo de supervivencia m\u00e1s realista organizado por FerreHogar.es y Centro Destreza y Vida en el Medio Natural. Aprende habilidades pr\u00e1cticas y pon a prueba tu kit de emergencia en un entorno controlado. \u00a1Gratuito!<\/p>\n","protected":false},"author":1,"featured_media":0,"comment_status":"open","ping_status":"open","sticky":false,"template":"","format":"standard","meta":{"episode_type":"","audio_file":"","cover_image":"","cover_image_id":"","duration":"","filesize":"","date_recorded":"","explicit":"","block":"","filesize_raw":"","footnotes":""},"categories":[1],"tags":[20,197,64,26],"class_list":["post-3290","post","type-post","status-publish","format-standard","hentry","category-sin-categoria","tag-consejosdesupervivencia","tag-kit72h","tag-preppers","tag-supervivencia"],"yoast_head":"<!-- This site is optimized with the Yoast SEO plugin v23.8 - https:\/\/yoast.com\/wordpress\/plugins\/seo\/ -->\n<title>Kit 72 Horas \u2013 Experiencia Real de Supervivencia 6 al 7 septiembre en Murcia - Destrezas y Vida en el Medio Natural<\/title>\n<meta name=\"description\" content=\"El apag\u00f3n del 28 de abril en Espa\u00f1a y Portugal ha reabierto el debate sobre la dependencia de energ\u00edas renovables y la exclusi\u00f3n de la nuclear, que podr\u00eda aumentar el riesgo de cortes\" \/>\n<meta name=\"robots\" content=\"index, follow, max-snippet:-1, max-image-preview:large, max-video-preview:-1\" \/>\n<link rel=\"canonical\" href=\"https:\/\/www.destrezasyvidaenelmedionatural.es\/index.php\/2025\/05\/20\/kit-72-horas-entrenamiento-de-supervivencia-en-fortuna-murcia\/\" \/>\n<meta property=\"og:locale\" content=\"es_ES\" \/>\n<meta property=\"og:type\" content=\"article\" \/>\n<meta property=\"og:title\" content=\"Kit 72 Horas \u2013 Experiencia Real de Supervivencia 6 al 7 septiembre en Murcia - Destrezas y Vida en el Medio Natural\" \/>\n<meta property=\"og:description\" content=\"El apag\u00f3n del 28 de abril en Espa\u00f1a y Portugal ha reabierto el debate sobre la dependencia de energ\u00edas renovables y la exclusi\u00f3n de la nuclear, que podr\u00eda aumentar el riesgo de cortes\" \/>\n<meta property=\"og:url\" content=\"https:\/\/www.destrezasyvidaenelmedionatural.es\/index.php\/2025\/05\/20\/kit-72-horas-entrenamiento-de-supervivencia-en-fortuna-murcia\/\" \/>\n<meta property=\"og:site_name\" content=\"Destrezas y Vida en el Medio Natural\" \/>\n<meta property=\"article:publisher\" content=\"https:\/\/www.facebook.com\/Destrezas.y.Vida.en.el.Medio.Natural\" \/>\n<meta property=\"article:author\" content=\"https:\/\/www.facebook.com\/Destrezas.y.Vida.en.el.Medio.Natural\" \/>\n<meta property=\"article:published_time\" content=\"2025-05-20T14:43:30+00:00\" \/>\n<meta property=\"article:modified_time\" content=\"2025-07-09T09:04:23+00:00\" \/>\n<meta property=\"og:image\" content=\"https:\/\/placehold.co\/600x400\/FF5733\/FFFFFF?text=Simulaci%C3%B3n+Realista\" \/>\n<meta name=\"author\" content=\"admin\" \/>\n<meta name=\"twitter:card\" content=\"summary_large_image\" \/>\n<meta name=\"twitter:creator\" content=\"@DestrezasyVida\" \/>\n<meta name=\"twitter:site\" content=\"@DestrezasyVida\" \/>\n<meta name=\"twitter:label1\" content=\"Escrito por\" \/>\n\t<meta name=\"twitter:data1\" content=\"admin\" \/>\n\t<meta name=\"twitter:label2\" content=\"Tiempo de lectura\" \/>\n\t<meta name=\"twitter:data2\" content=\"6 minutos\" \/>\n<script type=\"application\/ld+json\" class=\"yoast-schema-graph\">{\"@context\":\"https:\/\/schema.org\",\"@graph\":[{\"@type\":\"Article\",\"@id\":\"https:\/\/www.destrezasyvidaenelmedionatural.es\/index.php\/2025\/05\/20\/kit-72-horas-entrenamiento-de-supervivencia-en-fortuna-murcia\/#article\",\"isPartOf\":{\"@id\":\"https:\/\/www.destrezasyvidaenelmedionatural.es\/index.php\/2025\/05\/20\/kit-72-horas-entrenamiento-de-supervivencia-en-fortuna-murcia\/\"},\"author\":{\"name\":\"admin\",\"@id\":\"https:\/\/www.destrezasyvidaenelmedionatural.es\/#\/schema\/person\/05ac69635d864d75006df0853eb7afd3\"},\"headline\":\"Kit 72 Horas \u2013 Experiencia Real de Supervivencia 6 al 7 septiembre en Murcia\",\"datePublished\":\"2025-05-20T14:43:30+00:00\",\"dateModified\":\"2025-07-09T09:04:23+00:00\",\"mainEntityOfPage\":{\"@id\":\"https:\/\/www.destrezasyvidaenelmedionatural.es\/index.php\/2025\/05\/20\/kit-72-horas-entrenamiento-de-supervivencia-en-fortuna-murcia\/\"},\"wordCount\":1279,\"commentCount\":1,\"publisher\":{\"@id\":\"https:\/\/www.destrezasyvidaenelmedionatural.es\/#\/schema\/person\/05ac69635d864d75006df0853eb7afd3\"},\"image\":{\"@id\":\"https:\/\/www.destrezasyvidaenelmedionatural.es\/index.php\/2025\/05\/20\/kit-72-horas-entrenamiento-de-supervivencia-en-fortuna-murcia\/#primaryimage\"},\"thumbnailUrl\":\"https:\/\/placehold.co\/600x400\/FF5733\/FFFFFF?text=Simulaci%C3%B3n+Realista\",\"keywords\":[\"consejosdesupervivencia\",\"Kit72h\",\"Preppers\",\"Supervivencia\"],\"inLanguage\":\"es\",\"potentialAction\":[{\"@type\":\"CommentAction\",\"name\":\"Comment\",\"target\":[\"https:\/\/www.destrezasyvidaenelmedionatural.es\/index.php\/2025\/05\/20\/kit-72-horas-entrenamiento-de-supervivencia-en-fortuna-murcia\/#respond\"]}]},{\"@type\":\"WebPage\",\"@id\":\"https:\/\/www.destrezasyvidaenelmedionatural.es\/index.php\/2025\/05\/20\/kit-72-horas-entrenamiento-de-supervivencia-en-fortuna-murcia\/\",\"url\":\"https:\/\/www.destrezasyvidaenelmedionatural.es\/index.php\/2025\/05\/20\/kit-72-horas-entrenamiento-de-supervivencia-en-fortuna-murcia\/\",\"name\":\"Kit 72 Horas \u2013 Experiencia Real de Supervivencia 6 al 7 septiembre en Murcia - Destrezas y Vida en el Medio Natural\",\"isPartOf\":{\"@id\":\"https:\/\/www.destrezasyvidaenelmedionatural.es\/#website\"},\"primaryImageOfPage\":{\"@id\":\"https:\/\/www.destrezasyvidaenelmedionatural.es\/index.php\/2025\/05\/20\/kit-72-horas-entrenamiento-de-supervivencia-en-fortuna-murcia\/#primaryimage\"},\"image\":{\"@id\":\"https:\/\/www.destrezasyvidaenelmedionatural.es\/index.php\/2025\/05\/20\/kit-72-horas-entrenamiento-de-supervivencia-en-fortuna-murcia\/#primaryimage\"},\"thumbnailUrl\":\"https:\/\/placehold.co\/600x400\/FF5733\/FFFFFF?text=Simulaci%C3%B3n+Realista\",\"datePublished\":\"2025-05-20T14:43:30+00:00\",\"dateModified\":\"2025-07-09T09:04:23+00:00\",\"description\":\"El apag\u00f3n del 28 de abril en Espa\u00f1a y Portugal ha reabierto el debate sobre la dependencia de energ\u00edas renovables y la exclusi\u00f3n de la nuclear, que podr\u00eda aumentar el riesgo de cortes\",\"breadcrumb\":{\"@id\":\"https:\/\/www.destrezasyvidaenelmedionatural.es\/index.php\/2025\/05\/20\/kit-72-horas-entrenamiento-de-supervivencia-en-fortuna-murcia\/#breadcrumb\"},\"inLanguage\":\"es\",\"potentialAction\":[{\"@type\":\"ReadAction\",\"target\":[\"https:\/\/www.destrezasyvidaenelmedionatural.es\/index.php\/2025\/05\/20\/kit-72-horas-entrenamiento-de-supervivencia-en-fortuna-murcia\/\"]}]},{\"@type\":\"ImageObject\",\"inLanguage\":\"es\",\"@id\":\"https:\/\/www.destrezasyvidaenelmedionatural.es\/index.php\/2025\/05\/20\/kit-72-horas-entrenamiento-de-supervivencia-en-fortuna-murcia\/#primaryimage\",\"url\":\"https:\/\/placehold.co\/600x400\/FF5733\/FFFFFF?text=Simulaci%C3%B3n+Realista\",\"contentUrl\":\"https:\/\/placehold.co\/600x400\/FF5733\/FFFFFF?text=Simulaci%C3%B3n+Realista\"},{\"@type\":\"BreadcrumbList\",\"@id\":\"https:\/\/www.destrezasyvidaenelmedionatural.es\/index.php\/2025\/05\/20\/kit-72-horas-entrenamiento-de-supervivencia-en-fortuna-murcia\/#breadcrumb\",\"itemListElement\":[{\"@type\":\"ListItem\",\"position\":1,\"name\":\"Portada\",\"item\":\"https:\/\/www.destrezasyvidaenelmedionatural.es\/\"},{\"@type\":\"ListItem\",\"position\":2,\"name\":\"Kit 72 Horas \u2013 Experiencia Real de Supervivencia 6 al 7 septiembre en Murcia\"}]},{\"@type\":\"WebSite\",\"@id\":\"https:\/\/www.destrezasyvidaenelmedionatural.es\/#website\",\"url\":\"https:\/\/www.destrezasyvidaenelmedionatural.es\/\",\"name\":\"Destrezas y Vida en el Medio Natural\",\"description\":\"El sitio web Destrezas y Vida en el Medio Natural es un recurso excelente para cualquiera que quiera aprender sobre la naturaleza y c\u00f3mo interactuar con ella de manera segura y respetuosa.\",\"publisher\":{\"@id\":\"https:\/\/www.destrezasyvidaenelmedionatural.es\/#\/schema\/person\/05ac69635d864d75006df0853eb7afd3\"},\"potentialAction\":[{\"@type\":\"SearchAction\",\"target\":{\"@type\":\"EntryPoint\",\"urlTemplate\":\"https:\/\/www.destrezasyvidaenelmedionatural.es\/?s={search_term_string}\"},\"query-input\":{\"@type\":\"PropertyValueSpecification\",\"valueRequired\":true,\"valueName\":\"search_term_string\"}}],\"inLanguage\":\"es\"},{\"@type\":[\"Person\",\"Organization\"],\"@id\":\"https:\/\/www.destrezasyvidaenelmedionatural.es\/#\/schema\/person\/05ac69635d864d75006df0853eb7afd3\",\"name\":\"admin\",\"image\":{\"@type\":\"ImageObject\",\"inLanguage\":\"es\",\"@id\":\"https:\/\/www.destrezasyvidaenelmedionatural.es\/#\/schema\/person\/image\/\",\"url\":\"https:\/\/www.destrezasyvidaenelmedionatural.es\/wp-content\/uploads\/2021\/08\/cropped-SIN-FONDO-PRUEBA1.png\",\"contentUrl\":\"https:\/\/www.destrezasyvidaenelmedionatural.es\/wp-content\/uploads\/2021\/08\/cropped-SIN-FONDO-PRUEBA1.png\",\"width\":351,\"height\":349,\"caption\":\"admin\"},\"logo\":{\"@id\":\"https:\/\/www.destrezasyvidaenelmedionatural.es\/#\/schema\/person\/image\/\"},\"sameAs\":[\"http:\/\/www.destrezasyvidaenelmedionatural.es\",\"https:\/\/www.facebook.com\/Destrezas.y.Vida.en.el.Medio.Natural\",\"https:\/\/www.instagram.com\/destrezasyvidamn\/\"],\"url\":\"https:\/\/www.destrezasyvidaenelmedionatural.es\/index.php\/author\/admin\/\"}]}<\/script>\n<!-- \/ Yoast SEO plugin. -->","yoast_head_json":{"title":"Kit 72 Horas \u2013 Experiencia Real de Supervivencia 6 al 7 septiembre en Murcia - Destrezas y Vida en el Medio Natural","description":"El apag\u00f3n del 28 de abril en Espa\u00f1a y Portugal ha reabierto el debate sobre la dependencia de energ\u00edas renovables y la exclusi\u00f3n de la nuclear, que podr\u00eda aumentar el riesgo de cortes","robots":{"index":"index","follow":"follow","max-snippet":"max-snippet:-1","max-image-preview":"max-image-preview:large","max-video-preview":"max-video-preview:-1"},"canonical":"https:\/\/www.destrezasyvidaenelmedionatural.es\/index.php\/2025\/05\/20\/kit-72-horas-entrenamiento-de-supervivencia-en-fortuna-murcia\/","og_locale":"es_ES","og_type":"article","og_title":"Kit 72 Horas \u2013 Experiencia Real de Supervivencia 6 al 7 septiembre en Murcia - Destrezas y Vida en el Medio Natural","og_description":"El apag\u00f3n del 28 de abril en Espa\u00f1a y Portugal ha reabierto el debate sobre la dependencia de energ\u00edas renovables y la exclusi\u00f3n de la nuclear, que podr\u00eda aumentar el riesgo de cortes","og_url":"https:\/\/www.destrezasyvidaenelmedionatural.es\/index.php\/2025\/05\/20\/kit-72-horas-entrenamiento-de-supervivencia-en-fortuna-murcia\/","og_site_name":"Destrezas y Vida en el Medio Natural","article_publisher":"https:\/\/www.facebook.com\/Destrezas.y.Vida.en.el.Medio.Natural","article_author":"https:\/\/www.facebook.com\/Destrezas.y.Vida.en.el.Medio.Natural","article_published_time":"2025-05-20T14:43:30+00:00","article_modified_time":"2025-07-09T09:04:23+00:00","og_image":[{"url":"https:\/\/placehold.co\/600x400\/FF5733\/FFFFFF?text=Simulaci%C3%B3n+Realista"}],"author":"admin","twitter_card":"summary_large_image","twitter_creator":"@DestrezasyVida","twitter_site":"@DestrezasyVida","twitter_misc":{"Escrito por":"admin","Tiempo de lectura":"6 minutos"},"schema":{"@context":"https:\/\/schema.org","@graph":[{"@type":"Article","@id":"https:\/\/www.destrezasyvidaenelmedionatural.es\/index.php\/2025\/05\/20\/kit-72-horas-entrenamiento-de-supervivencia-en-fortuna-murcia\/#article","isPartOf":{"@id":"https:\/\/www.destrezasyvidaenelmedionatural.es\/index.php\/2025\/05\/20\/kit-72-horas-entrenamiento-de-supervivencia-en-fortuna-murcia\/"},"author":{"name":"admin","@id":"https:\/\/www.destrezasyvidaenelmedionatural.es\/#\/schema\/person\/05ac69635d864d75006df0853eb7afd3"},"headline":"Kit 72 Horas \u2013 Experiencia Real de Supervivencia 6 al 7 septiembre en Murcia","datePublished":"2025-05-20T14:43:30+00:00","dateModified":"2025-07-09T09:04:23+00:00","mainEntityOfPage":{"@id":"https:\/\/www.destrezasyvidaenelmedionatural.es\/index.php\/2025\/05\/20\/kit-72-horas-entrenamiento-de-supervivencia-en-fortuna-murcia\/"},"wordCount":1279,"commentCount":1,"publisher":{"@id":"https:\/\/www.destrezasyvidaenelmedionatural.es\/#\/schema\/person\/05ac69635d864d75006df0853eb7afd3"},"image":{"@id":"https:\/\/www.destrezasyvidaenelmedionatural.es\/index.php\/2025\/05\/20\/kit-72-horas-entrenamiento-de-supervivencia-en-fortuna-murcia\/#primaryimage"},"thumbnailUrl":"https:\/\/placehold.co\/600x400\/FF5733\/FFFFFF?text=Simulaci%C3%B3n+Realista","keywords":["consejosdesupervivencia","Kit72h","Preppers","Supervivencia"],"inLanguage":"es","potentialAction":[{"@type":"CommentAction","name":"Comment","target":["https:\/\/www.destrezasyvidaenelmedionatural.es\/index.php\/2025\/05\/20\/kit-72-horas-entrenamiento-de-supervivencia-en-fortuna-murcia\/#respond"]}]},{"@type":"WebPage","@id":"https:\/\/www.destrezasyvidaenelmedionatural.es\/index.php\/2025\/05\/20\/kit-72-horas-entrenamiento-de-supervivencia-en-fortuna-murcia\/","url":"https:\/\/www.destrezasyvidaenelmedionatural.es\/index.php\/2025\/05\/20\/kit-72-horas-entrenamiento-de-supervivencia-en-fortuna-murcia\/","name":"Kit 72 Horas \u2013 Experiencia Real de Supervivencia 6 al 7 septiembre en Murcia - Destrezas y Vida en el Medio Natural","isPartOf":{"@id":"https:\/\/www.destrezasyvidaenelmedionatural.es\/#website"},"primaryImageOfPage":{"@id":"https:\/\/www.destrezasyvidaenelmedionatural.es\/index.php\/2025\/05\/20\/kit-72-horas-entrenamiento-de-supervivencia-en-fortuna-murcia\/#primaryimage"},"image":{"@id":"https:\/\/www.destrezasyvidaenelmedionatural.es\/index.php\/2025\/05\/20\/kit-72-horas-entrenamiento-de-supervivencia-en-fortuna-murcia\/#primaryimage"},"thumbnailUrl":"https:\/\/placehold.co\/600x400\/FF5733\/FFFFFF?text=Simulaci%C3%B3n+Realista","datePublished":"2025-05-20T14:43:30+00:00","dateModified":"2025-07-09T09:04:23+00:00","description":"El apag\u00f3n del 28 de abril en Espa\u00f1a y Portugal ha reabierto el debate sobre la dependencia de energ\u00edas renovables y la exclusi\u00f3n de la nuclear, que podr\u00eda aumentar el riesgo de cortes","breadcrumb":{"@id":"https:\/\/www.destrezasyvidaenelmedionatural.es\/index.php\/2025\/05\/20\/kit-72-horas-entrenamiento-de-supervivencia-en-fortuna-murcia\/#breadcrumb"},"inLanguage":"es","potentialAction":[{"@type":"ReadAction","target":["https:\/\/www.destrezasyvidaenelmedionatural.es\/index.php\/2025\/05\/20\/kit-72-horas-entrenamiento-de-supervivencia-en-fortuna-murcia\/"]}]},{"@type":"ImageObject","inLanguage":"es","@id":"https:\/\/www.destrezasyvidaenelmedionatural.es\/index.php\/2025\/05\/20\/kit-72-horas-entrenamiento-de-supervivencia-en-fortuna-murcia\/#primaryimage","url":"https:\/\/placehold.co\/600x400\/FF5733\/FFFFFF?text=Simulaci%C3%B3n+Realista","contentUrl":"https:\/\/placehold.co\/600x400\/FF5733\/FFFFFF?text=Simulaci%C3%B3n+Realista"},{"@type":"BreadcrumbList","@id":"https:\/\/www.destrezasyvidaenelmedionatural.es\/index.php\/2025\/05\/20\/kit-72-horas-entrenamiento-de-supervivencia-en-fortuna-murcia\/#breadcrumb","itemListElement":[{"@type":"ListItem","position":1,"name":"Portada","item":"https:\/\/www.destrezasyvidaenelmedionatural.es\/"},{"@type":"ListItem","position":2,"name":"Kit 72 Horas \u2013 Experiencia Real de Supervivencia 6 al 7 septiembre en Murcia"}]},{"@type":"WebSite","@id":"https:\/\/www.destrezasyvidaenelmedionatural.es\/#website","url":"https:\/\/www.destrezasyvidaenelmedionatural.es\/","name":"Destrezas y Vida en el Medio Natural","description":"El sitio web Destrezas y Vida en el Medio Natural es un recurso excelente para cualquiera que quiera aprender sobre la naturaleza y c\u00f3mo interactuar con ella de manera segura y respetuosa.","publisher":{"@id":"https:\/\/www.destrezasyvidaenelmedionatural.es\/#\/schema\/person\/05ac69635d864d75006df0853eb7afd3"},"potentialAction":[{"@type":"SearchAction","target":{"@type":"EntryPoint","urlTemplate":"https:\/\/www.destrezasyvidaenelmedionatural.es\/?s={search_term_string}"},"query-input":{"@type":"PropertyValueSpecification","valueRequired":true,"valueName":"search_term_string"}}],"inLanguage":"es"},{"@type":["Person","Organization"],"@id":"https:\/\/www.destrezasyvidaenelmedionatural.es\/#\/schema\/person\/05ac69635d864d75006df0853eb7afd3","name":"admin","image":{"@type":"ImageObject","inLanguage":"es","@id":"https:\/\/www.destrezasyvidaenelmedionatural.es\/#\/schema\/person\/image\/","url":"https:\/\/www.destrezasyvidaenelmedionatural.es\/wp-content\/uploads\/2021\/08\/cropped-SIN-FONDO-PRUEBA1.png","contentUrl":"https:\/\/www.destrezasyvidaenelmedionatural.es\/wp-content\/uploads\/2021\/08\/cropped-SIN-FONDO-PRUEBA1.png","width":351,"height":349,"caption":"admin"},"logo":{"@id":"https:\/\/www.destrezasyvidaenelmedionatural.es\/#\/schema\/person\/image\/"},"sameAs":["http:\/\/www.destrezasyvidaenelmedionatural.es","https:\/\/www.facebook.com\/Destrezas.y.Vida.en.el.Medio.Natural","https:\/\/www.instagram.com\/destrezasyvidamn\/"],"url":"https:\/\/www.destrezasyvidaenelmedionatural.es\/index.php\/author\/admin\/"}]}},"_links":{"self":[{"href":"https:\/\/www.destrezasyvidaenelmedionatural.es\/index.php\/wp-json\/wp\/v2\/posts\/3290","targetHints":{"allow":["GET"]}}],"collection":[{"href":"https:\/\/www.destrezasyvidaenelmedionatural.es\/index.php\/wp-json\/wp\/v2\/posts"}],"about":[{"href":"https:\/\/www.destrezasyvidaenelmedionatural.es\/index.php\/wp-json\/wp\/v2\/types\/post"}],"author":[{"embeddable":true,"href":"https:\/\/www.destrezasyvidaenelmedionatural.es\/index.php\/wp-json\/wp\/v2\/users\/1"}],"replies":[{"embeddable":true,"href":"https:\/\/www.destrezasyvidaenelmedionatural.es\/index.php\/wp-json\/wp\/v2\/comments?post=3290"}],"version-history":[{"count":171,"href":"https:\/\/www.destrezasyvidaenelmedionatural.es\/index.php\/wp-json\/wp\/v2\/posts\/3290\/revisions"}],"predecessor-version":[{"id":3653,"href":"https:\/\/www.destrezasyvidaenelmedionatural.es\/index.php\/wp-json\/wp\/v2\/posts\/3290\/revisions\/3653"}],"wp:attachment":[{"href":"https:\/\/www.destrezasyvidaenelmedionatural.es\/index.php\/wp-json\/wp\/v2\/media?parent=3290"}],"wp:term":[{"taxonomy":"category","embeddable":true,"href":"https:\/\/www.destrezasyvidaenelmedionatural.es\/index.php\/wp-json\/wp\/v2\/categories?post=3290"},{"taxonomy":"post_tag","embeddable":true,"href":"https:\/\/www.destrezasyvidaenelmedionatural.es\/index.php\/wp-json\/wp\/v2\/tags?post=3290"}],"curies":[{"name":"wp","href":"https:\/\/api.w.org\/{rel}","templated":true}]}}