{"id":3747,"date":"2025-07-09T08:10:05","date_gmt":"2025-07-09T08:10:05","guid":{"rendered":"https:\/\/www.destrezasyvidaenelmedionatural.es\/?p=3747"},"modified":"2025-12-14T11:02:55","modified_gmt":"2025-12-14T11:02:55","slug":"evento-de-preparacionismo-en-murcia-kit-72-horas-6-y-7-de-septiembre-experiencia-real-para-todos","status":"publish","type":"post","link":"https:\/\/www.destrezasyvidaenelmedionatural.es\/index.php\/2025\/07\/09\/evento-de-preparacionismo-en-murcia-kit-72-horas-6-y-7-de-septiembre-experiencia-real-para-todos\/","title":{"rendered":"Murcia: Evento de Preparacionismo Kit 72h \u2013 13-14 junio 2026"},"content":{"rendered":"\t\t<div data-elementor-type=\"wp-post\" data-elementor-id=\"3747\" class=\"elementor elementor-3747\">\n\t\t\t\t\t\t<section class=\"elementor-section elementor-top-section elementor-element elementor-element-1e563a8 elementor-section-boxed elementor-section-height-default elementor-section-height-default\" data-id=\"1e563a8\" data-element_type=\"section\" data-e-type=\"section\">\n\t\t\t\t\t\t<div class=\"elementor-container elementor-column-gap-default\">\n\t\t\t\t\t<div class=\"elementor-column elementor-col-100 elementor-top-column elementor-element elementor-element-e23b2e9\" data-id=\"e23b2e9\" data-element_type=\"column\" data-e-type=\"column\">\n\t\t\t<div class=\"elementor-widget-wrap elementor-element-populated\">\n\t\t\t\t\t\t<div class=\"elementor-element elementor-element-5bd9c00 elementor-widget elementor-widget-html\" data-id=\"5bd9c00\" data-element_type=\"widget\" data-e-type=\"widget\" data-widget_type=\"html.default\">\n\t\t\t\t<div class=\"elementor-widget-container\">\n\t\t\t\t\t<!DOCTYPE html>\r\n<html lang=\"es\">\r\n<head>\r\n    <meta charset=\"UTF-8\">\r\n    <meta name=\"viewport\" content=\"width=device-width, initial-scale=1.0\">\r\n    <title>Registro | Kit 72 Horas: Experiencia Real de Preparacionismo<\/title>\r\n    <link rel=\"preconnect\" href=\"https:\/\/fonts.googleapis.com\">\r\n    <link rel=\"preconnect\" href=\"https:\/\/fonts.gstatic.com\" crossorigin>\r\n    <link href=\"https:\/\/fonts.googleapis.com\/css2?family=Oswald:wght@700&family=Roboto:wght@400;700&display=swap\" rel=\"stylesheet\">\r\n    <style>\r\n        \/* --- Estilos Generales y Reset --- *\/\r\n        :root {\r\n            --primary-color: #2c3e50; \/* Azul oscuro *\/\r\n            --secondary-color: #386641; \/* Verde bosque *\/\r\n            --accent-color: #e85d04; \/* Naranja para CTA *\/\r\n            --light-color: #f4f4f4; \/* Fondo claro *\/\r\n            --text-color: #333;\r\n            --white-color: #ffffff;\r\n        }\r\n\r\n        * {\r\n            box-sizing: border-box;\r\n            margin: 0;\r\n            padding: 0;\r\n        }\r\n\r\n        body {\r\n            font-family: 'Roboto', sans-serif;\r\n            line-height: 1.7;\r\n            color: var(--text-color);\r\n            background-color: var(--light-color);\r\n        }\r\n\r\n        h1, h2, h3 {\r\n            font-family: 'Oswald', sans-serif;\r\n            text-transform: uppercase;\r\n            letter-spacing: 1px;\r\n            line-height: 1.2;\r\n        }\r\n\r\n        h1 { font-size: 3rem; }\r\n        h2 { font-size: 2.5rem; margin-bottom: 20px; color: var(--primary-color); }\r\n        h3 { font-size: 1.5rem; margin-bottom: 15px; color: var(--secondary-color); }\r\n\r\n        .container {\r\n            max-width: 1000px;\r\n            margin: auto;\r\n            overflow: hidden;\r\n            padding: 0 20px;\r\n        }\r\n\r\n        section {\r\n            padding: 60px 0;\r\n        }\r\n\r\n        ul {\r\n            list-style-type: none;\r\n        }\r\n\r\n        ul li {\r\n            background: url('data:image\/svg+xml;utf8,<svg xmlns=\"http:\/\/www.w3.org\/2000\/svg\" width=\"16\" height=\"16\" fill=\"%23386641\" class=\"bi bi-check-circle-fill\" viewBox=\"0 0 16 16\"><path d=\"M16 8A8 8 0 1 1 0 8a8 8 0 0 1 16 0zm-3.97-3.03a.75.75 0 0 0-1.08.022L7.477 9.417 5.384 7.323a.75.75 0 0 0-1.06 1.06L6.97 11.03a.75.75 0 0 0 1.079-.02l3.992-4.99a.75.75 0 0 0-.01-1.05z\"\/><\/svg>') no-repeat left 5px;\r\n            padding-left: 25px;\r\n            margin-bottom: 10px;\r\n        }\r\n        \r\n        p, li {\r\n            font-size: 1.1rem;\r\n        }\r\n\r\n        \/* --- Header y Hero Section --- *\/\r\n        .hero {\r\n            background: linear-gradient(rgba(0, 0, 0, 0.7), rgba(0, 0, 0, 0.7)), url(https:\/\/images.unsplash.com\/photo-1471115853179-bb1d604434e0?q=80&w=1964&auto=format&fit=crop) center center\/cover no-repeat;\r\n            color: var(--white-color);\r\n            text-align: center;\r\n            padding: 80px 20px;\r\n        }\r\n\r\n        .hero h1 {\r\n            margin-bottom: 10px;\r\n        }\r\n\r\n        .hero p {\r\n            font-size: 1.2rem;\r\n            margin-bottom: 30px;\r\n        }\r\n\r\n        \/* --- Contador --- *\/\r\n        #countdown {\r\n            display: flex;\r\n            justify-content: center;\r\n            gap: 20px;\r\n            margin: 40px 0;\r\n        }\r\n\r\n        .countdown-item {\r\n            background: rgba(0, 0, 0, 0.5);\r\n            padding: 20px;\r\n            border-radius: 8px;\r\n            min-width: 100px;\r\n        }\r\n\r\n        .countdown-item span {\r\n            display: block;\r\n            font-size: 2.5rem;\r\n            font-weight: 700;\r\n        }\r\n\r\n        .countdown-item .label {\r\n            font-family: 'Roboto', sans-serif;\r\n            font-size: 1rem;\r\n            text-transform: uppercase;\r\n            opacity: 0.8;\r\n        }\r\n\r\n        \/* --- Bot\u00f3n de Llamada a la Acci\u00f3n (CTA) --- *\/\r\n        .cta-button {\r\n            display: inline-block;\r\n            background-color: var(--accent-color);\r\n            color: var(--white-color);\r\n            padding: 15px 35px;\r\n            font-size: 1.2rem;\r\n            font-weight: 700;\r\n            text-decoration: none;\r\n            border-radius: 5px;\r\n            transition: background-color 0.3s, transform 0.3s;\r\n            text-transform: uppercase;\r\n        }\r\n\r\n        .cta-button:hover {\r\n            background-color: #d04a02;\r\n            transform: translateY(-3px);\r\n        }\r\n\r\n        \/* --- Secciones de Contenido --- *\/\r\n        .grid-2 {\r\n            display: grid;\r\n            grid-template-columns: repeat(2, 1fr);\r\n            gap: 40px;\r\n            align-items: center;\r\n        }\r\n        \r\n        .content-box {\r\n            background: var(--white-color);\r\n            padding: 30px;\r\n            border-radius: 8px;\r\n            box-shadow: 0 5px 15px rgba(0,0,0,0.1);\r\n        }\r\n\r\n        \/* --- Programa y Equipo --- *\/\r\n        .program-schedule {\r\n            background: var(--white-color);\r\n            padding: 40px;\r\n            border-radius: 8px;\r\n            box-shadow: 0 5px 15px rgba(0,0,0,0.1);\r\n        }\r\n\r\n        .program-schedule ul {\r\n            padding-left: 20px;\r\n        }\r\n\r\n        .equipment-list ul {\r\n            padding-left: 20px;\r\n        }\r\n        \r\n        .equipment-list ul ul {\r\n            margin-top: 10px;\r\n            margin-left: 20px;\r\n        }\r\n\r\n        \/* --- FAQ (Preguntas Frecuentes) --- *\/\r\n        .faq details {\r\n            background: var(--white-color);\r\n            margin-bottom: 10px;\r\n            border-radius: 5px;\r\n            border: 1px solid #ddd;\r\n            padding: 15px;\r\n        }\r\n\r\n        .faq summary {\r\n            font-weight: 700;\r\n            cursor: pointer;\r\n            list-style: none; \/* Oculta el marcador por defecto *\/\r\n            font-size: 1.2rem;\r\n        }\r\n        \r\n        .faq summary::-webkit-details-marker {\r\n            display: none; \/* Para Chrome\/Safari *\/\r\n        }\r\n\r\n        .faq summary::after {\r\n            content: '+'; \/* Indicador visual *\/\r\n            float: right;\r\n            font-size: 1.5rem;\r\n            line-height: 1;\r\n        }\r\n\r\n        .faq details[open] summary::after {\r\n            content: '\u2212';\r\n        }\r\n\r\n        .faq details p {\r\n            margin-top: 15px;\r\n        }\r\n        \r\n        \/* --- Secci\u00f3n CTA Final --- *\/\r\n        .final-cta {\r\n            background-color: var(--secondary-color);\r\n            color: var(--white-color);\r\n            text-align: center;\r\n        }\r\n        \r\n        .final-cta h2 {\r\n            color: var(--white-color);\r\n        }\r\n\r\n        \/* --- Footer --- *\/\r\n        footer {\r\n            background-color: var(--primary-color);\r\n            color: var(--white-color);\r\n            text-align: center;\r\n            padding: 20px;\r\n        }\r\n\r\n        \/* --- Responsive Design --- *\/\r\n        @media (max-width: 768px) {\r\n            h1 { font-size: 2.2rem; }\r\n            h2 { font-size: 2rem; }\r\n            \r\n            .hero { padding: 60px 20px; }\r\n\r\n            #countdown {\r\n                flex-wrap: wrap;\r\n                gap: 10px;\r\n            }\r\n\r\n            .countdown-item {\r\n                padding: 15px;\r\n                min-width: 80px;\r\n            }\r\n\r\n            .countdown-item span {\r\n                font-size: 1.8rem;\r\n            }\r\n            \r\n            .grid-2 {\r\n                grid-template-columns: 1fr;\r\n            }\r\n            \r\n            section {\r\n                padding: 40px 0;\r\n            }\r\n        }\r\n    <\/style>\r\n<\/head>\r\n<body>\r\n\r\n    <!-- ============================================ -->\r\n    <!-- HERO Y PRIMER CTA -->\r\n    <!-- ============================================ -->\r\n    <header class=\"hero\">\r\n        <div class=\"container\">\r\n            <p>FerreHogar.es y el Centro Destreza y Vida en el Medio Natural presentan:<\/p>\r\n            <h1>Kit 72 Horas: Experiencia Real de Preparacionismo<\/h1>\r\n            <p><strong>13 y 14 junio 2026 | Fortuna, Murcia<\/strong><\/p>\r\n            \r\n            <a href=\"https:\/\/docs.google.com\/forms\/d\/e\/1FAIpQLSc_OVp_WSE0FQUbCFTb4CQVFNoBXpZ7hF-eHNALvOrlk9eSUw\/viewform?usp=publish-editor\" target=\"_blank\" class=\"cta-button\">\u00a1\u00danete GRATIS*! \u00a1Plazas limitadas!<\/a>\r\n\r\n            <div id=\"countdown\">\r\n                <div class=\"countdown-item\">\r\n                    <span id=\"days\">00<\/span>\r\n                    <div class=\"label\">D\u00edas<\/div>\r\n                <\/div>\r\n                <div class=\"countdown-item\">\r\n                    <span id=\"hours\">00<\/span>\r\n                    <div class=\"label\">Horas<\/div>\r\n                <\/div>\r\n                <div class=\"countdown-item\">\r\n                    <span id=\"minutes\">00<\/span>\r\n                    <div class=\"label\">Minutos<\/div>\r\n                <\/div>\r\n                <div class=\"countdown-item\">\r\n                    <span id=\"seconds\">00<\/span>\r\n                    <div class=\"label\">Segundos<\/div>\r\n                <\/div>\r\n            <\/div>\r\n            <small>*La asistencia no tiene coste. Inscripci\u00f3n previa obligatoria.<\/small>\r\n        <\/div>\r\n    <\/header>\r\n\r\n    <main>\r\n        <!-- ============================================ -->\r\n        <!-- INTRODUCCI\u00d3N Y POR QU\u00c9 PARTICIPAR -->\r\n        <!-- ============================================ -->\r\n        <section id=\"intro\">\r\n            <div class=\"container grid-2\">\r\n                <div>\r\n                    <h2>Pon a Prueba tu Capacitaci\u00f3n<\/h2>\r\n                    <p>\u00bfEst\u00e1s listo para poner a prueba tu preparaci\u00f3n ante una emergencia? Te invitamos al <strong>Kit 72 Horas<\/strong>, un evento de autosuficiencia y supervivencia que desafiar\u00e1 tus habilidades en un entorno natural controlado.<\/p>\r\n                    <p>Del 13 al 14 junio de 2026, en la emblem\u00e1tica finca El Alto de la Chuleta (Fortuna, Murcia), te enfrentar\u00e1s a una simulaci\u00f3n de emergencia de 24 horas donde deber\u00e1s ser autosuficiente con tu propio equipo.<\/p>\r\n                <\/div>\r\n                <div>\r\n                <\/div>\r\n            <\/div>\r\n        <\/section>\r\n\r\n        <section id=\"why\" style=\"background-color: #e9ecef;\">\r\n            <div class=\"container\">\r\n                <h2 style=\"text-align:center;\">\u00bfPor qu\u00e9 participar?<\/h2>\r\n                 <p style=\"text-align:center; max-width: 800px; margin: 0 auto 30px auto;\">La Comisi\u00f3n Europea, en marzo de 2024, present\u00f3 su Estrategia de Preparaci\u00f3n de la Uni\u00f3n, un plan con m\u00e1s de 30 acciones clave para integrar la filosof\u00eda de \u201cpreparaci\u00f3n por dise\u00f1o\u201d en todas las pol\u00edticas comunitarias. Entre ellas destacan:\r\n\r\nLa creaci\u00f3n de un centro de crisis europeo para coordinar agencias y organismos.\r\n\r\nLa definici\u00f3n de criterios m\u00ednimos de preparaci\u00f3n para servicios esenciales.\r\n\r\nLa realizaci\u00f3n de simulacros peri\u00f3dicos de emergencia en toda la Uni\u00f3n.\r\n\r\nLa incorporaci\u00f3n en el sistema educativo de conceptos sobre c\u00f3mo afrontar y superar crisis.\r\n\r\nDe forma paralela, el Libro Blanco de la UE sobre defensa europea subray\u00f3 la importancia de combinar capacidades militares con el fortalecimiento de la resiliencia colectiva.\r\n\r\nNuestro Evento Kit 72 Horas se inspira en esta misma filosof\u00eda: una simulaci\u00f3n real de 24 horas en la que ser\u00e1s autosuficiente con tu propio kit de emergencia. El objetivo es que eval\u00faes tu mochila, identifiques carencias y fortalezas, y salgas con un plan de mejora personalizado.\r\n\r\nM\u00e1s all\u00e1 de la pr\u00e1ctica individual, esta experiencia conecta con la visi\u00f3n europea de resiliencia: prepararse hoy para protegerse ma\u00f1ana.<\/p>\r\n                 <div class=\"grid-2\">\r\n                    <div class=\"content-box\">\r\n                        <h3>Evaluar y Mejorar<\/h3>\r\n                        <p>Analiza tu kit de emergencia personal, identifica errores comunes y aprende t\u00e9cnicas clave para situaciones cr\u00edticas.<\/p>\r\n                    <\/div>\r\n                     <div class=\"content-box\">\r\n                        <h3>Conectar y Aprender<\/h3>\r\n                        <p>Conecta con personas con tus mismos intereses. Ideal tanto para principiantes curiosos como para expertos en preparacionismo.<\/p>\r\n                    <\/div>\r\n                 <\/div>\r\n                 <p style=\"text-align:center; margin-top: 30px;\">Demuestra que est\u00e1s preparado para lo inesperado con un kit de emergencia de 72 horas recomendado por la UE en un entorno natural \u00fanico.<\/p>\r\n            <\/div>\r\n        <\/section>\r\n        \r\n        <!-- ============================================ -->\r\n        <!-- OBJETIVOS CLAVE -->\r\n        <!-- ============================================ -->\r\n        <section id=\"objectives\">\r\n            <div class=\"container\">\r\n                <h2>Objetivos Clave del Evento<\/h2>\r\n                <ol style=\"list-style-type: decimal; padding-left: 30px;\">\r\n                    <li><strong>Inmersi\u00f3n en Escenario de Emergencia:<\/strong> Presentaci\u00f3n el 13 de junio a las 16:30 en el Centro Social Las Casicas (Fortuna, Murcia) con tu kit. Marcha de 4 km (ida y vuelta) por asfalto y senderos hasta el campamento en \u00abEl Alto de la Chuleta\u00bb bajo supervisi\u00f3n experta.<\/li>\r\n                    <li><strong>Comprobar Efectividad del Kit:<\/strong> Realizar\u00e1s pruebas de campo (refugios, fuego, agua, cocina) para verificar si tu mochila proporciona alimentaci\u00f3n, hidrataci\u00f3n y abrigo suficientes, identificando limitaciones.<\/li>\r\n                    <li><strong>Desarrollar Habilidades de Supervivencia:<\/strong> Enfoque 100% vivencial con talleres pr\u00e1cticos detallados a continuaci\u00f3n.<\/li>\r\n                    <li><strong>Fomentar Autoan\u00e1lisis y Mejora:<\/strong> Evaluar\u00e1s ergonom\u00eda, peso y accesibilidad de tu equipo bajo marcha y fatiga real. Descubrir\u00e1s qu\u00e9 sobraba, faltaba y c\u00f3mo optimizar la carga.<\/li>\r\n                    <li><strong>Crear Comunidad de Aprendizaje:<\/strong> Intercambio de experiencias entre participantes de todos los niveles. Comparte trucos, soluciones y recomendaciones, ampliando tu red.<\/li>\r\n                    <li><strong>Cumplir Est\u00e1ndar Europeo y Reforzar Resiliencia:<\/strong> Adquirir\u00e1s seguridad y autonom\u00eda para actuar con eficacia seg\u00fan la Preparedness Union Strategy.<\/li>\r\n                <\/ol>\r\n                <p style=\"margin-top:20px; font-weight:bold; text-align: center; font-size: 1.2rem;\">Al cerrar esta experiencia, saldr\u00e1s con un plan de mejora personalizado. \u00a1Transforma tu preparaci\u00f3n en protecci\u00f3n real!<\/p>\r\n            <\/div>\r\n        <\/section>\r\n\r\n        <!-- ============================================ -->\r\n        <!-- TALLERES PR\u00c1CTICOS -->\r\n        <!-- ============================================ -->\r\n        <section id=\"workshops\" style=\"background-color: #e9ecef;\">\r\n            <div class=\"container\">\r\n                <h2>Desarrollar\u00e1s Habilidades Pr\u00e1cticas en Nuestros Talleres<\/h2>\r\n                <div class=\"grid-2\">\r\n                    <div>\r\n                        <ul>\r\n                            <li><strong>Vivac y Refugio:<\/strong> Selecci\u00f3n de emplazamiento, uso de tarp, lonas o tienda de campa\u00f1a.<\/li>\r\n                            <li><strong>Fuego y Cocina Port\u00e1til:<\/strong> Diferentes hornillos para raciones de emergencia.<\/li>\r\n                            <li><strong>Purificaci\u00f3n de Agua:<\/strong> Filtros, ebullici\u00f3n y tabletas potabilizadoras.<\/li>\r\n                        <\/ul>\r\n                    <\/div>\r\n                    <div>\r\n                        <ul>\r\n                            <li><strong>Comunicaci\u00f3n y Se\u00f1alizaci\u00f3n:<\/strong> Uso de radio a pilas, silbatos y se\u00f1ales luminosas.<\/li>\r\n                            <li><strong>Gesti\u00f3n del Estr\u00e9s y Resiliencia:<\/strong> Simulaciones de presi\u00f3n moderada.<\/li>\r\n                            <li><strong>Mochila de 72 Horas \/ EDC:<\/strong> Preparaci\u00f3n y elementos esenciales.<\/li>\r\n                        <\/ul>\r\n                    <\/div>\r\n                <\/div>\r\n            <\/div>\r\n        <\/section>\r\n\r\n        <!-- ============================================ -->\r\n        <!-- PROGRAMA DEL EVENTO -->\r\n        <!-- ============================================ -->\r\n        <section id=\"schedule\">\r\n            <div class=\"container\">\r\n                <h2>Contenido del Programa<\/h2>\r\n                <div class=\"program-schedule\">\r\n                    <h3>S\u00e1bado, 13 de junio<\/h3>\r\n                    <ul>\r\n                        <li><strong>16:30 \u2013 17:00:<\/strong> Recepci\u00f3n en el Centro Social Las Casicas \/ Fortuna-Murcia. Desplazamiento con mochila (\u00abrucking\u00bb) hasta la zona de pr\u00e1cticas. Objetivo: Aprender progresi\u00f3n en terreno variado.<\/li>\r\n                        <li><strong>Taller:<\/strong> Montaje de refugio (Ponente: Manuel Hern\u00e1ndez Aliaga).<\/li>\r\n                        <li><strong>Taller:<\/strong> Cuchiller\u00eda y legislaci\u00f3n (Ponente: Fernando Maestre).<\/li>\r\n                        <li><strong>Taller:<\/strong> Psicolog\u00eda en crisis (Ponente: Gabriel Hern\u00e1ndez Guillamon).<\/li>\r\n                        <li><strong>Actividad:<\/strong> Observaci\u00f3n de estrellas (Ponente: Julian Holgu\u00edn).<\/li>\r\n                    <\/ul>\r\n                    <h3 style=\"margin-top: 30px;\">Domingo, 14 de junio <\/h3>\r\n                    <ul>\r\n                        <li><strong>9:00 \u2013 10:00:<\/strong> Mochila de 72 horas y planes de evacuaci\u00f3n (Ponente: Manuel Hern\u00e1ndez).<\/li>\r\n                        <li><strong>10:00 \u2013 11:00:<\/strong> EDC (Everyday Carry) (Ponente: Fernando Maestre).<\/li>\r\n                        <li><strong>11:00 \u2013 12:00:<\/strong> Potabilizaci\u00f3n de agua y comida de emergencia (Ponente: Jorge de FerreHogar).<\/li>\r\n                        <li><strong>12:00 \u2013 13:00:<\/strong> Comunicaci\u00f3n en emergencias (Ponente: Julian Holgu\u00edn).<\/li>\r\n                        <li><strong>Actividad:<\/strong> Desplazamiento de retorno al Centro Social Las Casicas.<\/li>\r\n                        <li><strong>17:00:<\/strong> Acto de Clausura: Reflexiones finales, entrega de certificados de participaci\u00f3n.<\/li>\r\n                    <\/ul>\r\n                    <p style=\"margin-top:20px; font-style: italic; text-align: center;\">Aclaraci\u00f3n: El temario puede verse modificado por la fluidez del grupo y para adaptarse a las condiciones climatol\u00f3gicas.<\/p>\r\n                <\/div>\r\n            <\/div>\r\n        <\/section>\r\n\r\n        <!-- ============================================ -->\r\n        <!-- EQUIPO NECESARIO -->\r\n        <!-- ============================================ -->\r\n        <section id=\"equipment\" style=\"background-color: #e9ecef;\">\r\n            <div class=\"container equipment-list\">\r\n                <h2>Equipo Necesario<\/h2>\r\n                <div class=\"grid-2\">\r\n                    <div>\r\n                        <h3>Equipamiento B\u00e1sico (Obligatorio seg\u00fan UE)<\/h3>\r\n                        <ul>\r\n                            <li>Mochila adecuada<\/li>\r\n                            <li>Agua (m\u00edn. 3 L)<\/li>\r\n                            <li>Alimentos no perecederos<\/li>\r\n                            <li>Radio a pilas o dinamo<\/li>\r\n                            <li>Linterna con pilas de repuesto<\/li>\r\n                            <li>Bater\u00eda extra para m\u00f3vil (Power bank)<\/li>\r\n                            <li>Hornillo port\u00e1til y combustible<\/li>\r\n                            <li>Cerillas y\/o mechero<\/li>\r\n                            <li>Dinero en efectivo<\/li>\r\n                            <li>Medicamentos y pastillas potabilizadoras<\/li>\r\n                            <li>Botiqu\u00edn de primeros auxilios<\/li>\r\n                            <li>Cinta adhesiva<\/li>\r\n                            <li>Art\u00edculos de higiene (papel higi\u00e9nico biodegradable, etc.)<\/li>\r\n                        <\/ul>\r\n                    <\/div>\r\n                    <div>\r\n                        <h3>Elementos Obligatorios (Simulaci\u00f3n Exterior)<\/h3>\r\n                        <ul>\r\n                            <li><strong>Refugio y descanso:<\/strong>\r\n                                <ul><li>Tarp, lona, tienda o funda de vivac<\/li><li>Saco de dormir y aislante<\/li><\/ul>\r\n                            <\/li>\r\n                            <li><strong>Otros:<\/strong>\r\n                                <ul><li>Silbato y manta t\u00e9rmica<\/li><\/ul>\r\n                            <\/li>\r\n                            <li><strong>Menaje de cocina:<\/strong>\r\n                                <ul><li>Cazo\/olla, taza, cubiertos, medidor<\/li><\/ul>\r\n                            <\/li>\r\n                             <li><strong>Herramientas y Ropa:<\/strong>\r\n                                <ul><li>Pala plegable, navaja multiusos<\/li><li>Pantal\u00f3n y camiseta de manga larga<\/li><li>Gorra, gafas de sol, protector solar<\/li><li>Br\u00fajula y bolsa de basura resistente<\/li><\/ul>\r\n                            <\/li>\r\n                        <\/ul>\r\n                        <h3 style=\"margin-top: 20px;\">Opcionales (Muy Recomendados)<\/h3>\r\n                         <ul>\r\n                             <li>Silla plegable o taburete<\/li>\r\n                             <li>Panel solar port\u00e1til<\/li>\r\n                             <li>Luces qu\u00edmicas (glow sticks)<\/li>\r\n                             <li>Gadgets de supervivencia<\/li>\r\n                         <\/ul>\r\n                    <\/div>\r\n                <\/div>\r\n            <\/div>\r\n        <\/section>\r\n\r\n        <!-- ============================================ -->\r\n        <!-- PREGUNTAS FRECUENTES (FAQ) -->\r\n        <!-- ============================================ -->\r\n        <section id=\"faq\" class=\"faq\">\r\n            <div class=\"container\">\r\n                <h2>Preguntas Frecuentes<\/h2>\r\n                <details>\r\n                    <summary>\u00bfNo he comprado en FerreHogar.es? \u00bfMe puedo apuntar?<\/summary>\r\n                    <p>S\u00ed; solo tienes que realizar un pedido de material que seguro te faltara para completar tu mochila o algo que seguro has visto en FerreHogar.es. Con la compra no hay importe m\u00ednimo y podr\u00e1s participar gratuitamente en el evento.<\/p>\r\n                <\/details>\r\n                <details>\r\n                    <summary>\u00bfD\u00f3nde es?<\/summary>\r\n                    <p>El punto de encuentro es el <strong>Centro Social Las Casicas en Fortuna, Murcia.<\/strong> Desde all\u00ed partiremos hacia la zona de pr\u00e1cticas (ida y vuelta aprox. 8 km). Puedes encontrar las ubicaciones aqu\u00ed: <a href=\"https:\/\/maps.app.goo.gl\/zJbw3fdpmbLyh5fw5\" target=\"_blank\">Ubicaci\u00f3n Google Maps<\/a> y zona de aparcamiento.<\/p>\r\n                <\/details>\r\n                <details>\r\n                    <summary>\u00bfQu\u00e9 debo llevar?<\/summary>\r\n                    <p>Tu mochila de 72 horas con el equipo necesario detallado arriba. Ropa y calzado de monta\u00f1a adecuados al verano (ropa ligera pero cubriente, gorra, calzado cerrado). Se aconsejan gafas de sol y bastones de senderismo. Recuerda, debes portear tu propio equipo.<\/p>\r\n                <\/details>\r\n                <details>\r\n                    <summary>\u00bfQu\u00e9 condiciones f\u00edsicas se requieren?<\/summary>\r\n                    <p>Estar en condiciones de realizar dos trekkings de 4 km y participar activamente. Se requiere buena actitud y disposici\u00f3n para esforzarse y adaptarse.<\/p>\r\n                <\/details>\r\n                <details>\r\n                    <summary>\u00bfDebo tener experiencia previa?<\/summary>\r\n                    <p>No necesariamente. Si no la tienes, experimentar\u00e1s lo exigente de una emergencia real. Si tienes experiencia, pondr\u00e1s a prueba tus conocimientos y podr\u00e1s mejorar.<\/p>\r\n                <\/details>\r\n                 <details>\r\n                    <summary>\u00bfQu\u00e9 incluye el evento?<\/summary>\r\n                    <p>La participaci\u00f3n y la gu\u00eda de los instructores. Cada participante necesita llevar su equipo personal.<\/p>\r\n                <\/details>\r\n                 <details>\r\n                    <summary>\u00bfEs gratuito?<\/summary>\r\n                    <p>S\u00ed. La asistencia no tiene coste. Plazas limitadas, inscripci\u00f3n previa obligatoria.<\/p>\r\n                <\/details>\r\n                 <details>\r\n                    <summary>\u00bfPueden asistir ni\u00f1os, familias o mascotas?<\/summary>\r\n                    <p>El evento est\u00e1 dise\u00f1ado principalmente para adultos a partir de 18 a\u00f1os. No se permite la asistencia con mascotas.<\/p>\r\n                <\/details>\r\n            <\/div>\r\n        <\/section>\r\n        \r\n        <!-- ============================================ -->\r\n        <!-- CTA FINAL -->\r\n        <!-- ============================================ -->\r\n        <section class=\"final-cta\">\r\n            <div class=\"container\">\r\n                <h2>\u00bfEst\u00e1s listo para el desaf\u00edo?<\/h2>\r\n                <p>Las plazas son limitadas. No dejes pasar la oportunidad de transformar tu preparaci\u00f3n en verdadera protecci\u00f3n.<\/p>\r\n                <br>\r\n                <a href=\"https:\/\/docs.google.com\/forms\/d\/e\/1FAIpQLSc_OVp_WSE0FQUbCFTb4CQVFNoBXpZ7hF-eHNALvOrlk9eSUw\/viewform?usp=publish-editor\" target=\"_blank\" class=\"cta-button\">\u00a1Reserva tu Plaza AHORA!<\/a>\r\n            <\/div>\r\n        <\/section>\r\n\r\n    <\/main>\r\n    \r\n    <!-- ============================================ -->\r\n    <!-- FOOTER -->\r\n    <!-- ============================================ -->\r\n    <footer>\r\n        <div class=\"container\">\r\n            <p>\u00a9 2025 Kit 72 Horas. Una iniciativa de FerreHogar.es y el Centro Destreza y Vida en el Medio Natural.<\/p>\r\n        <\/div>\r\n    <\/footer>\r\n\r\n    <!-- ============================================ -->\r\n    <!-- SCRIPT DEL CONTADOR -->\r\n    <!-- ============================================ -->\r\n    <script>\r\n        \/\/ Fecha y hora del evento\r\n        const countDownDate = new Date(\"junio 13, 2026 16:30:00\").getTime();\r\n\r\n        const countdownFunction = setInterval(() => {\r\n            \/\/ Fecha y hora actual\r\n            const now = new Date().getTime();\r\n            \/\/ Diferencia entre la fecha del evento y la actual\r\n            const distance = countDownDate - now;\r\n\r\n            \/\/ C\u00e1lculos para d\u00edas, horas, minutos y segundos\r\n            const days = Math.floor(distance \/ (1000 * 60 * 60 * 24));\r\n            const hours = Math.floor((distance % (1000 * 60 * 60 * 24)) \/ (1000 * 60 * 60));\r\n            const minutes = Math.floor((distance % (1000 * 60 * 60)) \/ (1000 * 60));\r\n            const seconds = Math.floor((distance % (1000 * 60)) \/ 1000);\r\n\r\n            \/\/ Mostrar el resultado en los elementos correspondientes\r\n            document.getElementById(\"days\").innerText = days.toString().padStart(2, '0');\r\n            document.getElementById(\"hours\").innerText = hours.toString().padStart(2, '0');\r\n            document.getElementById(\"minutes\").innerText = minutes.toString().padStart(2, '0');\r\n            document.getElementById(\"seconds\").innerText = seconds.toString().padStart(2, '0');\r\n\r\n            \/\/ Si el contador llega a cero\r\n            if (distance < 0) {\r\n                clearInterval(countdownFunction);\r\n                document.getElementById(\"countdown\").innerHTML = \"<div style='font-size:1.5rem; font-weight:bold;'>\u00a1El evento ha comenzado!<\/div>\";\r\n            }\r\n        }, 1000);\r\n    <\/script>\r\n\r\n<\/body>\r\n<\/html>\t\t\t\t<\/div>\n\t\t\t\t<\/div>\n\t\t\t\t\t<\/div>\n\t\t<\/div>\n\t\t\t\t\t<\/div>\n\t\t<\/section>\n\t\t\t\t<section class=\"elementor-section elementor-top-section elementor-element elementor-element-207eaeb elementor-section-boxed elementor-section-height-default elementor-section-height-default\" data-id=\"207eaeb\" data-element_type=\"section\" data-e-type=\"section\">\n\t\t\t\t\t\t<div class=\"elementor-container elementor-column-gap-default\">\n\t\t\t\t\t<div class=\"elementor-column elementor-col-50 elementor-top-column elementor-element elementor-element-1a6e0a2\" data-id=\"1a6e0a2\" data-element_type=\"column\" data-e-type=\"column\">\n\t\t\t<div class=\"elementor-widget-wrap elementor-element-populated\">\n\t\t\t\t\t\t<div class=\"elementor-element elementor-element-d5354bf elementor-widget elementor-widget-video\" data-id=\"d5354bf\" data-element_type=\"widget\" data-e-type=\"widget\" data-settings=\"{&quot;youtube_url&quot;:&quot;https:\\\/\\\/www.youtube.com\\\/watch?v=BQsDc5LHTyE&amp;t=2s&quot;,&quot;video_type&quot;:&quot;youtube&quot;,&quot;controls&quot;:&quot;yes&quot;}\" data-widget_type=\"video.default\">\n\t\t\t\t<div class=\"elementor-widget-container\">\n\t\t\t\t\t\t\t<div class=\"elementor-wrapper elementor-open-inline\">\n\t\t\t<div class=\"elementor-video\"><\/div>\t\t<\/div>\n\t\t\t\t\t\t<\/div>\n\t\t\t\t<\/div>\n\t\t\t\t\t<\/div>\n\t\t<\/div>\n\t\t\t\t<div class=\"elementor-column elementor-col-50 elementor-top-column elementor-element elementor-element-6115365\" data-id=\"6115365\" data-element_type=\"column\" data-e-type=\"column\">\n\t\t\t<div class=\"elementor-widget-wrap elementor-element-populated\">\n\t\t\t\t\t\t<div class=\"elementor-element elementor-element-9bcaffb elementor-widget elementor-widget-video\" data-id=\"9bcaffb\" data-element_type=\"widget\" data-e-type=\"widget\" data-settings=\"{&quot;youtube_url&quot;:&quot;https:\\\/\\\/www.youtube.com\\\/watch?v=671FKT532sU&amp;t=37s&quot;,&quot;video_type&quot;:&quot;youtube&quot;,&quot;controls&quot;:&quot;yes&quot;}\" data-widget_type=\"video.default\">\n\t\t\t\t<div class=\"elementor-widget-container\">\n\t\t\t\t\t\t\t<div class=\"elementor-wrapper elementor-open-inline\">\n\t\t\t<div class=\"elementor-video\"><\/div>\t\t<\/div>\n\t\t\t\t\t\t<\/div>\n\t\t\t\t<\/div>\n\t\t\t\t\t<\/div>\n\t\t<\/div>\n\t\t\t\t\t<\/div>\n\t\t<\/section>\n\t\t\t\t<section class=\"elementor-section elementor-top-section elementor-element elementor-element-333cecc elementor-section-boxed elementor-section-height-default elementor-section-height-default\" data-id=\"333cecc\" data-element_type=\"section\" data-e-type=\"section\">\n\t\t\t\t\t\t<div class=\"elementor-container elementor-column-gap-default\">\n\t\t\t\t\t<div class=\"elementor-column elementor-col-50 elementor-top-column elementor-element elementor-element-2d50cf0\" data-id=\"2d50cf0\" data-element_type=\"column\" data-e-type=\"column\">\n\t\t\t<div class=\"elementor-widget-wrap elementor-element-populated\">\n\t\t\t\t\t\t<div class=\"elementor-element elementor-element-3eeb802 elementor-widget elementor-widget-video\" data-id=\"3eeb802\" data-element_type=\"widget\" data-e-type=\"widget\" data-settings=\"{&quot;youtube_url&quot;:&quot;https:\\\/\\\/www.youtube.com\\\/watch?v=X3tV19NY-XQ&amp;t=6s&quot;,&quot;video_type&quot;:&quot;youtube&quot;,&quot;controls&quot;:&quot;yes&quot;}\" data-widget_type=\"video.default\">\n\t\t\t\t<div class=\"elementor-widget-container\">\n\t\t\t\t\t\t\t<div class=\"elementor-wrapper elementor-open-inline\">\n\t\t\t<div class=\"elementor-video\"><\/div>\t\t<\/div>\n\t\t\t\t\t\t<\/div>\n\t\t\t\t<\/div>\n\t\t\t\t\t<\/div>\n\t\t<\/div>\n\t\t\t\t<div class=\"elementor-column elementor-col-50 elementor-top-column elementor-element elementor-element-2168c95\" data-id=\"2168c95\" data-element_type=\"column\" data-e-type=\"column\">\n\t\t\t<div class=\"elementor-widget-wrap elementor-element-populated\">\n\t\t\t\t\t\t<div class=\"elementor-element elementor-element-6cf58a8 elementor-widget elementor-widget-video\" data-id=\"6cf58a8\" data-element_type=\"widget\" data-e-type=\"widget\" data-settings=\"{&quot;youtube_url&quot;:&quot;https:\\\/\\\/youtu.be\\\/-8KIvQoli4g?si=wmCphAGCY-2puzc9&quot;,&quot;video_type&quot;:&quot;youtube&quot;,&quot;controls&quot;:&quot;yes&quot;}\" data-widget_type=\"video.default\">\n\t\t\t\t<div class=\"elementor-widget-container\">\n\t\t\t\t\t\t\t<div class=\"elementor-wrapper elementor-open-inline\">\n\t\t\t<div class=\"elementor-video\"><\/div>\t\t<\/div>\n\t\t\t\t\t\t<\/div>\n\t\t\t\t<\/div>\n\t\t\t\t\t<\/div>\n\t\t<\/div>\n\t\t\t\t\t<\/div>\n\t\t<\/section>\n\t\t\t\t<section class=\"elementor-section elementor-top-section elementor-element elementor-element-f40f3a7 elementor-section-boxed elementor-section-height-default elementor-section-height-default\" data-id=\"f40f3a7\" data-element_type=\"section\" data-e-type=\"section\">\n\t\t\t\t\t\t<div class=\"elementor-container elementor-column-gap-default\">\n\t\t\t\t\t<div class=\"elementor-column elementor-col-50 elementor-top-column elementor-element elementor-element-2ea40b6\" data-id=\"2ea40b6\" data-element_type=\"column\" data-e-type=\"column\">\n\t\t\t<div class=\"elementor-widget-wrap elementor-element-populated\">\n\t\t\t\t\t\t<div class=\"elementor-element elementor-element-f739cd5 elementor-widget elementor-widget-video\" data-id=\"f739cd5\" data-element_type=\"widget\" data-e-type=\"widget\" data-settings=\"{&quot;youtube_url&quot;:&quot;https:\\\/\\\/www.youtube.com\\\/watch?v=lNFMvfSLCGo&quot;,&quot;video_type&quot;:&quot;youtube&quot;,&quot;controls&quot;:&quot;yes&quot;}\" data-widget_type=\"video.default\">\n\t\t\t\t<div class=\"elementor-widget-container\">\n\t\t\t\t\t\t\t<div class=\"elementor-wrapper elementor-open-inline\">\n\t\t\t<div class=\"elementor-video\"><\/div>\t\t<\/div>\n\t\t\t\t\t\t<\/div>\n\t\t\t\t<\/div>\n\t\t\t\t\t<\/div>\n\t\t<\/div>\n\t\t\t\t<div class=\"elementor-column elementor-col-50 elementor-top-column elementor-element elementor-element-2769035\" data-id=\"2769035\" data-element_type=\"column\" data-e-type=\"column\">\n\t\t\t<div class=\"elementor-widget-wrap\">\n\t\t\t\t\t\t\t<\/div>\n\t\t<\/div>\n\t\t\t\t\t<\/div>\n\t\t<\/section>\n\t\t\t\t<\/div>\n\t\t","protected":false},"excerpt":{"rendered":"<p>Registro | Kit 72 Horas: Experiencia Real de Preparacionismo FerreHogar.es y el Centro Destreza y Vida en el Medio Natural presentan: Kit 72 Horas: Experiencia Real de Preparacionismo 13 y 14 junio 2026 | Fortuna, Murcia \u00a1\u00danete GRATIS*! \u00a1Plazas limitadas! 00 D\u00edas 00 Horas 00 Minutos 00 Segundos *La asistencia no tiene coste. Inscripci\u00f3n previa &hellip;<\/p>\n<p class=\"read-more\"> <a class=\"\" href=\"https:\/\/www.destrezasyvidaenelmedionatural.es\/index.php\/2025\/07\/09\/evento-de-preparacionismo-en-murcia-kit-72-horas-6-y-7-de-septiembre-experiencia-real-para-todos\/\"> <span class=\"screen-reader-text\">Murcia: Evento de Preparacionismo Kit 72h \u2013 13-14 junio 2026<\/span> Leer m\u00e1s &raquo;<\/a><\/p>\n","protected":false},"author":1,"featured_media":0,"comment_status":"open","ping_status":"open","sticky":true,"template":"","format":"standard","meta":{"episode_type":"","audio_file":"","cover_image":"","cover_image_id":"","duration":"","filesize":"","date_recorded":"","explicit":"","block":"","filesize_raw":"","footnotes":""},"categories":[1],"tags":[20,55,26],"class_list":["post-3747","post","type-post","status-publish","format-standard","hentry","category-sin-categoria","tag-consejosdesupervivencia","tag-curso-de-supervivencia","tag-supervivencia"],"yoast_head":"<!-- This site is optimized with the Yoast SEO plugin v23.8 - https:\/\/yoast.com\/wordpress\/plugins\/seo\/ -->\n<title>Murcia: Evento de Preparacionismo Kit 72h \u2013 13-14 junio 2026 - Destrezas y Vida en el Medio Natural<\/title>\n<meta name=\"description\" content=\"Reg\u00edstrate GRATIS para el Kit 72 Horas en Murcia 13 al 14 junio de 2026. Pon a prueba tus habilidades de supervivencia en una experiencia real de preparacionismo\" \/>\n<meta name=\"robots\" content=\"index, follow, max-snippet:-1, max-image-preview:large, max-video-preview:-1\" \/>\n<link rel=\"canonical\" href=\"https:\/\/www.destrezasyvidaenelmedionatural.es\/index.php\/2025\/07\/09\/evento-de-preparacionismo-en-murcia-kit-72-horas-6-y-7-de-septiembre-experiencia-real-para-todos\/\" \/>\n<meta property=\"og:locale\" content=\"es_ES\" \/>\n<meta property=\"og:type\" content=\"article\" \/>\n<meta property=\"og:title\" content=\"Murcia: Evento de Preparacionismo Kit 72h \u2013 13-14 junio 2026 - Destrezas y Vida en el Medio Natural\" \/>\n<meta property=\"og:description\" content=\"Reg\u00edstrate GRATIS para el Kit 72 Horas en Murcia 13 al 14 junio de 2026. Pon a prueba tus habilidades de supervivencia en una experiencia real de preparacionismo\" \/>\n<meta property=\"og:url\" content=\"https:\/\/www.destrezasyvidaenelmedionatural.es\/index.php\/2025\/07\/09\/evento-de-preparacionismo-en-murcia-kit-72-horas-6-y-7-de-septiembre-experiencia-real-para-todos\/\" \/>\n<meta property=\"og:site_name\" content=\"Destrezas y Vida en el Medio Natural\" \/>\n<meta property=\"article:publisher\" content=\"https:\/\/www.facebook.com\/Destrezas.y.Vida.en.el.Medio.Natural\" \/>\n<meta property=\"article:author\" content=\"https:\/\/www.facebook.com\/Destrezas.y.Vida.en.el.Medio.Natural\" \/>\n<meta property=\"article:published_time\" content=\"2025-07-09T08:10:05+00:00\" \/>\n<meta property=\"article:modified_time\" content=\"2025-12-14T11:02:55+00:00\" \/>\n<meta property=\"og:image\" content=\"https:\/\/www.destrezasyvidaenelmedionatural.es\/wp-content\/uploads\/2021\/08\/cropped-SIN-FONDO-PRUEBA1.png\" \/>\n\t<meta property=\"og:image:width\" content=\"351\" \/>\n\t<meta property=\"og:image:height\" content=\"349\" \/>\n\t<meta property=\"og:image:type\" content=\"image\/png\" \/>\n<meta name=\"author\" content=\"admin\" \/>\n<meta name=\"twitter:card\" content=\"summary_large_image\" \/>\n<meta name=\"twitter:creator\" content=\"@DestrezasyVida\" \/>\n<meta name=\"twitter:site\" content=\"@DestrezasyVida\" \/>\n<meta name=\"twitter:label1\" content=\"Escrito por\" \/>\n\t<meta name=\"twitter:data1\" content=\"admin\" \/>\n\t<meta name=\"twitter:label2\" content=\"Tiempo de lectura\" \/>\n\t<meta name=\"twitter:data2\" content=\"6 minutos\" \/>\n<script type=\"application\/ld+json\" class=\"yoast-schema-graph\">{\"@context\":\"https:\/\/schema.org\",\"@graph\":[{\"@type\":\"Article\",\"@id\":\"https:\/\/www.destrezasyvidaenelmedionatural.es\/index.php\/2025\/07\/09\/evento-de-preparacionismo-en-murcia-kit-72-horas-6-y-7-de-septiembre-experiencia-real-para-todos\/#article\",\"isPartOf\":{\"@id\":\"https:\/\/www.destrezasyvidaenelmedionatural.es\/index.php\/2025\/07\/09\/evento-de-preparacionismo-en-murcia-kit-72-horas-6-y-7-de-septiembre-experiencia-real-para-todos\/\"},\"author\":{\"name\":\"admin\",\"@id\":\"https:\/\/www.destrezasyvidaenelmedionatural.es\/#\/schema\/person\/05ac69635d864d75006df0853eb7afd3\"},\"headline\":\"Murcia: Evento de Preparacionismo Kit 72h \u2013 13-14 junio 2026\",\"datePublished\":\"2025-07-09T08:10:05+00:00\",\"dateModified\":\"2025-12-14T11:02:55+00:00\",\"mainEntityOfPage\":{\"@id\":\"https:\/\/www.destrezasyvidaenelmedionatural.es\/index.php\/2025\/07\/09\/evento-de-preparacionismo-en-murcia-kit-72-horas-6-y-7-de-septiembre-experiencia-real-para-todos\/\"},\"wordCount\":1321,\"commentCount\":8,\"publisher\":{\"@id\":\"https:\/\/www.destrezasyvidaenelmedionatural.es\/#\/schema\/person\/05ac69635d864d75006df0853eb7afd3\"},\"keywords\":[\"consejosdesupervivencia\",\"Curso de supervivencia\",\"Supervivencia\"],\"inLanguage\":\"es\",\"potentialAction\":[{\"@type\":\"CommentAction\",\"name\":\"Comment\",\"target\":[\"https:\/\/www.destrezasyvidaenelmedionatural.es\/index.php\/2025\/07\/09\/evento-de-preparacionismo-en-murcia-kit-72-horas-6-y-7-de-septiembre-experiencia-real-para-todos\/#respond\"]}]},{\"@type\":\"WebPage\",\"@id\":\"https:\/\/www.destrezasyvidaenelmedionatural.es\/index.php\/2025\/07\/09\/evento-de-preparacionismo-en-murcia-kit-72-horas-6-y-7-de-septiembre-experiencia-real-para-todos\/\",\"url\":\"https:\/\/www.destrezasyvidaenelmedionatural.es\/index.php\/2025\/07\/09\/evento-de-preparacionismo-en-murcia-kit-72-horas-6-y-7-de-septiembre-experiencia-real-para-todos\/\",\"name\":\"Murcia: Evento de Preparacionismo Kit 72h \u2013 13-14 junio 2026 - Destrezas y Vida en el Medio Natural\",\"isPartOf\":{\"@id\":\"https:\/\/www.destrezasyvidaenelmedionatural.es\/#website\"},\"datePublished\":\"2025-07-09T08:10:05+00:00\",\"dateModified\":\"2025-12-14T11:02:55+00:00\",\"description\":\"Reg\u00edstrate GRATIS para el Kit 72 Horas en Murcia 13 al 14 junio de 2026. Pon a prueba tus habilidades de supervivencia en una experiencia real de preparacionismo\",\"breadcrumb\":{\"@id\":\"https:\/\/www.destrezasyvidaenelmedionatural.es\/index.php\/2025\/07\/09\/evento-de-preparacionismo-en-murcia-kit-72-horas-6-y-7-de-septiembre-experiencia-real-para-todos\/#breadcrumb\"},\"inLanguage\":\"es\",\"potentialAction\":[{\"@type\":\"ReadAction\",\"target\":[\"https:\/\/www.destrezasyvidaenelmedionatural.es\/index.php\/2025\/07\/09\/evento-de-preparacionismo-en-murcia-kit-72-horas-6-y-7-de-septiembre-experiencia-real-para-todos\/\"]}]},{\"@type\":\"BreadcrumbList\",\"@id\":\"https:\/\/www.destrezasyvidaenelmedionatural.es\/index.php\/2025\/07\/09\/evento-de-preparacionismo-en-murcia-kit-72-horas-6-y-7-de-septiembre-experiencia-real-para-todos\/#breadcrumb\",\"itemListElement\":[{\"@type\":\"ListItem\",\"position\":1,\"name\":\"Portada\",\"item\":\"https:\/\/www.destrezasyvidaenelmedionatural.es\/\"},{\"@type\":\"ListItem\",\"position\":2,\"name\":\"Murcia: Evento de Preparacionismo Kit 72h \u2013 13-14 junio 2026\"}]},{\"@type\":\"WebSite\",\"@id\":\"https:\/\/www.destrezasyvidaenelmedionatural.es\/#website\",\"url\":\"https:\/\/www.destrezasyvidaenelmedionatural.es\/\",\"name\":\"Destrezas y Vida en el Medio Natural\",\"description\":\"El sitio web Destrezas y Vida en el Medio Natural es un recurso excelente para cualquiera que quiera aprender sobre la naturaleza y c\u00f3mo interactuar con ella de manera segura y respetuosa.\",\"publisher\":{\"@id\":\"https:\/\/www.destrezasyvidaenelmedionatural.es\/#\/schema\/person\/05ac69635d864d75006df0853eb7afd3\"},\"potentialAction\":[{\"@type\":\"SearchAction\",\"target\":{\"@type\":\"EntryPoint\",\"urlTemplate\":\"https:\/\/www.destrezasyvidaenelmedionatural.es\/?s={search_term_string}\"},\"query-input\":{\"@type\":\"PropertyValueSpecification\",\"valueRequired\":true,\"valueName\":\"search_term_string\"}}],\"inLanguage\":\"es\"},{\"@type\":[\"Person\",\"Organization\"],\"@id\":\"https:\/\/www.destrezasyvidaenelmedionatural.es\/#\/schema\/person\/05ac69635d864d75006df0853eb7afd3\",\"name\":\"admin\",\"image\":{\"@type\":\"ImageObject\",\"inLanguage\":\"es\",\"@id\":\"https:\/\/www.destrezasyvidaenelmedionatural.es\/#\/schema\/person\/image\/\",\"url\":\"https:\/\/www.destrezasyvidaenelmedionatural.es\/wp-content\/uploads\/2021\/08\/cropped-SIN-FONDO-PRUEBA1.png\",\"contentUrl\":\"https:\/\/www.destrezasyvidaenelmedionatural.es\/wp-content\/uploads\/2021\/08\/cropped-SIN-FONDO-PRUEBA1.png\",\"width\":351,\"height\":349,\"caption\":\"admin\"},\"logo\":{\"@id\":\"https:\/\/www.destrezasyvidaenelmedionatural.es\/#\/schema\/person\/image\/\"},\"sameAs\":[\"http:\/\/www.destrezasyvidaenelmedionatural.es\",\"https:\/\/www.facebook.com\/Destrezas.y.Vida.en.el.Medio.Natural\",\"https:\/\/www.instagram.com\/destrezasyvidamn\/\"],\"url\":\"https:\/\/www.destrezasyvidaenelmedionatural.es\/index.php\/author\/admin\/\"}]}<\/script>\n<!-- \/ Yoast SEO plugin. -->","yoast_head_json":{"title":"Murcia: Evento de Preparacionismo Kit 72h \u2013 13-14 junio 2026 - Destrezas y Vida en el Medio Natural","description":"Reg\u00edstrate GRATIS para el Kit 72 Horas en Murcia 13 al 14 junio de 2026. Pon a prueba tus habilidades de supervivencia en una experiencia real de preparacionismo","robots":{"index":"index","follow":"follow","max-snippet":"max-snippet:-1","max-image-preview":"max-image-preview:large","max-video-preview":"max-video-preview:-1"},"canonical":"https:\/\/www.destrezasyvidaenelmedionatural.es\/index.php\/2025\/07\/09\/evento-de-preparacionismo-en-murcia-kit-72-horas-6-y-7-de-septiembre-experiencia-real-para-todos\/","og_locale":"es_ES","og_type":"article","og_title":"Murcia: Evento de Preparacionismo Kit 72h \u2013 13-14 junio 2026 - Destrezas y Vida en el Medio Natural","og_description":"Reg\u00edstrate GRATIS para el Kit 72 Horas en Murcia 13 al 14 junio de 2026. Pon a prueba tus habilidades de supervivencia en una experiencia real de preparacionismo","og_url":"https:\/\/www.destrezasyvidaenelmedionatural.es\/index.php\/2025\/07\/09\/evento-de-preparacionismo-en-murcia-kit-72-horas-6-y-7-de-septiembre-experiencia-real-para-todos\/","og_site_name":"Destrezas y Vida en el Medio Natural","article_publisher":"https:\/\/www.facebook.com\/Destrezas.y.Vida.en.el.Medio.Natural","article_author":"https:\/\/www.facebook.com\/Destrezas.y.Vida.en.el.Medio.Natural","article_published_time":"2025-07-09T08:10:05+00:00","article_modified_time":"2025-12-14T11:02:55+00:00","og_image":[{"width":351,"height":349,"url":"https:\/\/www.destrezasyvidaenelmedionatural.es\/wp-content\/uploads\/2021\/08\/cropped-SIN-FONDO-PRUEBA1.png","type":"image\/png"}],"author":"admin","twitter_card":"summary_large_image","twitter_creator":"@DestrezasyVida","twitter_site":"@DestrezasyVida","twitter_misc":{"Escrito por":"admin","Tiempo de lectura":"6 minutos"},"schema":{"@context":"https:\/\/schema.org","@graph":[{"@type":"Article","@id":"https:\/\/www.destrezasyvidaenelmedionatural.es\/index.php\/2025\/07\/09\/evento-de-preparacionismo-en-murcia-kit-72-horas-6-y-7-de-septiembre-experiencia-real-para-todos\/#article","isPartOf":{"@id":"https:\/\/www.destrezasyvidaenelmedionatural.es\/index.php\/2025\/07\/09\/evento-de-preparacionismo-en-murcia-kit-72-horas-6-y-7-de-septiembre-experiencia-real-para-todos\/"},"author":{"name":"admin","@id":"https:\/\/www.destrezasyvidaenelmedionatural.es\/#\/schema\/person\/05ac69635d864d75006df0853eb7afd3"},"headline":"Murcia: Evento de Preparacionismo Kit 72h \u2013 13-14 junio 2026","datePublished":"2025-07-09T08:10:05+00:00","dateModified":"2025-12-14T11:02:55+00:00","mainEntityOfPage":{"@id":"https:\/\/www.destrezasyvidaenelmedionatural.es\/index.php\/2025\/07\/09\/evento-de-preparacionismo-en-murcia-kit-72-horas-6-y-7-de-septiembre-experiencia-real-para-todos\/"},"wordCount":1321,"commentCount":8,"publisher":{"@id":"https:\/\/www.destrezasyvidaenelmedionatural.es\/#\/schema\/person\/05ac69635d864d75006df0853eb7afd3"},"keywords":["consejosdesupervivencia","Curso de supervivencia","Supervivencia"],"inLanguage":"es","potentialAction":[{"@type":"CommentAction","name":"Comment","target":["https:\/\/www.destrezasyvidaenelmedionatural.es\/index.php\/2025\/07\/09\/evento-de-preparacionismo-en-murcia-kit-72-horas-6-y-7-de-septiembre-experiencia-real-para-todos\/#respond"]}]},{"@type":"WebPage","@id":"https:\/\/www.destrezasyvidaenelmedionatural.es\/index.php\/2025\/07\/09\/evento-de-preparacionismo-en-murcia-kit-72-horas-6-y-7-de-septiembre-experiencia-real-para-todos\/","url":"https:\/\/www.destrezasyvidaenelmedionatural.es\/index.php\/2025\/07\/09\/evento-de-preparacionismo-en-murcia-kit-72-horas-6-y-7-de-septiembre-experiencia-real-para-todos\/","name":"Murcia: Evento de Preparacionismo Kit 72h \u2013 13-14 junio 2026 - Destrezas y Vida en el Medio Natural","isPartOf":{"@id":"https:\/\/www.destrezasyvidaenelmedionatural.es\/#website"},"datePublished":"2025-07-09T08:10:05+00:00","dateModified":"2025-12-14T11:02:55+00:00","description":"Reg\u00edstrate GRATIS para el Kit 72 Horas en Murcia 13 al 14 junio de 2026. Pon a prueba tus habilidades de supervivencia en una experiencia real de preparacionismo","breadcrumb":{"@id":"https:\/\/www.destrezasyvidaenelmedionatural.es\/index.php\/2025\/07\/09\/evento-de-preparacionismo-en-murcia-kit-72-horas-6-y-7-de-septiembre-experiencia-real-para-todos\/#breadcrumb"},"inLanguage":"es","potentialAction":[{"@type":"ReadAction","target":["https:\/\/www.destrezasyvidaenelmedionatural.es\/index.php\/2025\/07\/09\/evento-de-preparacionismo-en-murcia-kit-72-horas-6-y-7-de-septiembre-experiencia-real-para-todos\/"]}]},{"@type":"BreadcrumbList","@id":"https:\/\/www.destrezasyvidaenelmedionatural.es\/index.php\/2025\/07\/09\/evento-de-preparacionismo-en-murcia-kit-72-horas-6-y-7-de-septiembre-experiencia-real-para-todos\/#breadcrumb","itemListElement":[{"@type":"ListItem","position":1,"name":"Portada","item":"https:\/\/www.destrezasyvidaenelmedionatural.es\/"},{"@type":"ListItem","position":2,"name":"Murcia: Evento de Preparacionismo Kit 72h \u2013 13-14 junio 2026"}]},{"@type":"WebSite","@id":"https:\/\/www.destrezasyvidaenelmedionatural.es\/#website","url":"https:\/\/www.destrezasyvidaenelmedionatural.es\/","name":"Destrezas y Vida en el Medio Natural","description":"El sitio web Destrezas y Vida en el Medio Natural es un recurso excelente para cualquiera que quiera aprender sobre la naturaleza y c\u00f3mo interactuar con ella de manera segura y respetuosa.","publisher":{"@id":"https:\/\/www.destrezasyvidaenelmedionatural.es\/#\/schema\/person\/05ac69635d864d75006df0853eb7afd3"},"potentialAction":[{"@type":"SearchAction","target":{"@type":"EntryPoint","urlTemplate":"https:\/\/www.destrezasyvidaenelmedionatural.es\/?s={search_term_string}"},"query-input":{"@type":"PropertyValueSpecification","valueRequired":true,"valueName":"search_term_string"}}],"inLanguage":"es"},{"@type":["Person","Organization"],"@id":"https:\/\/www.destrezasyvidaenelmedionatural.es\/#\/schema\/person\/05ac69635d864d75006df0853eb7afd3","name":"admin","image":{"@type":"ImageObject","inLanguage":"es","@id":"https:\/\/www.destrezasyvidaenelmedionatural.es\/#\/schema\/person\/image\/","url":"https:\/\/www.destrezasyvidaenelmedionatural.es\/wp-content\/uploads\/2021\/08\/cropped-SIN-FONDO-PRUEBA1.png","contentUrl":"https:\/\/www.destrezasyvidaenelmedionatural.es\/wp-content\/uploads\/2021\/08\/cropped-SIN-FONDO-PRUEBA1.png","width":351,"height":349,"caption":"admin"},"logo":{"@id":"https:\/\/www.destrezasyvidaenelmedionatural.es\/#\/schema\/person\/image\/"},"sameAs":["http:\/\/www.destrezasyvidaenelmedionatural.es","https:\/\/www.facebook.com\/Destrezas.y.Vida.en.el.Medio.Natural","https:\/\/www.instagram.com\/destrezasyvidamn\/"],"url":"https:\/\/www.destrezasyvidaenelmedionatural.es\/index.php\/author\/admin\/"}]}},"_links":{"self":[{"href":"https:\/\/www.destrezasyvidaenelmedionatural.es\/index.php\/wp-json\/wp\/v2\/posts\/3747","targetHints":{"allow":["GET"]}}],"collection":[{"href":"https:\/\/www.destrezasyvidaenelmedionatural.es\/index.php\/wp-json\/wp\/v2\/posts"}],"about":[{"href":"https:\/\/www.destrezasyvidaenelmedionatural.es\/index.php\/wp-json\/wp\/v2\/types\/post"}],"author":[{"embeddable":true,"href":"https:\/\/www.destrezasyvidaenelmedionatural.es\/index.php\/wp-json\/wp\/v2\/users\/1"}],"replies":[{"embeddable":true,"href":"https:\/\/www.destrezasyvidaenelmedionatural.es\/index.php\/wp-json\/wp\/v2\/comments?post=3747"}],"version-history":[{"count":36,"href":"https:\/\/www.destrezasyvidaenelmedionatural.es\/index.php\/wp-json\/wp\/v2\/posts\/3747\/revisions"}],"predecessor-version":[{"id":4552,"href":"https:\/\/www.destrezasyvidaenelmedionatural.es\/index.php\/wp-json\/wp\/v2\/posts\/3747\/revisions\/4552"}],"wp:attachment":[{"href":"https:\/\/www.destrezasyvidaenelmedionatural.es\/index.php\/wp-json\/wp\/v2\/media?parent=3747"}],"wp:term":[{"taxonomy":"category","embeddable":true,"href":"https:\/\/www.destrezasyvidaenelmedionatural.es\/index.php\/wp-json\/wp\/v2\/categories?post=3747"},{"taxonomy":"post_tag","embeddable":true,"href":"https:\/\/www.destrezasyvidaenelmedionatural.es\/index.php\/wp-json\/wp\/v2\/tags?post=3747"}],"curies":[{"name":"wp","href":"https:\/\/api.w.org\/{rel}","templated":true}]}}