{"id":3760,"date":"2025-07-10T16:35:33","date_gmt":"2025-07-10T16:35:33","guid":{"rendered":"https:\/\/www.destrezasyvidaenelmedionatural.es\/?p=3760"},"modified":"2025-08-21T15:12:23","modified_gmt":"2025-08-21T15:12:23","slug":"como-preparar-mochila-emergencia-72-horas","status":"publish","type":"post","link":"https:\/\/www.destrezasyvidaenelmedionatural.es\/index.php\/2025\/07\/10\/como-preparar-mochila-emergencia-72-horas\/","title":{"rendered":"Evento Preparacionismo Murcia: Qu\u00e9 Llevar en tu Mochila de 72h (Kit 72 Horas, Septiembre 2025)"},"content":{"rendered":"\n<!DOCTYPE html>\n<html lang=\"es\">\n<head>\n    <meta charset=\"UTF-8\">\n    <meta name=\"viewport\" content=\"width=device-width, initial-scale=1.0\">\n    <title>Construye tu Mochila de 72 Horas &#8211; FerreHogar.es<\/title>\n    <style>\n        body {\n            font-family: Arial, sans-serif;\n            margin: 0;\n            padding: 0;\n            background-color: #f4f4f9;\n            color: #333;\n        }\n\n        header {\n            background-color: #007BFF;\n            color: white;\n            text-align: center;\n            padding: 1rem;\n        }\n\n        header img {\n            max-width: 150px;\n            margin-bottom: 10px;\n        }\n\n        main {\n            padding: 1rem;\n        }\n\n        .categoria {\n            margin-bottom: 1rem;\n        }\n\n        .categoria h3 {\n            background-color: #e9ecef;\n            padding: 0.5rem;\n            border-radius: 5px;\n        }\n\n        ul {\n            list-style-type: none;\n            padding: 0;\n        }\n\n        li {\n            margin: 0.5rem 0;\n        }\n\n        #resumen {\n            background-color: #ffffff;\n            border: 1px solid #ddd;\n            padding: 1rem;\n            border-radius: 5px;\n            margin-top: 1rem;\n        }\n\n        footer {\n            text-align: center;\n            padding: 1rem;\n            background-color: #007BFF;\n            color: white;\n            position: fixed;\n            width: 100%;\n            bottom: 0;\n        }\n    <\/style>\n<\/head>\n<body>\n    <header>\n        <img decoding=\"async\" src=\"https:\/\/encrypted-tbn0.gstatic.com\/images?q=tbn:ANd9GcRTbTRr2N4vLX1ZhANaRfWB_spsLqb1ykO_Zg&#038;s\" alt=\"Logo FerreHogar.es\">\n        <img decoding=\"async\" src=\" https:\/\/www.destrezasyvidaenelmedionatural.es\/wp-content\/uploads\/2021\/08\/cropped-SIN-FONDO-PRUEBA1.png \" alt=\"Logo Destrezas y Vida en el Medio Natural\">\n        <h1>Destrezas y Vida en el Medio Natural<\/h1>\n        <p>Construye tu Mochila de 72 Horas<\/p>\n    <\/header>\n\n    <main>\n        <section id=\"categorias\">\n            <h2>Categor\u00edas de Elementos<\/h2>\n\n            <div class=\"categoria\">\n                <h3>Equipamiento B\u00e1sico (Obligatorio seg\u00fan UE)<\/h3>\n                <ul>\n                    <li><input type=\"checkbox\" value=\"Mochila adecuada\"> Mochila adecuada<\/li>\n                    <li><input type=\"checkbox\" value=\"Agua (m\u00edn. 3 L)\"> Agua (m\u00edn. 3 L)<\/li>\n                    <li><input type=\"checkbox\" value=\"Alimentos no perecederos\"> Alimentos no perecederos<\/li>\n                    <li><input type=\"checkbox\" value=\"Radio a pilas o dinamo\"> Radio a pilas o dinamo<\/li>\n                    <li><input type=\"checkbox\" value=\"Linterna con pilas de repuesto\"> Linterna con pilas de repuesto<\/li>\n                    <li><input type=\"checkbox\" value=\"Bater\u00eda extra para m\u00f3vil (Power bank)\"> Bater\u00eda extra para m\u00f3vil (Power bank)<\/li>\n                    <li><input type=\"checkbox\" value=\"Hornillo port\u00e1til y combustible\"> Hornillo port\u00e1til y combustible<\/li>\n                    <li><input type=\"checkbox\" value=\"Cerillas y\/o mechero\"> Cerillas y\/o mechero<\/li>\n                    <li><input type=\"checkbox\" value=\"Dinero en efectivo\"> Dinero en efectivo<\/li>\n                    <li><input type=\"checkbox\" value=\"Medicamentos y pastillas potabilizadoras\"> Medicamentos y pastillas potabilizadoras<\/li>\n                    <li><input type=\"checkbox\" value=\"Botiqu\u00edn de primeros auxilios\"> Botiqu\u00edn de primeros auxilios<\/li>\n                    <li><input type=\"checkbox\" value=\"Cinta adhesiva\"> Cinta adhesiva<\/li>\n                    <li><input type=\"checkbox\" value=\"Art\u00edculos de higiene (papel higi\u00e9nico biodegradable, etc.)\"> Art\u00edculos de higiene (papel higi\u00e9nico biodegradable, etc.)<\/li>\n                <\/ul>\n            <\/div>\n\n            <div class=\"categoria\">\n                <h3>Refugio y Descanso<\/h3>\n                <ul>\n                    <li><input type=\"checkbox\" value=\"Tarp, lona, tienda o funda de vivac\"> Tarp, lona, tienda o funda de vivac<\/li>\n                    <li><input type=\"checkbox\" value=\"Saco de dormir y aislante\"> Saco de dormir y aislante<\/li>\n                <\/ul>\n            <\/div>\n\n            <div class=\"categoria\">\n                <h3>Otros<\/h3>\n                <ul>\n                    <li><input type=\"checkbox\" value=\"Silbato y manta t\u00e9rmica\"> Silbato y manta t\u00e9rmica<\/li>\n                <\/ul>\n            <\/div>\n\n            <div class=\"categoria\">\n                <h3>Menaje de Cocina<\/h3>\n                <ul>\n                    <li><input type=\"checkbox\" value=\"Cazo\/olla, taza, cubiertos, medidor\"> Cazo\/olla, taza, cubiertos, medidor<\/li>\n                <\/ul>\n            <\/div>\n\n            <div class=\"categoria\">\n                <h3>Herramientas y Ropa<\/h3>\n                <ul>\n                    <li><input type=\"checkbox\" value=\"Pala plegable, navaja multiusos\"> Pala plegable, navaja multiusos<\/li>\n                    <li><input type=\"checkbox\" value=\"Pantal\u00f3n y camiseta de manga larga\"> Pantal\u00f3n y camiseta de manga larga<\/li>\n                    <li><input type=\"checkbox\" value=\"Gorra, gafas de sol, protector solar\"> Gorra, gafas de sol, protector solar<\/li>\n                    <li><input type=\"checkbox\" value=\"Br\u00fajula y bolsa de basura resistente\"> Br\u00fajula y bolsa de basura resistente<\/li>\n                <\/ul>\n            <\/div>\n\n            <div class=\"categoria\">\n                <h3>Opcionales (Muy Recomendados)<\/h3>\n                <ul>\n                    <li><input type=\"checkbox\" value=\"Silla plegable o taburete\"> Silla plegable o taburete<\/li>\n                    <li><input type=\"checkbox\" value=\"Panel solar port\u00e1til\"> Panel solar port\u00e1til<\/li>\n                    <li><input type=\"checkbox\" value=\"Luces qu\u00edmicas (glow sticks)\"> Luces qu\u00edmicas (glow sticks)<\/li>\n                    <li><input type=\"checkbox\" value=\"Gadgets de supervivencia\"> Gadgets de supervivencia<\/li>\n                <\/ul>\n            <\/div>\n        <\/section>\n\n        <section id=\"resumen\">\n            <h2>Tu Mochila<\/h2>\n            <ul id=\"lista-seleccionados\"><\/ul>\n        <\/section>\n    <\/main>\n\n    <footer>\n        <p>&copy; 2025 &#8211; FerreHogar.es | Destrezas y Vida en el Medio Natural<\/p>\n    <\/footer>\n\n    <script>\n        document.addEventListener('DOMContentLoaded', () => {\n            const checkboxes = document.querySelectorAll('input[type=\"checkbox\"]');\n            const listaSeleccionados = document.getElementById('lista-seleccionados');\n\n            checkboxes.forEach(checkbox => {\n                checkbox.addEventListener('change', () => {\n                    \/\/ Limpiar la lista antes de actualizarla\n                    listaSeleccionados.innerHTML = '';\n\n                    \/\/ Iterar sobre todos los checkboxes y agregar los seleccionados\n                    checkboxes.forEach(item => {\n                        if (item.checked) {\n                            const listItem = document.createElement('li');\n                            listItem.textContent = item.value;\n                            listaSeleccionados.appendChild(listItem);\n                        }\n                    });\n                });\n            });\n        });\n    <\/script>\n<\/body>\n<\/html>\n\n\n\n<p><\/p>\n","protected":false},"excerpt":{"rendered":"<p>Construye tu Mochila de 72 Horas &#8211; FerreHogar.es Destrezas y Vida en el Medio Natural Construye tu Mochila de 72 Horas Categor\u00edas de Elementos Equipamiento B\u00e1sico (Obligatorio seg\u00fan UE) Mochila adecuada Agua (m\u00edn. 3 L) Alimentos no perecederos Radio a pilas o dinamo Linterna con pilas de repuesto Bater\u00eda extra para m\u00f3vil (Power bank) Hornillo &hellip;<\/p>\n<p class=\"read-more\"> <a class=\"\" href=\"https:\/\/www.destrezasyvidaenelmedionatural.es\/index.php\/2025\/07\/10\/como-preparar-mochila-emergencia-72-horas\/\"> <span class=\"screen-reader-text\">Evento Preparacionismo Murcia: Qu\u00e9 Llevar en tu Mochila de 72h (Kit 72 Horas, Septiembre 2025)<\/span> Leer m\u00e1s &raquo;<\/a><\/p>\n","protected":false},"author":1,"featured_media":0,"comment_status":"open","ping_status":"open","sticky":false,"template":"","format":"standard","meta":{"episode_type":"","audio_file":"","cover_image":"","cover_image_id":"","duration":"","filesize":"","date_recorded":"","explicit":"","block":"","filesize_raw":"","footnotes":""},"categories":[1],"tags":[],"class_list":["post-3760","post","type-post","status-publish","format-standard","hentry","category-sin-categoria"],"yoast_head":"<!-- This site is optimized with the Yoast SEO plugin v23.8 - https:\/\/yoast.com\/wordpress\/plugins\/seo\/ -->\n<title>Evento Preparacionismo Murcia: Qu\u00e9 Llevar en tu Mochila de 72h (Kit 72 Horas, Septiembre 2025) - Destrezas y Vida en el Medio Natural<\/title>\n<meta name=\"description\" content=\"Descubre c\u00f3mo preparar una mochila de emergencia de 72 horas con esta gu\u00eda completa. Checklist, consejos pr\u00e1cticos y recomendaciones\" \/>\n<meta name=\"robots\" content=\"index, follow, max-snippet:-1, max-image-preview:large, max-video-preview:-1\" \/>\n<link rel=\"canonical\" href=\"https:\/\/www.destrezasyvidaenelmedionatural.es\/index.php\/2025\/07\/10\/como-preparar-mochila-emergencia-72-horas\/\" \/>\n<meta property=\"og:locale\" content=\"es_ES\" \/>\n<meta property=\"og:type\" content=\"article\" \/>\n<meta property=\"og:title\" content=\"Evento Preparacionismo Murcia: Qu\u00e9 Llevar en tu Mochila de 72h (Kit 72 Horas, Septiembre 2025) - Destrezas y Vida en el Medio Natural\" \/>\n<meta property=\"og:description\" content=\"Descubre c\u00f3mo preparar una mochila de emergencia de 72 horas con esta gu\u00eda completa. Checklist, consejos pr\u00e1cticos y recomendaciones\" \/>\n<meta property=\"og:url\" content=\"https:\/\/www.destrezasyvidaenelmedionatural.es\/index.php\/2025\/07\/10\/como-preparar-mochila-emergencia-72-horas\/\" \/>\n<meta property=\"og:site_name\" content=\"Destrezas y Vida en el Medio Natural\" \/>\n<meta property=\"article:publisher\" content=\"https:\/\/www.facebook.com\/Destrezas.y.Vida.en.el.Medio.Natural\" \/>\n<meta property=\"article:author\" content=\"https:\/\/www.facebook.com\/Destrezas.y.Vida.en.el.Medio.Natural\" \/>\n<meta property=\"article:published_time\" content=\"2025-07-10T16:35:33+00:00\" \/>\n<meta property=\"article:modified_time\" content=\"2025-08-21T15:12:23+00:00\" \/>\n<meta property=\"og:image\" content=\"https:\/\/encrypted-tbn0.gstatic.com\/images?q=tbn:ANd9GcRTbTRr2N4vLX1ZhANaRfWB_spsLqb1ykO_Zg&s\" \/>\n<meta name=\"author\" content=\"admin\" \/>\n<meta name=\"twitter:card\" content=\"summary_large_image\" \/>\n<meta name=\"twitter:creator\" content=\"@DestrezasyVida\" \/>\n<meta name=\"twitter:site\" content=\"@DestrezasyVida\" \/>\n<meta name=\"twitter:label1\" content=\"Escrito por\" \/>\n\t<meta name=\"twitter:data1\" content=\"admin\" \/>\n\t<meta name=\"twitter:label2\" content=\"Tiempo de lectura\" \/>\n\t<meta name=\"twitter:data2\" content=\"2 minutos\" \/>\n<script type=\"application\/ld+json\" class=\"yoast-schema-graph\">{\"@context\":\"https:\/\/schema.org\",\"@graph\":[{\"@type\":\"Article\",\"@id\":\"https:\/\/www.destrezasyvidaenelmedionatural.es\/index.php\/2025\/07\/10\/como-preparar-mochila-emergencia-72-horas\/#article\",\"isPartOf\":{\"@id\":\"https:\/\/www.destrezasyvidaenelmedionatural.es\/index.php\/2025\/07\/10\/como-preparar-mochila-emergencia-72-horas\/\"},\"author\":{\"name\":\"admin\",\"@id\":\"https:\/\/www.destrezasyvidaenelmedionatural.es\/#\/schema\/person\/05ac69635d864d75006df0853eb7afd3\"},\"headline\":\"Evento Preparacionismo Murcia: Qu\u00e9 Llevar en tu Mochila de 72h (Kit 72 Horas, Septiembre 2025)\",\"datePublished\":\"2025-07-10T16:35:33+00:00\",\"dateModified\":\"2025-08-21T15:12:23+00:00\",\"mainEntityOfPage\":{\"@id\":\"https:\/\/www.destrezasyvidaenelmedionatural.es\/index.php\/2025\/07\/10\/como-preparar-mochila-emergencia-72-horas\/\"},\"wordCount\":191,\"commentCount\":0,\"publisher\":{\"@id\":\"https:\/\/www.destrezasyvidaenelmedionatural.es\/#\/schema\/person\/05ac69635d864d75006df0853eb7afd3\"},\"image\":{\"@id\":\"https:\/\/www.destrezasyvidaenelmedionatural.es\/index.php\/2025\/07\/10\/como-preparar-mochila-emergencia-72-horas\/#primaryimage\"},\"thumbnailUrl\":\"https:\/\/encrypted-tbn0.gstatic.com\/images?q=tbn:ANd9GcRTbTRr2N4vLX1ZhANaRfWB_spsLqb1ykO_Zg&s\",\"inLanguage\":\"es\",\"potentialAction\":[{\"@type\":\"CommentAction\",\"name\":\"Comment\",\"target\":[\"https:\/\/www.destrezasyvidaenelmedionatural.es\/index.php\/2025\/07\/10\/como-preparar-mochila-emergencia-72-horas\/#respond\"]}]},{\"@type\":\"WebPage\",\"@id\":\"https:\/\/www.destrezasyvidaenelmedionatural.es\/index.php\/2025\/07\/10\/como-preparar-mochila-emergencia-72-horas\/\",\"url\":\"https:\/\/www.destrezasyvidaenelmedionatural.es\/index.php\/2025\/07\/10\/como-preparar-mochila-emergencia-72-horas\/\",\"name\":\"Evento Preparacionismo Murcia: Qu\u00e9 Llevar en tu Mochila de 72h (Kit 72 Horas, Septiembre 2025) - Destrezas y Vida en el Medio Natural\",\"isPartOf\":{\"@id\":\"https:\/\/www.destrezasyvidaenelmedionatural.es\/#website\"},\"primaryImageOfPage\":{\"@id\":\"https:\/\/www.destrezasyvidaenelmedionatural.es\/index.php\/2025\/07\/10\/como-preparar-mochila-emergencia-72-horas\/#primaryimage\"},\"image\":{\"@id\":\"https:\/\/www.destrezasyvidaenelmedionatural.es\/index.php\/2025\/07\/10\/como-preparar-mochila-emergencia-72-horas\/#primaryimage\"},\"thumbnailUrl\":\"https:\/\/encrypted-tbn0.gstatic.com\/images?q=tbn:ANd9GcRTbTRr2N4vLX1ZhANaRfWB_spsLqb1ykO_Zg&s\",\"datePublished\":\"2025-07-10T16:35:33+00:00\",\"dateModified\":\"2025-08-21T15:12:23+00:00\",\"description\":\"Descubre c\u00f3mo preparar una mochila de emergencia de 72 horas con esta gu\u00eda completa. Checklist, consejos pr\u00e1cticos y recomendaciones\",\"breadcrumb\":{\"@id\":\"https:\/\/www.destrezasyvidaenelmedionatural.es\/index.php\/2025\/07\/10\/como-preparar-mochila-emergencia-72-horas\/#breadcrumb\"},\"inLanguage\":\"es\",\"potentialAction\":[{\"@type\":\"ReadAction\",\"target\":[\"https:\/\/www.destrezasyvidaenelmedionatural.es\/index.php\/2025\/07\/10\/como-preparar-mochila-emergencia-72-horas\/\"]}]},{\"@type\":\"ImageObject\",\"inLanguage\":\"es\",\"@id\":\"https:\/\/www.destrezasyvidaenelmedionatural.es\/index.php\/2025\/07\/10\/como-preparar-mochila-emergencia-72-horas\/#primaryimage\",\"url\":\"https:\/\/encrypted-tbn0.gstatic.com\/images?q=tbn:ANd9GcRTbTRr2N4vLX1ZhANaRfWB_spsLqb1ykO_Zg&s\",\"contentUrl\":\"https:\/\/encrypted-tbn0.gstatic.com\/images?q=tbn:ANd9GcRTbTRr2N4vLX1ZhANaRfWB_spsLqb1ykO_Zg&s\"},{\"@type\":\"BreadcrumbList\",\"@id\":\"https:\/\/www.destrezasyvidaenelmedionatural.es\/index.php\/2025\/07\/10\/como-preparar-mochila-emergencia-72-horas\/#breadcrumb\",\"itemListElement\":[{\"@type\":\"ListItem\",\"position\":1,\"name\":\"Portada\",\"item\":\"https:\/\/www.destrezasyvidaenelmedionatural.es\/\"},{\"@type\":\"ListItem\",\"position\":2,\"name\":\"Evento Preparacionismo Murcia: Qu\u00e9 Llevar en tu Mochila de 72h (Kit 72 Horas, Septiembre 2025)\"}]},{\"@type\":\"WebSite\",\"@id\":\"https:\/\/www.destrezasyvidaenelmedionatural.es\/#website\",\"url\":\"https:\/\/www.destrezasyvidaenelmedionatural.es\/\",\"name\":\"Destrezas y Vida en el Medio Natural\",\"description\":\"El sitio web Destrezas y Vida en el Medio Natural es un recurso excelente para cualquiera que quiera aprender sobre la naturaleza y c\u00f3mo interactuar con ella de manera segura y respetuosa.\",\"publisher\":{\"@id\":\"https:\/\/www.destrezasyvidaenelmedionatural.es\/#\/schema\/person\/05ac69635d864d75006df0853eb7afd3\"},\"potentialAction\":[{\"@type\":\"SearchAction\",\"target\":{\"@type\":\"EntryPoint\",\"urlTemplate\":\"https:\/\/www.destrezasyvidaenelmedionatural.es\/?s={search_term_string}\"},\"query-input\":{\"@type\":\"PropertyValueSpecification\",\"valueRequired\":true,\"valueName\":\"search_term_string\"}}],\"inLanguage\":\"es\"},{\"@type\":[\"Person\",\"Organization\"],\"@id\":\"https:\/\/www.destrezasyvidaenelmedionatural.es\/#\/schema\/person\/05ac69635d864d75006df0853eb7afd3\",\"name\":\"admin\",\"image\":{\"@type\":\"ImageObject\",\"inLanguage\":\"es\",\"@id\":\"https:\/\/www.destrezasyvidaenelmedionatural.es\/#\/schema\/person\/image\/\",\"url\":\"https:\/\/www.destrezasyvidaenelmedionatural.es\/wp-content\/uploads\/2021\/08\/cropped-SIN-FONDO-PRUEBA1.png\",\"contentUrl\":\"https:\/\/www.destrezasyvidaenelmedionatural.es\/wp-content\/uploads\/2021\/08\/cropped-SIN-FONDO-PRUEBA1.png\",\"width\":351,\"height\":349,\"caption\":\"admin\"},\"logo\":{\"@id\":\"https:\/\/www.destrezasyvidaenelmedionatural.es\/#\/schema\/person\/image\/\"},\"sameAs\":[\"http:\/\/www.destrezasyvidaenelmedionatural.es\",\"https:\/\/www.facebook.com\/Destrezas.y.Vida.en.el.Medio.Natural\",\"https:\/\/www.instagram.com\/destrezasyvidamn\/\"],\"url\":\"https:\/\/www.destrezasyvidaenelmedionatural.es\/index.php\/author\/admin\/\"}]}<\/script>\n<!-- \/ Yoast SEO plugin. -->","yoast_head_json":{"title":"Evento Preparacionismo Murcia: Qu\u00e9 Llevar en tu Mochila de 72h (Kit 72 Horas, Septiembre 2025) - Destrezas y Vida en el Medio Natural","description":"Descubre c\u00f3mo preparar una mochila de emergencia de 72 horas con esta gu\u00eda completa. Checklist, consejos pr\u00e1cticos y recomendaciones","robots":{"index":"index","follow":"follow","max-snippet":"max-snippet:-1","max-image-preview":"max-image-preview:large","max-video-preview":"max-video-preview:-1"},"canonical":"https:\/\/www.destrezasyvidaenelmedionatural.es\/index.php\/2025\/07\/10\/como-preparar-mochila-emergencia-72-horas\/","og_locale":"es_ES","og_type":"article","og_title":"Evento Preparacionismo Murcia: Qu\u00e9 Llevar en tu Mochila de 72h (Kit 72 Horas, Septiembre 2025) - Destrezas y Vida en el Medio Natural","og_description":"Descubre c\u00f3mo preparar una mochila de emergencia de 72 horas con esta gu\u00eda completa. Checklist, consejos pr\u00e1cticos y recomendaciones","og_url":"https:\/\/www.destrezasyvidaenelmedionatural.es\/index.php\/2025\/07\/10\/como-preparar-mochila-emergencia-72-horas\/","og_site_name":"Destrezas y Vida en el Medio Natural","article_publisher":"https:\/\/www.facebook.com\/Destrezas.y.Vida.en.el.Medio.Natural","article_author":"https:\/\/www.facebook.com\/Destrezas.y.Vida.en.el.Medio.Natural","article_published_time":"2025-07-10T16:35:33+00:00","article_modified_time":"2025-08-21T15:12:23+00:00","og_image":[{"url":"https:\/\/encrypted-tbn0.gstatic.com\/images?q=tbn:ANd9GcRTbTRr2N4vLX1ZhANaRfWB_spsLqb1ykO_Zg&s"}],"author":"admin","twitter_card":"summary_large_image","twitter_creator":"@DestrezasyVida","twitter_site":"@DestrezasyVida","twitter_misc":{"Escrito por":"admin","Tiempo de lectura":"2 minutos"},"schema":{"@context":"https:\/\/schema.org","@graph":[{"@type":"Article","@id":"https:\/\/www.destrezasyvidaenelmedionatural.es\/index.php\/2025\/07\/10\/como-preparar-mochila-emergencia-72-horas\/#article","isPartOf":{"@id":"https:\/\/www.destrezasyvidaenelmedionatural.es\/index.php\/2025\/07\/10\/como-preparar-mochila-emergencia-72-horas\/"},"author":{"name":"admin","@id":"https:\/\/www.destrezasyvidaenelmedionatural.es\/#\/schema\/person\/05ac69635d864d75006df0853eb7afd3"},"headline":"Evento Preparacionismo Murcia: Qu\u00e9 Llevar en tu Mochila de 72h (Kit 72 Horas, Septiembre 2025)","datePublished":"2025-07-10T16:35:33+00:00","dateModified":"2025-08-21T15:12:23+00:00","mainEntityOfPage":{"@id":"https:\/\/www.destrezasyvidaenelmedionatural.es\/index.php\/2025\/07\/10\/como-preparar-mochila-emergencia-72-horas\/"},"wordCount":191,"commentCount":0,"publisher":{"@id":"https:\/\/www.destrezasyvidaenelmedionatural.es\/#\/schema\/person\/05ac69635d864d75006df0853eb7afd3"},"image":{"@id":"https:\/\/www.destrezasyvidaenelmedionatural.es\/index.php\/2025\/07\/10\/como-preparar-mochila-emergencia-72-horas\/#primaryimage"},"thumbnailUrl":"https:\/\/encrypted-tbn0.gstatic.com\/images?q=tbn:ANd9GcRTbTRr2N4vLX1ZhANaRfWB_spsLqb1ykO_Zg&s","inLanguage":"es","potentialAction":[{"@type":"CommentAction","name":"Comment","target":["https:\/\/www.destrezasyvidaenelmedionatural.es\/index.php\/2025\/07\/10\/como-preparar-mochila-emergencia-72-horas\/#respond"]}]},{"@type":"WebPage","@id":"https:\/\/www.destrezasyvidaenelmedionatural.es\/index.php\/2025\/07\/10\/como-preparar-mochila-emergencia-72-horas\/","url":"https:\/\/www.destrezasyvidaenelmedionatural.es\/index.php\/2025\/07\/10\/como-preparar-mochila-emergencia-72-horas\/","name":"Evento Preparacionismo Murcia: Qu\u00e9 Llevar en tu Mochila de 72h (Kit 72 Horas, Septiembre 2025) - Destrezas y Vida en el Medio Natural","isPartOf":{"@id":"https:\/\/www.destrezasyvidaenelmedionatural.es\/#website"},"primaryImageOfPage":{"@id":"https:\/\/www.destrezasyvidaenelmedionatural.es\/index.php\/2025\/07\/10\/como-preparar-mochila-emergencia-72-horas\/#primaryimage"},"image":{"@id":"https:\/\/www.destrezasyvidaenelmedionatural.es\/index.php\/2025\/07\/10\/como-preparar-mochila-emergencia-72-horas\/#primaryimage"},"thumbnailUrl":"https:\/\/encrypted-tbn0.gstatic.com\/images?q=tbn:ANd9GcRTbTRr2N4vLX1ZhANaRfWB_spsLqb1ykO_Zg&s","datePublished":"2025-07-10T16:35:33+00:00","dateModified":"2025-08-21T15:12:23+00:00","description":"Descubre c\u00f3mo preparar una mochila de emergencia de 72 horas con esta gu\u00eda completa. Checklist, consejos pr\u00e1cticos y recomendaciones","breadcrumb":{"@id":"https:\/\/www.destrezasyvidaenelmedionatural.es\/index.php\/2025\/07\/10\/como-preparar-mochila-emergencia-72-horas\/#breadcrumb"},"inLanguage":"es","potentialAction":[{"@type":"ReadAction","target":["https:\/\/www.destrezasyvidaenelmedionatural.es\/index.php\/2025\/07\/10\/como-preparar-mochila-emergencia-72-horas\/"]}]},{"@type":"ImageObject","inLanguage":"es","@id":"https:\/\/www.destrezasyvidaenelmedionatural.es\/index.php\/2025\/07\/10\/como-preparar-mochila-emergencia-72-horas\/#primaryimage","url":"https:\/\/encrypted-tbn0.gstatic.com\/images?q=tbn:ANd9GcRTbTRr2N4vLX1ZhANaRfWB_spsLqb1ykO_Zg&s","contentUrl":"https:\/\/encrypted-tbn0.gstatic.com\/images?q=tbn:ANd9GcRTbTRr2N4vLX1ZhANaRfWB_spsLqb1ykO_Zg&s"},{"@type":"BreadcrumbList","@id":"https:\/\/www.destrezasyvidaenelmedionatural.es\/index.php\/2025\/07\/10\/como-preparar-mochila-emergencia-72-horas\/#breadcrumb","itemListElement":[{"@type":"ListItem","position":1,"name":"Portada","item":"https:\/\/www.destrezasyvidaenelmedionatural.es\/"},{"@type":"ListItem","position":2,"name":"Evento Preparacionismo Murcia: Qu\u00e9 Llevar en tu Mochila de 72h (Kit 72 Horas, Septiembre 2025)"}]},{"@type":"WebSite","@id":"https:\/\/www.destrezasyvidaenelmedionatural.es\/#website","url":"https:\/\/www.destrezasyvidaenelmedionatural.es\/","name":"Destrezas y Vida en el Medio Natural","description":"El sitio web Destrezas y Vida en el Medio Natural es un recurso excelente para cualquiera que quiera aprender sobre la naturaleza y c\u00f3mo interactuar con ella de manera segura y respetuosa.","publisher":{"@id":"https:\/\/www.destrezasyvidaenelmedionatural.es\/#\/schema\/person\/05ac69635d864d75006df0853eb7afd3"},"potentialAction":[{"@type":"SearchAction","target":{"@type":"EntryPoint","urlTemplate":"https:\/\/www.destrezasyvidaenelmedionatural.es\/?s={search_term_string}"},"query-input":{"@type":"PropertyValueSpecification","valueRequired":true,"valueName":"search_term_string"}}],"inLanguage":"es"},{"@type":["Person","Organization"],"@id":"https:\/\/www.destrezasyvidaenelmedionatural.es\/#\/schema\/person\/05ac69635d864d75006df0853eb7afd3","name":"admin","image":{"@type":"ImageObject","inLanguage":"es","@id":"https:\/\/www.destrezasyvidaenelmedionatural.es\/#\/schema\/person\/image\/","url":"https:\/\/www.destrezasyvidaenelmedionatural.es\/wp-content\/uploads\/2021\/08\/cropped-SIN-FONDO-PRUEBA1.png","contentUrl":"https:\/\/www.destrezasyvidaenelmedionatural.es\/wp-content\/uploads\/2021\/08\/cropped-SIN-FONDO-PRUEBA1.png","width":351,"height":349,"caption":"admin"},"logo":{"@id":"https:\/\/www.destrezasyvidaenelmedionatural.es\/#\/schema\/person\/image\/"},"sameAs":["http:\/\/www.destrezasyvidaenelmedionatural.es","https:\/\/www.facebook.com\/Destrezas.y.Vida.en.el.Medio.Natural","https:\/\/www.instagram.com\/destrezasyvidamn\/"],"url":"https:\/\/www.destrezasyvidaenelmedionatural.es\/index.php\/author\/admin\/"}]}},"_links":{"self":[{"href":"https:\/\/www.destrezasyvidaenelmedionatural.es\/index.php\/wp-json\/wp\/v2\/posts\/3760","targetHints":{"allow":["GET"]}}],"collection":[{"href":"https:\/\/www.destrezasyvidaenelmedionatural.es\/index.php\/wp-json\/wp\/v2\/posts"}],"about":[{"href":"https:\/\/www.destrezasyvidaenelmedionatural.es\/index.php\/wp-json\/wp\/v2\/types\/post"}],"author":[{"embeddable":true,"href":"https:\/\/www.destrezasyvidaenelmedionatural.es\/index.php\/wp-json\/wp\/v2\/users\/1"}],"replies":[{"embeddable":true,"href":"https:\/\/www.destrezasyvidaenelmedionatural.es\/index.php\/wp-json\/wp\/v2\/comments?post=3760"}],"version-history":[{"count":2,"href":"https:\/\/www.destrezasyvidaenelmedionatural.es\/index.php\/wp-json\/wp\/v2\/posts\/3760\/revisions"}],"predecessor-version":[{"id":3762,"href":"https:\/\/www.destrezasyvidaenelmedionatural.es\/index.php\/wp-json\/wp\/v2\/posts\/3760\/revisions\/3762"}],"wp:attachment":[{"href":"https:\/\/www.destrezasyvidaenelmedionatural.es\/index.php\/wp-json\/wp\/v2\/media?parent=3760"}],"wp:term":[{"taxonomy":"category","embeddable":true,"href":"https:\/\/www.destrezasyvidaenelmedionatural.es\/index.php\/wp-json\/wp\/v2\/categories?post=3760"},{"taxonomy":"post_tag","embeddable":true,"href":"https:\/\/www.destrezasyvidaenelmedionatural.es\/index.php\/wp-json\/wp\/v2\/tags?post=3760"}],"curies":[{"name":"wp","href":"https:\/\/api.w.org\/{rel}","templated":true}]}}