{"id":3812,"date":"2025-08-05T15:01:54","date_gmt":"2025-08-05T15:01:54","guid":{"rendered":"https:\/\/www.destrezasyvidaenelmedionatural.es\/?p=3812"},"modified":"2025-08-05T15:01:56","modified_gmt":"2025-08-05T15:01:56","slug":"resiliencia-autonomia-preparacion-mentalidad","status":"publish","type":"post","link":"https:\/\/www.destrezasyvidaenelmedionatural.es\/index.php\/2025\/08\/05\/resiliencia-autonomia-preparacion-mentalidad\/","title":{"rendered":"M\u00e1s All\u00e1 del Kit: Resiliencia, Autonom\u00eda y Mentalidad en la Preparaci\u00f3n"},"content":{"rendered":"\n<p>La preparaci\u00f3n para emergencias no se trata solo de acumular suministros; es una <strong>transformaci\u00f3n fundamental de la mentalidad<\/strong> que fomenta la <strong>resiliencia personal y la autonom\u00eda<\/strong>. En un mundo cada vez m\u00e1s impredecible, estar preparado es una inversi\u00f3n en tu seguridad y la de tu familia.<\/p>\n\n\n<div class=\"wp-block-image\">\n<figure class=\"aligncenter size-large\"><img fetchpriority=\"high\" decoding=\"async\" width=\"1024\" height=\"576\" src=\"https:\/\/www.destrezasyvidaenelmedionatural.es\/wp-content\/uploads\/2025\/08\/20221001_182550-1024x576.jpg\" alt=\"\" class=\"wp-image-3813\" srcset=\"https:\/\/www.destrezasyvidaenelmedionatural.es\/wp-content\/uploads\/2025\/08\/20221001_182550-1024x576.jpg 1024w, https:\/\/www.destrezasyvidaenelmedionatural.es\/wp-content\/uploads\/2025\/08\/20221001_182550-300x169.jpg 300w, https:\/\/www.destrezasyvidaenelmedionatural.es\/wp-content\/uploads\/2025\/08\/20221001_182550-768x432.jpg 768w, https:\/\/www.destrezasyvidaenelmedionatural.es\/wp-content\/uploads\/2025\/08\/20221001_182550-1536x864.jpg 1536w, https:\/\/www.destrezasyvidaenelmedionatural.es\/wp-content\/uploads\/2025\/08\/20221001_182550-2048x1152.jpg 2048w\" sizes=\"(max-width: 1024px) 100vw, 1024px\" \/><\/figure>\n<\/div>\n\n\n<p><strong>Beneficios y Transformaciones a Trav\u00e9s de la Preparaci\u00f3n:<\/strong><\/p>\n\n\n\n<ul class=\"wp-block-list\">\n<li><strong>Una Nueva Mentalidad y Resiliencia Psicol\u00f3gica<\/strong>: La seguridad es la base de todo lo que valoramos, desde nuestros valores hasta el \u00e9xito econ\u00f3mico. Una mentalidad de preparaci\u00f3n nos permite anticipar y afrontar los peores escenarios sin caer en la par\u00e1lisis por el miedo. Te ayuda a controlar tu mente para responder con velocidad y prop\u00f3sito cuando otros est\u00e1n paralizados por la ansiedad. Por ejemplo, en situaciones extremas, el simple acto de encender un fuego puede tener un profundo impacto psicol\u00f3gico positivo, ayudando a mantener la calma y la capacidad de actuar. La <strong>voluntad de sobrevivir<\/strong> es una herramienta m\u00e1s poderosa que las habilidades t\u00e9cnicas en una situaci\u00f3n de crisis.<\/li>\n\n\n\n<li><strong>Autosuficiencia y Empoderamiento<\/strong>: La Uni\u00f3n Europea y las autoridades nacionales recomiendan que los ciudadanos est\u00e9n preparados para ser <strong>autosuficientes durante al menos 72 horas<\/strong>. Esto implica tener un kit de emergencia con agua, alimentos no perecederos, un medio para purificar agua, un hornillo port\u00e1til, radio, linterna, botiqu\u00edn y elementos de higiene. Los eventos de \u00abKit 72 Horas\u00bb permiten a los participantes probar la efectividad de sus mochilas de emergencia en un entorno controlado, desarrollando habilidades pr\u00e1cticas y fomentando el autoan\u00e1lisis para optimizar su equipo.<\/li>\n\n\n\n<li><strong>Fortalecimiento de la Cohesi\u00f3n Social y Comunitaria<\/strong>: La preparaci\u00f3n no es un acto solitario; fomenta la <strong>confianza y la cooperaci\u00f3n<\/strong> entre autoridades p\u00fablicas, el sector privado y la sociedad civil. Cuando los ciudadanos est\u00e1n preparados, se reduce la carga sobre los servicios de emergencia, permitiendo que la ayuda llegue a quienes m\u00e1s la necesitan. La creaci\u00f3n de una \u00abcomunidad de aprendizaje\u00bb o \u00abequipo de ayuda mutua\u00bb permite compartir experiencias, trucos y soluciones, y fortalece los lazos sociales en momentos de crisis.<\/li>\n\n\n\n<li><strong>Ventajas Econ\u00f3micas<\/strong>: Invertir en preparaci\u00f3n es una decisi\u00f3n econ\u00f3micamente inteligente. Por ejemplo, se estima que <strong>1 euro invertido en preparaci\u00f3n para pandemias puede generar un retorno de 13.3 euros<\/strong>, y los sistemas de alerta temprana para olas de calor rinden hasta <strong>130 euros por cada euro invertido<\/strong>. Un mayor nivel de preparaci\u00f3n y resiliencia reduce el impacto de las crisis y ayuda a la econom\u00eda a recuperarse m\u00e1s r\u00e1pido.<\/li>\n\n\n\n<li><strong>Disuasi\u00f3n de Actores Malignos<\/strong>: Estar bien preparado disuade a los actores oportunistas y malintencionados al dejar claro que no somos un blanco f\u00e1cil y que no podr\u00e1n superarnos.<\/li>\n<\/ul>\n\n\n\n<p><strong>Historias de Vida que Demuestran el Poder de la Preparaci\u00f3n:<\/strong><\/p>\n\n\n\n<ul class=\"wp-block-list\">\n<li>La pandemia de COVID-19 y la agresi\u00f3n de Rusia contra Ucrania sirvieron como \u00abllamadas de atenci\u00f3n\u00bb para la necesidad urgente de una preparaci\u00f3n integral, revelando brechas y la necesidad de pasar de la reacci\u00f3n a la proactividad.<\/li>\n\n\n\n<li>Las encuestas de Eurobar\u00f3metro de 2024 muestran que el 77% de los europeos apoyan una pol\u00edtica com\u00fan de seguridad y defensa de la UE, y el 71% quieren que la UE haga m\u00e1s para reforzar la producci\u00f3n de equipo militar. Sin embargo, el 58% no se siente bien preparado para una crisis en su propia \u00e1rea, y el 65% desea m\u00e1s informaci\u00f3n para prepararse mejor. Esto subraya la necesidad de capacitar a los ciudadanos.<\/li>\n\n\n\n<li>En contraste con la impreparaci\u00f3n, ejemplos de pa\u00edses como Suecia, con su folleto \u00abOm krisen eller kriget kommer\u00bb (En caso de crisis o guerra), y campa\u00f1as como la italiana \u00abIo Non Rischio\u00bb (Yo no riesgo), demuestran c\u00f3mo la educaci\u00f3n y la promoci\u00f3n de la autosuficiencia pueden empoderar a los ciudadanos para afrontar incluso las amenazas m\u00e1s graves.<\/li>\n\n\n\n<li>La experiencia del hurac\u00e1n Katrina en EE. UU. revel\u00f3 que el colapso del orden civil puede ser peor que el desastre natural en s\u00ed, y que la dependencia de los dem\u00e1s puede ser peligrosa. Aquellos que se prepararon, incluso de forma b\u00e1sica, tuvieron una ventaja significativa.<\/li>\n\n\n\n<li>La importancia del estado mental se ilustra con la historia de un piloto de F-16 que se suicid\u00f3 tras un aterrizaje perfecto, creyendo err\u00f3neamente que no se hab\u00eda enviado su se\u00f1al de socorro, a pesar de que la ayuda lleg\u00f3 en dos horas. Su falta de resiliencia psicol\u00f3gica fue fatal. Por otro lado, un hombre en medio de un divorcio sobrevivi\u00f3 casi una semana en el desierto con pocos suministros debido a su poderosa voluntad de no \u00abdejar que su esposa se quedara con todo\u00bb.<\/li>\n\n\n\n<li>La preparaci\u00f3n tambi\u00e9n implica saber c\u00f3mo utilizar las herramientas y los suministros. Un botiqu\u00edn de primeros auxilios es in\u00fatil si no se sabe c\u00f3mo usarlo. Es esencial aprender habilidades b\u00e1sicas de primeros auxilios y realizar pr\u00e1cticas de ejercicios de preparaci\u00f3n, como apagar los servicios p\u00fablicos, para convertir el \u00abconocimiento de cabeza\u00bb en una experiencia real que se puede recordar bajo estr\u00e9s.<\/li>\n<\/ul>\n\n\n\n<p><strong>\u00a1Transforma tu preparaci\u00f3n en protecci\u00f3n real!<\/strong><\/p>\n\n\n\n<p><\/p>\n","protected":false},"excerpt":{"rendered":"<p>La preparaci\u00f3n para emergencias no se trata solo de acumular suministros; es una transformaci\u00f3n fundamental de la mentalidad que fomenta la resiliencia personal y la autonom\u00eda. En un mundo cada vez m\u00e1s impredecible, estar preparado es una inversi\u00f3n en tu seguridad y la de tu familia. Beneficios y Transformaciones a Trav\u00e9s de la Preparaci\u00f3n: Historias &hellip;<\/p>\n<p class=\"read-more\"> <a class=\"\" href=\"https:\/\/www.destrezasyvidaenelmedionatural.es\/index.php\/2025\/08\/05\/resiliencia-autonomia-preparacion-mentalidad\/\"> <span class=\"screen-reader-text\">M\u00e1s All\u00e1 del Kit: Resiliencia, Autonom\u00eda y Mentalidad en la Preparaci\u00f3n<\/span> Leer m\u00e1s &raquo;<\/a><\/p>\n","protected":false},"author":1,"featured_media":0,"comment_status":"open","ping_status":"open","sticky":false,"template":"","format":"standard","meta":{"episode_type":"","audio_file":"","cover_image":"","cover_image_id":"","duration":"","filesize":"","date_recorded":"","explicit":"","block":"","filesize_raw":"","footnotes":""},"categories":[1],"tags":[],"class_list":["post-3812","post","type-post","status-publish","format-standard","hentry","category-sin-categoria"],"yoast_head":"<!-- This site is optimized with the Yoast SEO plugin v23.8 - https:\/\/yoast.com\/wordpress\/plugins\/seo\/ -->\n<title>M\u00e1s All\u00e1 del Kit: Resiliencia, Autonom\u00eda y Mentalidad en la Preparaci\u00f3n - Destrezas y Vida en el Medio Natural<\/title>\n<meta name=\"description\" content=\"Descubre c\u00f3mo la preparaci\u00f3n para emergencias impulsa tu resiliencia y autonom\u00eda personal. Es una transformaci\u00f3n de mentalidad\" \/>\n<meta name=\"robots\" content=\"index, follow, max-snippet:-1, max-image-preview:large, max-video-preview:-1\" \/>\n<link rel=\"canonical\" href=\"https:\/\/www.destrezasyvidaenelmedionatural.es\/index.php\/2025\/08\/05\/resiliencia-autonomia-preparacion-mentalidad\/\" \/>\n<meta property=\"og:locale\" content=\"es_ES\" \/>\n<meta property=\"og:type\" content=\"article\" \/>\n<meta property=\"og:title\" content=\"M\u00e1s All\u00e1 del Kit: Resiliencia, Autonom\u00eda y Mentalidad en la Preparaci\u00f3n - Destrezas y Vida en el Medio Natural\" \/>\n<meta property=\"og:description\" content=\"Descubre c\u00f3mo la preparaci\u00f3n para emergencias impulsa tu resiliencia y autonom\u00eda personal. Es una transformaci\u00f3n de mentalidad\" \/>\n<meta property=\"og:url\" content=\"https:\/\/www.destrezasyvidaenelmedionatural.es\/index.php\/2025\/08\/05\/resiliencia-autonomia-preparacion-mentalidad\/\" \/>\n<meta property=\"og:site_name\" content=\"Destrezas y Vida en el Medio Natural\" \/>\n<meta property=\"article:publisher\" content=\"https:\/\/www.facebook.com\/Destrezas.y.Vida.en.el.Medio.Natural\" \/>\n<meta property=\"article:author\" content=\"https:\/\/www.facebook.com\/Destrezas.y.Vida.en.el.Medio.Natural\" \/>\n<meta property=\"article:published_time\" content=\"2025-08-05T15:01:54+00:00\" \/>\n<meta property=\"article:modified_time\" content=\"2025-08-05T15:01:56+00:00\" \/>\n<meta property=\"og:image\" content=\"https:\/\/www.destrezasyvidaenelmedionatural.es\/wp-content\/uploads\/2025\/08\/20221001_182550-scaled.jpg\" \/>\n\t<meta property=\"og:image:width\" content=\"2560\" \/>\n\t<meta property=\"og:image:height\" content=\"1440\" \/>\n\t<meta property=\"og:image:type\" content=\"image\/jpeg\" \/>\n<meta name=\"author\" content=\"admin\" \/>\n<meta name=\"twitter:card\" content=\"summary_large_image\" \/>\n<meta name=\"twitter:creator\" content=\"@DestrezasyVida\" \/>\n<meta name=\"twitter:site\" content=\"@DestrezasyVida\" \/>\n<meta name=\"twitter:label1\" content=\"Escrito por\" \/>\n\t<meta name=\"twitter:data1\" content=\"admin\" \/>\n\t<meta name=\"twitter:label2\" content=\"Tiempo de lectura\" \/>\n\t<meta name=\"twitter:data2\" content=\"4 minutos\" \/>\n<script type=\"application\/ld+json\" class=\"yoast-schema-graph\">{\"@context\":\"https:\/\/schema.org\",\"@graph\":[{\"@type\":\"Article\",\"@id\":\"https:\/\/www.destrezasyvidaenelmedionatural.es\/index.php\/2025\/08\/05\/resiliencia-autonomia-preparacion-mentalidad\/#article\",\"isPartOf\":{\"@id\":\"https:\/\/www.destrezasyvidaenelmedionatural.es\/index.php\/2025\/08\/05\/resiliencia-autonomia-preparacion-mentalidad\/\"},\"author\":{\"name\":\"admin\",\"@id\":\"https:\/\/www.destrezasyvidaenelmedionatural.es\/#\/schema\/person\/05ac69635d864d75006df0853eb7afd3\"},\"headline\":\"M\u00e1s All\u00e1 del Kit: Resiliencia, Autonom\u00eda y Mentalidad en la Preparaci\u00f3n\",\"datePublished\":\"2025-08-05T15:01:54+00:00\",\"dateModified\":\"2025-08-05T15:01:56+00:00\",\"mainEntityOfPage\":{\"@id\":\"https:\/\/www.destrezasyvidaenelmedionatural.es\/index.php\/2025\/08\/05\/resiliencia-autonomia-preparacion-mentalidad\/\"},\"wordCount\":886,\"commentCount\":0,\"publisher\":{\"@id\":\"https:\/\/www.destrezasyvidaenelmedionatural.es\/#\/schema\/person\/05ac69635d864d75006df0853eb7afd3\"},\"image\":{\"@id\":\"https:\/\/www.destrezasyvidaenelmedionatural.es\/index.php\/2025\/08\/05\/resiliencia-autonomia-preparacion-mentalidad\/#primaryimage\"},\"thumbnailUrl\":\"https:\/\/www.destrezasyvidaenelmedionatural.es\/wp-content\/uploads\/2025\/08\/20221001_182550-1024x576.jpg\",\"inLanguage\":\"es\",\"potentialAction\":[{\"@type\":\"CommentAction\",\"name\":\"Comment\",\"target\":[\"https:\/\/www.destrezasyvidaenelmedionatural.es\/index.php\/2025\/08\/05\/resiliencia-autonomia-preparacion-mentalidad\/#respond\"]}]},{\"@type\":\"WebPage\",\"@id\":\"https:\/\/www.destrezasyvidaenelmedionatural.es\/index.php\/2025\/08\/05\/resiliencia-autonomia-preparacion-mentalidad\/\",\"url\":\"https:\/\/www.destrezasyvidaenelmedionatural.es\/index.php\/2025\/08\/05\/resiliencia-autonomia-preparacion-mentalidad\/\",\"name\":\"M\u00e1s All\u00e1 del Kit: Resiliencia, Autonom\u00eda y Mentalidad en la Preparaci\u00f3n - Destrezas y Vida en el Medio Natural\",\"isPartOf\":{\"@id\":\"https:\/\/www.destrezasyvidaenelmedionatural.es\/#website\"},\"primaryImageOfPage\":{\"@id\":\"https:\/\/www.destrezasyvidaenelmedionatural.es\/index.php\/2025\/08\/05\/resiliencia-autonomia-preparacion-mentalidad\/#primaryimage\"},\"image\":{\"@id\":\"https:\/\/www.destrezasyvidaenelmedionatural.es\/index.php\/2025\/08\/05\/resiliencia-autonomia-preparacion-mentalidad\/#primaryimage\"},\"thumbnailUrl\":\"https:\/\/www.destrezasyvidaenelmedionatural.es\/wp-content\/uploads\/2025\/08\/20221001_182550-1024x576.jpg\",\"datePublished\":\"2025-08-05T15:01:54+00:00\",\"dateModified\":\"2025-08-05T15:01:56+00:00\",\"description\":\"Descubre c\u00f3mo la preparaci\u00f3n para emergencias impulsa tu resiliencia y autonom\u00eda personal. Es una transformaci\u00f3n de mentalidad\",\"breadcrumb\":{\"@id\":\"https:\/\/www.destrezasyvidaenelmedionatural.es\/index.php\/2025\/08\/05\/resiliencia-autonomia-preparacion-mentalidad\/#breadcrumb\"},\"inLanguage\":\"es\",\"potentialAction\":[{\"@type\":\"ReadAction\",\"target\":[\"https:\/\/www.destrezasyvidaenelmedionatural.es\/index.php\/2025\/08\/05\/resiliencia-autonomia-preparacion-mentalidad\/\"]}]},{\"@type\":\"ImageObject\",\"inLanguage\":\"es\",\"@id\":\"https:\/\/www.destrezasyvidaenelmedionatural.es\/index.php\/2025\/08\/05\/resiliencia-autonomia-preparacion-mentalidad\/#primaryimage\",\"url\":\"https:\/\/www.destrezasyvidaenelmedionatural.es\/wp-content\/uploads\/2025\/08\/20221001_182550-scaled.jpg\",\"contentUrl\":\"https:\/\/www.destrezasyvidaenelmedionatural.es\/wp-content\/uploads\/2025\/08\/20221001_182550-scaled.jpg\",\"width\":2560,\"height\":1440},{\"@type\":\"BreadcrumbList\",\"@id\":\"https:\/\/www.destrezasyvidaenelmedionatural.es\/index.php\/2025\/08\/05\/resiliencia-autonomia-preparacion-mentalidad\/#breadcrumb\",\"itemListElement\":[{\"@type\":\"ListItem\",\"position\":1,\"name\":\"Portada\",\"item\":\"https:\/\/www.destrezasyvidaenelmedionatural.es\/\"},{\"@type\":\"ListItem\",\"position\":2,\"name\":\"M\u00e1s All\u00e1 del Kit: Resiliencia, Autonom\u00eda y Mentalidad en la Preparaci\u00f3n\"}]},{\"@type\":\"WebSite\",\"@id\":\"https:\/\/www.destrezasyvidaenelmedionatural.es\/#website\",\"url\":\"https:\/\/www.destrezasyvidaenelmedionatural.es\/\",\"name\":\"Destrezas y Vida en el Medio Natural\",\"description\":\"El sitio web Destrezas y Vida en el Medio Natural es un recurso excelente para cualquiera que quiera aprender sobre la naturaleza y c\u00f3mo interactuar con ella de manera segura y respetuosa.\",\"publisher\":{\"@id\":\"https:\/\/www.destrezasyvidaenelmedionatural.es\/#\/schema\/person\/05ac69635d864d75006df0853eb7afd3\"},\"potentialAction\":[{\"@type\":\"SearchAction\",\"target\":{\"@type\":\"EntryPoint\",\"urlTemplate\":\"https:\/\/www.destrezasyvidaenelmedionatural.es\/?s={search_term_string}\"},\"query-input\":{\"@type\":\"PropertyValueSpecification\",\"valueRequired\":true,\"valueName\":\"search_term_string\"}}],\"inLanguage\":\"es\"},{\"@type\":[\"Person\",\"Organization\"],\"@id\":\"https:\/\/www.destrezasyvidaenelmedionatural.es\/#\/schema\/person\/05ac69635d864d75006df0853eb7afd3\",\"name\":\"admin\",\"image\":{\"@type\":\"ImageObject\",\"inLanguage\":\"es\",\"@id\":\"https:\/\/www.destrezasyvidaenelmedionatural.es\/#\/schema\/person\/image\/\",\"url\":\"https:\/\/www.destrezasyvidaenelmedionatural.es\/wp-content\/uploads\/2021\/08\/cropped-SIN-FONDO-PRUEBA1.png\",\"contentUrl\":\"https:\/\/www.destrezasyvidaenelmedionatural.es\/wp-content\/uploads\/2021\/08\/cropped-SIN-FONDO-PRUEBA1.png\",\"width\":351,\"height\":349,\"caption\":\"admin\"},\"logo\":{\"@id\":\"https:\/\/www.destrezasyvidaenelmedionatural.es\/#\/schema\/person\/image\/\"},\"sameAs\":[\"http:\/\/www.destrezasyvidaenelmedionatural.es\",\"https:\/\/www.facebook.com\/Destrezas.y.Vida.en.el.Medio.Natural\",\"https:\/\/www.instagram.com\/destrezasyvidamn\/\"],\"url\":\"https:\/\/www.destrezasyvidaenelmedionatural.es\/index.php\/author\/admin\/\"}]}<\/script>\n<!-- \/ Yoast SEO plugin. -->","yoast_head_json":{"title":"M\u00e1s All\u00e1 del Kit: Resiliencia, Autonom\u00eda y Mentalidad en la Preparaci\u00f3n - Destrezas y Vida en el Medio Natural","description":"Descubre c\u00f3mo la preparaci\u00f3n para emergencias impulsa tu resiliencia y autonom\u00eda personal. Es una transformaci\u00f3n de mentalidad","robots":{"index":"index","follow":"follow","max-snippet":"max-snippet:-1","max-image-preview":"max-image-preview:large","max-video-preview":"max-video-preview:-1"},"canonical":"https:\/\/www.destrezasyvidaenelmedionatural.es\/index.php\/2025\/08\/05\/resiliencia-autonomia-preparacion-mentalidad\/","og_locale":"es_ES","og_type":"article","og_title":"M\u00e1s All\u00e1 del Kit: Resiliencia, Autonom\u00eda y Mentalidad en la Preparaci\u00f3n - Destrezas y Vida en el Medio Natural","og_description":"Descubre c\u00f3mo la preparaci\u00f3n para emergencias impulsa tu resiliencia y autonom\u00eda personal. Es una transformaci\u00f3n de mentalidad","og_url":"https:\/\/www.destrezasyvidaenelmedionatural.es\/index.php\/2025\/08\/05\/resiliencia-autonomia-preparacion-mentalidad\/","og_site_name":"Destrezas y Vida en el Medio Natural","article_publisher":"https:\/\/www.facebook.com\/Destrezas.y.Vida.en.el.Medio.Natural","article_author":"https:\/\/www.facebook.com\/Destrezas.y.Vida.en.el.Medio.Natural","article_published_time":"2025-08-05T15:01:54+00:00","article_modified_time":"2025-08-05T15:01:56+00:00","og_image":[{"width":2560,"height":1440,"url":"https:\/\/www.destrezasyvidaenelmedionatural.es\/wp-content\/uploads\/2025\/08\/20221001_182550-scaled.jpg","type":"image\/jpeg"}],"author":"admin","twitter_card":"summary_large_image","twitter_creator":"@DestrezasyVida","twitter_site":"@DestrezasyVida","twitter_misc":{"Escrito por":"admin","Tiempo de lectura":"4 minutos"},"schema":{"@context":"https:\/\/schema.org","@graph":[{"@type":"Article","@id":"https:\/\/www.destrezasyvidaenelmedionatural.es\/index.php\/2025\/08\/05\/resiliencia-autonomia-preparacion-mentalidad\/#article","isPartOf":{"@id":"https:\/\/www.destrezasyvidaenelmedionatural.es\/index.php\/2025\/08\/05\/resiliencia-autonomia-preparacion-mentalidad\/"},"author":{"name":"admin","@id":"https:\/\/www.destrezasyvidaenelmedionatural.es\/#\/schema\/person\/05ac69635d864d75006df0853eb7afd3"},"headline":"M\u00e1s All\u00e1 del Kit: Resiliencia, Autonom\u00eda y Mentalidad en la Preparaci\u00f3n","datePublished":"2025-08-05T15:01:54+00:00","dateModified":"2025-08-05T15:01:56+00:00","mainEntityOfPage":{"@id":"https:\/\/www.destrezasyvidaenelmedionatural.es\/index.php\/2025\/08\/05\/resiliencia-autonomia-preparacion-mentalidad\/"},"wordCount":886,"commentCount":0,"publisher":{"@id":"https:\/\/www.destrezasyvidaenelmedionatural.es\/#\/schema\/person\/05ac69635d864d75006df0853eb7afd3"},"image":{"@id":"https:\/\/www.destrezasyvidaenelmedionatural.es\/index.php\/2025\/08\/05\/resiliencia-autonomia-preparacion-mentalidad\/#primaryimage"},"thumbnailUrl":"https:\/\/www.destrezasyvidaenelmedionatural.es\/wp-content\/uploads\/2025\/08\/20221001_182550-1024x576.jpg","inLanguage":"es","potentialAction":[{"@type":"CommentAction","name":"Comment","target":["https:\/\/www.destrezasyvidaenelmedionatural.es\/index.php\/2025\/08\/05\/resiliencia-autonomia-preparacion-mentalidad\/#respond"]}]},{"@type":"WebPage","@id":"https:\/\/www.destrezasyvidaenelmedionatural.es\/index.php\/2025\/08\/05\/resiliencia-autonomia-preparacion-mentalidad\/","url":"https:\/\/www.destrezasyvidaenelmedionatural.es\/index.php\/2025\/08\/05\/resiliencia-autonomia-preparacion-mentalidad\/","name":"M\u00e1s All\u00e1 del Kit: Resiliencia, Autonom\u00eda y Mentalidad en la Preparaci\u00f3n - Destrezas y Vida en el Medio Natural","isPartOf":{"@id":"https:\/\/www.destrezasyvidaenelmedionatural.es\/#website"},"primaryImageOfPage":{"@id":"https:\/\/www.destrezasyvidaenelmedionatural.es\/index.php\/2025\/08\/05\/resiliencia-autonomia-preparacion-mentalidad\/#primaryimage"},"image":{"@id":"https:\/\/www.destrezasyvidaenelmedionatural.es\/index.php\/2025\/08\/05\/resiliencia-autonomia-preparacion-mentalidad\/#primaryimage"},"thumbnailUrl":"https:\/\/www.destrezasyvidaenelmedionatural.es\/wp-content\/uploads\/2025\/08\/20221001_182550-1024x576.jpg","datePublished":"2025-08-05T15:01:54+00:00","dateModified":"2025-08-05T15:01:56+00:00","description":"Descubre c\u00f3mo la preparaci\u00f3n para emergencias impulsa tu resiliencia y autonom\u00eda personal. Es una transformaci\u00f3n de mentalidad","breadcrumb":{"@id":"https:\/\/www.destrezasyvidaenelmedionatural.es\/index.php\/2025\/08\/05\/resiliencia-autonomia-preparacion-mentalidad\/#breadcrumb"},"inLanguage":"es","potentialAction":[{"@type":"ReadAction","target":["https:\/\/www.destrezasyvidaenelmedionatural.es\/index.php\/2025\/08\/05\/resiliencia-autonomia-preparacion-mentalidad\/"]}]},{"@type":"ImageObject","inLanguage":"es","@id":"https:\/\/www.destrezasyvidaenelmedionatural.es\/index.php\/2025\/08\/05\/resiliencia-autonomia-preparacion-mentalidad\/#primaryimage","url":"https:\/\/www.destrezasyvidaenelmedionatural.es\/wp-content\/uploads\/2025\/08\/20221001_182550-scaled.jpg","contentUrl":"https:\/\/www.destrezasyvidaenelmedionatural.es\/wp-content\/uploads\/2025\/08\/20221001_182550-scaled.jpg","width":2560,"height":1440},{"@type":"BreadcrumbList","@id":"https:\/\/www.destrezasyvidaenelmedionatural.es\/index.php\/2025\/08\/05\/resiliencia-autonomia-preparacion-mentalidad\/#breadcrumb","itemListElement":[{"@type":"ListItem","position":1,"name":"Portada","item":"https:\/\/www.destrezasyvidaenelmedionatural.es\/"},{"@type":"ListItem","position":2,"name":"M\u00e1s All\u00e1 del Kit: Resiliencia, Autonom\u00eda y Mentalidad en la Preparaci\u00f3n"}]},{"@type":"WebSite","@id":"https:\/\/www.destrezasyvidaenelmedionatural.es\/#website","url":"https:\/\/www.destrezasyvidaenelmedionatural.es\/","name":"Destrezas y Vida en el Medio Natural","description":"El sitio web Destrezas y Vida en el Medio Natural es un recurso excelente para cualquiera que quiera aprender sobre la naturaleza y c\u00f3mo interactuar con ella de manera segura y respetuosa.","publisher":{"@id":"https:\/\/www.destrezasyvidaenelmedionatural.es\/#\/schema\/person\/05ac69635d864d75006df0853eb7afd3"},"potentialAction":[{"@type":"SearchAction","target":{"@type":"EntryPoint","urlTemplate":"https:\/\/www.destrezasyvidaenelmedionatural.es\/?s={search_term_string}"},"query-input":{"@type":"PropertyValueSpecification","valueRequired":true,"valueName":"search_term_string"}}],"inLanguage":"es"},{"@type":["Person","Organization"],"@id":"https:\/\/www.destrezasyvidaenelmedionatural.es\/#\/schema\/person\/05ac69635d864d75006df0853eb7afd3","name":"admin","image":{"@type":"ImageObject","inLanguage":"es","@id":"https:\/\/www.destrezasyvidaenelmedionatural.es\/#\/schema\/person\/image\/","url":"https:\/\/www.destrezasyvidaenelmedionatural.es\/wp-content\/uploads\/2021\/08\/cropped-SIN-FONDO-PRUEBA1.png","contentUrl":"https:\/\/www.destrezasyvidaenelmedionatural.es\/wp-content\/uploads\/2021\/08\/cropped-SIN-FONDO-PRUEBA1.png","width":351,"height":349,"caption":"admin"},"logo":{"@id":"https:\/\/www.destrezasyvidaenelmedionatural.es\/#\/schema\/person\/image\/"},"sameAs":["http:\/\/www.destrezasyvidaenelmedionatural.es","https:\/\/www.facebook.com\/Destrezas.y.Vida.en.el.Medio.Natural","https:\/\/www.instagram.com\/destrezasyvidamn\/"],"url":"https:\/\/www.destrezasyvidaenelmedionatural.es\/index.php\/author\/admin\/"}]}},"_links":{"self":[{"href":"https:\/\/www.destrezasyvidaenelmedionatural.es\/index.php\/wp-json\/wp\/v2\/posts\/3812","targetHints":{"allow":["GET"]}}],"collection":[{"href":"https:\/\/www.destrezasyvidaenelmedionatural.es\/index.php\/wp-json\/wp\/v2\/posts"}],"about":[{"href":"https:\/\/www.destrezasyvidaenelmedionatural.es\/index.php\/wp-json\/wp\/v2\/types\/post"}],"author":[{"embeddable":true,"href":"https:\/\/www.destrezasyvidaenelmedionatural.es\/index.php\/wp-json\/wp\/v2\/users\/1"}],"replies":[{"embeddable":true,"href":"https:\/\/www.destrezasyvidaenelmedionatural.es\/index.php\/wp-json\/wp\/v2\/comments?post=3812"}],"version-history":[{"count":1,"href":"https:\/\/www.destrezasyvidaenelmedionatural.es\/index.php\/wp-json\/wp\/v2\/posts\/3812\/revisions"}],"predecessor-version":[{"id":3814,"href":"https:\/\/www.destrezasyvidaenelmedionatural.es\/index.php\/wp-json\/wp\/v2\/posts\/3812\/revisions\/3814"}],"wp:attachment":[{"href":"https:\/\/www.destrezasyvidaenelmedionatural.es\/index.php\/wp-json\/wp\/v2\/media?parent=3812"}],"wp:term":[{"taxonomy":"category","embeddable":true,"href":"https:\/\/www.destrezasyvidaenelmedionatural.es\/index.php\/wp-json\/wp\/v2\/categories?post=3812"},{"taxonomy":"post_tag","embeddable":true,"href":"https:\/\/www.destrezasyvidaenelmedionatural.es\/index.php\/wp-json\/wp\/v2\/tags?post=3812"}],"curies":[{"name":"wp","href":"https:\/\/api.w.org\/{rel}","templated":true}]}}