{"id":3947,"date":"2025-09-25T11:54:33","date_gmt":"2025-09-25T11:54:33","guid":{"rendered":"https:\/\/www.destrezasyvidaenelmedionatural.es\/?p=3947"},"modified":"2025-09-25T11:54:35","modified_gmt":"2025-09-25T11:54:35","slug":"quien-puede-unirse-al-viaje-de-descubrimiento-nomadeo","status":"publish","type":"post","link":"https:\/\/www.destrezasyvidaenelmedionatural.es\/index.php\/2025\/09\/25\/quien-puede-unirse-al-viaje-de-descubrimiento-nomadeo\/","title":{"rendered":"\u00bfQui\u00e9n puede unirse al Viaje de Descubrimiento \u00abNOMADEO\u00bb?"},"content":{"rendered":"\n<p><strong>\u00bfSientes que necesitas romper con la rutina y descubrir de qu\u00e9 est\u00e1s hecho realmente?<\/strong>. Esta pregunta resuena en la mente de aquellos que buscan algo m\u00e1s que la cotidianidad, una prueba genuina de resistencia y autoconocimiento. Nosotros, desde el Centro Destrezas y Vida en el Medio Natural, en colaboraci\u00f3n con <a href=\"http:\/\/www.ferrehogar.es\">FerreHogar.es<\/a>, hemos dise\u00f1ado el programa <em>\u00abNOMADEO\u00bb<\/em> precisamente para responder a esa b\u00fasqueda.<\/p>\n\n\n\n<p>Si usted est\u00e1 buscando llevar sus habilidades de auto suficiencia al siguiente nivel, le invitamos a participar en esta <strong>exigente experiencia<\/strong>. Este programa no es simplemente una serie de lecciones pr\u00e1cticas; es un <strong>viaje de descubrimiento y transformaci\u00f3n<\/strong> dise\u00f1ado meticulosamente para impartir los conocimientos y habilidades necesarios para la supervivencia en entornos naturales desafiantes. Nuestro objetivo primordial es fomentar su <strong>autosuficiencia<\/strong> y fortalecer su esp\u00edritu, desafiando sus l\u00edmites en un entorno inigualable].<\/p>\n\n\n<div class=\"wp-block-image\">\n<figure class=\"aligncenter size-large\"><img fetchpriority=\"high\" decoding=\"async\" width=\"1024\" height=\"577\" src=\"https:\/\/www.destrezasyvidaenelmedionatural.es\/wp-content\/uploads\/2025\/09\/20241017_162920-1024x577.jpg\" alt=\"\" class=\"wp-image-3952\" srcset=\"https:\/\/www.destrezasyvidaenelmedionatural.es\/wp-content\/uploads\/2025\/09\/20241017_162920-1024x577.jpg 1024w, https:\/\/www.destrezasyvidaenelmedionatural.es\/wp-content\/uploads\/2025\/09\/20241017_162920-300x169.jpg 300w, https:\/\/www.destrezasyvidaenelmedionatural.es\/wp-content\/uploads\/2025\/09\/20241017_162920-768x432.jpg 768w, https:\/\/www.destrezasyvidaenelmedionatural.es\/wp-content\/uploads\/2025\/09\/20241017_162920-1536x865.jpg 1536w, https:\/\/www.destrezasyvidaenelmedionatural.es\/wp-content\/uploads\/2025\/09\/20241017_162920-2048x1153.jpg 2048w\" sizes=\"(max-width: 1024px) 100vw, 1024px\" \/><\/figure>\n<\/div>\n\n\n<p>El programa <em>\u00abNOMADEO\u00bb<\/em> es un curso intensivo y totalmente itinerante, que se desarrollar\u00e1 durante <strong>cuatro d\u00edas de actividad <em>non-stop<\/em><\/strong>, del 16 al 19 de octubre de 2025. Al embarcarse en este <em>viaje<\/em>, usted se sumergir\u00e1 en la esencia del nomadeo, aprendiendo a moverse con agilidad y sabidur\u00eda por un terreno que, aunque arduo, es notablemente rico en recursos y belleza natural.<\/p>\n\n\n\n<h2 class=\"wp-block-heading\">I. Requisitos y Destinatarios: El Perfil del Aventurero<\/h2>\n\n\n\n<p>La primera pregunta que debe plantearse quien contemple esta <em>experiencia<\/em> es: \u00bfEstoy preparado para el desaf\u00edo?<\/p>\n\n\n\n<h3 class=\"wp-block-heading\">\u00bfA qui\u00e9n est\u00e1 Dirigido el Curso \u00abNOMADEO\u00bb?<\/h3>\n\n\n\n<p>Nosotros hemos abierto las puertas del <em>\u00abNOMADEO\u00bb<\/em> a dos perfiles principales de participantes:<\/p>\n\n\n\n<ol class=\"wp-block-list\">\n<li><strong>Alumnos que hayan realizado previamente un curso<\/strong> <strong>en el centro<\/strong>.<\/li>\n\n\n\n<li><strong>Aquellos interesados directamente en el curso de NOMADEO<\/strong>, buscando una inmersi\u00f3n completa en el estilo de vida itinerante y las t\u00e9cnicas avanzadas.<\/li>\n<\/ol>\n\n\n\n<p>Si bien no es imprescindible haber realizado un curso previo de supervivencia, la naturaleza exigente y continua de la actividad nos obliga a ser claros: para asegurar que disfrute al m\u00e1ximo y pueda moverse con agilidad y sabidur\u00eda, <strong>se requiere una condici\u00f3n f\u00edsica aceptable<\/strong>. Es fundamental que los participantes est\u00e9n preparados para resistir cuatro d\u00edas de movimiento constante (<em>non-stop<\/em>) en un clima semi\u00e1rido, donde se enfrentar\u00e1n a desaf\u00edos como la instalaci\u00f3n y empleo de medios semipermanentes de paso de obst\u00e1culos, <em>rapel<\/em>, <em>tirolina<\/em>, <em>puente mono<\/em> y <em>pasarela japonesa<\/em>.<\/p>\n\n\n\n<p>Para aquellos con dietas espec\u00edficas (vegetariana, vegana, etc.) o con intolerancias\/alergias, la organizaci\u00f3n solicita que se indique en la hoja de registro para poder adaptar las comidas (desayuno, comida y cena) que ser\u00e1n proporcionadas durante el curso.<\/p>\n\n\n\n<h3 class=\"wp-block-heading\">La Filosof\u00eda de la Transformaci\u00f3n: M\u00e1s All\u00e1 de la T\u00e9cnica<\/h3>\n\n\n\n<p>Este es su momento para ampliar sus conocimientos sobre el entorno natural y fomentar su <strong>autosuficiencia<\/strong> en condiciones adversas. Los objetivos que perseguimos con este programa intensivo se centran en el desarrollo integral del participante:<\/p>\n\n\n\n<ul class=\"wp-block-list\">\n<li>Desarrollar habilidades pr\u00e1cticas de supervivencia espec\u00edficas para entornos semi\u00e1ridos.<\/li>\n\n\n\n<li>Ampliar el conocimiento sobre la biodiversidad, la flora y los recursos naturales de la regi\u00f3n de Fortuna, Murcia.<\/li>\n\n\n\n<li>Fomentar la autosuficiencia y la capacidad de <em>vivac<\/em> en condiciones adversas.<\/li>\n\n\n\n<li>Fortalecer la <strong>resistencia f\u00edsica y mental<\/strong> a trav\u00e9s de actividades <em>non-stop<\/em>.<\/li>\n<\/ul>\n\n\n\n<h2 class=\"wp-block-heading\">II. El Escenario del Reto: La Geolog\u00eda y el Ecosistema de la Palestina Murciana<\/h2>\n\n\n\n<figure class=\"wp-block-gallery has-nested-images columns-default is-cropped wp-block-gallery-1 is-layout-flex wp-block-gallery-is-layout-flex\">\n<figure class=\"wp-block-image size-large\"><img decoding=\"async\" width=\"1000\" height=\"667\" data-id=\"3954\" src=\"https:\/\/www.destrezasyvidaenelmedionatural.es\/wp-content\/uploads\/2025\/09\/16152812742305.jpg\" alt=\"\" class=\"wp-image-3954\" srcset=\"https:\/\/www.destrezasyvidaenelmedionatural.es\/wp-content\/uploads\/2025\/09\/16152812742305.jpg 1000w, https:\/\/www.destrezasyvidaenelmedionatural.es\/wp-content\/uploads\/2025\/09\/16152812742305-300x200.jpg 300w, https:\/\/www.destrezasyvidaenelmedionatural.es\/wp-content\/uploads\/2025\/09\/16152812742305-768x512.jpg 768w\" sizes=\"(max-width: 1000px) 100vw, 1000px\" \/><\/figure>\n\n\n\n<figure class=\"wp-block-image size-large\"><img decoding=\"async\" width=\"720\" height=\"540\" data-id=\"3953\" src=\"https:\/\/www.destrezasyvidaenelmedionatural.es\/wp-content\/uploads\/2025\/09\/Yacimiento-09-1.jpg\" alt=\"\" class=\"wp-image-3953\" srcset=\"https:\/\/www.destrezasyvidaenelmedionatural.es\/wp-content\/uploads\/2025\/09\/Yacimiento-09-1.jpg 720w, https:\/\/www.destrezasyvidaenelmedionatural.es\/wp-content\/uploads\/2025\/09\/Yacimiento-09-1-300x225.jpg 300w\" sizes=\"(max-width: 720px) 100vw, 720px\" \/><\/figure>\n<\/figure>\n\n\n\n<p>El <em>viaje<\/em> tiene lugar en la Regi\u00f3n de Murcia, espec\u00edficamente en el <strong>semi\u00e1rido de Fortuna y Abanilla<\/strong>. Esta \u00e1rea, con su clima caracter\u00edstico del sureste espa\u00f1ol, es conocida popularmente como la <strong>\u00abPalestina Murciana\u00bb<\/strong> por su fascinante combinaci\u00f3n de paisajes des\u00e9rticos y la presencia de oasis de vegetaci\u00f3n.<\/p>\n\n\n\n<h3 class=\"wp-block-heading\">Un Paisaje Ancestral Esculpido por el Tiempo<\/h3>\n\n\n\n<p>La Regi\u00f3n de Murcia, y en particular la cuenca de Fortuna, es un archivo geol\u00f3gico excepcional. Los paisajes que recorrer\u00e1 fueron, hace millones de a\u00f1os, <strong>fondos marinos<\/strong>.<\/p>\n\n\n<div class=\"wp-block-image\">\n<figure class=\"aligncenter size-full\"><img loading=\"lazy\" decoding=\"async\" width=\"400\" height=\"300\" src=\"https:\/\/www.destrezasyvidaenelmedionatural.es\/wp-content\/uploads\/2025\/09\/74323959.400x300.jpg\" alt=\"\" class=\"wp-image-3955\" srcset=\"https:\/\/www.destrezasyvidaenelmedionatural.es\/wp-content\/uploads\/2025\/09\/74323959.400x300.jpg 400w, https:\/\/www.destrezasyvidaenelmedionatural.es\/wp-content\/uploads\/2025\/09\/74323959.400x300-300x225.jpg 300w\" sizes=\"(max-width: 400px) 100vw, 400px\" \/><\/figure>\n<\/div>\n\n\n<p>La cuenca del R\u00edo Ch\u00edcamo se localiza en el sector m\u00e1s \u00e1rido de Murcia, con una precipitaci\u00f3n media anual muy baja (alrededor de 250 mm) y temperaturas medias elevadas (aproximadamente 18\u00b0C). La geolog\u00eda dominante en esta regi\u00f3n consiste en <strong>margas grises, ricas en yeso<\/strong>, que son blandas y f\u00e1cilmente erosionables.<\/p>\n\n\n\n<h4 class=\"wp-block-heading\">Los <em>Badlands<\/em>: Tierra Bald\u00eda y la Herencia del Messiniense<\/h4>\n\n\n\n<p>El rasgo m\u00e1s distintivo de esta zona son los <strong>badlands<\/strong> (tierras bald\u00edas o yermas). Estos son paisajes \u00e1ridos que han sido extensamente erosionados por el agua y el viento. Las <em>badlands<\/em> de Abanilla y Mahoya son notables por sus c\u00e1rcavas, ca\u00f1ones y barrancos esculpidos.<\/p>\n\n\n<div class=\"wp-block-image\">\n<figure class=\"aligncenter size-full\"><img loading=\"lazy\" decoding=\"async\" width=\"640\" height=\"415\" src=\"https:\/\/www.destrezasyvidaenelmedionatural.es\/wp-content\/uploads\/2025\/09\/16152816422078.jpg\" alt=\"\" class=\"wp-image-3956\" srcset=\"https:\/\/www.destrezasyvidaenelmedionatural.es\/wp-content\/uploads\/2025\/09\/16152816422078.jpg 640w, https:\/\/www.destrezasyvidaenelmedionatural.es\/wp-content\/uploads\/2025\/09\/16152816422078-300x195.jpg 300w\" sizes=\"(max-width: 640px) 100vw, 640px\" \/><\/figure>\n<\/div>\n\n\n<p>El t\u00e9rmino <em>badlands<\/em> es apropiado, pues originalmente los cazadores franceses las llamaban <em>les mauvaises terres \u00e0 traverser<\/em> (\u00ablas tierras malas para cruzar\u00bb), debido a sus cuestas empinadas y la tierra suelta que dificulta el tr\u00e1nsito. Recorrer estos barrancos majestuosos es parte integral del reto de <em>NOMADEO<\/em>.<\/p>\n\n\n\n<p>Estos paisajes, a veces llamados el <strong>\u00abPaisaje Lunar de Murcia\u00bb<\/strong>, son un testimonio vivo del pasado geol\u00f3gico. Las rocas sedimentarias, como las margas y calizas de origen marino, se formaron hace m\u00e1s de 10 millones de a\u00f1os. De hecho, los estudios geol\u00f3gicos en la Cuenca de Fortuna son cruciales para entender el Messiniense (Mioceno Superior), un periodo que, aunque las formaciones evapor\u00edticas de Fortuna\/Lorca se depositaron antes de la Crisis de Salinidad del Mediterr\u00e1neo, s\u00ed registran la acumulaci\u00f3n de m\u00e1s de 600 metros de sedimentos durante esta \u00e9poca.<\/p>\n\n\n\n<h3 class=\"wp-block-heading\">El Oasis del Ch\u00edcamo: Vida en la Aridez<\/h3>\n\n\n\n<p>En medio de esta aridez, usted caminar\u00e1 con su mochila con el calor abrasador y el viento seco acariciando su rostro mientras se adentra en el oasis. El <strong>R\u00edo Ch\u00edcamo<\/strong> es el principal protagonista, un peque\u00f1o curso de agua que, milagrosamente, es permanente y crea un aut\u00e9ntico oasis en medio de la sequedad entre Fortuna y Abanilla.<\/p>\n\n\n\n<p>El r\u00edo Ch\u00edcamo est\u00e1 catalogado como Lugar de Importancia Comunitaria y, desde 2017, como <strong>Reserva Natural Fluvial<\/strong>, destacando su valor biol\u00f3gico y geol\u00f3gico. Sus aguas son <strong>hiposalinas<\/strong> (salinas, pero con bajo contenido), una caracter\u00edstica dada por las margas mioc\u00e9nicas ricas en yeso de la cuenca. El curso serpentea a trav\u00e9s de un <strong>frondoso vergel<\/strong> rodeado de vegetaci\u00f3n t\u00edpica de oasis, incluyendo palmeras (como la palmera datilera y la casi extinta <em>Phoenix iberica<\/em>), olmos, tarays, carrizos, y adelfas (baladre).<\/p>\n\n\n\n<p>El programa de <em>Nomadeo<\/em> le llevar\u00e1 a recorrer la Senda Natural del R\u00edo Ch\u00edcamo, que se adentra en paisajes que recuerdan a la desolaci\u00f3n y la belleza primigenia de la Tierra, incluyendo la espectacular <strong>Rambla de la Parra<\/strong>, donde se atraviesan cantos rodados y paredes esculpidas por el tiempo.<\/p>\n\n\n\n<h2 class=\"wp-block-heading\">III. Itinerario y Destrezas: La Evoluci\u00f3n de la Supervivencia<\/h2>\n\n\n\n<p>Durante los cuatro d\u00edas de esta <em>experiencia<\/em>, el aprendizaje es constante, combinando la teor\u00eda y la pr\u00e1ctica en un entorno que lo exige todo [pr\u00f3logo del usuario].<\/p>\n\n\n\n<h3 class=\"wp-block-heading\">D\u00eda 1: Conexi\u00f3n con el Entorno (16 de octubre)<\/h3>\n\n\n\n<p>Nuestra aventura comienza a las 15:00 en el Centro Social de Las Casicas, en el coraz\u00f3n de la Sierra de la Pila. Tras la revisi\u00f3n del equipo y la explicaci\u00f3n de normas, nos adentraremos en la Senda Natural del R\u00edo Ch\u00edcamo.<\/p>\n\n\n\n<p>Este primer d\u00eda sirve para <strong>conectar con el entorno<\/strong>, aprender sobre la flora y fauna adaptada a estas condiciones extremas, y descifrar el lenguaje de las plantas y animales. El d\u00eda culmina con el <strong>primer <em>vivac<\/em><\/strong> de la expedici\u00f3n, una experiencia fundamental para iniciar su conexi\u00f3n con el medio natural.<\/p>\n\n\n\n<h3 class=\"wp-block-heading\">D\u00eda 2: Dominando el Semi\u00e1rido (17 de octubre)<\/h3>\n\n\n\n<p>El d\u00eda 2 se centra en <em>El Arte de la Supervivencia<\/em>. A medida que el sol alcance su punto m\u00e1s alto, la prioridad ser\u00e1 la <strong>hidrataci\u00f3n y la protecci\u00f3n contra el calor<\/strong>. Aprender\u00e1 a identificar y tratar s\u00edntomas de deshidrataci\u00f3n y golpe de calor. El entrenamiento incluye t\u00e9cnicas ancestrales para:<\/p>\n\n\n\n<ul class=\"wp-block-list\">\n<li>Encontrar agua y plantas comestibles.<\/li>\n\n\n\n<li>Rastrear huellas y seguir senderos ocultos.<\/li>\n\n\n\n<li>Descubrir abrigos y refugios naturales, incluyendo cuevas.<\/li>\n<\/ul>\n\n\n\n<p>Recorreremos el entorno de la <strong>Rambla de la Parra<\/strong>, un cauce seco pero emocionante, con sus formaciones geol\u00f3gicas de yesos y calizas de m\u00e1s de 200 millones de a\u00f1os de antig\u00fcedad.<\/p>\n\n\n\n<h3 class=\"wp-block-heading\">D\u00eda 3: Orientaci\u00f3n y Resistencia (18 de octubre)<\/h3>\n\n\n\n<p>El tercer d\u00eda, <em>Navegando lo Desconocido<\/em>, nos llevar\u00e1 hacia la <strong>Rambla de la Artesica<\/strong> y la cima de la <strong>Sierra del Corque<\/strong>. Aqu\u00ed se pondr\u00e1n en pr\u00e1ctica t\u00e9cnicas avanzadas de orientaci\u00f3n:<\/p>\n\n\n\n<ul class=\"wp-block-list\">\n<li>Navegaci\u00f3n con <strong>mapa y br\u00fajula<\/strong>.<\/li>\n\n\n\n<li>Lectura del cielo y las se\u00f1ales naturales.<\/li>\n<\/ul>\n\n\n\n<p>Este tramo fortalecer\u00e1 sus habilidades de navegaci\u00f3n, llev\u00e1ndole por barrancos erosionados (<em>badlands<\/em>) y a trav\u00e9s de ricas huertas f\u00e9rtiles y zonas boscosas, destacando el contraste ecol\u00f3gico de la Regi\u00f3n de Murcia.<\/p>\n\n\n\n<h3 class=\"wp-block-heading\">D\u00eda 4: Culminaci\u00f3n del Desaf\u00edo (19 de octubre)<\/h3>\n\n\n\n<p>El <em>D\u00eda del Desaf\u00edo Final<\/em> es la prueba de fuego de esta <em>experiencia<\/em>. Aqu\u00ed, usted pondr\u00e1 en pr\u00e1ctica todo lo aprendido. Se le requerir\u00e1 utilizar destrezas de paso de obst\u00e1culos, incluyendo la instalaci\u00f3n y empleo de <strong>medios semipermanentes<\/strong> como el <em>rapel<\/em>, la <em>tirolina<\/em>, el <em>puente mono<\/em> y la <em>pasarela japonesa<\/em>.<\/p>\n\n\n\n<p>El curso concluir\u00e1 con la <strong>entrega de diplomas<\/strong>, simbolizando el logro inolvidable y la satisfacci\u00f3n de haber dominado las destrezas esenciales para prosperar en un entorno natural desafiante.<\/p>\n\n\n\n<h2 class=\"wp-block-heading\">IV. El Equipo Humano y Log\u00edstico de su Viaje<\/h2>\n\n\n\n<p>Un <em>viaje<\/em> de esta magnitud requiere de la experiencia y el apoyo de profesionales cualificados y de una log\u00edstica impecable.<\/p>\n\n\n\n<h3 class=\"wp-block-heading\">Profesorado y Credenciales: Autoridad y Experiencia<\/h3>\n\n\n\n<p>El curso es impartido por un equipo docente de profesionales con <strong>dilatada experiencia<\/strong> en el medio natural, garantizando la m\u00e1xima calidad en la ense\u00f1anza y seguridad:<\/p>\n\n\n\n<ul class=\"wp-block-list\">\n<li><strong>Manuel Hern\u00e1ndez Aliaga<\/strong> y <strong>Juli\u00e1n Holgu\u00edn Polo<\/strong>, ambos Master en Supervivencia por la Universidad de Granada.<\/li>\n\n\n\n<li><strong>Carlos Argudo<\/strong>, Doctor en Ciencias del Deporte y profesor de la Universidad de Murcia.<\/li>\n\n\n\n<li><strong>Fernando Maestre<\/strong>, Master en Supervivencia e Inspector jefe P.N..<\/li>\n\n\n\n<li><strong>Jorge de FerreHogar<\/strong>, CEO de FerreHogar, aventurero y deportista.<\/li>\n\n\n\n<li>Otros profesionales de relevancia como <strong>Gabriel Hern\u00e1ndez Guillam\u00f3n<\/strong> y <strong>Patricio Villaescusa<\/strong> (experto en artes primitivas\/Bushcraft, Survival).<\/li>\n<\/ul>\n\n\n\n<p>Este nivel de autoridad y conocimiento asegura que las t\u00e9cnicas y los conocimientos transmitidos no son solo te\u00f3ricos, sino validadas por a\u00f1os de pr\u00e1ctica y especializaci\u00f3n.<\/p>\n\n\n\n<h3 class=\"wp-block-heading\">Preparaci\u00f3n Esencial y Log\u00edstica Incluida<\/h3>\n\n\n\n<p>Nosotros aportamos herramientas cruciales para el desarrollo de la <em>experiencia<\/em>, incluyendo:<\/p>\n\n\n\n<ul class=\"wp-block-list\">\n<li>Herramientas para construcci\u00f3n y obtenci\u00f3n de recursos.<\/li>\n\n\n\n<li>Material de orientaci\u00f3n (mapas, br\u00fajulas).<\/li>\n\n\n\n<li><strong>Coche de Apoyo<\/strong>.<\/li>\n\n\n\n<li>Comida completa (desayuno, comida y cena).<\/li>\n<\/ul>\n\n\n\n<p>El equipo personal necesario debe ser llevado por cada alumno en su mochila, incluyendo elementos como saco de dormir adecuado (0\u00ba), esterilla aislante, tapones para los o\u00eddos, equipo para vadear (sandalias o escarpines, bolsas estancas), y gafas de protecci\u00f3n.<\/p>\n\n\n\n<h2 class=\"wp-block-heading\">V. Preguntas Frecuentes (FAQs) sobre el Curso NOMADEO<\/h2>\n\n\n\n<h3 class=\"wp-block-heading\">\u00bfLas formaciones geol\u00f3gicas del entorno son solo <em>badlands<\/em>?<\/h3>\n\n\n\n<p>No, el \u00e1rea de Fortuna y Abanilla es geol\u00f3gicamente muy rica. Adem\u00e1s de los <em>badlands<\/em> (tierras bald\u00edas) formados en margas y calizas de origen marino, el curso pasa por el impresionante <strong>Ca\u00f1\u00f3n de El Cajer<\/strong> (o Cortados del Cajel), un desfiladero de hasta 40 metros de altura y apenas 2 metros de anchura, formado en una roca denominada conglomerado hace entre 7 y 10 millones de a\u00f1os. Este ca\u00f1\u00f3n es un Lugar de Inter\u00e9s Geol\u00f3gico (LIG) y muestra la historia geol\u00f3gica del lugar y la antigua presencia marina en la zona.<\/p>\n\n\n\n<h3 class=\"wp-block-heading\">\u00bfQu\u00e9 tipo de fauna podremos encontrar en el R\u00edo Ch\u00edcamo?<\/h3>\n\n\n\n<p>El curso ofrece una oportunidad \u00fanica para observar la rica biodiversidad local. La fauna est\u00e1 adaptada a condiciones de aridez y calor. Lo m\u00e1s destacado del entorno fluvial, adem\u00e1s de las aves como la Carraca o el alcarav\u00e1n, es el <strong>fartet<\/strong> (<em>Luiciobarbus sclateri<\/em>), un pez en peligro de extinci\u00f3n, cuya presencia es \u00fanica en el continente. Tambi\u00e9n se pueden observar otras especies como el gal\u00e1pago leproso y varias especies de culebras y lagartijas.<\/p>\n\n\n\n<h3 class=\"wp-block-heading\">\u00bfEste curso ofrece solo conocimientos pr\u00e1cticos?<\/h3>\n\n\n\n<p>Aunque el curso es eminentemente pr\u00e1ctico, su dise\u00f1o tambi\u00e9n ofrece un importante marco de <strong>convivencia y relaciones en y con el medio natural<\/strong>, fuente de valiosas <em>experiencias<\/em> que contribuyen al crecimiento personal y a una nueva perspectiva sobre la conexi\u00f3n con la naturaleza. Adem\u00e1s, la inmersi\u00f3n en un paisaje que ha sido hogar de culturas ancestrales (con constancia de uso de regad\u00edo desde \u00e9poca romana y musulmana en el Ch\u00edcamo), a\u00f1ade una capa de conocimiento hist\u00f3rico y cultural al <em>viaje<\/em>.<\/p>\n\n\n\n<hr class=\"wp-block-separator has-alpha-channel-opacity\"\/>\n\n\n\n<h6 class=\"wp-block-heading\">\u00bfSab\u00edas que\u2026? El nombre de la localidad de Abanilla proviene de su origen isl\u00e1mico, <em>Al-Banyla<\/em> o <em>Al-Bayada<\/em>, que significa <strong>\u00abCiudad Blanca\u00bb<\/strong>. Este nombre se debe a la blancura de sus tierras, caracter\u00edstica de la geograf\u00eda de la zona y de las margas que predominan en su geolog\u00eda. Durante la dominaci\u00f3n musulmana, Abanilla fue conocida por la fabricaci\u00f3n de tapices y fue un lugar de importancia estrat\u00e9gica. El R\u00edo Ch\u00edcamo, adem\u00e1s, fue aprovechado por los abanilleros durante siglos, incluso albergando <strong>cinco molinos harineros<\/strong> y una peque\u00f1a <strong>central hidroel\u00e9ctrica<\/strong> construida a principios del siglo XX que llev\u00f3 la luz en 1932 a varias pedan\u00edas.<\/h6>\n\n\n\n<hr class=\"wp-block-separator has-alpha-channel-opacity\"\/>\n\n\n\n<h2 class=\"wp-block-heading\">El Comienzo de un Nuevo Nomadeo<\/h2>\n\n\n\n<p>En este curso intensivo, no solo aprender\u00e1 a sobrevivir, sino a <strong>vivir plenamente en armon\u00eda con el medio natural<\/strong>. La <em>experiencia NOMADEO<\/em> es una oportunidad \u00fanica para poner a prueba su <strong>resistencia f\u00edsica y mental<\/strong> mientras se sumerge en la milenaria geolog\u00eda y el singular ecosistema de la \u00abPalestina Murciana\u00bb.<\/p>\n\n\n\n<p>A lo largo de estos cuatro d\u00edas, del 16 al 19 de octubre, le proporcionaremos las herramientas pr\u00e1cticas, los conocimientos profundos y, sobre todo, una nueva perspectiva sobre lo que significa estar verdaderamente conectado con la naturaleza. Ajuste su mochila [pr\u00f3logo del usuario], prep\u00e1rese para el <strong>calor abrasador<\/strong> [pr\u00f3logo del usuario], y disp\u00f3ngase a forjar una <strong>autosuficiencia<\/strong> que le ser\u00e1 \u00fatil en cualquier condici\u00f3n adversa [pr\u00f3logo del usuario].<\/p>\n\n\n\n<p><em>\u00a1Bienvenido al Curso de Nomadeo!<\/em>. Es hora de convertir el desaf\u00edo en un <strong>logro inolvidable<\/strong>.<\/p>\n\n\n<div class=\"wp-block-image\">\n<figure class=\"aligncenter size-large\"><img loading=\"lazy\" decoding=\"async\" width=\"1024\" height=\"1024\" src=\"https:\/\/www.destrezasyvidaenelmedionatural.es\/wp-content\/uploads\/2025\/09\/Preparate-para-la-aventura-de-tu-vida-1-1024x1024.jpg\" alt=\"\" class=\"wp-image-3957\" srcset=\"https:\/\/www.destrezasyvidaenelmedionatural.es\/wp-content\/uploads\/2025\/09\/Preparate-para-la-aventura-de-tu-vida-1-1024x1024.jpg 1024w, https:\/\/www.destrezasyvidaenelmedionatural.es\/wp-content\/uploads\/2025\/09\/Preparate-para-la-aventura-de-tu-vida-1-300x300.jpg 300w, https:\/\/www.destrezasyvidaenelmedionatural.es\/wp-content\/uploads\/2025\/09\/Preparate-para-la-aventura-de-tu-vida-1-150x150.jpg 150w, https:\/\/www.destrezasyvidaenelmedionatural.es\/wp-content\/uploads\/2025\/09\/Preparate-para-la-aventura-de-tu-vida-1-768x768.jpg 768w, https:\/\/www.destrezasyvidaenelmedionatural.es\/wp-content\/uploads\/2025\/09\/Preparate-para-la-aventura-de-tu-vida-1.jpg 1080w\" sizes=\"(max-width: 1024px) 100vw, 1024px\" \/><\/figure>\n<\/div>","protected":false},"excerpt":{"rendered":"<p>\u00bfSientes que necesitas romper con la rutina y descubrir de qu\u00e9 est\u00e1s hecho realmente?. Esta pregunta resuena en la mente de aquellos que buscan algo m\u00e1s que la cotidianidad, una prueba genuina de resistencia y autoconocimiento. Nosotros, desde el Centro Destrezas y Vida en el Medio Natural, en colaboraci\u00f3n con FerreHogar.es, hemos dise\u00f1ado el programa &hellip;<\/p>\n<p class=\"read-more\"> <a class=\"\" href=\"https:\/\/www.destrezasyvidaenelmedionatural.es\/index.php\/2025\/09\/25\/quien-puede-unirse-al-viaje-de-descubrimiento-nomadeo\/\"> <span class=\"screen-reader-text\">\u00bfQui\u00e9n puede unirse al Viaje de Descubrimiento \u00abNOMADEO\u00bb?<\/span> Leer m\u00e1s &raquo;<\/a><\/p>\n","protected":false},"author":1,"featured_media":0,"comment_status":"open","ping_status":"open","sticky":false,"template":"","format":"standard","meta":{"episode_type":"","audio_file":"","cover_image":"","cover_image_id":"","duration":"","filesize":"","date_recorded":"","explicit":"","block":"","filesize_raw":"","footnotes":""},"categories":[8],"tags":[],"class_list":["post-3947","post","type-post","status-publish","format-standard","hentry","category-blog"],"yoast_head":"<!-- This site is optimized with the Yoast SEO plugin v23.8 - https:\/\/yoast.com\/wordpress\/plugins\/seo\/ -->\n<title>\u00bfQui\u00e9n puede unirse al Viaje de Descubrimiento \u00abNOMADEO\u00bb? - Destrezas y Vida en el Medio Natural<\/title>\n<meta name=\"description\" content=\"En NOMADEO aprender\u00e1s t\u00e9cnicas ancestrales de supervivencia, adaptadas a la vida de hoy. Del semi\u00e1rido\u2026 al autodescubrimiento\" \/>\n<meta name=\"robots\" content=\"index, follow, max-snippet:-1, max-image-preview:large, max-video-preview:-1\" \/>\n<link rel=\"canonical\" href=\"https:\/\/www.destrezasyvidaenelmedionatural.es\/index.php\/2025\/09\/25\/quien-puede-unirse-al-viaje-de-descubrimiento-nomadeo\/\" \/>\n<meta property=\"og:locale\" content=\"es_ES\" \/>\n<meta property=\"og:type\" content=\"article\" \/>\n<meta property=\"og:title\" content=\"\u00bfQui\u00e9n puede unirse al Viaje de Descubrimiento \u00abNOMADEO\u00bb? - Destrezas y Vida en el Medio Natural\" \/>\n<meta property=\"og:description\" content=\"En NOMADEO aprender\u00e1s t\u00e9cnicas ancestrales de supervivencia, adaptadas a la vida de hoy. Del semi\u00e1rido\u2026 al autodescubrimiento\" \/>\n<meta property=\"og:url\" content=\"https:\/\/www.destrezasyvidaenelmedionatural.es\/index.php\/2025\/09\/25\/quien-puede-unirse-al-viaje-de-descubrimiento-nomadeo\/\" \/>\n<meta property=\"og:site_name\" content=\"Destrezas y Vida en el Medio Natural\" \/>\n<meta property=\"article:publisher\" content=\"https:\/\/www.facebook.com\/Destrezas.y.Vida.en.el.Medio.Natural\" \/>\n<meta property=\"article:author\" content=\"https:\/\/www.facebook.com\/Destrezas.y.Vida.en.el.Medio.Natural\" \/>\n<meta property=\"article:published_time\" content=\"2025-09-25T11:54:33+00:00\" \/>\n<meta property=\"article:modified_time\" content=\"2025-09-25T11:54:35+00:00\" \/>\n<meta property=\"og:image\" content=\"https:\/\/www.destrezasyvidaenelmedionatural.es\/wp-content\/uploads\/2025\/09\/20241017_162920-scaled.jpg\" \/>\n\t<meta property=\"og:image:width\" content=\"2560\" \/>\n\t<meta property=\"og:image:height\" content=\"1441\" \/>\n\t<meta property=\"og:image:type\" content=\"image\/jpeg\" \/>\n<meta name=\"author\" content=\"admin\" \/>\n<meta name=\"twitter:card\" content=\"summary_large_image\" \/>\n<meta name=\"twitter:creator\" content=\"@DestrezasyVida\" \/>\n<meta name=\"twitter:site\" content=\"@DestrezasyVida\" \/>\n<meta name=\"twitter:label1\" content=\"Escrito por\" \/>\n\t<meta name=\"twitter:data1\" content=\"admin\" \/>\n\t<meta name=\"twitter:label2\" content=\"Tiempo de lectura\" \/>\n\t<meta name=\"twitter:data2\" content=\"12 minutos\" \/>\n<script type=\"application\/ld+json\" class=\"yoast-schema-graph\">{\"@context\":\"https:\/\/schema.org\",\"@graph\":[{\"@type\":\"NewsArticle\",\"@id\":\"https:\/\/www.destrezasyvidaenelmedionatural.es\/index.php\/2025\/09\/25\/quien-puede-unirse-al-viaje-de-descubrimiento-nomadeo\/#article\",\"isPartOf\":{\"@id\":\"https:\/\/www.destrezasyvidaenelmedionatural.es\/index.php\/2025\/09\/25\/quien-puede-unirse-al-viaje-de-descubrimiento-nomadeo\/\"},\"author\":{\"name\":\"admin\",\"@id\":\"https:\/\/www.destrezasyvidaenelmedionatural.es\/#\/schema\/person\/05ac69635d864d75006df0853eb7afd3\"},\"headline\":\"\u00bfQui\u00e9n puede unirse al Viaje de Descubrimiento \u00abNOMADEO\u00bb?\",\"datePublished\":\"2025-09-25T11:54:33+00:00\",\"dateModified\":\"2025-09-25T11:54:35+00:00\",\"mainEntityOfPage\":{\"@id\":\"https:\/\/www.destrezasyvidaenelmedionatural.es\/index.php\/2025\/09\/25\/quien-puede-unirse-al-viaje-de-descubrimiento-nomadeo\/\"},\"wordCount\":2377,\"commentCount\":0,\"publisher\":{\"@id\":\"https:\/\/www.destrezasyvidaenelmedionatural.es\/#\/schema\/person\/05ac69635d864d75006df0853eb7afd3\"},\"image\":{\"@id\":\"https:\/\/www.destrezasyvidaenelmedionatural.es\/index.php\/2025\/09\/25\/quien-puede-unirse-al-viaje-de-descubrimiento-nomadeo\/#primaryimage\"},\"thumbnailUrl\":\"https:\/\/www.destrezasyvidaenelmedionatural.es\/wp-content\/uploads\/2025\/09\/20241017_162920-1024x577.jpg\",\"articleSection\":[\"Blog\"],\"inLanguage\":\"es\",\"potentialAction\":[{\"@type\":\"CommentAction\",\"name\":\"Comment\",\"target\":[\"https:\/\/www.destrezasyvidaenelmedionatural.es\/index.php\/2025\/09\/25\/quien-puede-unirse-al-viaje-de-descubrimiento-nomadeo\/#respond\"]}]},{\"@type\":[\"WebPage\",\"AboutPage\"],\"@id\":\"https:\/\/www.destrezasyvidaenelmedionatural.es\/index.php\/2025\/09\/25\/quien-puede-unirse-al-viaje-de-descubrimiento-nomadeo\/\",\"url\":\"https:\/\/www.destrezasyvidaenelmedionatural.es\/index.php\/2025\/09\/25\/quien-puede-unirse-al-viaje-de-descubrimiento-nomadeo\/\",\"name\":\"\u00bfQui\u00e9n puede unirse al Viaje de Descubrimiento \u00abNOMADEO\u00bb? - Destrezas y Vida en el Medio Natural\",\"isPartOf\":{\"@id\":\"https:\/\/www.destrezasyvidaenelmedionatural.es\/#website\"},\"primaryImageOfPage\":{\"@id\":\"https:\/\/www.destrezasyvidaenelmedionatural.es\/index.php\/2025\/09\/25\/quien-puede-unirse-al-viaje-de-descubrimiento-nomadeo\/#primaryimage\"},\"image\":{\"@id\":\"https:\/\/www.destrezasyvidaenelmedionatural.es\/index.php\/2025\/09\/25\/quien-puede-unirse-al-viaje-de-descubrimiento-nomadeo\/#primaryimage\"},\"thumbnailUrl\":\"https:\/\/www.destrezasyvidaenelmedionatural.es\/wp-content\/uploads\/2025\/09\/20241017_162920-1024x577.jpg\",\"datePublished\":\"2025-09-25T11:54:33+00:00\",\"dateModified\":\"2025-09-25T11:54:35+00:00\",\"description\":\"En NOMADEO aprender\u00e1s t\u00e9cnicas ancestrales de supervivencia, adaptadas a la vida de hoy. Del semi\u00e1rido\u2026 al autodescubrimiento\",\"breadcrumb\":{\"@id\":\"https:\/\/www.destrezasyvidaenelmedionatural.es\/index.php\/2025\/09\/25\/quien-puede-unirse-al-viaje-de-descubrimiento-nomadeo\/#breadcrumb\"},\"inLanguage\":\"es\",\"potentialAction\":[{\"@type\":\"ReadAction\",\"target\":[\"https:\/\/www.destrezasyvidaenelmedionatural.es\/index.php\/2025\/09\/25\/quien-puede-unirse-al-viaje-de-descubrimiento-nomadeo\/\"]}]},{\"@type\":\"ImageObject\",\"inLanguage\":\"es\",\"@id\":\"https:\/\/www.destrezasyvidaenelmedionatural.es\/index.php\/2025\/09\/25\/quien-puede-unirse-al-viaje-de-descubrimiento-nomadeo\/#primaryimage\",\"url\":\"https:\/\/www.destrezasyvidaenelmedionatural.es\/wp-content\/uploads\/2025\/09\/20241017_162920-scaled.jpg\",\"contentUrl\":\"https:\/\/www.destrezasyvidaenelmedionatural.es\/wp-content\/uploads\/2025\/09\/20241017_162920-scaled.jpg\",\"width\":2560,\"height\":1441},{\"@type\":\"BreadcrumbList\",\"@id\":\"https:\/\/www.destrezasyvidaenelmedionatural.es\/index.php\/2025\/09\/25\/quien-puede-unirse-al-viaje-de-descubrimiento-nomadeo\/#breadcrumb\",\"itemListElement\":[{\"@type\":\"ListItem\",\"position\":1,\"name\":\"Portada\",\"item\":\"https:\/\/www.destrezasyvidaenelmedionatural.es\/\"},{\"@type\":\"ListItem\",\"position\":2,\"name\":\"\u00bfQui\u00e9n puede unirse al Viaje de Descubrimiento \u00abNOMADEO\u00bb?\"}]},{\"@type\":\"WebSite\",\"@id\":\"https:\/\/www.destrezasyvidaenelmedionatural.es\/#website\",\"url\":\"https:\/\/www.destrezasyvidaenelmedionatural.es\/\",\"name\":\"Destrezas y Vida en el Medio Natural\",\"description\":\"El sitio web Destrezas y Vida en el Medio Natural es un recurso excelente para cualquiera que quiera aprender sobre la naturaleza y c\u00f3mo interactuar con ella de manera segura y respetuosa.\",\"publisher\":{\"@id\":\"https:\/\/www.destrezasyvidaenelmedionatural.es\/#\/schema\/person\/05ac69635d864d75006df0853eb7afd3\"},\"potentialAction\":[{\"@type\":\"SearchAction\",\"target\":{\"@type\":\"EntryPoint\",\"urlTemplate\":\"https:\/\/www.destrezasyvidaenelmedionatural.es\/?s={search_term_string}\"},\"query-input\":{\"@type\":\"PropertyValueSpecification\",\"valueRequired\":true,\"valueName\":\"search_term_string\"}}],\"inLanguage\":\"es\"},{\"@type\":[\"Person\",\"Organization\"],\"@id\":\"https:\/\/www.destrezasyvidaenelmedionatural.es\/#\/schema\/person\/05ac69635d864d75006df0853eb7afd3\",\"name\":\"admin\",\"image\":{\"@type\":\"ImageObject\",\"inLanguage\":\"es\",\"@id\":\"https:\/\/www.destrezasyvidaenelmedionatural.es\/#\/schema\/person\/image\/\",\"url\":\"https:\/\/www.destrezasyvidaenelmedionatural.es\/wp-content\/uploads\/2021\/08\/cropped-SIN-FONDO-PRUEBA1.png\",\"contentUrl\":\"https:\/\/www.destrezasyvidaenelmedionatural.es\/wp-content\/uploads\/2021\/08\/cropped-SIN-FONDO-PRUEBA1.png\",\"width\":351,\"height\":349,\"caption\":\"admin\"},\"logo\":{\"@id\":\"https:\/\/www.destrezasyvidaenelmedionatural.es\/#\/schema\/person\/image\/\"},\"sameAs\":[\"http:\/\/www.destrezasyvidaenelmedionatural.es\",\"https:\/\/www.facebook.com\/Destrezas.y.Vida.en.el.Medio.Natural\",\"https:\/\/www.instagram.com\/destrezasyvidamn\/\"],\"url\":\"https:\/\/www.destrezasyvidaenelmedionatural.es\/index.php\/author\/admin\/\"}]}<\/script>\n<!-- \/ Yoast SEO plugin. -->","yoast_head_json":{"title":"\u00bfQui\u00e9n puede unirse al Viaje de Descubrimiento \u00abNOMADEO\u00bb? - Destrezas y Vida en el Medio Natural","description":"En NOMADEO aprender\u00e1s t\u00e9cnicas ancestrales de supervivencia, adaptadas a la vida de hoy. Del semi\u00e1rido\u2026 al autodescubrimiento","robots":{"index":"index","follow":"follow","max-snippet":"max-snippet:-1","max-image-preview":"max-image-preview:large","max-video-preview":"max-video-preview:-1"},"canonical":"https:\/\/www.destrezasyvidaenelmedionatural.es\/index.php\/2025\/09\/25\/quien-puede-unirse-al-viaje-de-descubrimiento-nomadeo\/","og_locale":"es_ES","og_type":"article","og_title":"\u00bfQui\u00e9n puede unirse al Viaje de Descubrimiento \u00abNOMADEO\u00bb? - Destrezas y Vida en el Medio Natural","og_description":"En NOMADEO aprender\u00e1s t\u00e9cnicas ancestrales de supervivencia, adaptadas a la vida de hoy. Del semi\u00e1rido\u2026 al autodescubrimiento","og_url":"https:\/\/www.destrezasyvidaenelmedionatural.es\/index.php\/2025\/09\/25\/quien-puede-unirse-al-viaje-de-descubrimiento-nomadeo\/","og_site_name":"Destrezas y Vida en el Medio Natural","article_publisher":"https:\/\/www.facebook.com\/Destrezas.y.Vida.en.el.Medio.Natural","article_author":"https:\/\/www.facebook.com\/Destrezas.y.Vida.en.el.Medio.Natural","article_published_time":"2025-09-25T11:54:33+00:00","article_modified_time":"2025-09-25T11:54:35+00:00","og_image":[{"width":2560,"height":1441,"url":"https:\/\/www.destrezasyvidaenelmedionatural.es\/wp-content\/uploads\/2025\/09\/20241017_162920-scaled.jpg","type":"image\/jpeg"}],"author":"admin","twitter_card":"summary_large_image","twitter_creator":"@DestrezasyVida","twitter_site":"@DestrezasyVida","twitter_misc":{"Escrito por":"admin","Tiempo de lectura":"12 minutos"},"schema":{"@context":"https:\/\/schema.org","@graph":[{"@type":"NewsArticle","@id":"https:\/\/www.destrezasyvidaenelmedionatural.es\/index.php\/2025\/09\/25\/quien-puede-unirse-al-viaje-de-descubrimiento-nomadeo\/#article","isPartOf":{"@id":"https:\/\/www.destrezasyvidaenelmedionatural.es\/index.php\/2025\/09\/25\/quien-puede-unirse-al-viaje-de-descubrimiento-nomadeo\/"},"author":{"name":"admin","@id":"https:\/\/www.destrezasyvidaenelmedionatural.es\/#\/schema\/person\/05ac69635d864d75006df0853eb7afd3"},"headline":"\u00bfQui\u00e9n puede unirse al Viaje de Descubrimiento \u00abNOMADEO\u00bb?","datePublished":"2025-09-25T11:54:33+00:00","dateModified":"2025-09-25T11:54:35+00:00","mainEntityOfPage":{"@id":"https:\/\/www.destrezasyvidaenelmedionatural.es\/index.php\/2025\/09\/25\/quien-puede-unirse-al-viaje-de-descubrimiento-nomadeo\/"},"wordCount":2377,"commentCount":0,"publisher":{"@id":"https:\/\/www.destrezasyvidaenelmedionatural.es\/#\/schema\/person\/05ac69635d864d75006df0853eb7afd3"},"image":{"@id":"https:\/\/www.destrezasyvidaenelmedionatural.es\/index.php\/2025\/09\/25\/quien-puede-unirse-al-viaje-de-descubrimiento-nomadeo\/#primaryimage"},"thumbnailUrl":"https:\/\/www.destrezasyvidaenelmedionatural.es\/wp-content\/uploads\/2025\/09\/20241017_162920-1024x577.jpg","articleSection":["Blog"],"inLanguage":"es","potentialAction":[{"@type":"CommentAction","name":"Comment","target":["https:\/\/www.destrezasyvidaenelmedionatural.es\/index.php\/2025\/09\/25\/quien-puede-unirse-al-viaje-de-descubrimiento-nomadeo\/#respond"]}]},{"@type":["WebPage","AboutPage"],"@id":"https:\/\/www.destrezasyvidaenelmedionatural.es\/index.php\/2025\/09\/25\/quien-puede-unirse-al-viaje-de-descubrimiento-nomadeo\/","url":"https:\/\/www.destrezasyvidaenelmedionatural.es\/index.php\/2025\/09\/25\/quien-puede-unirse-al-viaje-de-descubrimiento-nomadeo\/","name":"\u00bfQui\u00e9n puede unirse al Viaje de Descubrimiento \u00abNOMADEO\u00bb? - Destrezas y Vida en el Medio Natural","isPartOf":{"@id":"https:\/\/www.destrezasyvidaenelmedionatural.es\/#website"},"primaryImageOfPage":{"@id":"https:\/\/www.destrezasyvidaenelmedionatural.es\/index.php\/2025\/09\/25\/quien-puede-unirse-al-viaje-de-descubrimiento-nomadeo\/#primaryimage"},"image":{"@id":"https:\/\/www.destrezasyvidaenelmedionatural.es\/index.php\/2025\/09\/25\/quien-puede-unirse-al-viaje-de-descubrimiento-nomadeo\/#primaryimage"},"thumbnailUrl":"https:\/\/www.destrezasyvidaenelmedionatural.es\/wp-content\/uploads\/2025\/09\/20241017_162920-1024x577.jpg","datePublished":"2025-09-25T11:54:33+00:00","dateModified":"2025-09-25T11:54:35+00:00","description":"En NOMADEO aprender\u00e1s t\u00e9cnicas ancestrales de supervivencia, adaptadas a la vida de hoy. Del semi\u00e1rido\u2026 al autodescubrimiento","breadcrumb":{"@id":"https:\/\/www.destrezasyvidaenelmedionatural.es\/index.php\/2025\/09\/25\/quien-puede-unirse-al-viaje-de-descubrimiento-nomadeo\/#breadcrumb"},"inLanguage":"es","potentialAction":[{"@type":"ReadAction","target":["https:\/\/www.destrezasyvidaenelmedionatural.es\/index.php\/2025\/09\/25\/quien-puede-unirse-al-viaje-de-descubrimiento-nomadeo\/"]}]},{"@type":"ImageObject","inLanguage":"es","@id":"https:\/\/www.destrezasyvidaenelmedionatural.es\/index.php\/2025\/09\/25\/quien-puede-unirse-al-viaje-de-descubrimiento-nomadeo\/#primaryimage","url":"https:\/\/www.destrezasyvidaenelmedionatural.es\/wp-content\/uploads\/2025\/09\/20241017_162920-scaled.jpg","contentUrl":"https:\/\/www.destrezasyvidaenelmedionatural.es\/wp-content\/uploads\/2025\/09\/20241017_162920-scaled.jpg","width":2560,"height":1441},{"@type":"BreadcrumbList","@id":"https:\/\/www.destrezasyvidaenelmedionatural.es\/index.php\/2025\/09\/25\/quien-puede-unirse-al-viaje-de-descubrimiento-nomadeo\/#breadcrumb","itemListElement":[{"@type":"ListItem","position":1,"name":"Portada","item":"https:\/\/www.destrezasyvidaenelmedionatural.es\/"},{"@type":"ListItem","position":2,"name":"\u00bfQui\u00e9n puede unirse al Viaje de Descubrimiento \u00abNOMADEO\u00bb?"}]},{"@type":"WebSite","@id":"https:\/\/www.destrezasyvidaenelmedionatural.es\/#website","url":"https:\/\/www.destrezasyvidaenelmedionatural.es\/","name":"Destrezas y Vida en el Medio Natural","description":"El sitio web Destrezas y Vida en el Medio Natural es un recurso excelente para cualquiera que quiera aprender sobre la naturaleza y c\u00f3mo interactuar con ella de manera segura y respetuosa.","publisher":{"@id":"https:\/\/www.destrezasyvidaenelmedionatural.es\/#\/schema\/person\/05ac69635d864d75006df0853eb7afd3"},"potentialAction":[{"@type":"SearchAction","target":{"@type":"EntryPoint","urlTemplate":"https:\/\/www.destrezasyvidaenelmedionatural.es\/?s={search_term_string}"},"query-input":{"@type":"PropertyValueSpecification","valueRequired":true,"valueName":"search_term_string"}}],"inLanguage":"es"},{"@type":["Person","Organization"],"@id":"https:\/\/www.destrezasyvidaenelmedionatural.es\/#\/schema\/person\/05ac69635d864d75006df0853eb7afd3","name":"admin","image":{"@type":"ImageObject","inLanguage":"es","@id":"https:\/\/www.destrezasyvidaenelmedionatural.es\/#\/schema\/person\/image\/","url":"https:\/\/www.destrezasyvidaenelmedionatural.es\/wp-content\/uploads\/2021\/08\/cropped-SIN-FONDO-PRUEBA1.png","contentUrl":"https:\/\/www.destrezasyvidaenelmedionatural.es\/wp-content\/uploads\/2021\/08\/cropped-SIN-FONDO-PRUEBA1.png","width":351,"height":349,"caption":"admin"},"logo":{"@id":"https:\/\/www.destrezasyvidaenelmedionatural.es\/#\/schema\/person\/image\/"},"sameAs":["http:\/\/www.destrezasyvidaenelmedionatural.es","https:\/\/www.facebook.com\/Destrezas.y.Vida.en.el.Medio.Natural","https:\/\/www.instagram.com\/destrezasyvidamn\/"],"url":"https:\/\/www.destrezasyvidaenelmedionatural.es\/index.php\/author\/admin\/"}]}},"_links":{"self":[{"href":"https:\/\/www.destrezasyvidaenelmedionatural.es\/index.php\/wp-json\/wp\/v2\/posts\/3947","targetHints":{"allow":["GET"]}}],"collection":[{"href":"https:\/\/www.destrezasyvidaenelmedionatural.es\/index.php\/wp-json\/wp\/v2\/posts"}],"about":[{"href":"https:\/\/www.destrezasyvidaenelmedionatural.es\/index.php\/wp-json\/wp\/v2\/types\/post"}],"author":[{"embeddable":true,"href":"https:\/\/www.destrezasyvidaenelmedionatural.es\/index.php\/wp-json\/wp\/v2\/users\/1"}],"replies":[{"embeddable":true,"href":"https:\/\/www.destrezasyvidaenelmedionatural.es\/index.php\/wp-json\/wp\/v2\/comments?post=3947"}],"version-history":[{"count":3,"href":"https:\/\/www.destrezasyvidaenelmedionatural.es\/index.php\/wp-json\/wp\/v2\/posts\/3947\/revisions"}],"predecessor-version":[{"id":3958,"href":"https:\/\/www.destrezasyvidaenelmedionatural.es\/index.php\/wp-json\/wp\/v2\/posts\/3947\/revisions\/3958"}],"wp:attachment":[{"href":"https:\/\/www.destrezasyvidaenelmedionatural.es\/index.php\/wp-json\/wp\/v2\/media?parent=3947"}],"wp:term":[{"taxonomy":"category","embeddable":true,"href":"https:\/\/www.destrezasyvidaenelmedionatural.es\/index.php\/wp-json\/wp\/v2\/categories?post=3947"},{"taxonomy":"post_tag","embeddable":true,"href":"https:\/\/www.destrezasyvidaenelmedionatural.es\/index.php\/wp-json\/wp\/v2\/tags?post=3947"}],"curies":[{"name":"wp","href":"https:\/\/api.w.org\/{rel}","templated":true}]}}