{"id":3961,"date":"2025-09-26T16:54:05","date_gmt":"2025-09-26T16:54:05","guid":{"rendered":"https:\/\/www.destrezasyvidaenelmedionatural.es\/?p=3961"},"modified":"2025-09-26T16:54:22","modified_gmt":"2025-09-26T16:54:22","slug":"no-sabia-caminar-por-el-monte-con-confianza-hasta-que-me-inscribi-en-este-curso-intensivo-de-supervivencia-7-9-noviembre","status":"publish","type":"post","link":"https:\/\/www.destrezasyvidaenelmedionatural.es\/index.php\/2025\/09\/26\/no-sabia-caminar-por-el-monte-con-confianza-hasta-que-me-inscribi-en-este-curso-intensivo-de-supervivencia-7-9-noviembre\/","title":{"rendered":"No sab\u00eda caminar por el monte con confianza\u2026 hasta que me inscrib\u00ed en este curso intensivo de supervivencia 7-9 noviembre"},"content":{"rendered":"\n<p>La naturaleza, en su inmensa belleza, a menudo nos confronta con nuestra propia vulnerabilidad. En un mundo donde la tecnolog\u00eda parece haber neutralizado la incertidumbre, <em>muchos sentimos la necesidad intr\u00ednseca de reconectar con lo esencial<\/em>. Esta es la historia de un alumno que decidi\u00f3 dar el salto, enfrentando el reto de nuestro <strong>Curso Intensivo de Supervivencia de 3 d\u00edas y 2 noches<\/strong> en el singular <strong>entorno mediterr\u00e1neo semi\u00e1rido de Murcia<\/strong>. Su experiencia no solo representa la adquisici\u00f3n de destrezas t\u00e9cnicas, sino una profunda <em>transformaci\u00f3n personal<\/em> que ejemplifica el verdadero significado de la <strong>resiliencia<\/strong> y el <strong>progreso<\/strong>.<\/p>\n\n\n\n<p>En tan solo 72 horas, en el desafiante paraje del Alto de la Churleta, en las cercan\u00edas de Las Casicas, Fortuna, Murcia, este alumno se sumergi\u00f3 en una inmersi\u00f3n total dise\u00f1ada para proporcionarle las herramientas y el conocimiento necesario para desenvolverse ante situaciones reales de supervivencia. Escuchamos su testimonio real sobre c\u00f3mo adquiri\u00f3 resultados pr\u00e1cticos que cambian la vida al aire libre, y c\u00f3mo la <em>convivencia en grupo<\/em> foment\u00f3 habilidades de trabajo en equipo y adaptaci\u00f3n. Si \u00e9l pudo desconectar de lo cotidiano y llevar sus habilidades al siguiente nivel, <em>t\u00fa tambi\u00e9n puedes<\/em>.<\/p>\n\n\n\n<h2 class=\"wp-block-heading\">El Escenario: La Belleza Austera del Semi\u00e1rido Murciano <\/h2>\n\n\n\n<p>Nuestro curso se desarrolla en un entorno privilegiado: una finca privada de 10.000 m\u00b2 en el <strong>Alto de la Churleta<\/strong>, rodeada por el <strong>Parque Regional Sierra de La Pila<\/strong>. Este macizo monta\u00f1oso, alargado en direcci\u00f3n NE-SW, se encuentra en el cuadrante nororiental de la Regi\u00f3n de Murcia, enclavado en las Cordilleras B\u00e9ticas. El clima de esta zona se enmarca en la regi\u00f3n mediterr\u00e1nea occidental, adaptada a soportar el d\u00e9ficit h\u00eddrico estival.<\/p>\n\n\n\n<p>Aunque la zona es conocida por su vegetaci\u00f3n t\u00edpicamente mediterr\u00e1nea, adaptada a la sequ\u00eda, nos encontramos en un <em>piso de vegetaci\u00f3n termomediterr\u00e1neo semi\u00e1rido<\/em>, un tipo de h\u00e1bitat muy extendido por el tercio sur regional. La vegetaci\u00f3n potencial de la zona, seg\u00fan las caracter\u00edsticas clim\u00e1ticas y ed\u00e1ficas, la constituyen los pinares. Si bien el pino carrasco es lo que m\u00e1s abunda en la Sierra de la Pila, tambi\u00e9n es uno de los pocos lugares en la Regi\u00f3n de Murcia donde todav\u00eda se pueden ver encinas, carrascas, o zonas amplias de madro\u00f1os.<\/p>\n\n\n\n<p>Desde el punto de encuentro en el Centro Social de Las Casicas, los alumnos comienzan su aventura con un <em>rucking<\/em> (trekking) de aproximadamente <strong>4 kil\u00f3metros<\/strong> hacia el campamento. Este primer contacto con el terreno ya sirve como una lecci\u00f3n sobre progresi\u00f3n en terrenos variados y medidas de seguridad. Este ambiente semi\u00e1rido no solo expone a los elementos, sino que nos obliga a interactuar con un medio natural que, si bien es cautivador, es <strong>impredecible<\/strong>.<\/p>\n\n\n\n<figure class=\"wp-block-gallery has-nested-images columns-default is-cropped wp-block-gallery-1 is-layout-flex wp-block-gallery-is-layout-flex\">\n<figure class=\"wp-block-image size-large\"><img fetchpriority=\"high\" decoding=\"async\" width=\"768\" height=\"1024\" data-id=\"3964\" src=\"https:\/\/www.destrezasyvidaenelmedionatural.es\/wp-content\/uploads\/2025\/09\/IMG_20250404_161946-768x1024.jpg\" alt=\"\" class=\"wp-image-3964\" srcset=\"https:\/\/www.destrezasyvidaenelmedionatural.es\/wp-content\/uploads\/2025\/09\/IMG_20250404_161946-768x1024.jpg 768w, https:\/\/www.destrezasyvidaenelmedionatural.es\/wp-content\/uploads\/2025\/09\/IMG_20250404_161946-225x300.jpg 225w, https:\/\/www.destrezasyvidaenelmedionatural.es\/wp-content\/uploads\/2025\/09\/IMG_20250404_161946-1152x1536.jpg 1152w, https:\/\/www.destrezasyvidaenelmedionatural.es\/wp-content\/uploads\/2025\/09\/IMG_20250404_161946-1536x2048.jpg 1536w, https:\/\/www.destrezasyvidaenelmedionatural.es\/wp-content\/uploads\/2025\/09\/IMG_20250404_161946-scaled.jpg 1920w\" sizes=\"(max-width: 768px) 100vw, 768px\" \/><\/figure>\n\n\n\n<figure class=\"wp-block-image size-large\"><img decoding=\"async\" width=\"768\" height=\"1024\" data-id=\"3966\" src=\"https:\/\/www.destrezasyvidaenelmedionatural.es\/wp-content\/uploads\/2025\/09\/IMG_20250404_165117_1-768x1024.jpg\" alt=\"\" class=\"wp-image-3966\" srcset=\"https:\/\/www.destrezasyvidaenelmedionatural.es\/wp-content\/uploads\/2025\/09\/IMG_20250404_165117_1-768x1024.jpg 768w, https:\/\/www.destrezasyvidaenelmedionatural.es\/wp-content\/uploads\/2025\/09\/IMG_20250404_165117_1-225x300.jpg 225w, https:\/\/www.destrezasyvidaenelmedionatural.es\/wp-content\/uploads\/2025\/09\/IMG_20250404_165117_1-1152x1536.jpg 1152w, https:\/\/www.destrezasyvidaenelmedionatural.es\/wp-content\/uploads\/2025\/09\/IMG_20250404_165117_1-1536x2048.jpg 1536w, https:\/\/www.destrezasyvidaenelmedionatural.es\/wp-content\/uploads\/2025\/09\/IMG_20250404_165117_1-scaled.jpg 1920w\" sizes=\"(max-width: 768px) 100vw, 768px\" \/><\/figure>\n\n\n\n<figure class=\"wp-block-image size-large\"><img decoding=\"async\" width=\"768\" height=\"1024\" data-id=\"3965\" src=\"https:\/\/www.destrezasyvidaenelmedionatural.es\/wp-content\/uploads\/2025\/09\/IMG_20250404_171117-768x1024.jpg\" alt=\"\" class=\"wp-image-3965\" srcset=\"https:\/\/www.destrezasyvidaenelmedionatural.es\/wp-content\/uploads\/2025\/09\/IMG_20250404_171117-768x1024.jpg 768w, https:\/\/www.destrezasyvidaenelmedionatural.es\/wp-content\/uploads\/2025\/09\/IMG_20250404_171117-225x300.jpg 225w, https:\/\/www.destrezasyvidaenelmedionatural.es\/wp-content\/uploads\/2025\/09\/IMG_20250404_171117-1152x1536.jpg 1152w, https:\/\/www.destrezasyvidaenelmedionatural.es\/wp-content\/uploads\/2025\/09\/IMG_20250404_171117-1536x2048.jpg 1536w, https:\/\/www.destrezasyvidaenelmedionatural.es\/wp-content\/uploads\/2025\/09\/IMG_20250404_171117-scaled.jpg 1920w\" sizes=\"(max-width: 768px) 100vw, 768px\" \/><\/figure>\n<\/figure>\n\n\n\n<h2 class=\"wp-block-heading\">La Tr\u00edada de Destrezas Fundamentales: Aprendizajes Pr\u00e1cticos <\/h2>\n\n\n\n<p>El objetivo principal de las t\u00e9cnicas de supervivencia es satisfacer las necesidades humanas fundamentales: agua, alimento y <strong>refugio<\/strong>. Durante el fin de semana, nuestro alumno domin\u00f3 tres habilidades cruciales.<\/p>\n\n\n\n<h3 class=\"wp-block-heading\">Orientaci\u00f3n: Entender D\u00f3nde Estamos <\/h3>\n\n\n\n<p>Para quien \u00abno sab\u00eda caminar por el monte con confianza,\u00bb la orientaci\u00f3n se convierte en la base de la autonom\u00eda. Aprender a orientarse y seguir un rumbo con mapa y br\u00fajula es una acci\u00f3n b\u00e1sica que toda persona en la naturaleza debe conocer. Aunque el GPS ha supuesto un avance enorme en seguridad, las t\u00e9cnicas tradicionales siguen siendo esenciales, ya que <em>no dependen de bater\u00eda ni de se\u00f1al<\/em>.<\/p>\n\n\n\n<p>En el curso, exploramos t\u00e9cnicas de orientaci\u00f3n utilizando tanto la <strong>tecnolog\u00eda<\/strong> como los <strong>elementos naturales<\/strong>. Lo prioritario es ubicarse con la mayor precisi\u00f3n posible. Esto se logra estudiando el terreno antes de la ruta y situando puntos clave (r\u00edos, monta\u00f1as, refugios) en el mapa. Si no se tiene mapa, se puede dibujar un croquis. Para un conocimiento b\u00e1sico, ense\u00f1amos dos maniobras fundamentales: <strong>orientar el mapa con la br\u00fajula<\/strong> para situarse con respecto a los accidentes del terreno, y c\u00f3mo <strong>seguir un rumbo<\/strong> con la br\u00fajula. Adem\u00e1s, se aprenden t\u00e9cnicas de navegaci\u00f3n nocturna utilizando las estrellas y el uso de accidentes geogr\u00e1ficos. <em>Dominar estas t\u00e9cnicas es una muestra de responsabilidad y libertad en la naturaleza<\/em>, permitiendo el <strong>progreso<\/strong> seguro a trav\u00e9s del paisaje.<\/p>\n\n\n\n<figure class=\"wp-block-gallery has-nested-images columns-default is-cropped wp-block-gallery-2 is-layout-flex wp-block-gallery-is-layout-flex\">\n<figure class=\"wp-block-image size-large\"><img loading=\"lazy\" decoding=\"async\" width=\"1024\" height=\"768\" data-id=\"3967\" src=\"https:\/\/www.destrezasyvidaenelmedionatural.es\/wp-content\/uploads\/2025\/09\/IMG_20250404_171610-1024x768.jpg\" alt=\"\" class=\"wp-image-3967\" srcset=\"https:\/\/www.destrezasyvidaenelmedionatural.es\/wp-content\/uploads\/2025\/09\/IMG_20250404_171610-1024x768.jpg 1024w, https:\/\/www.destrezasyvidaenelmedionatural.es\/wp-content\/uploads\/2025\/09\/IMG_20250404_171610-300x225.jpg 300w, https:\/\/www.destrezasyvidaenelmedionatural.es\/wp-content\/uploads\/2025\/09\/IMG_20250404_171610-768x576.jpg 768w, https:\/\/www.destrezasyvidaenelmedionatural.es\/wp-content\/uploads\/2025\/09\/IMG_20250404_171610-1536x1152.jpg 1536w, https:\/\/www.destrezasyvidaenelmedionatural.es\/wp-content\/uploads\/2025\/09\/IMG_20250404_171610-2048x1536.jpg 2048w\" sizes=\"(max-width: 1024px) 100vw, 1024px\" \/><\/figure>\n\n\n\n<figure class=\"wp-block-image size-large\"><img loading=\"lazy\" decoding=\"async\" width=\"1024\" height=\"768\" data-id=\"3968\" src=\"https:\/\/www.destrezasyvidaenelmedionatural.es\/wp-content\/uploads\/2025\/09\/IMG_20250404_171708-1024x768.jpg\" alt=\"\" class=\"wp-image-3968\" srcset=\"https:\/\/www.destrezasyvidaenelmedionatural.es\/wp-content\/uploads\/2025\/09\/IMG_20250404_171708-1024x768.jpg 1024w, https:\/\/www.destrezasyvidaenelmedionatural.es\/wp-content\/uploads\/2025\/09\/IMG_20250404_171708-300x225.jpg 300w, https:\/\/www.destrezasyvidaenelmedionatural.es\/wp-content\/uploads\/2025\/09\/IMG_20250404_171708-768x576.jpg 768w, https:\/\/www.destrezasyvidaenelmedionatural.es\/wp-content\/uploads\/2025\/09\/IMG_20250404_171708-1536x1152.jpg 1536w, https:\/\/www.destrezasyvidaenelmedionatural.es\/wp-content\/uploads\/2025\/09\/IMG_20250404_171708-2048x1536.jpg 2048w\" sizes=\"(max-width: 1024px) 100vw, 1024px\" \/><\/figure>\n<\/figure>\n\n\n\n<h3 class=\"wp-block-heading\">Fuego: El Dominio de un Elemento Vital <\/h3>\n\n\n\n<p>El fuego es reconocido como uno de los elementos m\u00e1s importantes en entornos salvajes. Su utilidad es m\u00faltiple y vital para la supervivencia: permite prepararse la comida, calentarse en invierno, purificar agua y ahuyentar depredadores.<\/p>\n\n\n\n<p>En nuestro curso, se estudian las <strong>t\u00e9cnicas de encendido de fuego<\/strong>, incluyendo m\u00e9todos primitivos, el uso de <strong>ferrocerio<\/strong> y c\u00f3mo manejar la yesca en condiciones adversas. El ferrocerio es una aleaci\u00f3n de magnesio cuya principal caracter\u00edstica es la piroforicidad, con la capacidad de inflamarse en el aire al frotarlo con material met\u00e1lico rugoso. Para que el fuego prenda, es crucial la yesca, que es cualquier material muy seco que pueda atrapar una chispa. Una vez que la yesca est\u00e1 bien compacta, la brasa se propaga f\u00e1cilmente, aunque se requiere le\u00f1a fina y seca y un soplido para avivar la llama.<\/p>\n\n\n\n<p>Adem\u00e1s de las t\u00e9cnicas modernas como el ferrocerio, se practican <strong>m\u00e9todos por fricci\u00f3n<\/strong>. Hay varias t\u00e9cnicas de fricci\u00f3n, como el taladro de arco, el taladro de mano o el arado de fuego, que requieren paciencia y pr\u00e1ctica. <em>Involucrarse en el arte de hacer fuego por fricci\u00f3n no solo mejora tus habilidades de supervivencia, sino que profundiza tu v\u00ednculo con la naturaleza<\/em>.<\/p>\n\n\n\n<figure class=\"wp-block-gallery has-nested-images columns-default is-cropped wp-block-gallery-3 is-layout-flex wp-block-gallery-is-layout-flex\">\n<figure class=\"wp-block-image size-large\"><img loading=\"lazy\" decoding=\"async\" width=\"768\" height=\"1024\" data-id=\"3970\" src=\"https:\/\/www.destrezasyvidaenelmedionatural.es\/wp-content\/uploads\/2025\/09\/IMG_20240413_171442_2-768x1024.jpg\" alt=\"\" class=\"wp-image-3970\" srcset=\"https:\/\/www.destrezasyvidaenelmedionatural.es\/wp-content\/uploads\/2025\/09\/IMG_20240413_171442_2-768x1024.jpg 768w, https:\/\/www.destrezasyvidaenelmedionatural.es\/wp-content\/uploads\/2025\/09\/IMG_20240413_171442_2-225x300.jpg 225w, https:\/\/www.destrezasyvidaenelmedionatural.es\/wp-content\/uploads\/2025\/09\/IMG_20240413_171442_2-1152x1536.jpg 1152w, https:\/\/www.destrezasyvidaenelmedionatural.es\/wp-content\/uploads\/2025\/09\/IMG_20240413_171442_2-1536x2048.jpg 1536w, https:\/\/www.destrezasyvidaenelmedionatural.es\/wp-content\/uploads\/2025\/09\/IMG_20240413_171442_2-scaled.jpg 1920w\" sizes=\"(max-width: 768px) 100vw, 768px\" \/><\/figure>\n\n\n\n<figure class=\"wp-block-image size-large\"><img loading=\"lazy\" decoding=\"async\" width=\"768\" height=\"1024\" data-id=\"3969\" src=\"https:\/\/www.destrezasyvidaenelmedionatural.es\/wp-content\/uploads\/2025\/09\/IMG_20240413_182824_1-768x1024.jpg\" alt=\"\" class=\"wp-image-3969\" srcset=\"https:\/\/www.destrezasyvidaenelmedionatural.es\/wp-content\/uploads\/2025\/09\/IMG_20240413_182824_1-768x1024.jpg 768w, https:\/\/www.destrezasyvidaenelmedionatural.es\/wp-content\/uploads\/2025\/09\/IMG_20240413_182824_1-225x300.jpg 225w, https:\/\/www.destrezasyvidaenelmedionatural.es\/wp-content\/uploads\/2025\/09\/IMG_20240413_182824_1-1152x1536.jpg 1152w, https:\/\/www.destrezasyvidaenelmedionatural.es\/wp-content\/uploads\/2025\/09\/IMG_20240413_182824_1-1536x2048.jpg 1536w, https:\/\/www.destrezasyvidaenelmedionatural.es\/wp-content\/uploads\/2025\/09\/IMG_20240413_182824_1-scaled.jpg 1920w\" sizes=\"(max-width: 768px) 100vw, 768px\" \/><\/figure>\n<\/figure>\n\n\n\n<h3 class=\"wp-block-heading\">Refugios: Seguridad y Aislamiento <\/h3>\n\n\n\n<p>La hipotermia es la principal causa de muerte al aire libre en climas fr\u00edos, por lo que la construcci\u00f3n de un refugio es imprescindible. Sin embargo, incluso en el semi\u00e1rido murciano, donde las temperaturas pueden ser m\u00e1s suaves, los refugios son esenciales para protegerse de los elementos, regular la temperatura corporal y proporcionar una sensaci\u00f3n de <strong>seguridad<\/strong>. Construir un refugio permite <strong>conservar energ\u00eda<\/strong> al minimizar la exposici\u00f3n externa.<\/p>\n\n\n\n<p>El primer d\u00eda del curso (Viernes), nuestros alumnos se dedican al <strong>emplazamiento y construcci\u00f3n de refugios<\/strong>. Se ense\u00f1a a usar tanto materiales naturales como artificiales, como el <em>tarp<\/em> (lona impermeable). Antes de construir, es vital mantener la calma y evaluar los peligros potenciales (fauna, inestabilidad). El lugar ideal para resguardarse debe ser alto, seco, a prueba de inundaciones repentinas y cerca de recursos (agua y le\u00f1a seca). En nuestro curso, el aprendizaje se adquiere directamente en el terreno, aplicando cada t\u00e9cnica bajo la gu\u00eda de instructores expertos.<\/p>\n\n\n\n<h2 class=\"wp-block-heading\">H4: Obtenci\u00f3n de Recursos Vitales en el Entorno Mediterr\u00e1neo <\/h2>\n\n\n\n<p>Adem\u00e1s de la tr\u00edada de habilidades principales, el curso del s\u00e1bado se enfoca en la <strong>obtenci\u00f3n de recursos<\/strong>.<\/p>\n\n\n\n<h3 class=\"wp-block-heading\">Agua: De la Obtenci\u00f3n a la Potabilizaci\u00f3n<\/h3>\n\n\n\n<p>El agua es uno de los recursos m\u00e1s valiosos en la naturaleza. La supervivencia es imposible sin acceso a agua limpia, especialmente en un entorno semi\u00e1rido. El curso ense\u00f1a m\u00e9todos b\u00e1sicos para <strong>obtener y purificar agua en la naturaleza<\/strong>. Si bien en una emergencia es m\u00e1s importante mantenerse hidratado que potabilizar el agua, la potabilizaci\u00f3n es crucial para mantener la salud.<\/p>\n\n\n\n<p>Los m\u00e9todos de potabilizaci\u00f3n incluyen: hervir el agua durante un minuto, filtraci\u00f3n, clarificaci\u00f3n y el uso de pastillas potabilizadoras (yodo, cloro, o di\u00f3xido de cloro). Tambi\u00e9n ofrecemos el material necesario, como filtros port\u00e1tiles o pastillas potabilizadoras, para el <em>kit de supervivencia urbano<\/em>.<\/p>\n\n\n\n<figure class=\"wp-block-gallery has-nested-images columns-default is-cropped wp-block-gallery-4 is-layout-flex wp-block-gallery-is-layout-flex\">\n<figure class=\"wp-block-image size-large\"><img loading=\"lazy\" decoding=\"async\" width=\"399\" height=\"1024\" data-id=\"3973\" src=\"https:\/\/www.destrezasyvidaenelmedionatural.es\/wp-content\/uploads\/2025\/09\/WhatsApp-Image-2025-04-06-at-20.39.57-1-399x1024.jpeg\" alt=\"\" class=\"wp-image-3973\" srcset=\"https:\/\/www.destrezasyvidaenelmedionatural.es\/wp-content\/uploads\/2025\/09\/WhatsApp-Image-2025-04-06-at-20.39.57-1-399x1024.jpeg 399w, https:\/\/www.destrezasyvidaenelmedionatural.es\/wp-content\/uploads\/2025\/09\/WhatsApp-Image-2025-04-06-at-20.39.57-1-117x300.jpeg 117w, https:\/\/www.destrezasyvidaenelmedionatural.es\/wp-content\/uploads\/2025\/09\/WhatsApp-Image-2025-04-06-at-20.39.57-1-768x1969.jpeg 768w, https:\/\/www.destrezasyvidaenelmedionatural.es\/wp-content\/uploads\/2025\/09\/WhatsApp-Image-2025-04-06-at-20.39.57-1-599x1536.jpeg 599w, https:\/\/www.destrezasyvidaenelmedionatural.es\/wp-content\/uploads\/2025\/09\/WhatsApp-Image-2025-04-06-at-20.39.57-1-799x2048.jpeg 799w\" sizes=\"(max-width: 399px) 100vw, 399px\" \/><\/figure>\n\n\n\n<figure class=\"wp-block-image size-large\"><img loading=\"lazy\" decoding=\"async\" width=\"768\" height=\"1024\" data-id=\"3971\" src=\"https:\/\/www.destrezasyvidaenelmedionatural.es\/wp-content\/uploads\/2025\/09\/WhatsApp-Image-2025-04-07-at-15.55.17-4-768x1024.jpeg\" alt=\"\" class=\"wp-image-3971\" srcset=\"https:\/\/www.destrezasyvidaenelmedionatural.es\/wp-content\/uploads\/2025\/09\/WhatsApp-Image-2025-04-07-at-15.55.17-4-768x1024.jpeg 768w, https:\/\/www.destrezasyvidaenelmedionatural.es\/wp-content\/uploads\/2025\/09\/WhatsApp-Image-2025-04-07-at-15.55.17-4-225x300.jpeg 225w, https:\/\/www.destrezasyvidaenelmedionatural.es\/wp-content\/uploads\/2025\/09\/WhatsApp-Image-2025-04-07-at-15.55.17-4-1152x1536.jpeg 1152w, https:\/\/www.destrezasyvidaenelmedionatural.es\/wp-content\/uploads\/2025\/09\/WhatsApp-Image-2025-04-07-at-15.55.17-4.jpeg 1200w\" sizes=\"(max-width: 768px) 100vw, 768px\" \/><\/figure>\n\n\n\n<figure class=\"wp-block-image size-large\"><img loading=\"lazy\" decoding=\"async\" width=\"768\" height=\"1024\" data-id=\"3972\" src=\"https:\/\/www.destrezasyvidaenelmedionatural.es\/wp-content\/uploads\/2025\/09\/WhatsApp-Image-2025-04-07-at-15.55.17-7-768x1024.jpeg\" alt=\"\" class=\"wp-image-3972\" srcset=\"https:\/\/www.destrezasyvidaenelmedionatural.es\/wp-content\/uploads\/2025\/09\/WhatsApp-Image-2025-04-07-at-15.55.17-7-768x1024.jpeg 768w, https:\/\/www.destrezasyvidaenelmedionatural.es\/wp-content\/uploads\/2025\/09\/WhatsApp-Image-2025-04-07-at-15.55.17-7-225x300.jpeg 225w, https:\/\/www.destrezasyvidaenelmedionatural.es\/wp-content\/uploads\/2025\/09\/WhatsApp-Image-2025-04-07-at-15.55.17-7-1152x1536.jpeg 1152w, https:\/\/www.destrezasyvidaenelmedionatural.es\/wp-content\/uploads\/2025\/09\/WhatsApp-Image-2025-04-07-at-15.55.17-7.jpeg 1200w\" sizes=\"(max-width: 768px) 100vw, 768px\" \/><\/figure>\n<\/figure>\n\n\n\n<h3 class=\"wp-block-heading\">Alimento: Identificaci\u00f3n de la Flora Comestible<\/h3>\n\n\n\n<p>En situaciones de supervivencia, el conocimiento sobre la recolecci\u00f3n puede ser un salvavidas. Aunque la provisi\u00f3n de alimentos ya est\u00e1 incluida en el curso, ense\u00f1amos a reconocer los recursos que la naturaleza ofrece.<\/p>\n\n\n\n<p>La b\u00fasqueda de alimento (<em>foraging<\/em>) implica saber qu\u00e9 plantas, hongos, nueces, bayas y ra\u00edces son seguras para comer. Sin embargo, la <strong>educaci\u00f3n es crucial<\/strong>. Es dif\u00edcil identificar plantas comestibles, y es vital familiarizarse con la flora local, estudiando las diferencias entre las especies seguras y sus <strong>imitaciones t\u00f3xicas<\/strong>. Por ejemplo, la cicuta de agua, extremadamente venenosa, puede confundirse con zanahorias silvestres. Nuestros alumnos aprenden sobre el <strong>reconocimiento de flora comestible y medicinal<\/strong> y t\u00e9cnicas tradicionales como el salado de trucha de r\u00edo para la conservaci\u00f3n.<\/p>\n\n\n\n<figure class=\"wp-block-gallery has-nested-images columns-default is-cropped wp-block-gallery-5 is-layout-flex wp-block-gallery-is-layout-flex\">\n<figure class=\"wp-block-image size-large\"><img loading=\"lazy\" decoding=\"async\" width=\"768\" height=\"1024\" data-id=\"3975\" src=\"https:\/\/www.destrezasyvidaenelmedionatural.es\/wp-content\/uploads\/2025\/09\/IMG_20250404_193212-1-768x1024.jpg\" alt=\"\" class=\"wp-image-3975\" srcset=\"https:\/\/www.destrezasyvidaenelmedionatural.es\/wp-content\/uploads\/2025\/09\/IMG_20250404_193212-1-768x1024.jpg 768w, https:\/\/www.destrezasyvidaenelmedionatural.es\/wp-content\/uploads\/2025\/09\/IMG_20250404_193212-1-225x300.jpg 225w, https:\/\/www.destrezasyvidaenelmedionatural.es\/wp-content\/uploads\/2025\/09\/IMG_20250404_193212-1-1152x1536.jpg 1152w, https:\/\/www.destrezasyvidaenelmedionatural.es\/wp-content\/uploads\/2025\/09\/IMG_20250404_193212-1-1536x2048.jpg 1536w, https:\/\/www.destrezasyvidaenelmedionatural.es\/wp-content\/uploads\/2025\/09\/IMG_20250404_193212-1-scaled.jpg 1920w\" sizes=\"(max-width: 768px) 100vw, 768px\" \/><\/figure>\n\n\n\n<figure class=\"wp-block-image size-large\"><img loading=\"lazy\" decoding=\"async\" width=\"768\" height=\"1024\" data-id=\"3974\" src=\"https:\/\/www.destrezasyvidaenelmedionatural.es\/wp-content\/uploads\/2025\/09\/IMG_20250404_195417-768x1024.jpg\" alt=\"\" class=\"wp-image-3974\" srcset=\"https:\/\/www.destrezasyvidaenelmedionatural.es\/wp-content\/uploads\/2025\/09\/IMG_20250404_195417-768x1024.jpg 768w, https:\/\/www.destrezasyvidaenelmedionatural.es\/wp-content\/uploads\/2025\/09\/IMG_20250404_195417-225x300.jpg 225w, https:\/\/www.destrezasyvidaenelmedionatural.es\/wp-content\/uploads\/2025\/09\/IMG_20250404_195417-1152x1536.jpg 1152w, https:\/\/www.destrezasyvidaenelmedionatural.es\/wp-content\/uploads\/2025\/09\/IMG_20250404_195417-1536x2048.jpg 1536w, https:\/\/www.destrezasyvidaenelmedionatural.es\/wp-content\/uploads\/2025\/09\/IMG_20250404_195417-scaled.jpg 1920w\" sizes=\"(max-width: 768px) 100vw, 768px\" \/><\/figure>\n\n\n\n<figure class=\"wp-block-image size-large\"><img loading=\"lazy\" decoding=\"async\" width=\"768\" height=\"1024\" data-id=\"3976\" src=\"https:\/\/www.destrezasyvidaenelmedionatural.es\/wp-content\/uploads\/2025\/09\/IMG_20250404_202046-768x1024.jpg\" alt=\"\" class=\"wp-image-3976\" srcset=\"https:\/\/www.destrezasyvidaenelmedionatural.es\/wp-content\/uploads\/2025\/09\/IMG_20250404_202046-768x1024.jpg 768w, https:\/\/www.destrezasyvidaenelmedionatural.es\/wp-content\/uploads\/2025\/09\/IMG_20250404_202046-225x300.jpg 225w, https:\/\/www.destrezasyvidaenelmedionatural.es\/wp-content\/uploads\/2025\/09\/IMG_20250404_202046-1152x1536.jpg 1152w, https:\/\/www.destrezasyvidaenelmedionatural.es\/wp-content\/uploads\/2025\/09\/IMG_20250404_202046-1536x2048.jpg 1536w, https:\/\/www.destrezasyvidaenelmedionatural.es\/wp-content\/uploads\/2025\/09\/IMG_20250404_202046-scaled.jpg 1920w\" sizes=\"(max-width: 768px) 100vw, 768px\" \/><\/figure>\n<\/figure>\n\n\n\n<h2 class=\"wp-block-heading\">La Dimensi\u00f3n Psicol\u00f3gica: Forjando Resiliencia y Progreso <\/h2>\n\n\n\n<p>El aspecto m\u00e1s profundo de la supervivencia no se encuentra en las herramientas o la t\u00e9cnica, sino en la <strong>mentalidad<\/strong>. El curso va m\u00e1s all\u00e1 de lo f\u00edsico, al abordar la <strong>Psicolog\u00eda de Supervivencia<\/strong>.<\/p>\n\n\n\n<h3 class=\"wp-block-heading\">Resiliencia ante la Crisis: El Factor Mental <\/h3>\n\n\n\n<p>La supervivencia se define como un gran deseo de vivir, pero implica adquirir habilidades y poner a disposici\u00f3n una mentalidad capaz de afrontar tanto victorias como fracasos. En toda situaci\u00f3n de urgencia, se presentan obst\u00e1culos psicol\u00f3gicos y emocionales como el <strong>miedo<\/strong>, la <strong>ansiedad<\/strong>, el cansancio, el fr\u00edo y la soledad.<\/p>\n\n\n\n<p>El aspecto psicol\u00f3gico es <em>sumamente importante<\/em>. Nuestro curso ayuda a desarrollar la <em>resiliencia social<\/em>, ense\u00f1ando la <strong>gesti\u00f3n emocional<\/strong> y t\u00e9cnicas para controlar el estr\u00e9s y el p\u00e1nico en momentos de riesgo. La personalidad del individuo determinar\u00e1 su capacidad de lucha y supervivencia. La preparaci\u00f3n ps\u00edquica, junto con la f\u00edsica, se hace m\u00e1s sostenible y fuerte, siendo una herramienta de gran utilidad no solo para la pr\u00e1ctica deportiva sino para la vida cotidiana. Un buen control mental y una correcta gesti\u00f3n de emociones es una de las grandes herramientas con las que podemos contar para conseguir nuestro objetivo.<\/p>\n\n\n\n<p>Para el alumno que buscaba <em>confianza<\/em>, esta formaci\u00f3n en <strong>resiliencia<\/strong> result\u00f3 vital. El proceso continuo de enfrentamiento a momentos de urgencia es de impacto para muchas personas. La habilidad de <strong>gestionar el miedo y la ansiedad<\/strong> es la clave para conseguir el objetivo: sobrevivir.<\/p>\n\n\n\n<figure class=\"wp-block-gallery has-nested-images columns-default is-cropped wp-block-gallery-6 is-layout-flex wp-block-gallery-is-layout-flex\">\n<figure class=\"wp-block-image size-large\"><img loading=\"lazy\" decoding=\"async\" width=\"768\" height=\"1024\" data-id=\"3978\" src=\"https:\/\/www.destrezasyvidaenelmedionatural.es\/wp-content\/uploads\/2025\/09\/IMG_20250404_150926-768x1024.jpg\" alt=\"\" class=\"wp-image-3978\" srcset=\"https:\/\/www.destrezasyvidaenelmedionatural.es\/wp-content\/uploads\/2025\/09\/IMG_20250404_150926-768x1024.jpg 768w, https:\/\/www.destrezasyvidaenelmedionatural.es\/wp-content\/uploads\/2025\/09\/IMG_20250404_150926-225x300.jpg 225w, https:\/\/www.destrezasyvidaenelmedionatural.es\/wp-content\/uploads\/2025\/09\/IMG_20250404_150926-1152x1536.jpg 1152w, https:\/\/www.destrezasyvidaenelmedionatural.es\/wp-content\/uploads\/2025\/09\/IMG_20250404_150926-1536x2048.jpg 1536w, https:\/\/www.destrezasyvidaenelmedionatural.es\/wp-content\/uploads\/2025\/09\/IMG_20250404_150926-scaled.jpg 1920w\" sizes=\"(max-width: 768px) 100vw, 768px\" \/><\/figure>\n\n\n\n<figure class=\"wp-block-image size-large\"><img loading=\"lazy\" decoding=\"async\" width=\"768\" height=\"1024\" data-id=\"3977\" src=\"https:\/\/www.destrezasyvidaenelmedionatural.es\/wp-content\/uploads\/2025\/09\/IMG_20250404_151613-768x1024.jpg\" alt=\"\" class=\"wp-image-3977\" srcset=\"https:\/\/www.destrezasyvidaenelmedionatural.es\/wp-content\/uploads\/2025\/09\/IMG_20250404_151613-768x1024.jpg 768w, https:\/\/www.destrezasyvidaenelmedionatural.es\/wp-content\/uploads\/2025\/09\/IMG_20250404_151613-225x300.jpg 225w, https:\/\/www.destrezasyvidaenelmedionatural.es\/wp-content\/uploads\/2025\/09\/IMG_20250404_151613-1152x1536.jpg 1152w, https:\/\/www.destrezasyvidaenelmedionatural.es\/wp-content\/uploads\/2025\/09\/IMG_20250404_151613-1536x2048.jpg 1536w, https:\/\/www.destrezasyvidaenelmedionatural.es\/wp-content\/uploads\/2025\/09\/IMG_20250404_151613-scaled.jpg 1920w\" sizes=\"(max-width: 768px) 100vw, 768px\" \/><\/figure>\n<\/figure>\n\n\n\n<h3 class=\"wp-block-heading\">La B\u00fasqueda de Amor Propio y Progreso mediante la Desconexi\u00f3n <\/h3>\n\n\n\n<p>La supervivencia es un camino de <em>desarrollo y mejora personal<\/em>. La <em>soledad<\/em>, por ejemplo, aunque puede ser negativa, si es bien llevada puede ser una gran herramienta eficaz para conocerse a s\u00ed mismo y elaborar una apreciaci\u00f3n de nuestros l\u00edmites.<\/p>\n\n\n\n<p>El curso de 3 d\u00edas en la naturaleza de Murcia est\u00e1 dise\u00f1ado para la <strong>desconexi\u00f3n de lo cotidiano y la reconexi\u00f3n con lo esencial<\/strong>. El <strong>progreso<\/strong> en las destrezas se logra a trav\u00e9s de la <em>experiencia inmersiva<\/em> y el <em>aprendizaje pr\u00e1ctico<\/em> en el terreno. Adem\u00e1s de las habilidades individuales, la experiencia enfatiza el <strong>trabajo en equipo y el liderazgo<\/strong>, fortaleciendo la capacidad de grupo. Al enfrentar la naturaleza y aplicar destrezas t\u00e9cnicas y emocionales, el alumno no solo aprende a adaptarse al entorno, sino que vive una experiencia que lo invita a desarrollar una relaci\u00f3n respetuosa y profunda con el medio natural. Este camino de autodescubrimiento y superaci\u00f3n, impulsado por el deseo de <strong>progreso<\/strong> y el sentido de comunidad (o <em>amor<\/em> al pr\u00f3jimo a trav\u00e9s del compa\u00f1erismo), es la verdadera transformaci\u00f3n que se lleva a casa.<\/p>\n\n\n\n<h2 class=\"wp-block-heading\">El Itinerario de las 72 Horas: Un Ejemplo de Progreso Continuo<\/h2>\n\n\n\n<p>El curso se extiende desde el viernes a las 15:00 hasta el domingo a las 15:00, culminando con la entrega de diplomas. Este es un resumen del intenso itinerario que forja al superviviente:<\/p>\n\n\n\n<ul class=\"wp-block-list\">\n<li><strong>Viernes 7 de Noviembre (El Inicio del Desaf\u00edo):<\/strong> Despu\u00e9s de la recepci\u00f3n en Las Casicas, los alumnos inician el <em>rucking<\/em>. El enfoque se centra r\u00e1pidamente en la <strong>Construcci\u00f3n de Refugios<\/strong> (materiales naturales y artificiales, emplazamiento adecuado, nudos b\u00e1sicos) y la <strong>Navegaci\u00f3n Nocturna<\/strong> (orientaci\u00f3n utilizando estrellas y preparaci\u00f3n para el vivac).<\/li>\n\n\n\n<li><strong>S\u00e1bado 8 de Noviembre (La Maestr\u00eda de los Recursos):<\/strong> El d\u00eda m\u00e1s denso. Las actividades incluyen: Obtenci\u00f3n y Purificaci\u00f3n de Agua; Reconocimiento de Flora Comestible y Medicinal; t\u00e9cnicas de conservaci\u00f3n (Salado de Trucha de R\u00edo); el m\u00f3dulo clave de <strong>Psicolog\u00eda de Supervivencia<\/strong>; <strong>T\u00e9cnicas de Encendido de Fuego<\/strong> (ferrocerio, yesca, m\u00e9todos primitivos); Cabuyer\u00eda y T\u00e9cnicas de Cuerda; Reconocimiento de Rastros y Huellas; y Orientaci\u00f3n por Indicios Naturales. El s\u00e1bado se practica el uso de herramientas esenciales incluidas en el pack de bienvenida, como el kit de fuego. Tambi\u00e9n se aborda la importancia de los <strong>Primeros Auxilios<\/strong> b\u00e1sicos, reconociendo que en el monte se podr\u00eda requerir aplicar cuidados m\u00e9dicos.<\/li>\n\n\n\n<li><strong>Domingo 9 de Noviembre (Consolidaci\u00f3n y Cierre):<\/strong> El \u00faltimo d\u00eda se centra en habilidades avanzadas y la log\u00edstica: Fabricaci\u00f3n de <strong>Armas Primitivas<\/strong> (como azagayas) y t\u00e9cnicas de caza; el concepto de <strong>EDC (Every Day Carry)<\/strong>; y la legislaci\u00f3n relevante. Finalmente, el curso culmina con la entrega de diplomas.<\/li>\n<\/ul>\n\n\n\n<p>Este intenso programa de <strong>progreso<\/strong> est\u00e1 dise\u00f1ado para que, al finalizar, el alumno no solo tenga la teor\u00eda, sino la <strong>confianza pr\u00e1ctica<\/strong> de haber superado 72 horas en el coraz\u00f3n de la naturaleza salvaje de Murcia.<\/p>\n\n\n<div class=\"wp-block-image\">\n<figure class=\"aligncenter size-large is-resized\"><img loading=\"lazy\" decoding=\"async\" width=\"1024\" height=\"1024\" src=\"https:\/\/www.destrezasyvidaenelmedionatural.es\/wp-content\/uploads\/2025\/09\/Aprende-tecnicas-esenciales-de-supervivencia-en-un-entorno-semiarido-mediterraneo-construccion-de-refugios-encendido-de-fuego-potabilizacion-de-agua-y-mas.-1-2-1024x1024.jpg\" alt=\"\" class=\"wp-image-3979\" style=\"width:606px;height:auto\" srcset=\"https:\/\/www.destrezasyvidaenelmedionatural.es\/wp-content\/uploads\/2025\/09\/Aprende-tecnicas-esenciales-de-supervivencia-en-un-entorno-semiarido-mediterraneo-construccion-de-refugios-encendido-de-fuego-potabilizacion-de-agua-y-mas.-1-2-1024x1024.jpg 1024w, https:\/\/www.destrezasyvidaenelmedionatural.es\/wp-content\/uploads\/2025\/09\/Aprende-tecnicas-esenciales-de-supervivencia-en-un-entorno-semiarido-mediterraneo-construccion-de-refugios-encendido-de-fuego-potabilizacion-de-agua-y-mas.-1-2-300x300.jpg 300w, https:\/\/www.destrezasyvidaenelmedionatural.es\/wp-content\/uploads\/2025\/09\/Aprende-tecnicas-esenciales-de-supervivencia-en-un-entorno-semiarido-mediterraneo-construccion-de-refugios-encendido-de-fuego-potabilizacion-de-agua-y-mas.-1-2-150x150.jpg 150w, https:\/\/www.destrezasyvidaenelmedionatural.es\/wp-content\/uploads\/2025\/09\/Aprende-tecnicas-esenciales-de-supervivencia-en-un-entorno-semiarido-mediterraneo-construccion-de-refugios-encendido-de-fuego-potabilizacion-de-agua-y-mas.-1-2-768x768.jpg 768w, https:\/\/www.destrezasyvidaenelmedionatural.es\/wp-content\/uploads\/2025\/09\/Aprende-tecnicas-esenciales-de-supervivencia-en-un-entorno-semiarido-mediterraneo-construccion-de-refugios-encendido-de-fuego-potabilizacion-de-agua-y-mas.-1-2.jpg 1080w\" sizes=\"(max-width: 1024px) 100vw, 1024px\" \/><\/figure>\n<\/div>\n\n\n<hr class=\"wp-block-separator has-alpha-channel-opacity\"\/>\n\n\n\n<h6 class=\"wp-block-heading\">\u00bfSab\u00edas que&#8230;? <strong>El aspecto psicol\u00f3gico es tan importante como el t\u00e9cnico en la supervivencia<\/strong>. En el mundo de la supervivencia, la gesti\u00f3n de una crisis (como el miedo, la ansiedad, o la soledad) requiere paciencia y constancia, similar a los ejercicios mentales que practican muchos deportistas. La soledad, en particular, puede ser una gran herramienta para el <em>progreso<\/em> personal y la apreciaci\u00f3n de nuestros propios l\u00edmites, aunque mal llevada puede llevar al abandono del objetivo de supervivencia. La habilidad para gestionar las emociones en situaciones adversas se ense\u00f1a de forma espec\u00edfica para aumentar la <strong>resiliencia<\/strong>.<\/h6>\n\n\n\n<hr class=\"wp-block-separator has-alpha-channel-opacity\"\/>\n\n\n\n<h3 class=\"wp-block-heading\">Preguntas Frecuentes (FAQs)<\/h3>\n\n\n\n<p><strong>\u00bfEs necesario tener experiencia previa en supervivencia para inscribirse en el curso intensivo?<\/strong> No, el curso est\u00e1 dise\u00f1ado para adaptarse tanto a principiantes que buscan su primera conexi\u00f3n con la naturaleza, como para personas con conocimientos b\u00e1sicos que desean perfeccionar sus habilidades. Nuestros instructores expertos se adaptar\u00e1n a su ritmo de aprendizaje.<\/p>\n\n\n\n<p><strong>\u00bfQu\u00e9 equipo personal debo llevar para el curso de 3 d\u00edas?<\/strong> Aunque el curso proporciona material esencial como <em>tarp<\/em> (lona impermeable), herramientas y menaje de cocina, cada participante debe traer su mochila, saco de dormir, esterilla aislante, calzado adecuado de monta\u00f1a, ropa c\u00f3moda para el clima, linterna frontal con pilas de repuesto, cuchillo de monte o multiherramienta, y 25 metros de cordino o paracord.<\/p>\n\n\n\n<p><strong>\u00bfQu\u00e9 tipo de alimentaci\u00f3n se ofrece durante el fin de semana?<\/strong> La inscripci\u00f3n incluye un plan alimenticio completo (cena del viernes, desayuno, comida y cena del s\u00e1bado, y desayuno del domingo), dise\u00f1ado en un estilo \u00abespartano\u00bb enfocado en la depuraci\u00f3n y limpieza del cuerpo, acorde con el esp\u00edritu de la supervivencia. Nos adaptamos a intolerancias o dietas espec\u00edficas (vegetariana, vegana, etc.), siempre que se informe en el registro.<\/p>\n\n\n\n<ol class=\"wp-block-list\"><\/ol>\n\n\n\n<hr class=\"wp-block-separator has-alpha-channel-opacity\"\/>\n\n\n\n<h2 class=\"wp-block-heading\">La Transformaci\u00f3n de 72 Horas<\/h2>\n\n\n\n<p>La historia de nuestro alumno en el entorno semi\u00e1rido de Murcia es un testimonio poderoso de que <em>la verdadera confianza no se encuentra en la ausencia de peligro, sino en la preparaci\u00f3n para enfrentarlo<\/em>. En solo 72 horas, logr\u00f3 dominar habilidades t\u00e9cnicas vitales como la <strong>orientaci\u00f3n<\/strong>, la ignici\u00f3n de <strong>fuego<\/strong> y la construcci\u00f3n de <strong>refugios<\/strong>. Pero lo m\u00e1s importante, adquiri\u00f3 la <strong>resiliencia psicol\u00f3gica<\/strong> para gestionar la ansiedad y el miedo, elementos cruciales para la supervivencia y el <strong>progreso<\/strong> personal.<\/p>\n\n\n\n<p>El entorno de la Sierra de La Pila se convierte en el lienzo perfecto para esta <em>experiencia inmersiva<\/em>.<\/p>\n\n\n\n<p>Estamos convencidos de que el <strong>progreso<\/strong> personal y la <strong>resiliencia<\/strong> se forjan en la acci\u00f3n y en la superaci\u00f3n de desaf\u00edos. Al embarcarse en este curso intensivo, no solo estar\u00e1 invirtiendo en destrezas que podr\u00edan salvarle la vida, sino en la <em>confianza<\/em> en s\u00ed mismo.<\/p>\n\n\n\n<p><strong>Si \u00e9l lo hizo, es su turno.<\/strong> \u00bfEst\u00e1 listo para esta inmersi\u00f3n total en el medio natural que transformar\u00e1 sus destrezas en solo 72 horas? Las plazas son limitadas (m\u00e1ximo 18 alumnos por grupo) para asegurar una experiencia personalizada.<\/p>\n\n\n\n<p><strong>\u00a1No deje pasar esta oportunidad \u00fanica de ponerse a prueba y comenzar su camino de progreso en la naturaleza!<\/strong>.<\/p>\n\n\n\n<figure class=\"wp-block-video\"><video height=\"1920\" style=\"aspect-ratio: 1080 \/ 1920;\" width=\"1080\" controls src=\"https:\/\/www.destrezasyvidaenelmedionatural.es\/wp-content\/uploads\/2025\/09\/No-sabia-caminar-por-el-monte-con-confianza.-has.mp4\"><\/video><\/figure>\n","protected":false},"excerpt":{"rendered":"<p>La naturaleza, en su inmensa belleza, a menudo nos confronta con nuestra propia vulnerabilidad. En un mundo donde la tecnolog\u00eda parece haber neutralizado la incertidumbre, muchos sentimos la necesidad intr\u00ednseca de reconectar con lo esencial. Esta es la historia de un alumno que decidi\u00f3 dar el salto, enfrentando el reto de nuestro Curso Intensivo de &hellip;<\/p>\n<p class=\"read-more\"> <a class=\"\" href=\"https:\/\/www.destrezasyvidaenelmedionatural.es\/index.php\/2025\/09\/26\/no-sabia-caminar-por-el-monte-con-confianza-hasta-que-me-inscribi-en-este-curso-intensivo-de-supervivencia-7-9-noviembre\/\"> <span class=\"screen-reader-text\">No sab\u00eda caminar por el monte con confianza\u2026 hasta que me inscrib\u00ed en este curso intensivo de supervivencia 7-9 noviembre<\/span> Leer m\u00e1s &raquo;<\/a><\/p>\n","protected":false},"author":1,"featured_media":0,"comment_status":"open","ping_status":"open","sticky":false,"template":"","format":"standard","meta":{"episode_type":"","audio_file":"","cover_image":"","cover_image_id":"","duration":"","filesize":"","date_recorded":"","explicit":"","block":"","filesize_raw":"","footnotes":""},"categories":[8],"tags":[],"class_list":["post-3961","post","type-post","status-publish","format-standard","hentry","category-blog"],"yoast_head":"<!-- This site is optimized with the Yoast SEO plugin v23.8 - https:\/\/yoast.com\/wordpress\/plugins\/seo\/ -->\n<title>No sab\u00eda caminar por el monte con confianza\u2026 hasta que me inscrib\u00ed en este curso intensivo de supervivencia 7-9 noviembre - Destrezas y Vida en el Medio Natural<\/title>\n<meta name=\"description\" content=\"Volv\u00ed con confianza para salir al monte\u201d \u2014 Testimonio real de un participante.\" \/>\n<meta name=\"robots\" content=\"index, follow, max-snippet:-1, max-image-preview:large, max-video-preview:-1\" \/>\n<link rel=\"canonical\" href=\"https:\/\/www.destrezasyvidaenelmedionatural.es\/index.php\/2025\/09\/26\/no-sabia-caminar-por-el-monte-con-confianza-hasta-que-me-inscribi-en-este-curso-intensivo-de-supervivencia-7-9-noviembre\/\" \/>\n<meta property=\"og:locale\" content=\"es_ES\" \/>\n<meta property=\"og:type\" content=\"article\" \/>\n<meta property=\"og:title\" content=\"No sab\u00eda caminar por el monte con confianza\u2026 hasta que me inscrib\u00ed en este curso intensivo de supervivencia 7-9 noviembre - Destrezas y Vida en el Medio Natural\" \/>\n<meta property=\"og:description\" content=\"Volv\u00ed con confianza para salir al monte\u201d \u2014 Testimonio real de un participante.\" \/>\n<meta property=\"og:url\" content=\"https:\/\/www.destrezasyvidaenelmedionatural.es\/index.php\/2025\/09\/26\/no-sabia-caminar-por-el-monte-con-confianza-hasta-que-me-inscribi-en-este-curso-intensivo-de-supervivencia-7-9-noviembre\/\" \/>\n<meta property=\"og:site_name\" content=\"Destrezas y Vida en el Medio Natural\" \/>\n<meta property=\"article:publisher\" content=\"https:\/\/www.facebook.com\/Destrezas.y.Vida.en.el.Medio.Natural\" \/>\n<meta property=\"article:author\" content=\"https:\/\/www.facebook.com\/Destrezas.y.Vida.en.el.Medio.Natural\" \/>\n<meta property=\"article:published_time\" content=\"2025-09-26T16:54:05+00:00\" \/>\n<meta property=\"article:modified_time\" content=\"2025-09-26T16:54:22+00:00\" \/>\n<meta property=\"og:image\" content=\"https:\/\/www.destrezasyvidaenelmedionatural.es\/wp-content\/uploads\/2025\/09\/IMG_20250404_161946-scaled.jpg\" \/>\n\t<meta property=\"og:image:width\" content=\"1920\" \/>\n\t<meta property=\"og:image:height\" content=\"2560\" \/>\n\t<meta property=\"og:image:type\" content=\"image\/jpeg\" \/>\n<meta name=\"author\" content=\"admin\" \/>\n<meta name=\"twitter:card\" content=\"summary_large_image\" \/>\n<meta name=\"twitter:creator\" content=\"@DestrezasyVida\" \/>\n<meta name=\"twitter:site\" content=\"@DestrezasyVida\" \/>\n<meta name=\"twitter:label1\" content=\"Escrito por\" \/>\n\t<meta name=\"twitter:data1\" content=\"admin\" \/>\n\t<meta name=\"twitter:label2\" content=\"Tiempo de lectura\" \/>\n\t<meta name=\"twitter:data2\" content=\"15 minutos\" \/>\n<script type=\"application\/ld+json\" class=\"yoast-schema-graph\">{\"@context\":\"https:\/\/schema.org\",\"@graph\":[{\"@type\":\"NewsArticle\",\"@id\":\"https:\/\/www.destrezasyvidaenelmedionatural.es\/index.php\/2025\/09\/26\/no-sabia-caminar-por-el-monte-con-confianza-hasta-que-me-inscribi-en-este-curso-intensivo-de-supervivencia-7-9-noviembre\/#article\",\"isPartOf\":{\"@id\":\"https:\/\/www.destrezasyvidaenelmedionatural.es\/index.php\/2025\/09\/26\/no-sabia-caminar-por-el-monte-con-confianza-hasta-que-me-inscribi-en-este-curso-intensivo-de-supervivencia-7-9-noviembre\/\"},\"author\":{\"name\":\"admin\",\"@id\":\"https:\/\/www.destrezasyvidaenelmedionatural.es\/#\/schema\/person\/05ac69635d864d75006df0853eb7afd3\"},\"headline\":\"No sab\u00eda caminar por el monte con confianza\u2026 hasta que me inscrib\u00ed en este curso intensivo de supervivencia 7-9 noviembre\",\"datePublished\":\"2025-09-26T16:54:05+00:00\",\"dateModified\":\"2025-09-26T16:54:22+00:00\",\"mainEntityOfPage\":{\"@id\":\"https:\/\/www.destrezasyvidaenelmedionatural.es\/index.php\/2025\/09\/26\/no-sabia-caminar-por-el-monte-con-confianza-hasta-que-me-inscribi-en-este-curso-intensivo-de-supervivencia-7-9-noviembre\/\"},\"wordCount\":2748,\"commentCount\":0,\"publisher\":{\"@id\":\"https:\/\/www.destrezasyvidaenelmedionatural.es\/#\/schema\/person\/05ac69635d864d75006df0853eb7afd3\"},\"image\":{\"@id\":\"https:\/\/www.destrezasyvidaenelmedionatural.es\/index.php\/2025\/09\/26\/no-sabia-caminar-por-el-monte-con-confianza-hasta-que-me-inscribi-en-este-curso-intensivo-de-supervivencia-7-9-noviembre\/#primaryimage\"},\"thumbnailUrl\":\"https:\/\/www.destrezasyvidaenelmedionatural.es\/wp-content\/uploads\/2025\/09\/IMG_20250404_161946-768x1024.jpg\",\"articleSection\":[\"Blog\"],\"inLanguage\":\"es\",\"potentialAction\":[{\"@type\":\"CommentAction\",\"name\":\"Comment\",\"target\":[\"https:\/\/www.destrezasyvidaenelmedionatural.es\/index.php\/2025\/09\/26\/no-sabia-caminar-por-el-monte-con-confianza-hasta-que-me-inscribi-en-este-curso-intensivo-de-supervivencia-7-9-noviembre\/#respond\"]}]},{\"@type\":[\"WebPage\",\"AboutPage\"],\"@id\":\"https:\/\/www.destrezasyvidaenelmedionatural.es\/index.php\/2025\/09\/26\/no-sabia-caminar-por-el-monte-con-confianza-hasta-que-me-inscribi-en-este-curso-intensivo-de-supervivencia-7-9-noviembre\/\",\"url\":\"https:\/\/www.destrezasyvidaenelmedionatural.es\/index.php\/2025\/09\/26\/no-sabia-caminar-por-el-monte-con-confianza-hasta-que-me-inscribi-en-este-curso-intensivo-de-supervivencia-7-9-noviembre\/\",\"name\":\"No sab\u00eda caminar por el monte con confianza\u2026 hasta que me inscrib\u00ed en este curso intensivo de supervivencia 7-9 noviembre - Destrezas y Vida en el Medio Natural\",\"isPartOf\":{\"@id\":\"https:\/\/www.destrezasyvidaenelmedionatural.es\/#website\"},\"primaryImageOfPage\":{\"@id\":\"https:\/\/www.destrezasyvidaenelmedionatural.es\/index.php\/2025\/09\/26\/no-sabia-caminar-por-el-monte-con-confianza-hasta-que-me-inscribi-en-este-curso-intensivo-de-supervivencia-7-9-noviembre\/#primaryimage\"},\"image\":{\"@id\":\"https:\/\/www.destrezasyvidaenelmedionatural.es\/index.php\/2025\/09\/26\/no-sabia-caminar-por-el-monte-con-confianza-hasta-que-me-inscribi-en-este-curso-intensivo-de-supervivencia-7-9-noviembre\/#primaryimage\"},\"thumbnailUrl\":\"https:\/\/www.destrezasyvidaenelmedionatural.es\/wp-content\/uploads\/2025\/09\/IMG_20250404_161946-768x1024.jpg\",\"datePublished\":\"2025-09-26T16:54:05+00:00\",\"dateModified\":\"2025-09-26T16:54:22+00:00\",\"description\":\"Volv\u00ed con confianza para salir al monte\u201d \u2014 Testimonio real de un participante.\",\"breadcrumb\":{\"@id\":\"https:\/\/www.destrezasyvidaenelmedionatural.es\/index.php\/2025\/09\/26\/no-sabia-caminar-por-el-monte-con-confianza-hasta-que-me-inscribi-en-este-curso-intensivo-de-supervivencia-7-9-noviembre\/#breadcrumb\"},\"inLanguage\":\"es\",\"potentialAction\":[{\"@type\":\"ReadAction\",\"target\":[\"https:\/\/www.destrezasyvidaenelmedionatural.es\/index.php\/2025\/09\/26\/no-sabia-caminar-por-el-monte-con-confianza-hasta-que-me-inscribi-en-este-curso-intensivo-de-supervivencia-7-9-noviembre\/\"]}]},{\"@type\":\"ImageObject\",\"inLanguage\":\"es\",\"@id\":\"https:\/\/www.destrezasyvidaenelmedionatural.es\/index.php\/2025\/09\/26\/no-sabia-caminar-por-el-monte-con-confianza-hasta-que-me-inscribi-en-este-curso-intensivo-de-supervivencia-7-9-noviembre\/#primaryimage\",\"url\":\"https:\/\/www.destrezasyvidaenelmedionatural.es\/wp-content\/uploads\/2025\/09\/IMG_20250404_161946-scaled.jpg\",\"contentUrl\":\"https:\/\/www.destrezasyvidaenelmedionatural.es\/wp-content\/uploads\/2025\/09\/IMG_20250404_161946-scaled.jpg\",\"width\":1920,\"height\":2560},{\"@type\":\"BreadcrumbList\",\"@id\":\"https:\/\/www.destrezasyvidaenelmedionatural.es\/index.php\/2025\/09\/26\/no-sabia-caminar-por-el-monte-con-confianza-hasta-que-me-inscribi-en-este-curso-intensivo-de-supervivencia-7-9-noviembre\/#breadcrumb\",\"itemListElement\":[{\"@type\":\"ListItem\",\"position\":1,\"name\":\"Portada\",\"item\":\"https:\/\/www.destrezasyvidaenelmedionatural.es\/\"},{\"@type\":\"ListItem\",\"position\":2,\"name\":\"No sab\u00eda caminar por el monte con confianza\u2026 hasta que me inscrib\u00ed en este curso intensivo de supervivencia 7-9 noviembre\"}]},{\"@type\":\"WebSite\",\"@id\":\"https:\/\/www.destrezasyvidaenelmedionatural.es\/#website\",\"url\":\"https:\/\/www.destrezasyvidaenelmedionatural.es\/\",\"name\":\"Destrezas y Vida en el Medio Natural\",\"description\":\"El sitio web Destrezas y Vida en el Medio Natural es un recurso excelente para cualquiera que quiera aprender sobre la naturaleza y c\u00f3mo interactuar con ella de manera segura y respetuosa.\",\"publisher\":{\"@id\":\"https:\/\/www.destrezasyvidaenelmedionatural.es\/#\/schema\/person\/05ac69635d864d75006df0853eb7afd3\"},\"potentialAction\":[{\"@type\":\"SearchAction\",\"target\":{\"@type\":\"EntryPoint\",\"urlTemplate\":\"https:\/\/www.destrezasyvidaenelmedionatural.es\/?s={search_term_string}\"},\"query-input\":{\"@type\":\"PropertyValueSpecification\",\"valueRequired\":true,\"valueName\":\"search_term_string\"}}],\"inLanguage\":\"es\"},{\"@type\":[\"Person\",\"Organization\"],\"@id\":\"https:\/\/www.destrezasyvidaenelmedionatural.es\/#\/schema\/person\/05ac69635d864d75006df0853eb7afd3\",\"name\":\"admin\",\"image\":{\"@type\":\"ImageObject\",\"inLanguage\":\"es\",\"@id\":\"https:\/\/www.destrezasyvidaenelmedionatural.es\/#\/schema\/person\/image\/\",\"url\":\"https:\/\/www.destrezasyvidaenelmedionatural.es\/wp-content\/uploads\/2021\/08\/cropped-SIN-FONDO-PRUEBA1.png\",\"contentUrl\":\"https:\/\/www.destrezasyvidaenelmedionatural.es\/wp-content\/uploads\/2021\/08\/cropped-SIN-FONDO-PRUEBA1.png\",\"width\":351,\"height\":349,\"caption\":\"admin\"},\"logo\":{\"@id\":\"https:\/\/www.destrezasyvidaenelmedionatural.es\/#\/schema\/person\/image\/\"},\"sameAs\":[\"http:\/\/www.destrezasyvidaenelmedionatural.es\",\"https:\/\/www.facebook.com\/Destrezas.y.Vida.en.el.Medio.Natural\",\"https:\/\/www.instagram.com\/destrezasyvidamn\/\"],\"url\":\"https:\/\/www.destrezasyvidaenelmedionatural.es\/index.php\/author\/admin\/\"}]}<\/script>\n<!-- \/ Yoast SEO plugin. -->","yoast_head_json":{"title":"No sab\u00eda caminar por el monte con confianza\u2026 hasta que me inscrib\u00ed en este curso intensivo de supervivencia 7-9 noviembre - Destrezas y Vida en el Medio Natural","description":"Volv\u00ed con confianza para salir al monte\u201d \u2014 Testimonio real de un participante.","robots":{"index":"index","follow":"follow","max-snippet":"max-snippet:-1","max-image-preview":"max-image-preview:large","max-video-preview":"max-video-preview:-1"},"canonical":"https:\/\/www.destrezasyvidaenelmedionatural.es\/index.php\/2025\/09\/26\/no-sabia-caminar-por-el-monte-con-confianza-hasta-que-me-inscribi-en-este-curso-intensivo-de-supervivencia-7-9-noviembre\/","og_locale":"es_ES","og_type":"article","og_title":"No sab\u00eda caminar por el monte con confianza\u2026 hasta que me inscrib\u00ed en este curso intensivo de supervivencia 7-9 noviembre - Destrezas y Vida en el Medio Natural","og_description":"Volv\u00ed con confianza para salir al monte\u201d \u2014 Testimonio real de un participante.","og_url":"https:\/\/www.destrezasyvidaenelmedionatural.es\/index.php\/2025\/09\/26\/no-sabia-caminar-por-el-monte-con-confianza-hasta-que-me-inscribi-en-este-curso-intensivo-de-supervivencia-7-9-noviembre\/","og_site_name":"Destrezas y Vida en el Medio Natural","article_publisher":"https:\/\/www.facebook.com\/Destrezas.y.Vida.en.el.Medio.Natural","article_author":"https:\/\/www.facebook.com\/Destrezas.y.Vida.en.el.Medio.Natural","article_published_time":"2025-09-26T16:54:05+00:00","article_modified_time":"2025-09-26T16:54:22+00:00","og_image":[{"width":1920,"height":2560,"url":"https:\/\/www.destrezasyvidaenelmedionatural.es\/wp-content\/uploads\/2025\/09\/IMG_20250404_161946-scaled.jpg","type":"image\/jpeg"}],"author":"admin","twitter_card":"summary_large_image","twitter_creator":"@DestrezasyVida","twitter_site":"@DestrezasyVida","twitter_misc":{"Escrito por":"admin","Tiempo de lectura":"15 minutos"},"schema":{"@context":"https:\/\/schema.org","@graph":[{"@type":"NewsArticle","@id":"https:\/\/www.destrezasyvidaenelmedionatural.es\/index.php\/2025\/09\/26\/no-sabia-caminar-por-el-monte-con-confianza-hasta-que-me-inscribi-en-este-curso-intensivo-de-supervivencia-7-9-noviembre\/#article","isPartOf":{"@id":"https:\/\/www.destrezasyvidaenelmedionatural.es\/index.php\/2025\/09\/26\/no-sabia-caminar-por-el-monte-con-confianza-hasta-que-me-inscribi-en-este-curso-intensivo-de-supervivencia-7-9-noviembre\/"},"author":{"name":"admin","@id":"https:\/\/www.destrezasyvidaenelmedionatural.es\/#\/schema\/person\/05ac69635d864d75006df0853eb7afd3"},"headline":"No sab\u00eda caminar por el monte con confianza\u2026 hasta que me inscrib\u00ed en este curso intensivo de supervivencia 7-9 noviembre","datePublished":"2025-09-26T16:54:05+00:00","dateModified":"2025-09-26T16:54:22+00:00","mainEntityOfPage":{"@id":"https:\/\/www.destrezasyvidaenelmedionatural.es\/index.php\/2025\/09\/26\/no-sabia-caminar-por-el-monte-con-confianza-hasta-que-me-inscribi-en-este-curso-intensivo-de-supervivencia-7-9-noviembre\/"},"wordCount":2748,"commentCount":0,"publisher":{"@id":"https:\/\/www.destrezasyvidaenelmedionatural.es\/#\/schema\/person\/05ac69635d864d75006df0853eb7afd3"},"image":{"@id":"https:\/\/www.destrezasyvidaenelmedionatural.es\/index.php\/2025\/09\/26\/no-sabia-caminar-por-el-monte-con-confianza-hasta-que-me-inscribi-en-este-curso-intensivo-de-supervivencia-7-9-noviembre\/#primaryimage"},"thumbnailUrl":"https:\/\/www.destrezasyvidaenelmedionatural.es\/wp-content\/uploads\/2025\/09\/IMG_20250404_161946-768x1024.jpg","articleSection":["Blog"],"inLanguage":"es","potentialAction":[{"@type":"CommentAction","name":"Comment","target":["https:\/\/www.destrezasyvidaenelmedionatural.es\/index.php\/2025\/09\/26\/no-sabia-caminar-por-el-monte-con-confianza-hasta-que-me-inscribi-en-este-curso-intensivo-de-supervivencia-7-9-noviembre\/#respond"]}]},{"@type":["WebPage","AboutPage"],"@id":"https:\/\/www.destrezasyvidaenelmedionatural.es\/index.php\/2025\/09\/26\/no-sabia-caminar-por-el-monte-con-confianza-hasta-que-me-inscribi-en-este-curso-intensivo-de-supervivencia-7-9-noviembre\/","url":"https:\/\/www.destrezasyvidaenelmedionatural.es\/index.php\/2025\/09\/26\/no-sabia-caminar-por-el-monte-con-confianza-hasta-que-me-inscribi-en-este-curso-intensivo-de-supervivencia-7-9-noviembre\/","name":"No sab\u00eda caminar por el monte con confianza\u2026 hasta que me inscrib\u00ed en este curso intensivo de supervivencia 7-9 noviembre - Destrezas y Vida en el Medio Natural","isPartOf":{"@id":"https:\/\/www.destrezasyvidaenelmedionatural.es\/#website"},"primaryImageOfPage":{"@id":"https:\/\/www.destrezasyvidaenelmedionatural.es\/index.php\/2025\/09\/26\/no-sabia-caminar-por-el-monte-con-confianza-hasta-que-me-inscribi-en-este-curso-intensivo-de-supervivencia-7-9-noviembre\/#primaryimage"},"image":{"@id":"https:\/\/www.destrezasyvidaenelmedionatural.es\/index.php\/2025\/09\/26\/no-sabia-caminar-por-el-monte-con-confianza-hasta-que-me-inscribi-en-este-curso-intensivo-de-supervivencia-7-9-noviembre\/#primaryimage"},"thumbnailUrl":"https:\/\/www.destrezasyvidaenelmedionatural.es\/wp-content\/uploads\/2025\/09\/IMG_20250404_161946-768x1024.jpg","datePublished":"2025-09-26T16:54:05+00:00","dateModified":"2025-09-26T16:54:22+00:00","description":"Volv\u00ed con confianza para salir al monte\u201d \u2014 Testimonio real de un participante.","breadcrumb":{"@id":"https:\/\/www.destrezasyvidaenelmedionatural.es\/index.php\/2025\/09\/26\/no-sabia-caminar-por-el-monte-con-confianza-hasta-que-me-inscribi-en-este-curso-intensivo-de-supervivencia-7-9-noviembre\/#breadcrumb"},"inLanguage":"es","potentialAction":[{"@type":"ReadAction","target":["https:\/\/www.destrezasyvidaenelmedionatural.es\/index.php\/2025\/09\/26\/no-sabia-caminar-por-el-monte-con-confianza-hasta-que-me-inscribi-en-este-curso-intensivo-de-supervivencia-7-9-noviembre\/"]}]},{"@type":"ImageObject","inLanguage":"es","@id":"https:\/\/www.destrezasyvidaenelmedionatural.es\/index.php\/2025\/09\/26\/no-sabia-caminar-por-el-monte-con-confianza-hasta-que-me-inscribi-en-este-curso-intensivo-de-supervivencia-7-9-noviembre\/#primaryimage","url":"https:\/\/www.destrezasyvidaenelmedionatural.es\/wp-content\/uploads\/2025\/09\/IMG_20250404_161946-scaled.jpg","contentUrl":"https:\/\/www.destrezasyvidaenelmedionatural.es\/wp-content\/uploads\/2025\/09\/IMG_20250404_161946-scaled.jpg","width":1920,"height":2560},{"@type":"BreadcrumbList","@id":"https:\/\/www.destrezasyvidaenelmedionatural.es\/index.php\/2025\/09\/26\/no-sabia-caminar-por-el-monte-con-confianza-hasta-que-me-inscribi-en-este-curso-intensivo-de-supervivencia-7-9-noviembre\/#breadcrumb","itemListElement":[{"@type":"ListItem","position":1,"name":"Portada","item":"https:\/\/www.destrezasyvidaenelmedionatural.es\/"},{"@type":"ListItem","position":2,"name":"No sab\u00eda caminar por el monte con confianza\u2026 hasta que me inscrib\u00ed en este curso intensivo de supervivencia 7-9 noviembre"}]},{"@type":"WebSite","@id":"https:\/\/www.destrezasyvidaenelmedionatural.es\/#website","url":"https:\/\/www.destrezasyvidaenelmedionatural.es\/","name":"Destrezas y Vida en el Medio Natural","description":"El sitio web Destrezas y Vida en el Medio Natural es un recurso excelente para cualquiera que quiera aprender sobre la naturaleza y c\u00f3mo interactuar con ella de manera segura y respetuosa.","publisher":{"@id":"https:\/\/www.destrezasyvidaenelmedionatural.es\/#\/schema\/person\/05ac69635d864d75006df0853eb7afd3"},"potentialAction":[{"@type":"SearchAction","target":{"@type":"EntryPoint","urlTemplate":"https:\/\/www.destrezasyvidaenelmedionatural.es\/?s={search_term_string}"},"query-input":{"@type":"PropertyValueSpecification","valueRequired":true,"valueName":"search_term_string"}}],"inLanguage":"es"},{"@type":["Person","Organization"],"@id":"https:\/\/www.destrezasyvidaenelmedionatural.es\/#\/schema\/person\/05ac69635d864d75006df0853eb7afd3","name":"admin","image":{"@type":"ImageObject","inLanguage":"es","@id":"https:\/\/www.destrezasyvidaenelmedionatural.es\/#\/schema\/person\/image\/","url":"https:\/\/www.destrezasyvidaenelmedionatural.es\/wp-content\/uploads\/2021\/08\/cropped-SIN-FONDO-PRUEBA1.png","contentUrl":"https:\/\/www.destrezasyvidaenelmedionatural.es\/wp-content\/uploads\/2021\/08\/cropped-SIN-FONDO-PRUEBA1.png","width":351,"height":349,"caption":"admin"},"logo":{"@id":"https:\/\/www.destrezasyvidaenelmedionatural.es\/#\/schema\/person\/image\/"},"sameAs":["http:\/\/www.destrezasyvidaenelmedionatural.es","https:\/\/www.facebook.com\/Destrezas.y.Vida.en.el.Medio.Natural","https:\/\/www.instagram.com\/destrezasyvidamn\/"],"url":"https:\/\/www.destrezasyvidaenelmedionatural.es\/index.php\/author\/admin\/"}]}},"_links":{"self":[{"href":"https:\/\/www.destrezasyvidaenelmedionatural.es\/index.php\/wp-json\/wp\/v2\/posts\/3961","targetHints":{"allow":["GET"]}}],"collection":[{"href":"https:\/\/www.destrezasyvidaenelmedionatural.es\/index.php\/wp-json\/wp\/v2\/posts"}],"about":[{"href":"https:\/\/www.destrezasyvidaenelmedionatural.es\/index.php\/wp-json\/wp\/v2\/types\/post"}],"author":[{"embeddable":true,"href":"https:\/\/www.destrezasyvidaenelmedionatural.es\/index.php\/wp-json\/wp\/v2\/users\/1"}],"replies":[{"embeddable":true,"href":"https:\/\/www.destrezasyvidaenelmedionatural.es\/index.php\/wp-json\/wp\/v2\/comments?post=3961"}],"version-history":[{"count":3,"href":"https:\/\/www.destrezasyvidaenelmedionatural.es\/index.php\/wp-json\/wp\/v2\/posts\/3961\/revisions"}],"predecessor-version":[{"id":3982,"href":"https:\/\/www.destrezasyvidaenelmedionatural.es\/index.php\/wp-json\/wp\/v2\/posts\/3961\/revisions\/3982"}],"wp:attachment":[{"href":"https:\/\/www.destrezasyvidaenelmedionatural.es\/index.php\/wp-json\/wp\/v2\/media?parent=3961"}],"wp:term":[{"taxonomy":"category","embeddable":true,"href":"https:\/\/www.destrezasyvidaenelmedionatural.es\/index.php\/wp-json\/wp\/v2\/categories?post=3961"},{"taxonomy":"post_tag","embeddable":true,"href":"https:\/\/www.destrezasyvidaenelmedionatural.es\/index.php\/wp-json\/wp\/v2\/tags?post=3961"}],"curies":[{"name":"wp","href":"https:\/\/api.w.org\/{rel}","templated":true}]}}