{"id":3983,"date":"2025-09-29T16:00:11","date_gmt":"2025-09-29T16:00:11","guid":{"rendered":"https:\/\/www.destrezasyvidaenelmedionatural.es\/?p=3983"},"modified":"2025-09-29T16:00:12","modified_gmt":"2025-09-29T16:00:12","slug":"te-cuesta-concentrarte-la-naturaleza-es-la-solucion-y-la-ciencia-lo-confirma","status":"publish","type":"post","link":"https:\/\/www.destrezasyvidaenelmedionatural.es\/index.php\/2025\/09\/29\/te-cuesta-concentrarte-la-naturaleza-es-la-solucion-y-la-ciencia-lo-confirma\/","title":{"rendered":"\u00bfTe cuesta concentrarte? La naturaleza es la soluci\u00f3n, y la ciencia lo confirma. \u00a1La exposici\u00f3n a entornos naturales mejora tu atenci\u00f3n y memoria, incluso si solo puedes exponer tu mente a ella por unos minutos!"},"content":{"rendered":"\n<p>Notificaciones. Mensajes. Un flujo interminable de datos. Tu atenci\u00f3n est\u00e1 fragmentada en mil pedazos y la capacidad de pensar con claridad parece un lujo del pasado. No es tu imaginaci\u00f3n. Vivimos en una avalancha de est\u00edmulos dise\u00f1ada para capturar nuestro enfoque. \u00bfSientes que tu mente est\u00e1 constantemente en estado de alerta, incapaz de desconectar y concentrarse de verdad? La soluci\u00f3n no es otra aplicaci\u00f3n de productividad. La naturaleza no es solo un escape de este ruido; es una herramienta cient\u00edficamente probada, un campo de entrenamiento para restaurar la concentraci\u00f3n, la calma y la claridad mental que has perdido.<\/p>\n\n\n\n<p>&#8212;&#8212;&#8212;&#8212;&#8212;&#8212;&#8212;&#8212;&#8212;&#8212;&#8212;&#8212;&#8212;&#8212;&#8212;&#8212;&#8212;&#8212;&#8212;&#8212;&#8212;&#8212;&#8212;&#8212;&#8212;&#8212;&#8211;<\/p>\n\n\n\n<h2 class=\"wp-block-heading\">El Reseteo Mental que tu Cerebro Necesita: La Ciencia Detr\u00e1s de la Naturaleza<\/h2>\n\n\n\n<p>En este articulo no exploraremos opiniones, sino los mecanismos neurobiol\u00f3gicos que explican por qu\u00e9 un entorno natural tiene un efecto tan profundo en nuestra capacidad cognitiva. No se trata de magia, sino de c\u00f3mo responde nuestro cerebro a diferentes tipos de est\u00edmulos. Entender el \u00abporqu\u00e9\u00bb es el primer paso para aprender a usar un ant\u00eddoto ancestral y poderoso a nuestro favor.<\/p>\n\n\n\n<h4 class=\"wp-block-heading\">Recargando la Atenci\u00f3n: Un Ant\u00eddoto contra la Fatiga Mental<\/h4>\n\n\n\n<p>Tu cerebro tiene dos tipos de atenci\u00f3n: la dirigida y la involuntaria. La atenci\u00f3n dirigida es la que usas para concentrarte en el trabajo, estudiar o ignorar distracciones. Es un recurso limitado que se agota. La vida urbana y digital exige un uso constante de esta atenci\u00f3n, bombarde\u00e1ndote con est\u00edmulos \u00abduros\u00bb que debes filtrar activamente. La naturaleza, en cambio, utiliza tu atenci\u00f3n involuntaria. El murmullo de un arroyo, el movimiento de las hojas o la forma de una nube capturan tu inter\u00e9s sin esfuerzo. Este estado, conocido como \u00abfascinaci\u00f3n suave\u00bb, permite que tus funciones cognitivas superiores, las que gestionan la atenci\u00f3n dirigida, descansen y se recuperen. No es un descanso pasivo, sino una recarga activa de tus recursos mentales m\u00e1s valiosos.<\/p>\n\n\n\n<h4 class=\"wp-block-heading\">Apagando las Alarmas Internas: C\u00f3mo la Naturaleza Calma el Estr\u00e9s<\/h4>\n\n\n\n<p>El estr\u00e9s cr\u00f3nico es el enemigo de la claridad mental. Cuando est\u00e1s estresado, tu cuerpo libera cortisol, la \u00abhormona del estr\u00e9s\u00bb. Niveles elevados de cortisol de forma sostenida afectan negativamente a la memoria, la concentraci\u00f3n y la toma de decisiones. Un cerebro en estado de alerta constante no puede pensar con profundidad. La ciencia ha demostrado que la exposici\u00f3n a entornos naturales reduce significativamente los niveles de cortisol en sangre. Tan solo unos minutos en un parque o un bosque pueden calmar tu sistema nervioso, disminuir la frecuencia card\u00edaca y bajar la presi\u00f3n arterial. <em>Un cerebro menos estresado es un cerebro que piensa, aprende y se concentra mejor.<\/em><\/p>\n\n\n\n<h4 class=\"wp-block-heading\">La Conexi\u00f3n Definitiva: Mindfulness en el Entorno Perfecto<\/h4>\n\n\n\n<p>La naturaleza es el escenario ideal para practicar la atenci\u00f3n plena (<em>mindfulness<\/em>). En lugar de luchar por concentrarte en tu respiraci\u00f3n en una habitaci\u00f3n ruidosa, el entorno natural te ofrece anclas sensoriales potentes y agradables. Los sonidos del viento entre los \u00e1rboles, el olor de la tierra h\u00fameda o la visi\u00f3n de un \u00e1guila en el cielo te traen de vuelta al presente de forma natural. Esta pr\u00e1ctica no solo calma la mente, sino que fortalece tu conexi\u00f3n emocional, inspirando asombro y gratitud. Estas emociones positivas son un poderoso contrapeso al desgaste y la negatividad de la vida diaria.<\/p>\n\n\n\n<p><em>\u00bfPero c\u00f3mo podemos llevar estos beneficios al siguiente nivel y convertirlos en una habilidad duradera?<\/em><\/p>\n\n\n\n<p>&#8212;&#8212;&#8212;&#8212;&#8212;&#8212;&#8212;&#8212;&#8212;&#8212;&#8212;&#8212;&#8212;&#8212;&#8212;&#8212;&#8212;&#8212;&#8212;&#8212;&#8212;&#8212;&#8212;&#8212;&#8212;&#8212;&#8211;<\/p>\n\n\n\n<h2 class=\"wp-block-heading\">Del Bosque a la Mente: C\u00f3mo el Entrenamiento de Supervivencia Forja un Enfoque de Acero<\/h2>\n\n\n\n<p>Conectar con la naturaleza es el primer paso. El siguiente es aprender a prosperar en ella. El entrenamiento de supervivencia no es solo para prepararse ante situaciones extremas; es uno de los campos de entrenamiento mental m\u00e1s potentes que existen. Obliga a la mente a salir del modo pasivo y a entrar en un estado de enfoque activo, toma de decisiones y resiliencia.<\/p>\n\n\n\n<h4 class=\"wp-block-heading\">El Enfoque en Situaciones L\u00edmite: M\u00e1s All\u00e1 de la Simple Concentraci\u00f3n<\/h4>\n\n\n\n<p>En una crisis, el cerebro \u00abprioriza la rapidez sobre la precisi\u00f3n\u00bb, lo que puede llevar a errores. El entrenamiento de supervivencia nos ense\u00f1a a mejorar esa precisi\u00f3n sin sacrificar la velocidad. Habilidades como la evaluaci\u00f3n de una emergencia o la toma de decisiones con informaci\u00f3n incompleta combaten directamente la <em>par\u00e1lisis por an\u00e1lisis<\/em>, ese estado en que la sobreabundancia de informaci\u00f3n nos deja abrumados e incapaces de actuar. Al aprender a tomar decisiones claras y efectivas bajo presi\u00f3n, desarrollamos una mente que no se congela ante el estr\u00e9s o la incertidumbre, sino que act\u00faa con prop\u00f3sito y eficacia, evitando el <em>desgaste emocional<\/em>.<\/p>\n\n\n\n<h4 class=\"wp-block-heading\">Construyendo Resiliencia Emocional en un Entorno Remoto<\/h4>\n\n\n\n<p>Nuestro curso se desarrolla en lo que t\u00e9cnicamente se define como un <em>lugar remoto<\/em>: cualquier punto a m\u00e1s de una hora de un centro de atenci\u00f3n definitiva. En este contexto, no hay ayuda inmediata. La calma y la claridad mental no son un lujo, son herramientas de supervivencia. El entrenamiento no se limita a ense\u00f1ar t\u00e9cnicas f\u00edsicas; su n\u00facleo es el desarrollo de habilidades emocionales para el manejo del estr\u00e9s. Ense\u00f1amos a mantener la calma cuando es crucial hacerlo, forjando una autoconfianza que se traslada a todos los aspectos de la vida. Esta resiliencia se forja en un lugar \u00fanico y desafiante.<\/p>\n\n\n\n<p>&#8212;&#8212;&#8212;&#8212;&#8212;&#8212;&#8212;&#8212;&#8212;&#8212;&#8212;&#8212;&#8212;&#8212;&#8212;&#8212;&#8212;&#8212;&#8212;&#8212;&#8212;&#8212;&#8212;&#8212;&#8212;&#8212;&#8211;<\/p>\n\n\n\n<h2 class=\"wp-block-heading\">Nuestro Campo de Entrenamiento: La Sierra de La Pila, un Tesoro Semi\u00e1rido<\/h2>\n\n\n\n<p>Hemos elegido la Sierra de La Pila como nuestro campo de entrenamiento no por casualidad, sino por su car\u00e1cter \u00fanico. Este Parque Regional, un tesoro semi\u00e1rido en Murcia, ofrece el equilibrio perfecto entre desaf\u00edo, belleza y aislamiento, creando un entorno de aprendizaje inmersivo e inolvidable.<\/p>\n\n\n\n<h5 class=\"wp-block-heading\">Un Ecosistema \u00danico en Murcia<\/h5>\n\n\n\n<p>La Sierra de la Pila est\u00e1 protegida bajo las figuras de <em>Parque Regional<\/em> y <em>Zona de Especial Protecci\u00f3n para las Aves (ZEPA)<\/em>. Su clima se clasifica como <em>Mediterr\u00e1neo Genuino seco<\/em>, lo que condiciona un paisaje de una belleza agreste y poderosa. El terreno est\u00e1 dominado por densos bosques de <em>pino carrasco<\/em> (<em>Pinus halepensis<\/em>) y valiosos <em>carrascales<\/em>, creando un mosaico de vegetaci\u00f3n que exige atenci\u00f3n y adaptaci\u00f3n. Es un entorno que te obliga a estar presente, a observar y a aprender de \u00e9l.<\/p>\n\n\n\n<h5 class=\"wp-block-heading\">Un Paisaje que Inspira<\/h5>\n\n\n\n<p>La biodiversidad de la sierra es un espect\u00e1culo que alimenta el asombro. Es el hogar de imponentes aves rapaces como el <em>\u00e1guila real<\/em>, el <em>halc\u00f3n peregrino<\/em> y el <em>b\u00faho real<\/em>. Adem\u00e1s, alberga una importante colonia de <em>chova piquirroja<\/em> (<em>Pyrrhocorax pyrrhocorax<\/em>). La presencia de esta fauna nos brinda una oportunidad constante para practicar la observaci\u00f3n, la paciencia y la atenci\u00f3n plena, reforzando las habilidades mentales que son el n\u00facleo de nuestra formaci\u00f3n. Aqu\u00ed no solo aprendes a sobrevivir, aprendes a ver el mundo con nuevos ojos.<\/p>\n\n\n\n<p>&#8212;&#8212;&#8212;&#8212;&#8212;&#8212;&#8212;&#8212;&#8212;&#8212;&#8212;&#8212;&#8212;&#8212;&#8212;&#8212;&#8212;&#8212;&#8212;&#8212;&#8212;&#8212;&#8212;&#8212;&#8212;&#8212;&#8211;<\/p>\n\n\n\n<h2 class=\"wp-block-heading\">La Transformaci\u00f3n a Trav\u00e9s de la Acci\u00f3n: \u00bfQu\u00e9 Aprender\u00e1s con Nosotros?<\/h2>\n\n\n\n<p>Las habilidades que ense\u00f1amos son el veh\u00edculo para un profundo desarrollo mental. Cada t\u00e9cnica tiene un doble prop\u00f3sito: una aplicaci\u00f3n pr\u00e1ctica para la supervivencia y un ejercicio intensivo de entrenamiento cognitivo. No ense\u00f1amos trucos, forjamos capacidades.<\/p>\n\n\n\n<h4 class=\"wp-block-heading\">Habilidades Pr\u00e1cticas, Beneficios Mentales<\/h4>\n\n\n\n<p>En nuestro curso, dominar\u00e1s habilidades ancestrales que agudizar\u00e1n tu mente de formas que nunca imaginaste.<\/p>\n\n\n\n<ul class=\"wp-block-list\">\n<li><strong>Orientaci\u00f3n:<\/strong> Aprender a navegar sin depender de un GPS es un ejercicio cerebral de primer nivel. Desarrolla la conciencia espacial, la observaci\u00f3n de patrones en el paisaje, la lectura del sol y las estrellas, y la toma de decisiones l\u00f3gicas bajo incertidumbre. Tu mente aprende a construir un mapa interno del entorno, fortaleciendo la memoria y la capacidad de planificaci\u00f3n.<\/li>\n\n\n\n<li><strong>Encendido de fuego:<\/strong> Crear fuego a partir de elementos naturales es una de las pr\u00e1cticas de concentraci\u00f3n m\u00e1s profundas que existen. Exige paciencia absoluta, una atenci\u00f3n focalizada que bloquea toda distracci\u00f3n, resoluci\u00f3n de problemas secuencial (preparar la yesca, la le\u00f1a fina, el combustible) y una motricidad fina controlada por una mente tranquila y decidida.<\/li>\n<\/ul>\n\n\n\n<figure class=\"wp-block-gallery has-nested-images columns-default is-cropped wp-block-gallery-1 is-layout-flex wp-block-gallery-is-layout-flex\">\n<figure class=\"wp-block-image size-large\"><img fetchpriority=\"high\" decoding=\"async\" width=\"768\" height=\"1024\" data-id=\"3986\" src=\"https:\/\/www.destrezasyvidaenelmedionatural.es\/wp-content\/uploads\/2025\/09\/IMG_20230930_171245-768x1024.jpg\" alt=\"\" class=\"wp-image-3986\" srcset=\"https:\/\/www.destrezasyvidaenelmedionatural.es\/wp-content\/uploads\/2025\/09\/IMG_20230930_171245-768x1024.jpg 768w, https:\/\/www.destrezasyvidaenelmedionatural.es\/wp-content\/uploads\/2025\/09\/IMG_20230930_171245-225x300.jpg 225w, https:\/\/www.destrezasyvidaenelmedionatural.es\/wp-content\/uploads\/2025\/09\/IMG_20230930_171245-1152x1536.jpg 1152w, https:\/\/www.destrezasyvidaenelmedionatural.es\/wp-content\/uploads\/2025\/09\/IMG_20230930_171245-1536x2048.jpg 1536w, https:\/\/www.destrezasyvidaenelmedionatural.es\/wp-content\/uploads\/2025\/09\/IMG_20230930_171245-scaled.jpg 1920w\" sizes=\"(max-width: 768px) 100vw, 768px\" \/><\/figure>\n\n\n\n<figure class=\"wp-block-image size-large\"><img decoding=\"async\" width=\"768\" height=\"1024\" data-id=\"3985\" src=\"https:\/\/www.destrezasyvidaenelmedionatural.es\/wp-content\/uploads\/2025\/09\/IMG_20230930_175848-768x1024.jpg\" alt=\"\" class=\"wp-image-3985\" srcset=\"https:\/\/www.destrezasyvidaenelmedionatural.es\/wp-content\/uploads\/2025\/09\/IMG_20230930_175848-768x1024.jpg 768w, https:\/\/www.destrezasyvidaenelmedionatural.es\/wp-content\/uploads\/2025\/09\/IMG_20230930_175848-225x300.jpg 225w, https:\/\/www.destrezasyvidaenelmedionatural.es\/wp-content\/uploads\/2025\/09\/IMG_20230930_175848-1152x1536.jpg 1152w, https:\/\/www.destrezasyvidaenelmedionatural.es\/wp-content\/uploads\/2025\/09\/IMG_20230930_175848-1536x2048.jpg 1536w, https:\/\/www.destrezasyvidaenelmedionatural.es\/wp-content\/uploads\/2025\/09\/IMG_20230930_175848-scaled.jpg 1920w\" sizes=\"(max-width: 768px) 100vw, 768px\" \/><\/figure>\n<\/figure>\n\n\n\n<p>&#8212;&#8212;&#8212;&#8212;&#8212;&#8212;&#8212;&#8212;&#8212;&#8212;&#8212;&#8212;&#8212;&#8212;&#8212;&#8212;&#8212;&#8212;&#8212;&#8212;&#8212;&#8212;&#8212;&#8212;&#8212;&#8212;&#8211;<\/p>\n\n\n\n<h3 class=\"wp-block-heading\">Recupera el Control de Tu Mente<\/h3>\n\n\n\n<p>Tu mente no tiene por qu\u00e9 ser un campo de batalla para la distracci\u00f3n. La naturaleza te ofrece el respiro que necesitas, y nuestro curso intensivo te da las herramientas para convertir ese respiro en una fortaleza mental duradera. Dejar\u00e1s de ser un receptor pasivo de informaci\u00f3n para convertirte en un actor consciente, capaz de enfocar tu atenci\u00f3n, mantener la calma bajo presi\u00f3n y tomar el control de tu estado mental. Da el paso definitivo para recuperar la claridad y el enfoque que te pertenecen.<\/p>\n\n\n\n<p><strong>Contacta con nosotros para recibir m\u00e1s informaci\u00f3n sobre esta experiencia formativa transformadora.<\/strong><\/p>\n\n\n\n<p>&#8212;&#8212;&#8212;&#8212;&#8212;&#8212;&#8212;&#8212;&#8212;&#8212;&#8212;&#8212;&#8212;&#8212;&#8212;&#8212;&#8212;&#8212;&#8212;&#8212;&#8212;&#8212;&#8212;&#8212;&#8212;&#8212;&#8211;<\/p>\n\n\n\n<h6 class=\"wp-block-heading\">\u00bfSab\u00edas que&#8230;? Un <em>lugar remoto<\/em> no es solo una monta\u00f1a lejana o una selva impenetrable. T\u00e9cnicamente, se define como cualquier punto geogr\u00e1fico que se encuentre <strong>a m\u00e1s de una hora de un centro de atenci\u00f3n m\u00e9dica definitiva<\/strong>. Esto subraya por qu\u00e9 la autosuficiencia, la capacidad de improvisar y, sobre todo, la claridad mental para tomar decisiones correctas son habilidades absolutamente vitales en estos entornos.<\/h6>\n\n\n\n<hr class=\"wp-block-separator has-alpha-channel-opacity\"\/>\n\n\n<div class=\"wp-block-image\">\n<figure class=\"aligncenter size-large is-resized\"><img decoding=\"async\" width=\"1024\" height=\"1024\" src=\"http:\/\/www.destrezasyvidaenelmedionatural.es\/wp-content\/uploads\/2025\/09\/Aprende-tecnicas-esenciales-de-supervivencia-en-un-entorno-semiarido-mediterraneo-construccion-de-refugios-encendido-de-fuego-potabilizacion-de-agua-y-mas.-1-2-1024x1024.jpg\" alt=\"\" class=\"wp-image-3979\" style=\"width:586px;height:auto\" srcset=\"https:\/\/www.destrezasyvidaenelmedionatural.es\/wp-content\/uploads\/2025\/09\/Aprende-tecnicas-esenciales-de-supervivencia-en-un-entorno-semiarido-mediterraneo-construccion-de-refugios-encendido-de-fuego-potabilizacion-de-agua-y-mas.-1-2-1024x1024.jpg 1024w, https:\/\/www.destrezasyvidaenelmedionatural.es\/wp-content\/uploads\/2025\/09\/Aprende-tecnicas-esenciales-de-supervivencia-en-un-entorno-semiarido-mediterraneo-construccion-de-refugios-encendido-de-fuego-potabilizacion-de-agua-y-mas.-1-2-300x300.jpg 300w, https:\/\/www.destrezasyvidaenelmedionatural.es\/wp-content\/uploads\/2025\/09\/Aprende-tecnicas-esenciales-de-supervivencia-en-un-entorno-semiarido-mediterraneo-construccion-de-refugios-encendido-de-fuego-potabilizacion-de-agua-y-mas.-1-2-150x150.jpg 150w, https:\/\/www.destrezasyvidaenelmedionatural.es\/wp-content\/uploads\/2025\/09\/Aprende-tecnicas-esenciales-de-supervivencia-en-un-entorno-semiarido-mediterraneo-construccion-de-refugios-encendido-de-fuego-potabilizacion-de-agua-y-mas.-1-2-768x768.jpg 768w, https:\/\/www.destrezasyvidaenelmedionatural.es\/wp-content\/uploads\/2025\/09\/Aprende-tecnicas-esenciales-de-supervivencia-en-un-entorno-semiarido-mediterraneo-construccion-de-refugios-encendido-de-fuego-potabilizacion-de-agua-y-mas.-1-2.jpg 1080w\" sizes=\"(max-width: 1024px) 100vw, 1024px\" \/><\/figure>\n<\/div>\n\n\n<h3 class=\"wp-block-heading\">Preguntas Frecuentes (FAQs)<\/h3>\n\n\n\n<h3 class=\"wp-block-heading\">\u00bfNecesito tener experiencia previa en supervivencia o una gran condici\u00f3n f\u00edsica?<\/h3>\n\n\n\n<p>No. El curso est\u00e1 dise\u00f1ado para potenciar el aprendizaje y el desarrollo personal, adapt\u00e1ndose a diferentes niveles. Lo m\u00e1s importante no es tu punto de partida, sino tu voluntad de aprender, desafiarte y crecer.<\/p>\n\n\n\n<h3 class=\"wp-block-heading\">\u00bfEste curso es solo sobre habilidades f\u00edsicas o tambi\u00e9n se trabaja el aspecto mental?<\/h3>\n\n\n\n<p>El n\u00facleo del curso es el entrenamiento mental. Como hemos explicado, las habilidades pr\u00e1cticas como la orientaci\u00f3n o el encendido de fuego son las herramientas que utilizamos para forjar la concentraci\u00f3n, la resiliencia emocional y la capacidad de manejar el estr\u00e9s de manera efectiva.<\/p>\n\n\n\n<h3 class=\"wp-block-heading\">\u00bfQu\u00e9 tiene de especial la Sierra de La Pila para este tipo de formaci\u00f3n?<\/h3>\n\n\n\n<p>La Sierra de La Pila ofrece un equilibrio perfecto entre desaf\u00edo y belleza. Su entorno semi\u00e1rido, su estatus de Parque Regional y su rica biodiversidad crean un escenario ideal para una inmersi\u00f3n total, permitiendo una desconexi\u00f3n completa del ruido diario y una reconexi\u00f3n profunda contigo mismo y con el entorno.<\/p>\n","protected":false},"excerpt":{"rendered":"<p>Notificaciones. Mensajes. Un flujo interminable de datos. Tu atenci\u00f3n est\u00e1 fragmentada en mil pedazos y la capacidad de pensar con claridad parece un lujo del pasado. No es tu imaginaci\u00f3n. Vivimos en una avalancha de est\u00edmulos dise\u00f1ada para capturar nuestro enfoque. \u00bfSientes que tu mente est\u00e1 constantemente en estado de alerta, incapaz de desconectar y &hellip;<\/p>\n<p class=\"read-more\"> <a class=\"\" href=\"https:\/\/www.destrezasyvidaenelmedionatural.es\/index.php\/2025\/09\/29\/te-cuesta-concentrarte-la-naturaleza-es-la-solucion-y-la-ciencia-lo-confirma\/\"> <span class=\"screen-reader-text\">\u00bfTe cuesta concentrarte? La naturaleza es la soluci\u00f3n, y la ciencia lo confirma. \u00a1La exposici\u00f3n a entornos naturales mejora tu atenci\u00f3n y memoria, incluso si solo puedes exponer tu mente a ella por unos minutos!<\/span> Leer m\u00e1s &raquo;<\/a><\/p>\n","protected":false},"author":1,"featured_media":3984,"comment_status":"open","ping_status":"open","sticky":false,"template":"","format":"standard","meta":{"episode_type":"","audio_file":"","cover_image":"","cover_image_id":"","duration":"","filesize":"","date_recorded":"","explicit":"","block":"","filesize_raw":"","footnotes":""},"categories":[8],"tags":[],"class_list":["post-3983","post","type-post","status-publish","format-standard","has-post-thumbnail","hentry","category-blog"],"yoast_head":"<!-- This site is optimized with the Yoast SEO plugin v23.8 - https:\/\/yoast.com\/wordpress\/plugins\/seo\/ -->\n<title>\u00bfTe cuesta concentrarte? La naturaleza es la soluci\u00f3n, y la ciencia lo confirma. \u00a1La exposici\u00f3n a entornos naturales mejora tu atenci\u00f3n y memoria, incluso si solo puedes exponer tu mente a ella por unos minutos! - Destrezas y Vida en el Medio Natural<\/title>\n<meta name=\"description\" content=\"Descubre la base cient\u00edfica de por qu\u00e9 el contacto con la naturaleza mejora la concentraci\u00f3n y la memoria.\" \/>\n<meta name=\"robots\" content=\"index, follow, max-snippet:-1, max-image-preview:large, max-video-preview:-1\" \/>\n<link rel=\"canonical\" href=\"https:\/\/www.destrezasyvidaenelmedionatural.es\/index.php\/2025\/09\/29\/te-cuesta-concentrarte-la-naturaleza-es-la-solucion-y-la-ciencia-lo-confirma\/\" \/>\n<meta property=\"og:locale\" content=\"es_ES\" \/>\n<meta property=\"og:type\" content=\"article\" \/>\n<meta property=\"og:title\" content=\"\u00bfTe cuesta concentrarte? La naturaleza es la soluci\u00f3n, y la ciencia lo confirma. \u00a1La exposici\u00f3n a entornos naturales mejora tu atenci\u00f3n y memoria, incluso si solo puedes exponer tu mente a ella por unos minutos! - Destrezas y Vida en el Medio Natural\" \/>\n<meta property=\"og:description\" content=\"Descubre la base cient\u00edfica de por qu\u00e9 el contacto con la naturaleza mejora la concentraci\u00f3n y la memoria.\" \/>\n<meta property=\"og:url\" content=\"https:\/\/www.destrezasyvidaenelmedionatural.es\/index.php\/2025\/09\/29\/te-cuesta-concentrarte-la-naturaleza-es-la-solucion-y-la-ciencia-lo-confirma\/\" \/>\n<meta property=\"og:site_name\" content=\"Destrezas y Vida en el Medio Natural\" \/>\n<meta property=\"article:publisher\" content=\"https:\/\/www.facebook.com\/Destrezas.y.Vida.en.el.Medio.Natural\" \/>\n<meta property=\"article:author\" content=\"https:\/\/www.facebook.com\/Destrezas.y.Vida.en.el.Medio.Natural\" \/>\n<meta property=\"article:published_time\" content=\"2025-09-29T16:00:11+00:00\" \/>\n<meta property=\"article:modified_time\" content=\"2025-09-29T16:00:12+00:00\" \/>\n<meta property=\"og:image\" content=\"http:\/\/www.destrezasyvidaenelmedionatural.es\/wp-content\/uploads\/2025\/09\/istockphoto-2226614606-612x612-1.jpg\" \/>\n\t<meta property=\"og:image:width\" content=\"612\" \/>\n\t<meta property=\"og:image:height\" content=\"408\" \/>\n\t<meta property=\"og:image:type\" content=\"image\/jpeg\" \/>\n<meta name=\"author\" content=\"admin\" \/>\n<meta name=\"twitter:card\" content=\"summary_large_image\" \/>\n<meta name=\"twitter:creator\" content=\"@DestrezasyVida\" \/>\n<meta name=\"twitter:site\" content=\"@DestrezasyVida\" \/>\n<meta name=\"twitter:label1\" content=\"Escrito por\" \/>\n\t<meta name=\"twitter:data1\" content=\"admin\" \/>\n\t<meta name=\"twitter:label2\" content=\"Tiempo de lectura\" \/>\n\t<meta name=\"twitter:data2\" content=\"9 minutos\" \/>\n<script type=\"application\/ld+json\" class=\"yoast-schema-graph\">{\"@context\":\"https:\/\/schema.org\",\"@graph\":[{\"@type\":\"Article\",\"@id\":\"https:\/\/www.destrezasyvidaenelmedionatural.es\/index.php\/2025\/09\/29\/te-cuesta-concentrarte-la-naturaleza-es-la-solucion-y-la-ciencia-lo-confirma\/#article\",\"isPartOf\":{\"@id\":\"https:\/\/www.destrezasyvidaenelmedionatural.es\/index.php\/2025\/09\/29\/te-cuesta-concentrarte-la-naturaleza-es-la-solucion-y-la-ciencia-lo-confirma\/\"},\"author\":{\"name\":\"admin\",\"@id\":\"https:\/\/www.destrezasyvidaenelmedionatural.es\/#\/schema\/person\/05ac69635d864d75006df0853eb7afd3\"},\"headline\":\"\u00bfTe cuesta concentrarte? La naturaleza es la soluci\u00f3n, y la ciencia lo confirma. \u00a1La exposici\u00f3n a entornos naturales mejora tu atenci\u00f3n y memoria, incluso si solo puedes exponer tu mente a ella por unos minutos!\",\"datePublished\":\"2025-09-29T16:00:11+00:00\",\"dateModified\":\"2025-09-29T16:00:12+00:00\",\"mainEntityOfPage\":{\"@id\":\"https:\/\/www.destrezasyvidaenelmedionatural.es\/index.php\/2025\/09\/29\/te-cuesta-concentrarte-la-naturaleza-es-la-solucion-y-la-ciencia-lo-confirma\/\"},\"wordCount\":1779,\"commentCount\":0,\"publisher\":{\"@id\":\"https:\/\/www.destrezasyvidaenelmedionatural.es\/#\/schema\/person\/05ac69635d864d75006df0853eb7afd3\"},\"image\":{\"@id\":\"https:\/\/www.destrezasyvidaenelmedionatural.es\/index.php\/2025\/09\/29\/te-cuesta-concentrarte-la-naturaleza-es-la-solucion-y-la-ciencia-lo-confirma\/#primaryimage\"},\"thumbnailUrl\":\"https:\/\/www.destrezasyvidaenelmedionatural.es\/wp-content\/uploads\/2025\/09\/istockphoto-2226614606-612x612-1.jpg\",\"articleSection\":[\"Blog\"],\"inLanguage\":\"es\",\"potentialAction\":[{\"@type\":\"CommentAction\",\"name\":\"Comment\",\"target\":[\"https:\/\/www.destrezasyvidaenelmedionatural.es\/index.php\/2025\/09\/29\/te-cuesta-concentrarte-la-naturaleza-es-la-solucion-y-la-ciencia-lo-confirma\/#respond\"]}]},{\"@type\":[\"WebPage\",\"ItemPage\"],\"@id\":\"https:\/\/www.destrezasyvidaenelmedionatural.es\/index.php\/2025\/09\/29\/te-cuesta-concentrarte-la-naturaleza-es-la-solucion-y-la-ciencia-lo-confirma\/\",\"url\":\"https:\/\/www.destrezasyvidaenelmedionatural.es\/index.php\/2025\/09\/29\/te-cuesta-concentrarte-la-naturaleza-es-la-solucion-y-la-ciencia-lo-confirma\/\",\"name\":\"\u00bfTe cuesta concentrarte? La naturaleza es la soluci\u00f3n, y la ciencia lo confirma. \u00a1La exposici\u00f3n a entornos naturales mejora tu atenci\u00f3n y memoria, incluso si solo puedes exponer tu mente a ella por unos minutos! - Destrezas y Vida en el Medio Natural\",\"isPartOf\":{\"@id\":\"https:\/\/www.destrezasyvidaenelmedionatural.es\/#website\"},\"primaryImageOfPage\":{\"@id\":\"https:\/\/www.destrezasyvidaenelmedionatural.es\/index.php\/2025\/09\/29\/te-cuesta-concentrarte-la-naturaleza-es-la-solucion-y-la-ciencia-lo-confirma\/#primaryimage\"},\"image\":{\"@id\":\"https:\/\/www.destrezasyvidaenelmedionatural.es\/index.php\/2025\/09\/29\/te-cuesta-concentrarte-la-naturaleza-es-la-solucion-y-la-ciencia-lo-confirma\/#primaryimage\"},\"thumbnailUrl\":\"https:\/\/www.destrezasyvidaenelmedionatural.es\/wp-content\/uploads\/2025\/09\/istockphoto-2226614606-612x612-1.jpg\",\"datePublished\":\"2025-09-29T16:00:11+00:00\",\"dateModified\":\"2025-09-29T16:00:12+00:00\",\"description\":\"Descubre la base cient\u00edfica de por qu\u00e9 el contacto con la naturaleza mejora la concentraci\u00f3n y la memoria.\",\"breadcrumb\":{\"@id\":\"https:\/\/www.destrezasyvidaenelmedionatural.es\/index.php\/2025\/09\/29\/te-cuesta-concentrarte-la-naturaleza-es-la-solucion-y-la-ciencia-lo-confirma\/#breadcrumb\"},\"inLanguage\":\"es\",\"potentialAction\":[{\"@type\":\"ReadAction\",\"target\":[\"https:\/\/www.destrezasyvidaenelmedionatural.es\/index.php\/2025\/09\/29\/te-cuesta-concentrarte-la-naturaleza-es-la-solucion-y-la-ciencia-lo-confirma\/\"]}]},{\"@type\":\"ImageObject\",\"inLanguage\":\"es\",\"@id\":\"https:\/\/www.destrezasyvidaenelmedionatural.es\/index.php\/2025\/09\/29\/te-cuesta-concentrarte-la-naturaleza-es-la-solucion-y-la-ciencia-lo-confirma\/#primaryimage\",\"url\":\"https:\/\/www.destrezasyvidaenelmedionatural.es\/wp-content\/uploads\/2025\/09\/istockphoto-2226614606-612x612-1.jpg\",\"contentUrl\":\"https:\/\/www.destrezasyvidaenelmedionatural.es\/wp-content\/uploads\/2025\/09\/istockphoto-2226614606-612x612-1.jpg\",\"width\":612,\"height\":408,\"caption\":\"Close-up of businessman with stylus pointing to glowing brain icon and data visualization symbols\"},{\"@type\":\"BreadcrumbList\",\"@id\":\"https:\/\/www.destrezasyvidaenelmedionatural.es\/index.php\/2025\/09\/29\/te-cuesta-concentrarte-la-naturaleza-es-la-solucion-y-la-ciencia-lo-confirma\/#breadcrumb\",\"itemListElement\":[{\"@type\":\"ListItem\",\"position\":1,\"name\":\"Portada\",\"item\":\"https:\/\/www.destrezasyvidaenelmedionatural.es\/\"},{\"@type\":\"ListItem\",\"position\":2,\"name\":\"\u00bfTe cuesta concentrarte? La naturaleza es la soluci\u00f3n, y la ciencia lo confirma. \u00a1La exposici\u00f3n a entornos naturales mejora tu atenci\u00f3n y memoria, incluso si solo puedes exponer tu mente a ella por unos minutos!\"}]},{\"@type\":\"WebSite\",\"@id\":\"https:\/\/www.destrezasyvidaenelmedionatural.es\/#website\",\"url\":\"https:\/\/www.destrezasyvidaenelmedionatural.es\/\",\"name\":\"Destrezas y Vida en el Medio Natural\",\"description\":\"El sitio web Destrezas y Vida en el Medio Natural es un recurso excelente para cualquiera que quiera aprender sobre la naturaleza y c\u00f3mo interactuar con ella de manera segura y respetuosa.\",\"publisher\":{\"@id\":\"https:\/\/www.destrezasyvidaenelmedionatural.es\/#\/schema\/person\/05ac69635d864d75006df0853eb7afd3\"},\"potentialAction\":[{\"@type\":\"SearchAction\",\"target\":{\"@type\":\"EntryPoint\",\"urlTemplate\":\"https:\/\/www.destrezasyvidaenelmedionatural.es\/?s={search_term_string}\"},\"query-input\":{\"@type\":\"PropertyValueSpecification\",\"valueRequired\":true,\"valueName\":\"search_term_string\"}}],\"inLanguage\":\"es\"},{\"@type\":[\"Person\",\"Organization\"],\"@id\":\"https:\/\/www.destrezasyvidaenelmedionatural.es\/#\/schema\/person\/05ac69635d864d75006df0853eb7afd3\",\"name\":\"admin\",\"image\":{\"@type\":\"ImageObject\",\"inLanguage\":\"es\",\"@id\":\"https:\/\/www.destrezasyvidaenelmedionatural.es\/#\/schema\/person\/image\/\",\"url\":\"https:\/\/www.destrezasyvidaenelmedionatural.es\/wp-content\/uploads\/2021\/08\/cropped-SIN-FONDO-PRUEBA1.png\",\"contentUrl\":\"https:\/\/www.destrezasyvidaenelmedionatural.es\/wp-content\/uploads\/2021\/08\/cropped-SIN-FONDO-PRUEBA1.png\",\"width\":351,\"height\":349,\"caption\":\"admin\"},\"logo\":{\"@id\":\"https:\/\/www.destrezasyvidaenelmedionatural.es\/#\/schema\/person\/image\/\"},\"sameAs\":[\"http:\/\/www.destrezasyvidaenelmedionatural.es\",\"https:\/\/www.facebook.com\/Destrezas.y.Vida.en.el.Medio.Natural\",\"https:\/\/www.instagram.com\/destrezasyvidamn\/\"],\"url\":\"https:\/\/www.destrezasyvidaenelmedionatural.es\/index.php\/author\/admin\/\"}]}<\/script>\n<!-- \/ Yoast SEO plugin. -->","yoast_head_json":{"title":"\u00bfTe cuesta concentrarte? La naturaleza es la soluci\u00f3n, y la ciencia lo confirma. \u00a1La exposici\u00f3n a entornos naturales mejora tu atenci\u00f3n y memoria, incluso si solo puedes exponer tu mente a ella por unos minutos! - Destrezas y Vida en el Medio Natural","description":"Descubre la base cient\u00edfica de por qu\u00e9 el contacto con la naturaleza mejora la concentraci\u00f3n y la memoria.","robots":{"index":"index","follow":"follow","max-snippet":"max-snippet:-1","max-image-preview":"max-image-preview:large","max-video-preview":"max-video-preview:-1"},"canonical":"https:\/\/www.destrezasyvidaenelmedionatural.es\/index.php\/2025\/09\/29\/te-cuesta-concentrarte-la-naturaleza-es-la-solucion-y-la-ciencia-lo-confirma\/","og_locale":"es_ES","og_type":"article","og_title":"\u00bfTe cuesta concentrarte? La naturaleza es la soluci\u00f3n, y la ciencia lo confirma. \u00a1La exposici\u00f3n a entornos naturales mejora tu atenci\u00f3n y memoria, incluso si solo puedes exponer tu mente a ella por unos minutos! - Destrezas y Vida en el Medio Natural","og_description":"Descubre la base cient\u00edfica de por qu\u00e9 el contacto con la naturaleza mejora la concentraci\u00f3n y la memoria.","og_url":"https:\/\/www.destrezasyvidaenelmedionatural.es\/index.php\/2025\/09\/29\/te-cuesta-concentrarte-la-naturaleza-es-la-solucion-y-la-ciencia-lo-confirma\/","og_site_name":"Destrezas y Vida en el Medio Natural","article_publisher":"https:\/\/www.facebook.com\/Destrezas.y.Vida.en.el.Medio.Natural","article_author":"https:\/\/www.facebook.com\/Destrezas.y.Vida.en.el.Medio.Natural","article_published_time":"2025-09-29T16:00:11+00:00","article_modified_time":"2025-09-29T16:00:12+00:00","og_image":[{"width":612,"height":408,"url":"http:\/\/www.destrezasyvidaenelmedionatural.es\/wp-content\/uploads\/2025\/09\/istockphoto-2226614606-612x612-1.jpg","type":"image\/jpeg"}],"author":"admin","twitter_card":"summary_large_image","twitter_creator":"@DestrezasyVida","twitter_site":"@DestrezasyVida","twitter_misc":{"Escrito por":"admin","Tiempo de lectura":"9 minutos"},"schema":{"@context":"https:\/\/schema.org","@graph":[{"@type":"Article","@id":"https:\/\/www.destrezasyvidaenelmedionatural.es\/index.php\/2025\/09\/29\/te-cuesta-concentrarte-la-naturaleza-es-la-solucion-y-la-ciencia-lo-confirma\/#article","isPartOf":{"@id":"https:\/\/www.destrezasyvidaenelmedionatural.es\/index.php\/2025\/09\/29\/te-cuesta-concentrarte-la-naturaleza-es-la-solucion-y-la-ciencia-lo-confirma\/"},"author":{"name":"admin","@id":"https:\/\/www.destrezasyvidaenelmedionatural.es\/#\/schema\/person\/05ac69635d864d75006df0853eb7afd3"},"headline":"\u00bfTe cuesta concentrarte? La naturaleza es la soluci\u00f3n, y la ciencia lo confirma. \u00a1La exposici\u00f3n a entornos naturales mejora tu atenci\u00f3n y memoria, incluso si solo puedes exponer tu mente a ella por unos minutos!","datePublished":"2025-09-29T16:00:11+00:00","dateModified":"2025-09-29T16:00:12+00:00","mainEntityOfPage":{"@id":"https:\/\/www.destrezasyvidaenelmedionatural.es\/index.php\/2025\/09\/29\/te-cuesta-concentrarte-la-naturaleza-es-la-solucion-y-la-ciencia-lo-confirma\/"},"wordCount":1779,"commentCount":0,"publisher":{"@id":"https:\/\/www.destrezasyvidaenelmedionatural.es\/#\/schema\/person\/05ac69635d864d75006df0853eb7afd3"},"image":{"@id":"https:\/\/www.destrezasyvidaenelmedionatural.es\/index.php\/2025\/09\/29\/te-cuesta-concentrarte-la-naturaleza-es-la-solucion-y-la-ciencia-lo-confirma\/#primaryimage"},"thumbnailUrl":"https:\/\/www.destrezasyvidaenelmedionatural.es\/wp-content\/uploads\/2025\/09\/istockphoto-2226614606-612x612-1.jpg","articleSection":["Blog"],"inLanguage":"es","potentialAction":[{"@type":"CommentAction","name":"Comment","target":["https:\/\/www.destrezasyvidaenelmedionatural.es\/index.php\/2025\/09\/29\/te-cuesta-concentrarte-la-naturaleza-es-la-solucion-y-la-ciencia-lo-confirma\/#respond"]}]},{"@type":["WebPage","ItemPage"],"@id":"https:\/\/www.destrezasyvidaenelmedionatural.es\/index.php\/2025\/09\/29\/te-cuesta-concentrarte-la-naturaleza-es-la-solucion-y-la-ciencia-lo-confirma\/","url":"https:\/\/www.destrezasyvidaenelmedionatural.es\/index.php\/2025\/09\/29\/te-cuesta-concentrarte-la-naturaleza-es-la-solucion-y-la-ciencia-lo-confirma\/","name":"\u00bfTe cuesta concentrarte? La naturaleza es la soluci\u00f3n, y la ciencia lo confirma. \u00a1La exposici\u00f3n a entornos naturales mejora tu atenci\u00f3n y memoria, incluso si solo puedes exponer tu mente a ella por unos minutos! - Destrezas y Vida en el Medio Natural","isPartOf":{"@id":"https:\/\/www.destrezasyvidaenelmedionatural.es\/#website"},"primaryImageOfPage":{"@id":"https:\/\/www.destrezasyvidaenelmedionatural.es\/index.php\/2025\/09\/29\/te-cuesta-concentrarte-la-naturaleza-es-la-solucion-y-la-ciencia-lo-confirma\/#primaryimage"},"image":{"@id":"https:\/\/www.destrezasyvidaenelmedionatural.es\/index.php\/2025\/09\/29\/te-cuesta-concentrarte-la-naturaleza-es-la-solucion-y-la-ciencia-lo-confirma\/#primaryimage"},"thumbnailUrl":"https:\/\/www.destrezasyvidaenelmedionatural.es\/wp-content\/uploads\/2025\/09\/istockphoto-2226614606-612x612-1.jpg","datePublished":"2025-09-29T16:00:11+00:00","dateModified":"2025-09-29T16:00:12+00:00","description":"Descubre la base cient\u00edfica de por qu\u00e9 el contacto con la naturaleza mejora la concentraci\u00f3n y la memoria.","breadcrumb":{"@id":"https:\/\/www.destrezasyvidaenelmedionatural.es\/index.php\/2025\/09\/29\/te-cuesta-concentrarte-la-naturaleza-es-la-solucion-y-la-ciencia-lo-confirma\/#breadcrumb"},"inLanguage":"es","potentialAction":[{"@type":"ReadAction","target":["https:\/\/www.destrezasyvidaenelmedionatural.es\/index.php\/2025\/09\/29\/te-cuesta-concentrarte-la-naturaleza-es-la-solucion-y-la-ciencia-lo-confirma\/"]}]},{"@type":"ImageObject","inLanguage":"es","@id":"https:\/\/www.destrezasyvidaenelmedionatural.es\/index.php\/2025\/09\/29\/te-cuesta-concentrarte-la-naturaleza-es-la-solucion-y-la-ciencia-lo-confirma\/#primaryimage","url":"https:\/\/www.destrezasyvidaenelmedionatural.es\/wp-content\/uploads\/2025\/09\/istockphoto-2226614606-612x612-1.jpg","contentUrl":"https:\/\/www.destrezasyvidaenelmedionatural.es\/wp-content\/uploads\/2025\/09\/istockphoto-2226614606-612x612-1.jpg","width":612,"height":408,"caption":"Close-up of businessman with stylus pointing to glowing brain icon and data visualization symbols"},{"@type":"BreadcrumbList","@id":"https:\/\/www.destrezasyvidaenelmedionatural.es\/index.php\/2025\/09\/29\/te-cuesta-concentrarte-la-naturaleza-es-la-solucion-y-la-ciencia-lo-confirma\/#breadcrumb","itemListElement":[{"@type":"ListItem","position":1,"name":"Portada","item":"https:\/\/www.destrezasyvidaenelmedionatural.es\/"},{"@type":"ListItem","position":2,"name":"\u00bfTe cuesta concentrarte? La naturaleza es la soluci\u00f3n, y la ciencia lo confirma. \u00a1La exposici\u00f3n a entornos naturales mejora tu atenci\u00f3n y memoria, incluso si solo puedes exponer tu mente a ella por unos minutos!"}]},{"@type":"WebSite","@id":"https:\/\/www.destrezasyvidaenelmedionatural.es\/#website","url":"https:\/\/www.destrezasyvidaenelmedionatural.es\/","name":"Destrezas y Vida en el Medio Natural","description":"El sitio web Destrezas y Vida en el Medio Natural es un recurso excelente para cualquiera que quiera aprender sobre la naturaleza y c\u00f3mo interactuar con ella de manera segura y respetuosa.","publisher":{"@id":"https:\/\/www.destrezasyvidaenelmedionatural.es\/#\/schema\/person\/05ac69635d864d75006df0853eb7afd3"},"potentialAction":[{"@type":"SearchAction","target":{"@type":"EntryPoint","urlTemplate":"https:\/\/www.destrezasyvidaenelmedionatural.es\/?s={search_term_string}"},"query-input":{"@type":"PropertyValueSpecification","valueRequired":true,"valueName":"search_term_string"}}],"inLanguage":"es"},{"@type":["Person","Organization"],"@id":"https:\/\/www.destrezasyvidaenelmedionatural.es\/#\/schema\/person\/05ac69635d864d75006df0853eb7afd3","name":"admin","image":{"@type":"ImageObject","inLanguage":"es","@id":"https:\/\/www.destrezasyvidaenelmedionatural.es\/#\/schema\/person\/image\/","url":"https:\/\/www.destrezasyvidaenelmedionatural.es\/wp-content\/uploads\/2021\/08\/cropped-SIN-FONDO-PRUEBA1.png","contentUrl":"https:\/\/www.destrezasyvidaenelmedionatural.es\/wp-content\/uploads\/2021\/08\/cropped-SIN-FONDO-PRUEBA1.png","width":351,"height":349,"caption":"admin"},"logo":{"@id":"https:\/\/www.destrezasyvidaenelmedionatural.es\/#\/schema\/person\/image\/"},"sameAs":["http:\/\/www.destrezasyvidaenelmedionatural.es","https:\/\/www.facebook.com\/Destrezas.y.Vida.en.el.Medio.Natural","https:\/\/www.instagram.com\/destrezasyvidamn\/"],"url":"https:\/\/www.destrezasyvidaenelmedionatural.es\/index.php\/author\/admin\/"}]}},"_links":{"self":[{"href":"https:\/\/www.destrezasyvidaenelmedionatural.es\/index.php\/wp-json\/wp\/v2\/posts\/3983","targetHints":{"allow":["GET"]}}],"collection":[{"href":"https:\/\/www.destrezasyvidaenelmedionatural.es\/index.php\/wp-json\/wp\/v2\/posts"}],"about":[{"href":"https:\/\/www.destrezasyvidaenelmedionatural.es\/index.php\/wp-json\/wp\/v2\/types\/post"}],"author":[{"embeddable":true,"href":"https:\/\/www.destrezasyvidaenelmedionatural.es\/index.php\/wp-json\/wp\/v2\/users\/1"}],"replies":[{"embeddable":true,"href":"https:\/\/www.destrezasyvidaenelmedionatural.es\/index.php\/wp-json\/wp\/v2\/comments?post=3983"}],"version-history":[{"count":1,"href":"https:\/\/www.destrezasyvidaenelmedionatural.es\/index.php\/wp-json\/wp\/v2\/posts\/3983\/revisions"}],"predecessor-version":[{"id":3987,"href":"https:\/\/www.destrezasyvidaenelmedionatural.es\/index.php\/wp-json\/wp\/v2\/posts\/3983\/revisions\/3987"}],"wp:featuredmedia":[{"embeddable":true,"href":"https:\/\/www.destrezasyvidaenelmedionatural.es\/index.php\/wp-json\/wp\/v2\/media\/3984"}],"wp:attachment":[{"href":"https:\/\/www.destrezasyvidaenelmedionatural.es\/index.php\/wp-json\/wp\/v2\/media?parent=3983"}],"wp:term":[{"taxonomy":"category","embeddable":true,"href":"https:\/\/www.destrezasyvidaenelmedionatural.es\/index.php\/wp-json\/wp\/v2\/categories?post=3983"},{"taxonomy":"post_tag","embeddable":true,"href":"https:\/\/www.destrezasyvidaenelmedionatural.es\/index.php\/wp-json\/wp\/v2\/tags?post=3983"}],"curies":[{"name":"wp","href":"https:\/\/api.w.org\/{rel}","templated":true}]}}