{"id":4061,"date":"2025-10-22T11:16:16","date_gmt":"2025-10-22T11:16:16","guid":{"rendered":"https:\/\/www.destrezasyvidaenelmedionatural.es\/?p=4061"},"modified":"2025-10-22T11:16:18","modified_gmt":"2025-10-22T11:16:18","slug":"curso-supervivencia-murcia-7-9-noviembre-2025","status":"publish","type":"post","link":"https:\/\/www.destrezasyvidaenelmedionatural.es\/index.php\/2025\/10\/22\/curso-supervivencia-murcia-7-9-noviembre-2025\/","title":{"rendered":"Atenci\u00f3n: \u00a1Arranca la cuenta atr\u00e1s para la 9\u00aa edici\u00f3n!"},"content":{"rendered":"\n<p>\u00a1Arranca la cuenta atr\u00e1s para la 9\u00aa edici\u00f3n! \u00bfEst\u00e1s listo para dominar las claves de la supervivencia en un entorno natural semi\u00e1rido? Del <strong>7 al 9 de noviembre de 2025<\/strong>, te enfrentar\u00e1s a un desaf\u00edo que va m\u00e1s all\u00e1 de una simple escapada de fin de semana. No venimos a jugar, venimos a aprender de verdad, poniendo a prueba tus l\u00edmites y despertando tus instintos m\u00e1s primarios. Esta no es una simulaci\u00f3n en un entorno controlado; es una prueba real en un escenario que no perdona errores. La pregunta no es si est\u00e1s preparado ahora, sino si lo estar\u00e1s cuando no haya otra opci\u00f3n.<\/p>\n\n\n<div class=\"wp-block-image\">\n<figure class=\"aligncenter size-large\"><img fetchpriority=\"high\" decoding=\"async\" width=\"1024\" height=\"538\" src=\"https:\/\/www.destrezasyvidaenelmedionatural.es\/wp-content\/uploads\/2025\/10\/Curso-Intensivo-de-Supervivencia-\u2013-3-dias-y-2-noches-\u27a4-Del-7-al-9-de-noviembre-2025-\u2013-9a-Edicion-Murcia-1024x538.png\" alt=\"\" class=\"wp-image-4062\" srcset=\"https:\/\/www.destrezasyvidaenelmedionatural.es\/wp-content\/uploads\/2025\/10\/Curso-Intensivo-de-Supervivencia-\u2013-3-dias-y-2-noches-\u27a4-Del-7-al-9-de-noviembre-2025-\u2013-9a-Edicion-Murcia-1024x538.png 1024w, https:\/\/www.destrezasyvidaenelmedionatural.es\/wp-content\/uploads\/2025\/10\/Curso-Intensivo-de-Supervivencia-\u2013-3-dias-y-2-noches-\u27a4-Del-7-al-9-de-noviembre-2025-\u2013-9a-Edicion-Murcia-300x158.png 300w, https:\/\/www.destrezasyvidaenelmedionatural.es\/wp-content\/uploads\/2025\/10\/Curso-Intensivo-de-Supervivencia-\u2013-3-dias-y-2-noches-\u27a4-Del-7-al-9-de-noviembre-2025-\u2013-9a-Edicion-Murcia-768x403.png 768w, https:\/\/www.destrezasyvidaenelmedionatural.es\/wp-content\/uploads\/2025\/10\/Curso-Intensivo-de-Supervivencia-\u2013-3-dias-y-2-noches-\u27a4-Del-7-al-9-de-noviembre-2025-\u2013-9a-Edicion-Murcia.png 1200w\" sizes=\"(max-width: 1024px) 100vw, 1024px\" \/><\/figure>\n<\/div>\n\n\n<p>&#8212;&#8212;&#8212;&#8212;&#8212;&#8212;&#8212;&#8212;&#8212;&#8212;&#8212;&#8212;&#8212;&#8212;&#8212;&#8212;&#8212;&#8212;&#8212;&#8212;&#8212;&#8212;&#8212;&#8212;&#8212;&#8212;&#8211;<\/p>\n\n\n\n<h2 class=\"wp-block-heading\">1. Olvida lo que crees saber sobre \u00absupervivencia\u00bb<\/h2>\n\n\n\n<p>La palabra \u00absupervivencia\u00bb se ha desvirtuado con actividades recreativas que apenas rozan la superficie de lo que significa realmente. Este curso intensivo se aleja de esa comodidad para sumergirte en un aprendizaje aut\u00e9ntico. La verdadera habilidad no se forja con lujos y facilidades, sino enfrentando un entorno realista y exigente que te obliga a pensar, adaptarte y actuar. Aqu\u00ed, el conocimiento se adquiere con la pr\u00e1ctica, el sudor y la superaci\u00f3n de obst\u00e1culos reales.<\/p>\n\n\n\n<h3 class=\"wp-block-heading\">1.1. El entorno es el verdadero maestro: El Alto de la Churleta<\/h3>\n\n\n\n<p>El escenario elegido es una finca privada de 10.000 m\u00b2 en el <strong>Alto de la Churleta (Murcia)<\/strong>, un enclave mediterr\u00e1neo semi\u00e1rido que se convierte en el aula m\u00e1s implacable y efectiva. Situado a casi 700 metros de altitud y rodeado por el Parque Regional Sierra de La Pila, su aislamiento natural garantiza una inmersi\u00f3n total. El terreno, poblado por <em>lentiscos, coscojas, romeros y pinos<\/em>, y habitado por una fauna que incluye desde el majestuoso <em>halc\u00f3n peregrino<\/em> hasta el esquivo <em>zorro<\/em> y el <em>conejo<\/em>, no es un decorado. Es un ecosistema vivo que te obligar\u00e1 a una adaptaci\u00f3n real, no simulada. Nosotros no te ense\u00f1aremos a sobrevivir; este entorno lo har\u00e1. Nosotros solo te daremos las herramientas para que le escuches.<\/p>\n\n\n\n<figure class=\"wp-block-gallery has-nested-images columns-default is-cropped wp-block-gallery-1 is-layout-flex wp-block-gallery-is-layout-flex\">\n<figure class=\"wp-block-image size-large\"><img decoding=\"async\" width=\"1024\" height=\"576\" data-id=\"4063\" src=\"https:\/\/www.destrezasyvidaenelmedionatural.es\/wp-content\/uploads\/2025\/10\/DJI_0536-1024x576.jpg\" alt=\"\" class=\"wp-image-4063\" srcset=\"https:\/\/www.destrezasyvidaenelmedionatural.es\/wp-content\/uploads\/2025\/10\/DJI_0536-1024x576.jpg 1024w, https:\/\/www.destrezasyvidaenelmedionatural.es\/wp-content\/uploads\/2025\/10\/DJI_0536-300x169.jpg 300w, https:\/\/www.destrezasyvidaenelmedionatural.es\/wp-content\/uploads\/2025\/10\/DJI_0536-768x432.jpg 768w, https:\/\/www.destrezasyvidaenelmedionatural.es\/wp-content\/uploads\/2025\/10\/DJI_0536-1536x864.jpg 1536w, https:\/\/www.destrezasyvidaenelmedionatural.es\/wp-content\/uploads\/2025\/10\/DJI_0536-2048x1152.jpg 2048w\" sizes=\"(max-width: 1024px) 100vw, 1024px\" \/><figcaption class=\"wp-element-caption\">DCIM\\100MEDIA\\DJI_0536.JPG<\/figcaption><\/figure>\n\n\n\n<figure class=\"wp-block-image size-large\"><img decoding=\"async\" width=\"1024\" height=\"576\" data-id=\"4064\" src=\"https:\/\/www.destrezasyvidaenelmedionatural.es\/wp-content\/uploads\/2025\/10\/DJI_0537-1024x576.jpg\" alt=\"\" class=\"wp-image-4064\" srcset=\"https:\/\/www.destrezasyvidaenelmedionatural.es\/wp-content\/uploads\/2025\/10\/DJI_0537-1024x576.jpg 1024w, https:\/\/www.destrezasyvidaenelmedionatural.es\/wp-content\/uploads\/2025\/10\/DJI_0537-300x169.jpg 300w, https:\/\/www.destrezasyvidaenelmedionatural.es\/wp-content\/uploads\/2025\/10\/DJI_0537-768x432.jpg 768w, https:\/\/www.destrezasyvidaenelmedionatural.es\/wp-content\/uploads\/2025\/10\/DJI_0537-1536x864.jpg 1536w, https:\/\/www.destrezasyvidaenelmedionatural.es\/wp-content\/uploads\/2025\/10\/DJI_0537-2048x1152.jpg 2048w\" sizes=\"(max-width: 1024px) 100vw, 1024px\" \/><figcaption class=\"wp-element-caption\">DCIM\\100MEDIA\\DJI_0537.JPG<\/figcaption><\/figure>\n<\/figure>\n\n\n\n<h3 class=\"wp-block-heading\">1.2. Habilidades que te acompa\u00f1ar\u00e1n siempre<\/h3>\n\n\n\n<p>M\u00e1s all\u00e1 de las t\u00e9cnicas, este curso se centra en forjar una mentalidad. Aprender\u00e1s las cuatro columnas de la supervivencia: la <strong>construcci\u00f3n de refugios<\/strong> para protegerte de los elementos, la <strong>obtenci\u00f3n de fuego<\/strong> para calentarte y purificar, la <strong>localizaci\u00f3n y potabilizaci\u00f3n de agua<\/strong> para mantenerte vivo, y la <strong>orientaci\u00f3n<\/strong> para nunca perder el rumbo. Dominar estas habilidades tiene un impacto directo y profundo en tu <strong>autoconfianza<\/strong> y <strong>resiliencia<\/strong>. No son trucos para impresionar a tus amigos, sino conocimientos esenciales y pr\u00e1cticos que te acompa\u00f1ar\u00e1n siempre, d\u00e1ndote la seguridad para enfrentar cualquier adversidad, en la naturaleza o en tu vida diaria. Estas no son habilidades te\u00f3ricas. Son las herramientas que usar\u00e1s para dominar el entorno que te presentaremos a continuaci\u00f3n, d\u00eda a d\u00eda, desaf\u00edo a desaf\u00edo.<\/p>\n\n\n\n<p>&#8212;&#8212;&#8212;&#8212;&#8212;&#8212;&#8212;&#8212;&#8212;&#8212;&#8212;&#8212;&#8212;&#8212;&#8212;&#8212;&#8212;&#8212;&#8212;&#8212;&#8212;&#8212;&#8212;&#8212;&#8212;&#8212;&#8211;<\/p>\n\n\n\n<h2 class=\"wp-block-heading\">2. El Itinerario: 3 D\u00edas para reconectar con tu instinto<\/h2>\n\n\n\n<p>Este programa de tres d\u00edas no es una simple agenda de actividades, sino un viaje de transformaci\u00f3n progresiva. Cada jornada est\u00e1 dise\u00f1ada para construir sobre la anterior, llev\u00e1ndote desde los fundamentos m\u00e1s b\u00e1sicos hasta t\u00e9cnicas avanzadas. Este m\u00e9todo incrementa la <strong>motivaci\u00f3n<\/strong> y cohesiona al grupo, demostrando que la supervivencia no es un acto individual, sino un ejercicio de inteligencia colectiva y trabajo en equipo.<\/p>\n\n\n\n<h4 class=\"wp-block-heading\">2.1. Viernes: El punto de no retorno<\/h4>\n\n\n\n<p>El <strong>viernes 7 de noviembre<\/strong> marca el inicio de la inmersi\u00f3n. Tras el encuentro en el Centro Social de Las Casicas, nos adentraremos en el terreno con un trekking de 4 km. Este desplazamiento no es un simple paseo; es el primer filtro, una transici\u00f3n f\u00edsica y mental que te desconecta del mundo cotidiano y te introduce de lleno en el entorno de supervivencia. La prioridad absoluta al llegar ser\u00e1 la <strong>construcci\u00f3n de refugios<\/strong> utilizando tanto materiales naturales como artificiales (tarp). Asegurar tu cobijo es el primer paso antes de enfrentar la oscuridad y los desaf\u00edos de la <strong>navegaci\u00f3n nocturna<\/strong>, donde aprender\u00e1s a leer el cielo como un mapa.<\/p>\n\n\n\n<h4 class=\"wp-block-heading\">2.2. S\u00e1bado: El dominio de los elementos<\/h4>\n\n\n\n<p>La jornada del <strong>s\u00e1bado 8 de noviembre<\/strong> es el n\u00facleo del aprendizaje pr\u00e1ctico, un d\u00eda dedicado a dominar los elementos que deciden entre la vida y la muerte. Las actividades se estructuran para crear un conocimiento integral:<\/p>\n\n\n\n<ul class=\"wp-block-list\">\n<li><strong>Recursos vitales:<\/strong> Aprender\u00e1s t\u00e9cnicas cruciales para la <strong>obtenci\u00f3n y purificaci\u00f3n de agua<\/strong>, el <strong>reconocimiento de flora comestible<\/strong> y una t\u00e9cnica ancestral de conservaci\u00f3n: el <strong>salado de trucha de r\u00edo<\/strong>.<\/li>\n\n\n\n<li><strong>Fuego y herramientas:<\/strong> Dominar\u00e1s m\u00e9todos de <strong>encendido de fuego<\/strong>, desde los m\u00e1s primitivos hasta el uso del ferrocerio en condiciones adversas. La <strong>cabuyer\u00eda<\/strong> te ense\u00f1ar\u00e1 el lenguaje de los nudos, una habilidad fundamental para construir, asegurar y reparar.<\/li>\n\n\n\n<li><strong>La mente del superviviente:<\/strong> En la sesi\u00f3n de <strong>Psicolog\u00eda de Supervivencia<\/strong>, abordar\u00e1s el factor m\u00e1s cr\u00edtico: tu propia mente. Aprender\u00e1s a gestionar el estr\u00e9s y el p\u00e1nico, y a mantener la motivaci\u00f3n cuando todo parece perdido.<\/li>\n\n\n\n<li><strong>Lectura del entorno y autoprotecci\u00f3n:<\/strong> Desarrollar\u00e1s tu capacidad de observaci\u00f3n mediante el <strong>reconocimiento de rastros<\/strong> de fauna y la <strong>orientaci\u00f3n por indicios naturales<\/strong>. Adem\u00e1s, abordaremos los <strong>primeros auxilios<\/strong> b\u00e1sicos, una habilidad no negociable en cualquier situaci\u00f3n de riesgo.<\/li>\n<\/ul>\n\n\n\n<h4 class=\"wp-block-heading\">2.3. Domingo: De aprendiz a creador<\/h4>\n\n\n\n<p>El <strong>domingo 9 de noviembre<\/strong> es la culminaci\u00f3n de tu aprendizaje, el momento de pasar de la supervivencia pasiva a la proactiva. La fabricaci\u00f3n de <strong>armas primitivas<\/strong>, como las azagayas, te conectar\u00e1 con el instinto cazador-recolector. Profundizaremos con una sesi\u00f3n de <strong>orientaci\u00f3n avanzada<\/strong>, consolidando todo lo aprendido. La jornada tambi\u00e9n incluye formaci\u00f3n sobre <strong>EDC (Every Day Carry)<\/strong> para estar siempre preparado y dos m\u00f3dulos cruciales sobre legislaci\u00f3n: <strong>\u00abLegislaci\u00f3n y casu\u00edstica en Sanciones por armas blancas\u00bb<\/strong> y <strong>\u00abReglamento de Armas y Cuchillos Tipo\u00bb<\/strong>. El curso finaliza con la entrega de diplomas y una <strong>comida de despedida en grupo<\/strong>, cerrando un ciclo de aprendizaje, esfuerzo y compa\u00f1erismo.<\/p>\n\n\n\n<p>&#8212;&#8212;&#8212;&#8212;&#8212;&#8212;&#8212;&#8212;&#8212;&#8212;&#8212;&#8212;&#8212;&#8212;&#8212;&#8212;&#8212;&#8212;&#8212;&#8212;&#8212;&#8212;&#8212;&#8212;&#8212;&#8212;&#8211;<\/p>\n\n\n\n<h2 class=\"wp-block-heading\">3. No estar\u00e1s solo: Un equipo de expertos a tu lado<\/h2>\n\n\n\n<p>La calidad de un curso de supervivencia se mide por la experiencia de sus instructores. En esta edici\u00f3n, contar\u00e1s con un equipo docente multidisciplinar de primer nivel, donde cada profesional aporta una especializaci\u00f3n \u00fanica. Esta diversidad es tu mayor garant\u00eda de un aprendizaje seguro, profundo e integral, que abarca desde la t\u00e9cnica primitiva hasta la psicolog\u00eda de la resiliencia.<\/p>\n\n\n\n<ul class=\"wp-block-list\">\n<li><em><strong>Jorge de FerreHogar:<\/strong><\/em> CEO de FerreHogar. Su viaje de alumno a ponente le otorga una perspectiva \u00fanica sobre las t\u00e9cnicas de supervivencia en el medio natural.<\/li>\n\n\n\n<li><em><strong>Juli\u00e1n Holgu\u00edn Polo:<\/strong><\/em> M\u00e1ster en Supervivencia, es un especialista en la adaptaci\u00f3n y el aprovechamiento de recursos en ambientes extremos.<\/li>\n\n\n\n<li><em><strong>Manuel Hern\u00e1ndez Aliaga:<\/strong><\/em> M\u00e1ster en Supervivencia con una vasta experiencia en el dise\u00f1o y ejecuci\u00f3n de programas formativos de alto impacto.<\/li>\n\n\n\n<li><em><strong>Fernando Maestre:<\/strong><\/em> Inspector jefe de la Polic\u00eda Nacional, Buzo y M\u00e1ster en Supervivencia. Su enfoque se centra en el autocontrol y la toma de decisiones en situaciones l\u00edmite.<\/li>\n\n\n\n<li><em><strong>Carlos Argudo:<\/strong><\/em> Doctor en Ciencias del Deporte, aporta el conocimiento cient\u00edfico sobre la resistencia f\u00edsica y la gesti\u00f3n del esfuerzo en condiciones adversas.<\/li>\n\n\n\n<li><em><strong>Gabriel Hern\u00e1ndez Guillam\u00f3n:<\/strong><\/em> Escritor y formador experto en comunicaci\u00f3n y liderazgo, habilidades cruciales para la cohesi\u00f3n y eficacia del grupo.<\/li>\n\n\n\n<li><em><strong>Patricio Villaescusa:<\/strong><\/em> Experto en artes primitivas (<em>bushcraft<\/em> y <em>survival<\/em>), te conectar\u00e1 con las t\u00e9cnicas ancestrales y m\u00e1s aut\u00e9nticas de la vida en la naturaleza.<\/li>\n<\/ul>\n\n\n\n<p>Este equipo no solo te ense\u00f1ar\u00e1 t\u00e9cnicas, sino que te guiar\u00e1 para que descubras tu propia capacidad de superaci\u00f3n.<\/p>\n\n\n\n<p>&#8212;&#8212;&#8212;&#8212;&#8212;&#8212;&#8212;&#8212;&#8212;&#8212;&#8212;&#8212;&#8212;&#8212;&#8212;&#8212;&#8212;&#8212;&#8212;&#8212;&#8212;&#8212;&#8212;&#8212;&#8212;&#8212;&#8211;<\/p>\n\n\n\n<h2 class=\"wp-block-heading\">4. Los detalles de la misi\u00f3n: Inversi\u00f3n, equipo y log\u00edstica<\/h2>\n\n\n\n<p>Aqu\u00ed encontrar\u00e1s toda la informaci\u00f3n que necesitas para prepararte y tomar la decisi\u00f3n de unirte a esta experiencia. Hemos dise\u00f1ado el curso para que sea transparente y completo, proporcion\u00e1ndote todo lo necesario para que tu \u00fanica preocupaci\u00f3n sea aprender y superar el desaf\u00edo.<\/p>\n\n\n\n<figure class=\"wp-block-gallery has-nested-images columns-default is-cropped wp-block-gallery-2 is-layout-flex wp-block-gallery-is-layout-flex\">\n<figure class=\"wp-block-image size-large\"><img loading=\"lazy\" decoding=\"async\" width=\"768\" height=\"1024\" data-id=\"4066\" src=\"https:\/\/www.destrezasyvidaenelmedionatural.es\/wp-content\/uploads\/2025\/10\/IMG_20210924_124518-768x1024.jpg\" alt=\"\" class=\"wp-image-4066\" srcset=\"https:\/\/www.destrezasyvidaenelmedionatural.es\/wp-content\/uploads\/2025\/10\/IMG_20210924_124518-768x1024.jpg 768w, https:\/\/www.destrezasyvidaenelmedionatural.es\/wp-content\/uploads\/2025\/10\/IMG_20210924_124518-225x300.jpg 225w, https:\/\/www.destrezasyvidaenelmedionatural.es\/wp-content\/uploads\/2025\/10\/IMG_20210924_124518-1152x1536.jpg 1152w, https:\/\/www.destrezasyvidaenelmedionatural.es\/wp-content\/uploads\/2025\/10\/IMG_20210924_124518-1536x2048.jpg 1536w, https:\/\/www.destrezasyvidaenelmedionatural.es\/wp-content\/uploads\/2025\/10\/IMG_20210924_124518-scaled.jpg 1920w\" sizes=\"(max-width: 768px) 100vw, 768px\" \/><figcaption class=\"wp-element-caption\">Material alumnos<\/figcaption><\/figure>\n\n\n\n<figure class=\"wp-block-image size-large\"><img loading=\"lazy\" decoding=\"async\" width=\"768\" height=\"1024\" data-id=\"4065\" src=\"https:\/\/www.destrezasyvidaenelmedionatural.es\/wp-content\/uploads\/2025\/10\/IMG_20210924_160431-01-768x1024.jpeg\" alt=\"\" class=\"wp-image-4065\" srcset=\"https:\/\/www.destrezasyvidaenelmedionatural.es\/wp-content\/uploads\/2025\/10\/IMG_20210924_160431-01-768x1024.jpeg 768w, https:\/\/www.destrezasyvidaenelmedionatural.es\/wp-content\/uploads\/2025\/10\/IMG_20210924_160431-01-225x300.jpeg 225w, https:\/\/www.destrezasyvidaenelmedionatural.es\/wp-content\/uploads\/2025\/10\/IMG_20210924_160431-01-1152x1536.jpeg 1152w, https:\/\/www.destrezasyvidaenelmedionatural.es\/wp-content\/uploads\/2025\/10\/IMG_20210924_160431-01-1536x2048.jpeg 1536w, https:\/\/www.destrezasyvidaenelmedionatural.es\/wp-content\/uploads\/2025\/10\/IMG_20210924_160431-01-scaled.jpeg 1920w\" sizes=\"(max-width: 768px) 100vw, 768px\" \/><figcaption class=\"wp-element-caption\">Pack de Bienvenida<\/figcaption><\/figure>\n<\/figure>\n\n\n\n<h3 class=\"wp-block-heading\">4.1. Tu inscripci\u00f3n: Todo lo necesario, sin adornos<\/h3>\n\n\n\n<p>Tu plaza en el curso incluye todo el material y los servicios esenciales para una inmersi\u00f3n total y segura:<\/p>\n\n\n\n<ul class=\"wp-block-list\">\n<li><strong>Material completo para talleres:<\/strong> Te proporcionaremos tarp, sierra, pala y todas las herramientas de campo necesarias para las pr\u00e1cticas.<\/li>\n\n\n\n<li><strong>Alimentaci\u00f3n completa:<\/strong> Cubrimos todas las comidas desde la cena del viernes hasta el desayuno del domingo, incluyendo la <strong>comida de despedida en grupo<\/strong> del \u00faltimo d\u00eda. El enfoque es \u00abespartano\u00bb, dise\u00f1ado para simular una gesti\u00f3n de recursos real. Nos adaptamos a dietas especiales.<\/li>\n\n\n\n<li><strong>Seguros de cobertura:<\/strong> Estar\u00e1s protegido en todo momento con un seguro de Responsabilidad Civil y otro de Riesgos.<\/li>\n\n\n\n<li><strong>Pack de bienvenida:<\/strong> Al llegar, recibir\u00e1s un cuaderno, l\u00e1piz, manta de emergencia, silbato y un kit de fuego para que empieces equipado desde el primer minuto.<\/li>\n<\/ul>\n\n\n\n<h3 class=\"wp-block-heading\">4.2. Tu equipo personal: Las herramientas de tu \u00e9xito<\/h3>\n\n\n\n<p>Aunque nosotros proporcionamos el material colectivo, tu equipo personal es fundamental. Esta es la lista de herramientas esenciales que garantizar\u00e1n tu comodidad, seguridad y \u00e9xito durante el curso:<\/p>\n\n\n\n<ul class=\"wp-block-list\">\n<li>Mochila de capacidad adecuada.<\/li>\n\n\n\n<li>Saco de dormir y esterilla aislante apropiados para la estaci\u00f3n.<\/li>\n\n\n\n<li>Calzado de monta\u00f1a robusto y c\u00f3modo.<\/li>\n\n\n\n<li>Linterna frontal con pilas de repuesto.<\/li>\n\n\n\n<li>Herramientas de corte: cuchillo de monte, navaja o multiherramienta.<\/li>\n\n\n\n<li>Cantimploras (se recomiendan dos de 1 litro).<\/li>\n\n\n\n<li><strong>Botiqu\u00edn personal<\/strong> con tus medicamentos y elementos b\u00e1sicos.<\/li>\n\n\n\n<li><strong>Cordino o paracord<\/strong> (15 metros de 4 mm aprox.).<\/li>\n<\/ul>\n\n\n\n<h3 class=\"wp-block-heading\">4.3. La inversi\u00f3n en tus capacidades<\/h3>\n\n\n\n<p>Invertir en estas habilidades es invertir en ti mismo. Ofrecemos descuentos progresivos para incentivar la inscripci\u00f3n en grupo, porque la supervivencia tambi\u00e9n se aprende en equipo.<\/p>\n\n\n\n<figure class=\"wp-block-table\"><table class=\"has-fixed-layout\"><tbody><tr><td>Plazas<\/td><td>Precio y Ahorro<\/td><\/tr><tr><td><strong>1 Persona<\/strong><\/td><td>235 \u20ac<\/td><\/tr><tr><td><strong>2 Personas<\/strong><\/td><td>423 \u20ac (<em>Ahorro del 10%<\/em>)<\/td><\/tr><tr><td><strong>3 Personas<\/strong><\/td><td>599,25 \u20ac (<em>Ahorro del 15%<\/em>)<\/td><\/tr><tr><td><strong>4 Personas<\/strong><\/td><td>752 \u20ac (<em>Ahorro del 20%<\/em>)<\/td><\/tr><\/tbody><\/table><\/figure>\n\n\n\n<p>\u00a1Re\u00fane a tu equipo y prep\u00e1rate para vivir una experiencia transformadora juntos!<\/p>\n\n\n\n<p>&#8212;&#8212;&#8212;&#8212;&#8212;&#8212;&#8212;&#8212;&#8212;&#8212;&#8212;&#8212;&#8212;&#8212;&#8212;&#8212;&#8212;&#8212;&#8212;&#8212;&#8212;&#8212;&#8212;&#8212;&#8212;&#8212;&#8211;<\/p>\n\n\n\n<h3 class=\"wp-block-heading\">\u00bfSab\u00edas que&#8230;?<\/h3>\n\n\n\n<p><em>Al reservar tu plaza en esta edici\u00f3n, obtendr\u00e1s la oportunidad de repetir el mismo m\u00f3dulo de 3 d\u00edas y 2 noches completamente gratis en otra fecha. Una forma inmejorable de consolidar tu aprendizaje y vivir la naturaleza al m\u00e1ximo.<\/em><\/p>\n\n\n\n<h3 class=\"wp-block-heading\">Preguntas Frecuentes (FAQs)<\/h3>\n\n\n\n<p><strong>\u00bfNecesito tener experiencia previa en supervivencia?<\/strong> No, el curso est\u00e1 dise\u00f1ado tanto para principiantes como para personas con conocimientos b\u00e1sicos. Los instructores adaptar\u00e1n las actividades para que todos los participantes puedan aprender a su propio ritmo de forma segura.<\/p>\n\n\n\n<p><strong>\u00bfQu\u00e9 ocurre si las condiciones meteorol\u00f3gicas son malas?<\/strong> El curso se desarrolla en condiciones reales, lo que incluye la variabilidad clim\u00e1tica. Solo en caso de que se pronostiquen condiciones extremas que supongan un riesgo para la seguridad, la organizaci\u00f3n podr\u00eda adaptar el programa o aplazar la fecha.<\/p>\n\n\n\n<p><strong>\u00bfPueden participar menores de edad?<\/strong> S\u00ed, pueden inscribirse j\u00f3venes a partir de 16 a\u00f1os, siempre y cuando est\u00e9n acompa\u00f1ados por un tutor legal durante la totalidad del curso para garantizar su seguridad y supervisi\u00f3n.<\/p>\n\n\n\n<p>&#8212;&#8212;&#8212;&#8212;&#8212;&#8212;&#8212;&#8212;&#8212;&#8212;&#8212;&#8212;&#8212;&#8212;&#8212;&#8212;&#8212;&#8212;&#8212;&#8212;&#8212;&#8212;&#8212;&#8212;&#8212;&#8212;&#8211;<\/p>\n\n\n\n<h2 class=\"wp-block-heading\">5. La decisi\u00f3n es tuya. \u00bfAceptas el desaf\u00edo?<\/h2>\n\n\n\n<p>Este curso es mucho m\u00e1s que un manual de t\u00e9cnicas; es una inmersi\u00f3n profunda en los conceptos de <strong>supervivencia, motivaci\u00f3n, resiliencia<\/strong> y <strong>autoconfianza<\/strong>. Saldr\u00e1s de aqu\u00ed no solo con nuevas habilidades, sino con una nueva perspectiva sobre tus propias capacidades para enfrentar la adversidad. Las plazas est\u00e1n estrictamente limitadas a un m\u00e1ximo de 18 alumnos para garantizar una formaci\u00f3n personalizada y de alta calidad. La decisi\u00f3n es simple, pero no es f\u00e1cil. El tiempo para dudar se ha terminado. \u00bfTe quedar\u00e1s en tu zona de confort o dar\u00e1s el paso para descubrir de lo que eres capaz?<\/p>\n\n\n\n<h3 class=\"wp-block-heading\">\u00a1Reserva tu plaza ahora \u2014 plazas limitadas!<\/h3>\n\n\n\n<p><strong>Haz clic aqu\u00ed para reservar tu plaza y comenzar el desaf\u00edo.<\/strong><\/p>\n\n\n\n<ul class=\"wp-block-list\">\n<li><strong>O solicita m\u00e1s informaci\u00f3n:<\/strong>\n<ul class=\"wp-block-list\">\n<li><strong>Email:<\/strong> info@destrezasyvidaenelmedionatural.es<\/li>\n\n\n\n<li><strong>WhatsApp:<\/strong> 640 29 30 93<\/li>\n<\/ul>\n<\/li>\n<\/ul>\n\n\n\n<p><\/p>\n","protected":false},"excerpt":{"rendered":"<p>\u00a1Arranca la cuenta atr\u00e1s para la 9\u00aa edici\u00f3n! \u00bfEst\u00e1s listo para dominar las claves de la supervivencia en un entorno natural semi\u00e1rido? Del 7 al 9 de noviembre de 2025, te enfrentar\u00e1s a un desaf\u00edo que va m\u00e1s all\u00e1 de una simple escapada de fin de semana. No venimos a jugar, venimos a aprender de &hellip;<\/p>\n<p class=\"read-more\"> <a class=\"\" href=\"https:\/\/www.destrezasyvidaenelmedionatural.es\/index.php\/2025\/10\/22\/curso-supervivencia-murcia-7-9-noviembre-2025\/\"> <span class=\"screen-reader-text\">Atenci\u00f3n: \u00a1Arranca la cuenta atr\u00e1s para la 9\u00aa edici\u00f3n!<\/span> Leer m\u00e1s &raquo;<\/a><\/p>\n","protected":false},"author":1,"featured_media":0,"comment_status":"open","ping_status":"open","sticky":false,"template":"","format":"standard","meta":{"episode_type":"","audio_file":"","cover_image":"","cover_image_id":"","duration":"","filesize":"","date_recorded":"","explicit":"","block":"","filesize_raw":"","footnotes":""},"categories":[8],"tags":[],"class_list":["post-4061","post","type-post","status-publish","format-standard","hentry","category-blog"],"yoast_head":"<!-- This site is optimized with the Yoast SEO plugin v23.8 - https:\/\/yoast.com\/wordpress\/plugins\/seo\/ -->\n<title>Atenci\u00f3n: \u00a1Arranca la cuenta atr\u00e1s para la 9\u00aa edici\u00f3n! - Destrezas y Vida en el Medio Natural<\/title>\n<meta name=\"description\" content=\"La meta descripci\u00f3n debe ser persuasiva, incluir los detalles cruciales (ubicaci\u00f3n, fecha, duraci\u00f3n) y el llamado a la acci\u00f3n.\" \/>\n<meta name=\"robots\" content=\"index, follow, max-snippet:-1, max-image-preview:large, max-video-preview:-1\" \/>\n<link rel=\"canonical\" href=\"https:\/\/www.destrezasyvidaenelmedionatural.es\/index.php\/2025\/10\/22\/curso-supervivencia-murcia-7-9-noviembre-2025\/\" \/>\n<meta property=\"og:locale\" content=\"es_ES\" \/>\n<meta property=\"og:type\" content=\"article\" \/>\n<meta property=\"og:title\" content=\"Atenci\u00f3n: \u00a1Arranca la cuenta atr\u00e1s para la 9\u00aa edici\u00f3n! - Destrezas y Vida en el Medio Natural\" \/>\n<meta property=\"og:description\" content=\"La meta descripci\u00f3n debe ser persuasiva, incluir los detalles cruciales (ubicaci\u00f3n, fecha, duraci\u00f3n) y el llamado a la acci\u00f3n.\" \/>\n<meta property=\"og:url\" content=\"https:\/\/www.destrezasyvidaenelmedionatural.es\/index.php\/2025\/10\/22\/curso-supervivencia-murcia-7-9-noviembre-2025\/\" \/>\n<meta property=\"og:site_name\" content=\"Destrezas y Vida en el Medio Natural\" \/>\n<meta property=\"article:publisher\" content=\"https:\/\/www.facebook.com\/Destrezas.y.Vida.en.el.Medio.Natural\" \/>\n<meta property=\"article:author\" content=\"https:\/\/www.facebook.com\/Destrezas.y.Vida.en.el.Medio.Natural\" \/>\n<meta property=\"article:published_time\" content=\"2025-10-22T11:16:16+00:00\" \/>\n<meta property=\"article:modified_time\" content=\"2025-10-22T11:16:18+00:00\" \/>\n<meta property=\"og:image\" content=\"https:\/\/www.destrezasyvidaenelmedionatural.es\/wp-content\/uploads\/2025\/10\/DJI_0536-1024x576.jpg\" \/>\n<meta name=\"author\" content=\"admin\" \/>\n<meta name=\"twitter:card\" content=\"summary_large_image\" \/>\n<meta name=\"twitter:creator\" content=\"@DestrezasyVida\" \/>\n<meta name=\"twitter:site\" content=\"@DestrezasyVida\" \/>\n<meta name=\"twitter:label1\" content=\"Escrito por\" \/>\n\t<meta name=\"twitter:data1\" content=\"admin\" \/>\n\t<meta name=\"twitter:label2\" content=\"Tiempo de lectura\" \/>\n\t<meta name=\"twitter:data2\" content=\"10 minutos\" \/>\n<script type=\"application\/ld+json\" class=\"yoast-schema-graph\">{\"@context\":\"https:\/\/schema.org\",\"@graph\":[{\"@type\":\"Article\",\"@id\":\"https:\/\/www.destrezasyvidaenelmedionatural.es\/index.php\/2025\/10\/22\/curso-supervivencia-murcia-7-9-noviembre-2025\/#article\",\"isPartOf\":{\"@id\":\"https:\/\/www.destrezasyvidaenelmedionatural.es\/index.php\/2025\/10\/22\/curso-supervivencia-murcia-7-9-noviembre-2025\/\"},\"author\":{\"name\":\"admin\",\"@id\":\"https:\/\/www.destrezasyvidaenelmedionatural.es\/#\/schema\/person\/05ac69635d864d75006df0853eb7afd3\"},\"headline\":\"Atenci\u00f3n: \u00a1Arranca la cuenta atr\u00e1s para la 9\u00aa edici\u00f3n!\",\"datePublished\":\"2025-10-22T11:16:16+00:00\",\"dateModified\":\"2025-10-22T11:16:18+00:00\",\"mainEntityOfPage\":{\"@id\":\"https:\/\/www.destrezasyvidaenelmedionatural.es\/index.php\/2025\/10\/22\/curso-supervivencia-murcia-7-9-noviembre-2025\/\"},\"wordCount\":2024,\"commentCount\":0,\"publisher\":{\"@id\":\"https:\/\/www.destrezasyvidaenelmedionatural.es\/#\/schema\/person\/05ac69635d864d75006df0853eb7afd3\"},\"image\":{\"@id\":\"https:\/\/www.destrezasyvidaenelmedionatural.es\/index.php\/2025\/10\/22\/curso-supervivencia-murcia-7-9-noviembre-2025\/#primaryimage\"},\"thumbnailUrl\":\"https:\/\/www.destrezasyvidaenelmedionatural.es\/wp-content\/uploads\/2025\/10\/DJI_0536-1024x576.jpg\",\"articleSection\":[\"Blog\"],\"inLanguage\":\"es\",\"potentialAction\":[{\"@type\":\"CommentAction\",\"name\":\"Comment\",\"target\":[\"https:\/\/www.destrezasyvidaenelmedionatural.es\/index.php\/2025\/10\/22\/curso-supervivencia-murcia-7-9-noviembre-2025\/#respond\"]}]},{\"@type\":\"WebPage\",\"@id\":\"https:\/\/www.destrezasyvidaenelmedionatural.es\/index.php\/2025\/10\/22\/curso-supervivencia-murcia-7-9-noviembre-2025\/\",\"url\":\"https:\/\/www.destrezasyvidaenelmedionatural.es\/index.php\/2025\/10\/22\/curso-supervivencia-murcia-7-9-noviembre-2025\/\",\"name\":\"Atenci\u00f3n: \u00a1Arranca la cuenta atr\u00e1s para la 9\u00aa edici\u00f3n! - Destrezas y Vida en el Medio Natural\",\"isPartOf\":{\"@id\":\"https:\/\/www.destrezasyvidaenelmedionatural.es\/#website\"},\"primaryImageOfPage\":{\"@id\":\"https:\/\/www.destrezasyvidaenelmedionatural.es\/index.php\/2025\/10\/22\/curso-supervivencia-murcia-7-9-noviembre-2025\/#primaryimage\"},\"image\":{\"@id\":\"https:\/\/www.destrezasyvidaenelmedionatural.es\/index.php\/2025\/10\/22\/curso-supervivencia-murcia-7-9-noviembre-2025\/#primaryimage\"},\"thumbnailUrl\":\"https:\/\/www.destrezasyvidaenelmedionatural.es\/wp-content\/uploads\/2025\/10\/DJI_0536-1024x576.jpg\",\"datePublished\":\"2025-10-22T11:16:16+00:00\",\"dateModified\":\"2025-10-22T11:16:18+00:00\",\"description\":\"La meta descripci\u00f3n debe ser persuasiva, incluir los detalles cruciales (ubicaci\u00f3n, fecha, duraci\u00f3n) y el llamado a la acci\u00f3n.\",\"breadcrumb\":{\"@id\":\"https:\/\/www.destrezasyvidaenelmedionatural.es\/index.php\/2025\/10\/22\/curso-supervivencia-murcia-7-9-noviembre-2025\/#breadcrumb\"},\"inLanguage\":\"es\",\"potentialAction\":[{\"@type\":\"ReadAction\",\"target\":[\"https:\/\/www.destrezasyvidaenelmedionatural.es\/index.php\/2025\/10\/22\/curso-supervivencia-murcia-7-9-noviembre-2025\/\"]}]},{\"@type\":\"ImageObject\",\"inLanguage\":\"es\",\"@id\":\"https:\/\/www.destrezasyvidaenelmedionatural.es\/index.php\/2025\/10\/22\/curso-supervivencia-murcia-7-9-noviembre-2025\/#primaryimage\",\"url\":\"https:\/\/www.destrezasyvidaenelmedionatural.es\/wp-content\/uploads\/2025\/10\/DJI_0536-scaled.jpg\",\"contentUrl\":\"https:\/\/www.destrezasyvidaenelmedionatural.es\/wp-content\/uploads\/2025\/10\/DJI_0536-scaled.jpg\",\"width\":2560,\"height\":1440,\"caption\":\"DCIM100MEDIADJI_0536.JPG\"},{\"@type\":\"BreadcrumbList\",\"@id\":\"https:\/\/www.destrezasyvidaenelmedionatural.es\/index.php\/2025\/10\/22\/curso-supervivencia-murcia-7-9-noviembre-2025\/#breadcrumb\",\"itemListElement\":[{\"@type\":\"ListItem\",\"position\":1,\"name\":\"Portada\",\"item\":\"https:\/\/www.destrezasyvidaenelmedionatural.es\/\"},{\"@type\":\"ListItem\",\"position\":2,\"name\":\"Atenci\u00f3n: \u00a1Arranca la cuenta atr\u00e1s para la 9\u00aa edici\u00f3n!\"}]},{\"@type\":\"WebSite\",\"@id\":\"https:\/\/www.destrezasyvidaenelmedionatural.es\/#website\",\"url\":\"https:\/\/www.destrezasyvidaenelmedionatural.es\/\",\"name\":\"Destrezas y Vida en el Medio Natural\",\"description\":\"El sitio web Destrezas y Vida en el Medio Natural es un recurso excelente para cualquiera que quiera aprender sobre la naturaleza y c\u00f3mo interactuar con ella de manera segura y respetuosa.\",\"publisher\":{\"@id\":\"https:\/\/www.destrezasyvidaenelmedionatural.es\/#\/schema\/person\/05ac69635d864d75006df0853eb7afd3\"},\"potentialAction\":[{\"@type\":\"SearchAction\",\"target\":{\"@type\":\"EntryPoint\",\"urlTemplate\":\"https:\/\/www.destrezasyvidaenelmedionatural.es\/?s={search_term_string}\"},\"query-input\":{\"@type\":\"PropertyValueSpecification\",\"valueRequired\":true,\"valueName\":\"search_term_string\"}}],\"inLanguage\":\"es\"},{\"@type\":[\"Person\",\"Organization\"],\"@id\":\"https:\/\/www.destrezasyvidaenelmedionatural.es\/#\/schema\/person\/05ac69635d864d75006df0853eb7afd3\",\"name\":\"admin\",\"image\":{\"@type\":\"ImageObject\",\"inLanguage\":\"es\",\"@id\":\"https:\/\/www.destrezasyvidaenelmedionatural.es\/#\/schema\/person\/image\/\",\"url\":\"https:\/\/www.destrezasyvidaenelmedionatural.es\/wp-content\/uploads\/2021\/08\/cropped-SIN-FONDO-PRUEBA1.png\",\"contentUrl\":\"https:\/\/www.destrezasyvidaenelmedionatural.es\/wp-content\/uploads\/2021\/08\/cropped-SIN-FONDO-PRUEBA1.png\",\"width\":351,\"height\":349,\"caption\":\"admin\"},\"logo\":{\"@id\":\"https:\/\/www.destrezasyvidaenelmedionatural.es\/#\/schema\/person\/image\/\"},\"sameAs\":[\"http:\/\/www.destrezasyvidaenelmedionatural.es\",\"https:\/\/www.facebook.com\/Destrezas.y.Vida.en.el.Medio.Natural\",\"https:\/\/www.instagram.com\/destrezasyvidamn\/\"],\"url\":\"https:\/\/www.destrezasyvidaenelmedionatural.es\/index.php\/author\/admin\/\"}]}<\/script>\n<!-- \/ Yoast SEO plugin. -->","yoast_head_json":{"title":"Atenci\u00f3n: \u00a1Arranca la cuenta atr\u00e1s para la 9\u00aa edici\u00f3n! - Destrezas y Vida en el Medio Natural","description":"La meta descripci\u00f3n debe ser persuasiva, incluir los detalles cruciales (ubicaci\u00f3n, fecha, duraci\u00f3n) y el llamado a la acci\u00f3n.","robots":{"index":"index","follow":"follow","max-snippet":"max-snippet:-1","max-image-preview":"max-image-preview:large","max-video-preview":"max-video-preview:-1"},"canonical":"https:\/\/www.destrezasyvidaenelmedionatural.es\/index.php\/2025\/10\/22\/curso-supervivencia-murcia-7-9-noviembre-2025\/","og_locale":"es_ES","og_type":"article","og_title":"Atenci\u00f3n: \u00a1Arranca la cuenta atr\u00e1s para la 9\u00aa edici\u00f3n! - Destrezas y Vida en el Medio Natural","og_description":"La meta descripci\u00f3n debe ser persuasiva, incluir los detalles cruciales (ubicaci\u00f3n, fecha, duraci\u00f3n) y el llamado a la acci\u00f3n.","og_url":"https:\/\/www.destrezasyvidaenelmedionatural.es\/index.php\/2025\/10\/22\/curso-supervivencia-murcia-7-9-noviembre-2025\/","og_site_name":"Destrezas y Vida en el Medio Natural","article_publisher":"https:\/\/www.facebook.com\/Destrezas.y.Vida.en.el.Medio.Natural","article_author":"https:\/\/www.facebook.com\/Destrezas.y.Vida.en.el.Medio.Natural","article_published_time":"2025-10-22T11:16:16+00:00","article_modified_time":"2025-10-22T11:16:18+00:00","og_image":[{"url":"https:\/\/www.destrezasyvidaenelmedionatural.es\/wp-content\/uploads\/2025\/10\/DJI_0536-1024x576.jpg"}],"author":"admin","twitter_card":"summary_large_image","twitter_creator":"@DestrezasyVida","twitter_site":"@DestrezasyVida","twitter_misc":{"Escrito por":"admin","Tiempo de lectura":"10 minutos"},"schema":{"@context":"https:\/\/schema.org","@graph":[{"@type":"Article","@id":"https:\/\/www.destrezasyvidaenelmedionatural.es\/index.php\/2025\/10\/22\/curso-supervivencia-murcia-7-9-noviembre-2025\/#article","isPartOf":{"@id":"https:\/\/www.destrezasyvidaenelmedionatural.es\/index.php\/2025\/10\/22\/curso-supervivencia-murcia-7-9-noviembre-2025\/"},"author":{"name":"admin","@id":"https:\/\/www.destrezasyvidaenelmedionatural.es\/#\/schema\/person\/05ac69635d864d75006df0853eb7afd3"},"headline":"Atenci\u00f3n: \u00a1Arranca la cuenta atr\u00e1s para la 9\u00aa edici\u00f3n!","datePublished":"2025-10-22T11:16:16+00:00","dateModified":"2025-10-22T11:16:18+00:00","mainEntityOfPage":{"@id":"https:\/\/www.destrezasyvidaenelmedionatural.es\/index.php\/2025\/10\/22\/curso-supervivencia-murcia-7-9-noviembre-2025\/"},"wordCount":2024,"commentCount":0,"publisher":{"@id":"https:\/\/www.destrezasyvidaenelmedionatural.es\/#\/schema\/person\/05ac69635d864d75006df0853eb7afd3"},"image":{"@id":"https:\/\/www.destrezasyvidaenelmedionatural.es\/index.php\/2025\/10\/22\/curso-supervivencia-murcia-7-9-noviembre-2025\/#primaryimage"},"thumbnailUrl":"https:\/\/www.destrezasyvidaenelmedionatural.es\/wp-content\/uploads\/2025\/10\/DJI_0536-1024x576.jpg","articleSection":["Blog"],"inLanguage":"es","potentialAction":[{"@type":"CommentAction","name":"Comment","target":["https:\/\/www.destrezasyvidaenelmedionatural.es\/index.php\/2025\/10\/22\/curso-supervivencia-murcia-7-9-noviembre-2025\/#respond"]}]},{"@type":"WebPage","@id":"https:\/\/www.destrezasyvidaenelmedionatural.es\/index.php\/2025\/10\/22\/curso-supervivencia-murcia-7-9-noviembre-2025\/","url":"https:\/\/www.destrezasyvidaenelmedionatural.es\/index.php\/2025\/10\/22\/curso-supervivencia-murcia-7-9-noviembre-2025\/","name":"Atenci\u00f3n: \u00a1Arranca la cuenta atr\u00e1s para la 9\u00aa edici\u00f3n! - Destrezas y Vida en el Medio Natural","isPartOf":{"@id":"https:\/\/www.destrezasyvidaenelmedionatural.es\/#website"},"primaryImageOfPage":{"@id":"https:\/\/www.destrezasyvidaenelmedionatural.es\/index.php\/2025\/10\/22\/curso-supervivencia-murcia-7-9-noviembre-2025\/#primaryimage"},"image":{"@id":"https:\/\/www.destrezasyvidaenelmedionatural.es\/index.php\/2025\/10\/22\/curso-supervivencia-murcia-7-9-noviembre-2025\/#primaryimage"},"thumbnailUrl":"https:\/\/www.destrezasyvidaenelmedionatural.es\/wp-content\/uploads\/2025\/10\/DJI_0536-1024x576.jpg","datePublished":"2025-10-22T11:16:16+00:00","dateModified":"2025-10-22T11:16:18+00:00","description":"La meta descripci\u00f3n debe ser persuasiva, incluir los detalles cruciales (ubicaci\u00f3n, fecha, duraci\u00f3n) y el llamado a la acci\u00f3n.","breadcrumb":{"@id":"https:\/\/www.destrezasyvidaenelmedionatural.es\/index.php\/2025\/10\/22\/curso-supervivencia-murcia-7-9-noviembre-2025\/#breadcrumb"},"inLanguage":"es","potentialAction":[{"@type":"ReadAction","target":["https:\/\/www.destrezasyvidaenelmedionatural.es\/index.php\/2025\/10\/22\/curso-supervivencia-murcia-7-9-noviembre-2025\/"]}]},{"@type":"ImageObject","inLanguage":"es","@id":"https:\/\/www.destrezasyvidaenelmedionatural.es\/index.php\/2025\/10\/22\/curso-supervivencia-murcia-7-9-noviembre-2025\/#primaryimage","url":"https:\/\/www.destrezasyvidaenelmedionatural.es\/wp-content\/uploads\/2025\/10\/DJI_0536-scaled.jpg","contentUrl":"https:\/\/www.destrezasyvidaenelmedionatural.es\/wp-content\/uploads\/2025\/10\/DJI_0536-scaled.jpg","width":2560,"height":1440,"caption":"DCIM100MEDIADJI_0536.JPG"},{"@type":"BreadcrumbList","@id":"https:\/\/www.destrezasyvidaenelmedionatural.es\/index.php\/2025\/10\/22\/curso-supervivencia-murcia-7-9-noviembre-2025\/#breadcrumb","itemListElement":[{"@type":"ListItem","position":1,"name":"Portada","item":"https:\/\/www.destrezasyvidaenelmedionatural.es\/"},{"@type":"ListItem","position":2,"name":"Atenci\u00f3n: \u00a1Arranca la cuenta atr\u00e1s para la 9\u00aa edici\u00f3n!"}]},{"@type":"WebSite","@id":"https:\/\/www.destrezasyvidaenelmedionatural.es\/#website","url":"https:\/\/www.destrezasyvidaenelmedionatural.es\/","name":"Destrezas y Vida en el Medio Natural","description":"El sitio web Destrezas y Vida en el Medio Natural es un recurso excelente para cualquiera que quiera aprender sobre la naturaleza y c\u00f3mo interactuar con ella de manera segura y respetuosa.","publisher":{"@id":"https:\/\/www.destrezasyvidaenelmedionatural.es\/#\/schema\/person\/05ac69635d864d75006df0853eb7afd3"},"potentialAction":[{"@type":"SearchAction","target":{"@type":"EntryPoint","urlTemplate":"https:\/\/www.destrezasyvidaenelmedionatural.es\/?s={search_term_string}"},"query-input":{"@type":"PropertyValueSpecification","valueRequired":true,"valueName":"search_term_string"}}],"inLanguage":"es"},{"@type":["Person","Organization"],"@id":"https:\/\/www.destrezasyvidaenelmedionatural.es\/#\/schema\/person\/05ac69635d864d75006df0853eb7afd3","name":"admin","image":{"@type":"ImageObject","inLanguage":"es","@id":"https:\/\/www.destrezasyvidaenelmedionatural.es\/#\/schema\/person\/image\/","url":"https:\/\/www.destrezasyvidaenelmedionatural.es\/wp-content\/uploads\/2021\/08\/cropped-SIN-FONDO-PRUEBA1.png","contentUrl":"https:\/\/www.destrezasyvidaenelmedionatural.es\/wp-content\/uploads\/2021\/08\/cropped-SIN-FONDO-PRUEBA1.png","width":351,"height":349,"caption":"admin"},"logo":{"@id":"https:\/\/www.destrezasyvidaenelmedionatural.es\/#\/schema\/person\/image\/"},"sameAs":["http:\/\/www.destrezasyvidaenelmedionatural.es","https:\/\/www.facebook.com\/Destrezas.y.Vida.en.el.Medio.Natural","https:\/\/www.instagram.com\/destrezasyvidamn\/"],"url":"https:\/\/www.destrezasyvidaenelmedionatural.es\/index.php\/author\/admin\/"}]}},"_links":{"self":[{"href":"https:\/\/www.destrezasyvidaenelmedionatural.es\/index.php\/wp-json\/wp\/v2\/posts\/4061","targetHints":{"allow":["GET"]}}],"collection":[{"href":"https:\/\/www.destrezasyvidaenelmedionatural.es\/index.php\/wp-json\/wp\/v2\/posts"}],"about":[{"href":"https:\/\/www.destrezasyvidaenelmedionatural.es\/index.php\/wp-json\/wp\/v2\/types\/post"}],"author":[{"embeddable":true,"href":"https:\/\/www.destrezasyvidaenelmedionatural.es\/index.php\/wp-json\/wp\/v2\/users\/1"}],"replies":[{"embeddable":true,"href":"https:\/\/www.destrezasyvidaenelmedionatural.es\/index.php\/wp-json\/wp\/v2\/comments?post=4061"}],"version-history":[{"count":1,"href":"https:\/\/www.destrezasyvidaenelmedionatural.es\/index.php\/wp-json\/wp\/v2\/posts\/4061\/revisions"}],"predecessor-version":[{"id":4067,"href":"https:\/\/www.destrezasyvidaenelmedionatural.es\/index.php\/wp-json\/wp\/v2\/posts\/4061\/revisions\/4067"}],"wp:attachment":[{"href":"https:\/\/www.destrezasyvidaenelmedionatural.es\/index.php\/wp-json\/wp\/v2\/media?parent=4061"}],"wp:term":[{"taxonomy":"category","embeddable":true,"href":"https:\/\/www.destrezasyvidaenelmedionatural.es\/index.php\/wp-json\/wp\/v2\/categories?post=4061"},{"taxonomy":"post_tag","embeddable":true,"href":"https:\/\/www.destrezasyvidaenelmedionatural.es\/index.php\/wp-json\/wp\/v2\/tags?post=4061"}],"curies":[{"name":"wp","href":"https:\/\/api.w.org\/{rel}","templated":true}]}}