{"id":4069,"date":"2025-10-31T14:55:44","date_gmt":"2025-10-31T14:55:44","guid":{"rendered":"https:\/\/www.destrezasyvidaenelmedionatural.es\/?p=4069"},"modified":"2025-10-31T14:55:45","modified_gmt":"2025-10-31T14:55:45","slug":"aprendizaje-naturaleza-atencion-supervivencia","status":"publish","type":"post","link":"https:\/\/www.destrezasyvidaenelmedionatural.es\/index.php\/2025\/10\/31\/aprendizaje-naturaleza-atencion-supervivencia\/","title":{"rendered":"La ciencia del aprendizaje en la naturaleza: mejora tu atenci\u00f3n y rendimiento"},"content":{"rendered":"\n<p>En un mundo cada vez m\u00e1s digital, saturado de est\u00edmulos y estr\u00e9s, la capacidad de <strong>concentrarse, aprender y actuar bajo presi\u00f3n<\/strong> se ha convertido en una habilidad clave. Pero, \u00bfy si te dijera que una de las respuestas est\u00e1 justo fuera de la puerta laboral? Pasar tiempo en la naturaleza no solo relaja: tambi\u00e9n <strong>mejora funciones cognitivas esenciales<\/strong> y potencia el aprendizaje activo. En este art\u00edculo revisamos la evidencia cient\u00edfica y explicamos c\u00f3mo esta base biol\u00f3gica se aplica en la praxis de nuestro curso intensivo de supervivencia \u2014y c\u00f3mo t\u00fa tambi\u00e9n puedes beneficiarte.<\/p>\n\n\n\n<hr class=\"wp-block-separator has-alpha-channel-opacity\"\/>\n\n\n\n<h2 class=\"wp-block-heading\">Evidencia cient\u00edfica: naturaleza, atenci\u00f3n y aprendizaje<\/h2>\n\n\n\n<h3 class=\"wp-block-heading\">Teor\u00edas fundamentales<\/h3>\n\n\n\n<p>Una de las teor\u00edas m\u00e1s citadas en este campo es la Attention Restoration Theory (ART), desarrollada por Rachel Kaplan y Stephen Kaplan en los a\u00f1os 80. Seg\u00fan esta teor\u00eda, la fatiga de la atenci\u00f3n dirigida \u2014esa que exige concentraci\u00f3n sostenida\u2014 puede recuperarse mediante la exposici\u00f3n a entornos naturales que permiten la \u201catenci\u00f3n involuntaria\u201d o <em>soft fascination<\/em>. En consecuencia, tras la restauraci\u00f3n, se mejora la atenci\u00f3n voluntaria y otros procesos ejecutivos. <\/p>\n\n\n\n<h3 class=\"wp-block-heading\">Estudios recientes sobre exposici\u00f3n a la naturaleza<\/h3>\n\n\n\n<p>Una revisi\u00f3n narrativa de Jim\u00e9nez et al. (2021) concluye que la exposici\u00f3n a entornos naturales est\u00e1 asociada con mejoras en funci\u00f3n cognitiva, actividad cerebral, reducci\u00f3n de la presi\u00f3n arterial, salud mental y sue\u00f1o. <br>Por su parte, un estudio experimental con 528 participantes encontr\u00f3 que las interacciones con naturaleza (frente a entornos urbanos) mejoraron el rendimiento en tareas exigentes de atenci\u00f3n ejecutiva. <br>Asimismo, metaan\u00e1lisis recientes indican que incluso exposiciones al entorno natural de tan solo <strong>10 minutos<\/strong> pueden generar efectos positivos en adultos con enfermedad mental diagnosticada.<br>Y una revisi\u00f3n sistem\u00e1tica sobre ni\u00f1os y adolescentes encontr\u00f3 efectos relevantes en atenci\u00f3n selectiva, memoria de trabajo y funci\u00f3n ejecutiva tras intervenciones en entornos verdes. <\/p>\n\n\n\n<h3 class=\"wp-block-heading\">\u00bfQu\u00e9 sabemos sobre \u00abdosis\u00bb y duraci\u00f3n?<\/h3>\n\n\n\n<p>Aunque la mayor\u00eda de estudios indicaron que m\u00e1s tiempo en la naturaleza tiende a generar mayores beneficios, se observa una relaci\u00f3n <strong>no-lineal<\/strong>: los mayores efectos se encontraron hasta alrededor de 100-120 minutos de exposici\u00f3n continua. M\u00e1s all\u00e1 de ese tiempo, los beneficios tienden a estabilizarse. <br>Por tanto, incluso breves sesiones en la naturaleza pueden marcar la diferencia.<\/p>\n\n\n\n<hr class=\"wp-block-separator has-alpha-channel-opacity\"\/>\n\n\n\n<h2 class=\"wp-block-heading\">Aplicaci\u00f3n pr\u00e1ctica: dise\u00f1o del curso intensivo de supervivencia<\/h2>\n\n\n\n<h3 class=\"wp-block-heading\">\u00bfPor qu\u00e9 en entorno natural semi\u00e1rido mediterr\u00e1neo?<\/h3>\n\n\n<div class=\"wp-block-image\">\n<figure class=\"aligncenter size-large\"><img fetchpriority=\"high\" decoding=\"async\" width=\"1024\" height=\"538\" src=\"http:\/\/www.destrezasyvidaenelmedionatural.es\/wp-content\/uploads\/2025\/10\/Curso-Intensivo-de-Supervivencia-\u2013-3-dias-y-2-noches-\u27a4-Del-7-al-9-de-noviembre-2025-\u2013-9a-Edicion-Murcia-1024x538.png\" alt=\"\" class=\"wp-image-4062\" srcset=\"https:\/\/www.destrezasyvidaenelmedionatural.es\/wp-content\/uploads\/2025\/10\/Curso-Intensivo-de-Supervivencia-\u2013-3-dias-y-2-noches-\u27a4-Del-7-al-9-de-noviembre-2025-\u2013-9a-Edicion-Murcia-1024x538.png 1024w, https:\/\/www.destrezasyvidaenelmedionatural.es\/wp-content\/uploads\/2025\/10\/Curso-Intensivo-de-Supervivencia-\u2013-3-dias-y-2-noches-\u27a4-Del-7-al-9-de-noviembre-2025-\u2013-9a-Edicion-Murcia-300x158.png 300w, https:\/\/www.destrezasyvidaenelmedionatural.es\/wp-content\/uploads\/2025\/10\/Curso-Intensivo-de-Supervivencia-\u2013-3-dias-y-2-noches-\u27a4-Del-7-al-9-de-noviembre-2025-\u2013-9a-Edicion-Murcia-768x403.png 768w, https:\/\/www.destrezasyvidaenelmedionatural.es\/wp-content\/uploads\/2025\/10\/Curso-Intensivo-de-Supervivencia-\u2013-3-dias-y-2-noches-\u27a4-Del-7-al-9-de-noviembre-2025-\u2013-9a-Edicion-Murcia.png 1200w\" sizes=\"(max-width: 1024px) 100vw, 1024px\" \/><\/figure>\n<\/div>\n\n\n<p>El entorno natural mediterr\u00e1neo semi\u00e1rido \u2014como el que utilizamos en la 9\u00aa edici\u00f3n de nuestro Curso Intensivo de Supervivencia (7 al 9 noviembre 2025) en la regi\u00f3n de Murcia\u2014 ofrece caracter\u00edsticas propicias para el aprendizaje experiencial:<\/p>\n\n\n\n<ul class=\"wp-block-list\">\n<li>Paisaje con est\u00edmulos naturales variados (roca, matorral, cielo abierto) que favorecen la \u00abfascinaci\u00f3n suave\u00bb de ART.<\/li>\n\n\n\n<li>Condiciones exigentes que activan la atenci\u00f3n sostenida, la toma de decisiones y la resiliencia.<\/li>\n\n\n\n<li>Desconexi\u00f3n del entorno urbano que relaja la mente y permite el \u201creset\u201d atencional.<\/li>\n<\/ul>\n\n\n\n<h3 class=\"wp-block-heading\">Estructura del aprendizaje experiencial<\/h3>\n\n\n\n<p>Nuestro dise\u00f1o formativo integra los siguientes elementos:<\/p>\n\n\n\n<ol class=\"wp-block-list\">\n<li><strong>Exposici\u00f3n guiada al entorno natural<\/strong>: caminatas, estaciones y tareas de campo que fomentan la interacci\u00f3n directa con el medio.<\/li>\n\n\n\n<li><strong>Resoluci\u00f3n pr\u00e1ctica de problemas<\/strong>: encendido de fuego, obtenci\u00f3n de agua, refugios\u2026 todo realizado en condiciones reales. La tensi\u00f3n cognitiva generada facilita la atenci\u00f3n elevada.<\/li>\n\n\n\n<li><strong>Reflexi\u00f3n y feedback<\/strong>: cada m\u00f3dulo termina con una sesi\u00f3n de an\u00e1lisis, facilitando la consolidaci\u00f3n del aprendizaje.<\/li>\n\n\n\n<li><strong>Mecanismos de reducci\u00f3n del estr\u00e9s<\/strong>: la exposici\u00f3n al aire libre reduce actividad fisiol\u00f3gica de estr\u00e9s, favoreciendo mejor atenci\u00f3n y claridad mental.<\/li>\n<\/ol>\n\n\n\n<p>De esta manera, no solo ense\u00f1amos t\u00e9cnicas de supervivencia, sino capacidades cognitivas \u2014concentraci\u00f3n, memoria operativa, toma de decisiones\u2014 que se transfieren a otros \u00e1mbitos de vida.<\/p>\n\n\n\n<h3 class=\"wp-block-heading\">Beneficios esperados para el participante<\/h3>\n\n\n\n<ul class=\"wp-block-list\">\n<li>Mejora de la atenci\u00f3n y capacidad de enfoque bajo presi\u00f3n.<\/li>\n\n\n\n<li>Retenci\u00f3n de conocimientos y habilidades m\u00e1s efectiva que en entornos puramente te\u00f3ricos.<\/li>\n\n\n\n<li>Reducci\u00f3n del estr\u00e9s percibido y mayor claridad mental.<\/li>\n\n\n\n<li>Desarrollo de una mentalidad resiliente que trasciende el curso.<\/li>\n<\/ul>\n\n\n\n<hr class=\"wp-block-separator has-alpha-channel-opacity\"\/>\n\n\n\n<h2 class=\"wp-block-heading\">Gu\u00eda r\u00e1pida: c\u00f3mo aprovecharlo en tu d\u00eda a d\u00eda<\/h2>\n\n\n\n<ul class=\"wp-block-list\">\n<li>Sal fuera durante <strong>10-20 minutos diarios<\/strong> si no puedes participar en el curso. Estudios muestran mejoras incluso en sesiones tan cortas. <\/li>\n\n\n\n<li>Alterna entre entornos urbanos y naturales: percibir\u00e1s cu\u00e1ndo tu atenci\u00f3n se restaura.<\/li>\n\n\n\n<li>Incorpora tareas activas al aire libre (no solo pasear), ya que la actividad f\u00edsica en naturaleza potencia los efectos. <\/li>\n\n\n\n<li>Lleva un registro de c\u00f3mo te sientes antes y despu\u00e9s de la exposici\u00f3n: atenci\u00f3n, \u00e1nimo, estr\u00e9s. Esto te ayuda a valorar el efecto a nivel personal.<\/li>\n<\/ul>\n\n\n\n<hr class=\"wp-block-separator has-alpha-channel-opacity\"\/>\n\n\n\n<p>La exposici\u00f3n al entorno natural no solo es bienestar: es una herramienta cognitiva potente. La ciencia confirma que puede mejorar la atenci\u00f3n, memoria de trabajo y reducir los efectos del estr\u00e9s. Al dise\u00f1ar formaciones como nuestro Curso Intensivo de Supervivencia en entorno real, combinamos esta evidencia con t\u00e9cnicas de aprendizaje experiencial para maximizar la transferencia cognitiva y pr\u00e1ctica.<br>\u00bfQuieres entrenar tu mente, tu cuerpo y aprender a actuar cuando todo falla?<br>\ud83d\udc49 Descubre los detalles del curso, las plazas disponibles y c\u00f3mo inscribirte: <strong><a href=\"https:\/\/www.destrezasyvidaenelmedionatural.es\/index.php\/2024\/11\/05\/curso-completo-de-iniciacion-a-la-supervivencia-en-entorno-mediterraneo-semiarido\/\">Curso Intensivo de Supervivencia (3 d\u00edas y 2 noches) en Entorno Mediterr\u00e1neo Semi\u00e1rido 7 al 9 noviembre 2025 (9\u00ba EDICI\u00d3N)<\/a><\/strong><\/p>\n\n\n\n<hr class=\"wp-block-separator has-alpha-channel-opacity\"\/>\n\n\n\n<h2 class=\"wp-block-heading\">Referencias<\/h2>\n\n\n\n<ul class=\"wp-block-list\">\n<li>Jim\u00e9nez MP, DeVille NV, Elliott EG, Schiff JE, Wilt GE, Hart JE. <em>Associations between Nature Exposure and Health: A Review of the Evidence.<\/em> PM CID: PMC8125471. (<a href=\"https:\/\/pmc.ncbi.nlm.nih.gov\/articles\/PMC8125471\/?utm_source=chatgpt.com\">pmc.ncbi.nlm.nih.gov<\/a>)<\/li>\n\n\n\n<li>Berman MG, Jonides J, Kaplan S. <em>Positive Effects of Nature on Cognitive Performance Across Multiple Experiments.<\/em> Front. Psychol. 2019;10:1413. DOI:10.3389\/fpsyg.2019.01413. (<a href=\"https:\/\/www.frontiersin.org\/journals\/psychology\/articles\/10.3389\/fpsyg.2019.01413\/full?utm_source=chatgpt.com\">Frontiers<\/a>)<\/li>\n\n\n\n<li>Nguyen L, Walters J. <em>Benefits of nature exposure on cognitive functioning in children and adolescents: A systematic review and meta-analysis.<\/em> Journal of Environmental Psychology. 2024;96:102336. DOI:10.1016\/j.jenvp.2024.102336. (<a href=\"https:\/\/research.childrenandnature.org\/research\/school-based-nature-exposure-interventions-may-restore-and-improve-cognitive-function\/?utm_source=chatgpt.com\">Children &amp; Nature Network<\/a>)<\/li>\n\n\n\n<li>Bell CN, St George R, Honan C. <em>The Relationship Between Nature Exposures and Attention Restoration as Moderated by Exposure Duration: A Systematic Review and Meta-analysis.<\/em> 2025. (<a href=\"https:\/\/www.researchgate.net\/publication\/391940254_The_Relationship_Between_Nature_Exposures_and_Attention_Restoration_as_Moderated_by_Exposure_Duration_A_Systematic_Review_and_Meta-analysis?utm_source=chatgpt.com\">ResearchGate<\/a>)<\/li>\n<\/ul>\n\n\n\n<hr class=\"wp-block-separator has-alpha-channel-opacity\"\/>\n\n\n\n<p><\/p>\n","protected":false},"excerpt":{"rendered":"<p>En un mundo cada vez m\u00e1s digital, saturado de est\u00edmulos y estr\u00e9s, la capacidad de concentrarse, aprender y actuar bajo presi\u00f3n se ha convertido en una habilidad clave. Pero, \u00bfy si te dijera que una de las respuestas est\u00e1 justo fuera de la puerta laboral? Pasar tiempo en la naturaleza no solo relaja: tambi\u00e9n mejora &hellip;<\/p>\n<p class=\"read-more\"> <a class=\"\" href=\"https:\/\/www.destrezasyvidaenelmedionatural.es\/index.php\/2025\/10\/31\/aprendizaje-naturaleza-atencion-supervivencia\/\"> <span class=\"screen-reader-text\">La ciencia del aprendizaje en la naturaleza: mejora tu atenci\u00f3n y rendimiento<\/span> Leer m\u00e1s &raquo;<\/a><\/p>\n","protected":false},"author":1,"featured_media":0,"comment_status":"open","ping_status":"open","sticky":false,"template":"","format":"standard","meta":{"episode_type":"","audio_file":"","cover_image":"","cover_image_id":"","duration":"","filesize":"","date_recorded":"","explicit":"","block":"","filesize_raw":"","footnotes":""},"categories":[8],"tags":[],"class_list":["post-4069","post","type-post","status-publish","format-standard","hentry","category-blog"],"yoast_head":"<!-- This site is optimized with the Yoast SEO plugin v23.8 - https:\/\/yoast.com\/wordpress\/plugins\/seo\/ -->\n<title>La ciencia del aprendizaje en la naturaleza: mejora tu atenci\u00f3n y rendimiento - Destrezas y Vida en el Medio Natural<\/title>\n<meta name=\"description\" content=\"Descubre c\u00f3mo la exposici\u00f3n a la naturaleza mejora atenci\u00f3n, memoria y aprendizaje. Evidencia cient\u00edfica aplicada a la formaci\u00f3n\" \/>\n<meta name=\"robots\" content=\"index, follow, max-snippet:-1, max-image-preview:large, max-video-preview:-1\" \/>\n<link rel=\"canonical\" href=\"https:\/\/www.destrezasyvidaenelmedionatural.es\/index.php\/2025\/10\/31\/aprendizaje-naturaleza-atencion-supervivencia\/\" \/>\n<meta property=\"og:locale\" content=\"es_ES\" \/>\n<meta property=\"og:type\" content=\"article\" \/>\n<meta property=\"og:title\" content=\"La ciencia del aprendizaje en la naturaleza: mejora tu atenci\u00f3n y rendimiento - Destrezas y Vida en el Medio Natural\" \/>\n<meta property=\"og:description\" content=\"Descubre c\u00f3mo la exposici\u00f3n a la naturaleza mejora atenci\u00f3n, memoria y aprendizaje. Evidencia cient\u00edfica aplicada a la formaci\u00f3n\" \/>\n<meta property=\"og:url\" content=\"https:\/\/www.destrezasyvidaenelmedionatural.es\/index.php\/2025\/10\/31\/aprendizaje-naturaleza-atencion-supervivencia\/\" \/>\n<meta property=\"og:site_name\" content=\"Destrezas y Vida en el Medio Natural\" \/>\n<meta property=\"article:publisher\" content=\"https:\/\/www.facebook.com\/Destrezas.y.Vida.en.el.Medio.Natural\" \/>\n<meta property=\"article:author\" content=\"https:\/\/www.facebook.com\/Destrezas.y.Vida.en.el.Medio.Natural\" \/>\n<meta property=\"article:published_time\" content=\"2025-10-31T14:55:44+00:00\" \/>\n<meta property=\"article:modified_time\" content=\"2025-10-31T14:55:45+00:00\" \/>\n<meta property=\"og:image\" content=\"https:\/\/www.destrezasyvidaenelmedionatural.es\/wp-content\/uploads\/2021\/08\/cropped-SIN-FONDO-PRUEBA1.png\" \/>\n\t<meta property=\"og:image:width\" content=\"351\" \/>\n\t<meta property=\"og:image:height\" content=\"349\" \/>\n\t<meta property=\"og:image:type\" content=\"image\/png\" \/>\n<meta name=\"author\" content=\"admin\" \/>\n<meta name=\"twitter:card\" content=\"summary_large_image\" \/>\n<meta name=\"twitter:creator\" content=\"@DestrezasyVida\" \/>\n<meta name=\"twitter:site\" content=\"@DestrezasyVida\" \/>\n<meta name=\"twitter:label1\" content=\"Escrito por\" \/>\n\t<meta name=\"twitter:data1\" content=\"admin\" \/>\n\t<meta name=\"twitter:label2\" content=\"Tiempo de lectura\" \/>\n\t<meta name=\"twitter:data2\" content=\"5 minutos\" \/>\n<script type=\"application\/ld+json\" class=\"yoast-schema-graph\">{\"@context\":\"https:\/\/schema.org\",\"@graph\":[{\"@type\":\"Article\",\"@id\":\"https:\/\/www.destrezasyvidaenelmedionatural.es\/index.php\/2025\/10\/31\/aprendizaje-naturaleza-atencion-supervivencia\/#article\",\"isPartOf\":{\"@id\":\"https:\/\/www.destrezasyvidaenelmedionatural.es\/index.php\/2025\/10\/31\/aprendizaje-naturaleza-atencion-supervivencia\/\"},\"author\":{\"name\":\"admin\",\"@id\":\"https:\/\/www.destrezasyvidaenelmedionatural.es\/#\/schema\/person\/05ac69635d864d75006df0853eb7afd3\"},\"headline\":\"La ciencia del aprendizaje en la naturaleza: mejora tu atenci\u00f3n y rendimiento\",\"datePublished\":\"2025-10-31T14:55:44+00:00\",\"dateModified\":\"2025-10-31T14:55:45+00:00\",\"mainEntityOfPage\":{\"@id\":\"https:\/\/www.destrezasyvidaenelmedionatural.es\/index.php\/2025\/10\/31\/aprendizaje-naturaleza-atencion-supervivencia\/\"},\"wordCount\":1020,\"commentCount\":0,\"publisher\":{\"@id\":\"https:\/\/www.destrezasyvidaenelmedionatural.es\/#\/schema\/person\/05ac69635d864d75006df0853eb7afd3\"},\"articleSection\":[\"Blog\"],\"inLanguage\":\"es\",\"potentialAction\":[{\"@type\":\"CommentAction\",\"name\":\"Comment\",\"target\":[\"https:\/\/www.destrezasyvidaenelmedionatural.es\/index.php\/2025\/10\/31\/aprendizaje-naturaleza-atencion-supervivencia\/#respond\"]}]},{\"@type\":\"WebPage\",\"@id\":\"https:\/\/www.destrezasyvidaenelmedionatural.es\/index.php\/2025\/10\/31\/aprendizaje-naturaleza-atencion-supervivencia\/\",\"url\":\"https:\/\/www.destrezasyvidaenelmedionatural.es\/index.php\/2025\/10\/31\/aprendizaje-naturaleza-atencion-supervivencia\/\",\"name\":\"La ciencia del aprendizaje en la naturaleza: mejora tu atenci\u00f3n y rendimiento - Destrezas y Vida en el Medio Natural\",\"isPartOf\":{\"@id\":\"https:\/\/www.destrezasyvidaenelmedionatural.es\/#website\"},\"datePublished\":\"2025-10-31T14:55:44+00:00\",\"dateModified\":\"2025-10-31T14:55:45+00:00\",\"description\":\"Descubre c\u00f3mo la exposici\u00f3n a la naturaleza mejora atenci\u00f3n, memoria y aprendizaje. Evidencia cient\u00edfica aplicada a la formaci\u00f3n\",\"breadcrumb\":{\"@id\":\"https:\/\/www.destrezasyvidaenelmedionatural.es\/index.php\/2025\/10\/31\/aprendizaje-naturaleza-atencion-supervivencia\/#breadcrumb\"},\"inLanguage\":\"es\",\"potentialAction\":[{\"@type\":\"ReadAction\",\"target\":[\"https:\/\/www.destrezasyvidaenelmedionatural.es\/index.php\/2025\/10\/31\/aprendizaje-naturaleza-atencion-supervivencia\/\"]}]},{\"@type\":\"BreadcrumbList\",\"@id\":\"https:\/\/www.destrezasyvidaenelmedionatural.es\/index.php\/2025\/10\/31\/aprendizaje-naturaleza-atencion-supervivencia\/#breadcrumb\",\"itemListElement\":[{\"@type\":\"ListItem\",\"position\":1,\"name\":\"Portada\",\"item\":\"https:\/\/www.destrezasyvidaenelmedionatural.es\/\"},{\"@type\":\"ListItem\",\"position\":2,\"name\":\"La ciencia del aprendizaje en la naturaleza: mejora tu atenci\u00f3n y rendimiento\"}]},{\"@type\":\"WebSite\",\"@id\":\"https:\/\/www.destrezasyvidaenelmedionatural.es\/#website\",\"url\":\"https:\/\/www.destrezasyvidaenelmedionatural.es\/\",\"name\":\"Destrezas y Vida en el Medio Natural\",\"description\":\"El sitio web Destrezas y Vida en el Medio Natural es un recurso excelente para cualquiera que quiera aprender sobre la naturaleza y c\u00f3mo interactuar con ella de manera segura y respetuosa.\",\"publisher\":{\"@id\":\"https:\/\/www.destrezasyvidaenelmedionatural.es\/#\/schema\/person\/05ac69635d864d75006df0853eb7afd3\"},\"potentialAction\":[{\"@type\":\"SearchAction\",\"target\":{\"@type\":\"EntryPoint\",\"urlTemplate\":\"https:\/\/www.destrezasyvidaenelmedionatural.es\/?s={search_term_string}\"},\"query-input\":{\"@type\":\"PropertyValueSpecification\",\"valueRequired\":true,\"valueName\":\"search_term_string\"}}],\"inLanguage\":\"es\"},{\"@type\":[\"Person\",\"Organization\"],\"@id\":\"https:\/\/www.destrezasyvidaenelmedionatural.es\/#\/schema\/person\/05ac69635d864d75006df0853eb7afd3\",\"name\":\"admin\",\"image\":{\"@type\":\"ImageObject\",\"inLanguage\":\"es\",\"@id\":\"https:\/\/www.destrezasyvidaenelmedionatural.es\/#\/schema\/person\/image\/\",\"url\":\"https:\/\/www.destrezasyvidaenelmedionatural.es\/wp-content\/uploads\/2021\/08\/cropped-SIN-FONDO-PRUEBA1.png\",\"contentUrl\":\"https:\/\/www.destrezasyvidaenelmedionatural.es\/wp-content\/uploads\/2021\/08\/cropped-SIN-FONDO-PRUEBA1.png\",\"width\":351,\"height\":349,\"caption\":\"admin\"},\"logo\":{\"@id\":\"https:\/\/www.destrezasyvidaenelmedionatural.es\/#\/schema\/person\/image\/\"},\"sameAs\":[\"http:\/\/www.destrezasyvidaenelmedionatural.es\",\"https:\/\/www.facebook.com\/Destrezas.y.Vida.en.el.Medio.Natural\",\"https:\/\/www.instagram.com\/destrezasyvidamn\/\"],\"url\":\"https:\/\/www.destrezasyvidaenelmedionatural.es\/index.php\/author\/admin\/\"}]}<\/script>\n<!-- \/ Yoast SEO plugin. -->","yoast_head_json":{"title":"La ciencia del aprendizaje en la naturaleza: mejora tu atenci\u00f3n y rendimiento - Destrezas y Vida en el Medio Natural","description":"Descubre c\u00f3mo la exposici\u00f3n a la naturaleza mejora atenci\u00f3n, memoria y aprendizaje. Evidencia cient\u00edfica aplicada a la formaci\u00f3n","robots":{"index":"index","follow":"follow","max-snippet":"max-snippet:-1","max-image-preview":"max-image-preview:large","max-video-preview":"max-video-preview:-1"},"canonical":"https:\/\/www.destrezasyvidaenelmedionatural.es\/index.php\/2025\/10\/31\/aprendizaje-naturaleza-atencion-supervivencia\/","og_locale":"es_ES","og_type":"article","og_title":"La ciencia del aprendizaje en la naturaleza: mejora tu atenci\u00f3n y rendimiento - Destrezas y Vida en el Medio Natural","og_description":"Descubre c\u00f3mo la exposici\u00f3n a la naturaleza mejora atenci\u00f3n, memoria y aprendizaje. Evidencia cient\u00edfica aplicada a la formaci\u00f3n","og_url":"https:\/\/www.destrezasyvidaenelmedionatural.es\/index.php\/2025\/10\/31\/aprendizaje-naturaleza-atencion-supervivencia\/","og_site_name":"Destrezas y Vida en el Medio Natural","article_publisher":"https:\/\/www.facebook.com\/Destrezas.y.Vida.en.el.Medio.Natural","article_author":"https:\/\/www.facebook.com\/Destrezas.y.Vida.en.el.Medio.Natural","article_published_time":"2025-10-31T14:55:44+00:00","article_modified_time":"2025-10-31T14:55:45+00:00","og_image":[{"width":351,"height":349,"url":"https:\/\/www.destrezasyvidaenelmedionatural.es\/wp-content\/uploads\/2021\/08\/cropped-SIN-FONDO-PRUEBA1.png","type":"image\/png"}],"author":"admin","twitter_card":"summary_large_image","twitter_creator":"@DestrezasyVida","twitter_site":"@DestrezasyVida","twitter_misc":{"Escrito por":"admin","Tiempo de lectura":"5 minutos"},"schema":{"@context":"https:\/\/schema.org","@graph":[{"@type":"Article","@id":"https:\/\/www.destrezasyvidaenelmedionatural.es\/index.php\/2025\/10\/31\/aprendizaje-naturaleza-atencion-supervivencia\/#article","isPartOf":{"@id":"https:\/\/www.destrezasyvidaenelmedionatural.es\/index.php\/2025\/10\/31\/aprendizaje-naturaleza-atencion-supervivencia\/"},"author":{"name":"admin","@id":"https:\/\/www.destrezasyvidaenelmedionatural.es\/#\/schema\/person\/05ac69635d864d75006df0853eb7afd3"},"headline":"La ciencia del aprendizaje en la naturaleza: mejora tu atenci\u00f3n y rendimiento","datePublished":"2025-10-31T14:55:44+00:00","dateModified":"2025-10-31T14:55:45+00:00","mainEntityOfPage":{"@id":"https:\/\/www.destrezasyvidaenelmedionatural.es\/index.php\/2025\/10\/31\/aprendizaje-naturaleza-atencion-supervivencia\/"},"wordCount":1020,"commentCount":0,"publisher":{"@id":"https:\/\/www.destrezasyvidaenelmedionatural.es\/#\/schema\/person\/05ac69635d864d75006df0853eb7afd3"},"articleSection":["Blog"],"inLanguage":"es","potentialAction":[{"@type":"CommentAction","name":"Comment","target":["https:\/\/www.destrezasyvidaenelmedionatural.es\/index.php\/2025\/10\/31\/aprendizaje-naturaleza-atencion-supervivencia\/#respond"]}]},{"@type":"WebPage","@id":"https:\/\/www.destrezasyvidaenelmedionatural.es\/index.php\/2025\/10\/31\/aprendizaje-naturaleza-atencion-supervivencia\/","url":"https:\/\/www.destrezasyvidaenelmedionatural.es\/index.php\/2025\/10\/31\/aprendizaje-naturaleza-atencion-supervivencia\/","name":"La ciencia del aprendizaje en la naturaleza: mejora tu atenci\u00f3n y rendimiento - Destrezas y Vida en el Medio Natural","isPartOf":{"@id":"https:\/\/www.destrezasyvidaenelmedionatural.es\/#website"},"datePublished":"2025-10-31T14:55:44+00:00","dateModified":"2025-10-31T14:55:45+00:00","description":"Descubre c\u00f3mo la exposici\u00f3n a la naturaleza mejora atenci\u00f3n, memoria y aprendizaje. Evidencia cient\u00edfica aplicada a la formaci\u00f3n","breadcrumb":{"@id":"https:\/\/www.destrezasyvidaenelmedionatural.es\/index.php\/2025\/10\/31\/aprendizaje-naturaleza-atencion-supervivencia\/#breadcrumb"},"inLanguage":"es","potentialAction":[{"@type":"ReadAction","target":["https:\/\/www.destrezasyvidaenelmedionatural.es\/index.php\/2025\/10\/31\/aprendizaje-naturaleza-atencion-supervivencia\/"]}]},{"@type":"BreadcrumbList","@id":"https:\/\/www.destrezasyvidaenelmedionatural.es\/index.php\/2025\/10\/31\/aprendizaje-naturaleza-atencion-supervivencia\/#breadcrumb","itemListElement":[{"@type":"ListItem","position":1,"name":"Portada","item":"https:\/\/www.destrezasyvidaenelmedionatural.es\/"},{"@type":"ListItem","position":2,"name":"La ciencia del aprendizaje en la naturaleza: mejora tu atenci\u00f3n y rendimiento"}]},{"@type":"WebSite","@id":"https:\/\/www.destrezasyvidaenelmedionatural.es\/#website","url":"https:\/\/www.destrezasyvidaenelmedionatural.es\/","name":"Destrezas y Vida en el Medio Natural","description":"El sitio web Destrezas y Vida en el Medio Natural es un recurso excelente para cualquiera que quiera aprender sobre la naturaleza y c\u00f3mo interactuar con ella de manera segura y respetuosa.","publisher":{"@id":"https:\/\/www.destrezasyvidaenelmedionatural.es\/#\/schema\/person\/05ac69635d864d75006df0853eb7afd3"},"potentialAction":[{"@type":"SearchAction","target":{"@type":"EntryPoint","urlTemplate":"https:\/\/www.destrezasyvidaenelmedionatural.es\/?s={search_term_string}"},"query-input":{"@type":"PropertyValueSpecification","valueRequired":true,"valueName":"search_term_string"}}],"inLanguage":"es"},{"@type":["Person","Organization"],"@id":"https:\/\/www.destrezasyvidaenelmedionatural.es\/#\/schema\/person\/05ac69635d864d75006df0853eb7afd3","name":"admin","image":{"@type":"ImageObject","inLanguage":"es","@id":"https:\/\/www.destrezasyvidaenelmedionatural.es\/#\/schema\/person\/image\/","url":"https:\/\/www.destrezasyvidaenelmedionatural.es\/wp-content\/uploads\/2021\/08\/cropped-SIN-FONDO-PRUEBA1.png","contentUrl":"https:\/\/www.destrezasyvidaenelmedionatural.es\/wp-content\/uploads\/2021\/08\/cropped-SIN-FONDO-PRUEBA1.png","width":351,"height":349,"caption":"admin"},"logo":{"@id":"https:\/\/www.destrezasyvidaenelmedionatural.es\/#\/schema\/person\/image\/"},"sameAs":["http:\/\/www.destrezasyvidaenelmedionatural.es","https:\/\/www.facebook.com\/Destrezas.y.Vida.en.el.Medio.Natural","https:\/\/www.instagram.com\/destrezasyvidamn\/"],"url":"https:\/\/www.destrezasyvidaenelmedionatural.es\/index.php\/author\/admin\/"}]}},"_links":{"self":[{"href":"https:\/\/www.destrezasyvidaenelmedionatural.es\/index.php\/wp-json\/wp\/v2\/posts\/4069","targetHints":{"allow":["GET"]}}],"collection":[{"href":"https:\/\/www.destrezasyvidaenelmedionatural.es\/index.php\/wp-json\/wp\/v2\/posts"}],"about":[{"href":"https:\/\/www.destrezasyvidaenelmedionatural.es\/index.php\/wp-json\/wp\/v2\/types\/post"}],"author":[{"embeddable":true,"href":"https:\/\/www.destrezasyvidaenelmedionatural.es\/index.php\/wp-json\/wp\/v2\/users\/1"}],"replies":[{"embeddable":true,"href":"https:\/\/www.destrezasyvidaenelmedionatural.es\/index.php\/wp-json\/wp\/v2\/comments?post=4069"}],"version-history":[{"count":1,"href":"https:\/\/www.destrezasyvidaenelmedionatural.es\/index.php\/wp-json\/wp\/v2\/posts\/4069\/revisions"}],"predecessor-version":[{"id":4070,"href":"https:\/\/www.destrezasyvidaenelmedionatural.es\/index.php\/wp-json\/wp\/v2\/posts\/4069\/revisions\/4070"}],"wp:attachment":[{"href":"https:\/\/www.destrezasyvidaenelmedionatural.es\/index.php\/wp-json\/wp\/v2\/media?parent=4069"}],"wp:term":[{"taxonomy":"category","embeddable":true,"href":"https:\/\/www.destrezasyvidaenelmedionatural.es\/index.php\/wp-json\/wp\/v2\/categories?post=4069"},{"taxonomy":"post_tag","embeddable":true,"href":"https:\/\/www.destrezasyvidaenelmedionatural.es\/index.php\/wp-json\/wp\/v2\/tags?post=4069"}],"curies":[{"name":"wp","href":"https:\/\/api.w.org\/{rel}","templated":true}]}}