{"id":4610,"date":"2025-12-30T12:23:32","date_gmt":"2025-12-30T12:23:32","guid":{"rendered":"https:\/\/www.destrezasyvidaenelmedionatural.es\/?p=4610"},"modified":"2025-12-30T12:24:15","modified_gmt":"2025-12-30T12:24:15","slug":"lo-que-debes-saber-antes-de-llevar-una-navaja-en-espana","status":"publish","type":"post","link":"https:\/\/www.destrezasyvidaenelmedionatural.es\/index.php\/2025\/12\/30\/lo-que-debes-saber-antes-de-llevar-una-navaja-en-espana\/","title":{"rendered":"\u00a1MULTAS de 30.000\u20ac! Lo que DEBES saber antes de llevar una navaja en Espa\u00f1a"},"content":{"rendered":"\n<figure class=\"wp-block-image size-large\"><img fetchpriority=\"high\" decoding=\"async\" width=\"1024\" height=\"1024\" src=\"http:\/\/www.destrezasyvidaenelmedionatural.es\/wp-content\/uploads\/2025\/12\/unnamed-7-1024x1024.png\" alt=\"Una navaja se considera arma prohibida en Espa\u00f1a seg\u00fan el Reglamento de Armas (RD 137\/1993) y la Instrucci\u00f3n 9\/2025 bajo los siguientes supuestos:\n\nMecanismo: Navajas autom\u00e1ticas, de apertura asistida, de inercia\/gravedad, de mariposa (balisong) y sistemas de enganche r\u00e1pido (tipo Emerson Wave).\n\nDimensiones: Hojas que excedan los 11 cent\u00edmetros (medidos desde el mango).\n\nDise\u00f1o: Armas de doble filo y puntiagudas, pu\u00f1ales (hoja <11 cm con doble filo) y armas camufladas (ocultas en bol\u00edgrafos, bastones, etc.).\" class=\"wp-image-4607\" srcset=\"https:\/\/www.destrezasyvidaenelmedionatural.es\/wp-content\/uploads\/2025\/12\/unnamed-7-1024x1024.png 1024w, https:\/\/www.destrezasyvidaenelmedionatural.es\/wp-content\/uploads\/2025\/12\/unnamed-7-300x300.png 300w, https:\/\/www.destrezasyvidaenelmedionatural.es\/wp-content\/uploads\/2025\/12\/unnamed-7-150x150.png 150w, https:\/\/www.destrezasyvidaenelmedionatural.es\/wp-content\/uploads\/2025\/12\/unnamed-7-768x768.png 768w, https:\/\/www.destrezasyvidaenelmedionatural.es\/wp-content\/uploads\/2025\/12\/unnamed-7-100x100.png 100w, https:\/\/www.destrezasyvidaenelmedionatural.es\/wp-content\/uploads\/2025\/12\/unnamed-7-1536x1536.png 1536w, https:\/\/www.destrezasyvidaenelmedionatural.es\/wp-content\/uploads\/2025\/12\/unnamed-7.png 2048w\" sizes=\"(max-width: 1024px) 100vw, 1024px\" \/><figcaption class=\"wp-element-caption\">Una navaja se considera arma prohibida en Espa\u00f1a seg\u00fan el Reglamento de Armas (RD 137\/1993) y la Instrucci\u00f3n 9\/2025 <\/figcaption><\/figure>\n\n\n\n<h2 class=\"wp-block-heading\"><strong>\u00bfQu\u00e9 criterios legales determinan si una navaja es considerada un arma prohibida?<\/strong><\/h2>\n\n\n\n<p>La determinaci\u00f3n de si una navaja es considerada un <strong>arma prohibida<\/strong> en Espa\u00f1a se basa principalmente en criterios t\u00e9cnicos (mecanismo y dimensiones) y criterios de dise\u00f1o, bajo el marco del <strong>Art\u00edculo 4 del Reglamento de Armas (RD 137\/1993)<\/strong> y la reciente <strong>Instrucci\u00f3n 9\/2025<\/strong> de la Secretar\u00eda de Estado de Seguridad.<\/p>\n\n\n\n<p>Los criterios legales fundamentales son los siguientes:<\/p>\n\n\n\n<p><strong>1. Mecanismo de apertura (Navajas Autom\u00e1ticas y Asimiladas)<\/strong><\/p>\n\n\n\n<p>La <strong>Instrucci\u00f3n 9\/2025<\/strong> ha ampliado y concretado qu\u00e9 dispositivos mec\u00e1nicos convierten a una navaja en prohibida, eliminando lagunas jur\u00eddicas previas. Se consideran armas prohibidas:<\/p>\n\n\n\n<ul class=\"wp-block-list\">\n<li><strong>Navajas autom\u00e1ticas cl\u00e1sicas:<\/strong> Aquellas cuya hoja se extrae o despliega mediante un muelle o resorte al accionar un <strong>bot\u00f3n, palanca o interruptor<\/strong>.<\/li>\n\n\n\n<li><strong>Navajas de apertura asistida:<\/strong> Modelos que incorporan muelles o flejes que terminan de abrir la hoja autom\u00e1ticamente una vez que el usuario inicia el movimiento manual.<\/li>\n\n\n\n<li><strong>Navajas de inercia o gravedad:<\/strong> Aquellas que permiten el despliegue de la hoja mediante un <strong>gesto r\u00e1pido de la mano o mu\u00f1eca<\/strong>, o por el propio peso de la hoja al liberar un seguro.<\/li>\n\n\n\n<li><strong>Navajas de mariposa (Balisong):<\/strong> Prohibidas expresamente en la actualizaci\u00f3n de 2025, independientemente de la longitud de su hoja o n\u00famero de filos.<\/li>\n\n\n\n<li><strong>Sistemas de enganche r\u00e1pido:<\/strong> Se incluyen mecanismos (como el <em>Emerson Wave<\/em>) dise\u00f1ados para que la hoja se abra sola al extraer la navaja del bolsillo.<\/li>\n<\/ul>\n\n\n\n<p><strong>2. Longitud de la hoja<\/strong><\/p>\n\n\n\n<p>Independientemente de su mecanismo, las dimensiones son un factor determinante:<\/p>\n\n\n\n<ul class=\"wp-block-list\">\n<li><strong>Navajas de m\u00e1s de 11 cent\u00edmetros:<\/strong> Est\u00e1 prohibida la comercializaci\u00f3n, publicidad, compraventa, tenencia y uso de navajas no autom\u00e1ticas cuya hoja exceda los <strong>11 cm<\/strong> (medidos desde el reborde del mango hasta el extremo).<\/li>\n\n\n\n<li><strong>Excepci\u00f3n domiciliaria:<\/strong> Estas navajas solo se permiten exclusivamente en el propio <strong>domicilio<\/strong> con fines de ornato o coleccionismo.<\/li>\n<\/ul>\n\n\n\n<p><strong>3. Caracter\u00edsticas de dise\u00f1o y filos<\/strong><\/p>\n\n\n\n<ul class=\"wp-block-list\">\n<li><strong>Navajas de doble filo:<\/strong> Son consideradas armas prohibidas aquellas que tengan <strong>dos filos<\/strong> y sean puntiagudas.<\/li>\n\n\n\n<li><strong>Pu\u00f1ales:<\/strong> Se proh\u00edben los pu\u00f1ales de cualquier clase, definidos como armas blancas de hoja menor de 11 cm, de dos filos y puntiagudas.<\/li>\n\n\n\n<li><strong>Armas camufladas:<\/strong> Navajas ocultas en el interior de otros objetos que no aparenten ser armas, como <strong>bastones-estoque<\/strong>, bol\u00edgrafos o imitaciones que induzcan a confusi\u00f3n (por ejemplo, un peine con forma de navaja autom\u00e1tica).<\/li>\n<\/ul>\n\n\n\n<p><strong>4. Criterio de \u00abPorte\u00bb y Justificaci\u00f3n (Uso Contextual)<\/strong><\/p>\n\n\n\n<p>Incluso si una navaja no es \u00abprohibida\u00bb por sus caracter\u00edsticas (por ser manual, de un solo filo y medir menos de 11 cm), su legalidad depende del <strong>contexto y la justificaci\u00f3n<\/strong>:<\/p>\n\n\n\n<ul class=\"wp-block-list\">\n<li><strong>Prohibici\u00f3n de porte p\u00fablico:<\/strong> El art\u00edculo 146 del Reglamento de Armas proh\u00edbe portar cualquier clase de arma blanca fuera del domicilio, especialmente en lugares de reuni\u00f3n, ocio, establecimientos p\u00fablicos o transporte colectivo.<\/li>\n\n\n\n<li><strong>Discrecionalidad policial:<\/strong> Los agentes de la autoridad tienen la facultad de intervenir e incautar cualquier navaja si consideran que existe un riesgo para la seguridad ciudadana o si el portador no tiene una <strong>causa leg\u00edtima o necesidad funcional<\/strong> (como el trabajo o actividades deportivas de monta\u00f1a) para llevarla en ese momento.<\/li>\n\n\n\n<li><strong>Prohibici\u00f3n absoluta por antecedentes:<\/strong> No pueden portar armas de ninguna clase quienes tengan antecedentes penales por delitos contra las personas o la propiedad, o hayan sido sancionados previamente por infracciones al Reglamento de Armas.<\/li>\n<\/ul>\n\n\n\n<p>Una navaja es legal para su tenencia y comercio si es manual, de un solo filo y mide menos de 11 cm; sin embargo, cualquier sistema mec\u00e1nico que acelere su apertura de forma aut\u00f3noma (muelles, inercia) o superar dicha medida la convierte legalmente en un <strong>arma prohibida<\/strong>.<\/p>\n\n\n\n<h2 class=\"wp-block-heading\"><strong>\u00bfQu\u00e9 excepciones existen para poseer navajas de m\u00e1s de 11cm?<\/strong><\/h2>\n\n\n\n<p>De acuerdo con las fuentes, las navajas cuya hoja exceda los <strong>11 cent\u00edmetros<\/strong> (medidos desde el reborde o tope del mango hasta el extremo) est\u00e1n, por regla general, prohibidas para su comercializaci\u00f3n, publicidad, compraventa, tenencia y uso. Sin embargo, la legislaci\u00f3n espa\u00f1ola establece las siguientes excepciones espec\u00edficas para su posesi\u00f3n:<\/p>\n\n\n\n<p><strong>1. Tenencia en el domicilio (Ornato y Coleccionismo)<\/strong><\/p>\n\n\n\n<p>La excepci\u00f3n m\u00e1s relevante permite la <strong>compraventa y tenencia exclusivamente en el propio domicilio<\/strong> de navajas no autom\u00e1ticas que superen los 11 cm, siempre que su finalidad sea de <strong>ornato o coleccionismo<\/strong>.<\/p>\n\n\n\n<ul class=\"wp-block-list\">\n<li>Para que esta tenencia sea legal, las piezas deben estar inscritas en un <strong>Libro-Registro<\/strong> diligenciado por la Intervenci\u00f3n de Armas de la Guardia Civil o ser modelos aprobados previamente por dicha autoridad.<\/li>\n\n\n\n<li>El uso de estas piezas fuera del \u00e1mbito dom\u00e9stico est\u00e1 estrictamente prohibido y se considera una infracci\u00f3n grave.<\/li>\n<\/ul>\n\n\n\n<p><strong>2. La regla de transporte de las 72 horas<\/strong><\/p>\n\n\n\n<p>Para facilitar el traslado legal desde el punto de venta hasta el lugar de almacenamiento, existe una ventana temporal permitida:<\/p>\n\n\n\n<ul class=\"wp-block-list\">\n<li>Se permite el transporte de estas navajas durante las <strong>72 horas posteriores a su compra<\/strong>.<\/li>\n\n\n\n<li><strong>Condiciones obligatorias:<\/strong> El objeto debe ir <strong>debidamente embalado<\/strong> (preferiblemente en su caja original o precintado por el comercio) y el portador debe llevar consigo el <strong>ticket de compra<\/strong> que acredite el origen, el destino y el momento de la adquisici\u00f3n.<\/li>\n<\/ul>\n\n\n\n<p><strong>3. Entidades y organismos autorizados<\/strong><\/p>\n\n\n\n<p>La prohibici\u00f3n de tenencia no se aplica a determinados sujetos colectivos u oficiales:<\/p>\n\n\n\n<ul class=\"wp-block-list\">\n<li><strong>Museos y coleccionistas:<\/strong> Las personas u organismos que ostenten la condici\u00f3n de coleccionistas autorizados conforme al <strong>Art\u00edculo 107 del Reglamento de Armas<\/strong> pueden poseer estas piezas.<\/li>\n\n\n\n<li><strong>Organismos autorizados:<\/strong> Entidades con finalidades culturales, hist\u00f3ricas o art\u00edsticas en materia de armas.<\/li>\n<\/ul>\n\n\n\n<p><strong>4. Autorizaciones Especiales y Coleccionismo Hist\u00f3rico<\/strong><\/p>\n\n\n\n<p>Existen figuras legales para la posesi\u00f3n de armas de valor hist\u00f3rico o art\u00edstico que podr\u00edan incluir navajas de grandes dimensiones:<\/p>\n\n\n\n<ul class=\"wp-block-list\">\n<li><strong>Libro de Coleccionista:<\/strong> Esta autorizaci\u00f3n permite poseer armas antiguas, hist\u00f3ricas o sus reproducciones (categor\u00eda 6.\u00aa y 7.\u00aa) \u00fanicamente para su conservaci\u00f3n, sin derecho a uso.<\/li>\n\n\n\n<li><strong>Autorizaci\u00f3n Especial de Armas (AE):<\/strong> Destinada a coleccionistas para la tenencia y conservaci\u00f3n de armas hist\u00f3ricas.<\/li>\n<\/ul>\n\n\n\n<p><strong>5. Excepci\u00f3n para profesionales y artesanos (Transporte en Tren)<\/strong><\/p>\n\n\n\n<p>En infraestructuras espec\u00edficas como la red ferroviaria (Adif), aunque se proh\u00edben hojas de m\u00e1s de 6 cm en zonas de embarque, se permite el transporte a <strong>profesionales<\/strong> (como cocineros o artesanos) que acrediten documentalmente su oficio y la necesidad del transporte, siempre que las herramientas vayan <strong>debidamente embaladas<\/strong>.<\/p>\n\n\n\n<hr class=\"wp-block-separator has-alpha-channel-opacity\"\/>\n\n\n\n<p><strong>Met\u00e1fora para entender la situaci\u00f3n legal:<\/strong> Poseer una navaja de m\u00e1s de 11 cm en Espa\u00f1a es como tener una <strong>pieza de museo privada<\/strong>: la ley te permite admirarla y conservarla en el \u00abmuseo\u00bb de tu casa, pero el momento en que cruzas la puerta hacia la calle con ella, deja de ser una pieza de arte para convertirse legalmente en un objeto prohibido.<\/p>\n\n\n\n<h2 class=\"wp-block-heading\"><strong>\u00bfEn qu\u00e9 casos es legal transportar armas blancas en tren?<\/strong><\/h2>\n\n\n\n<p>El transporte de armas blancas en la red ferroviaria espa\u00f1ola (Adif\/Renfe) est\u00e1 estrictamente regulado por motivos de seguridad p\u00fablica, existiendo una prohibici\u00f3n general de acceder a las zonas de embarque con cualquier objeto punzante o cortante cuya hoja supere los <strong>6 cent\u00edmetros<\/strong> de longitud.<\/p>\n\n\n\n<p>Sin embargo, existen excepciones legales y protocolos espec\u00edficos que permiten su transporte en los siguientes casos:<\/p>\n\n\n\n<p><strong>1. Profesionales con instrumentos de trabajo<\/strong><\/p>\n\n\n\n<p>Las personas que necesiten herramientas cortantes para el ejercicio de su profesi\u00f3n (como <strong>cocineros, carniceros o artesanos<\/strong>) pueden transportarlas bajo condiciones estrictas:<\/p>\n\n\n\n<ul class=\"wp-block-list\">\n<li>Deben estar <strong>debidamente embaladas<\/strong> y protegidas.<\/li>\n\n\n\n<li>El portador debe acreditar documentalmente su <strong>profesi\u00f3n<\/strong> y la <strong>necesidad del transporte<\/strong> para ese uso espec\u00edfico.<\/li>\n\n\n\n<li>Es obligatoria la identificaci\u00f3n de la persona ante el personal de seguridad.<\/li>\n<\/ul>\n\n\n\n<p><strong>2. La regla de las 72 horas (Compras recientes)<\/strong><\/p>\n\n\n\n<p>Se permite el transporte de art\u00edculos de artesan\u00eda o cuchiller\u00eda que se consideren armas blancas si han sido adquiridos recientemente:<\/p>\n\n\n\n<ul class=\"wp-block-list\">\n<li>El transporte debe realizarse dentro de las <strong>72 horas posteriores a su compra<\/strong>.<\/li>\n\n\n\n<li>Es imprescindible presentar la <strong>factura o ticket de compra<\/strong> para justificar el plazo.<\/li>\n\n\n\n<li>El objeto debe ir en su <strong>embalaje original<\/strong> o estar debidamente precintado por el comercio.<\/li>\n<\/ul>\n\n\n\n<p><strong>3. Deportistas federados<\/strong><\/p>\n\n\n\n<p>Las personas que practican deportes que requieren el uso de armas (como esgrima o tiro con arco) pueden transportarlas si cumplen lo siguiente:<\/p>\n\n\n\n<ul class=\"wp-block-list\">\n<li>Las armas deben estar <strong>embaladas en un estuche<\/strong>.<\/li>\n\n\n\n<li>Se debe presentar la <strong>licencia de armas<\/strong> (si aplica), la gu\u00eda de pertenencia y el documento que acredite estar <strong>federado<\/strong> en dicho deporte.<\/li>\n<\/ul>\n\n\n\n<p><strong>4. Fuerzas y Cuerpos de Seguridad<\/strong><\/p>\n\n\n\n<p>Est\u00e1n exentos de las restricciones los sables, machetes o armas hist\u00f3ricas que formen parte del <strong>equipo reglamentario<\/strong> del personal de las Fuerzas Armadas o de las Fuerzas y Cuerpos de Seguridad, siempre que est\u00e9n debidamente acreditados.<\/p>\n\n\n\n<p><strong>5. Criterios de embalaje y transporte general<\/strong><\/p>\n\n\n\n<p>Incluso si la navaja es legal (menos de 6 cm), el transporte debe ser razonable:<\/p>\n\n\n\n<ul class=\"wp-block-list\">\n<li><strong>Embalaje:<\/strong> Se recomienda que los objetos se transporten cerrados, en fundas o dentro de maletas\/mochilas para no ser considerados una amenaza inmediata.<\/li>\n\n\n\n<li><strong>Justificaci\u00f3n:<\/strong> El transporte en tren se considera generalmente \u00abinjustificado\u00bb a menos que se demuestre una causa leg\u00edtima (como un traslado de domicilio o las excepciones profesionales mencionadas).<\/li>\n\n\n\n<li><strong>Objetos prohibidos:<\/strong> En ning\u00fan caso se permitir\u00e1 el acceso con <strong>bastones-estoque, pu\u00f1ales o navajas autom\u00e1ticas<\/strong>, independientemente de su medida.<\/li>\n<\/ul>\n\n\n\n<hr class=\"wp-block-separator has-alpha-channel-opacity\"\/>\n\n\n\n<p><strong>Met\u00e1fora para entender el transporte en tren:<\/strong> Llevar una navaja en el tren es como intentar entrar con un l\u00edquido en un avi\u00f3n: la norma general dice que \u00abno\u00bb por seguridad, pero si llevas la receta m\u00e9dica (justificaci\u00f3n profesional o deportiva) o el envase sellado de la tienda del aeropuerto (regla de las 72 horas), la autoridad te permite el paso bajo condiciones de control muy espec\u00edficas.<\/p>\n\n\n\n<h2 class=\"wp-block-heading\"><strong>\u00bfQu\u00e9 documentos debe presentar un profesional para transportar cuchillos en tren?<\/strong><\/h2>\n\n\n\n<p>Para que un profesional, como un cocinero o un artesano, pueda transportar legalmente cuchillos o herramientas de corte en la red ferroviaria (Adif\/Renfe), debe cumplir con requisitos documentales y de seguridad espec\u00edficos, ya que existe una prohibici\u00f3n general de acceder a las zonas de embarque con objetos punzantes cuya hoja supere los <strong>6 cent\u00edmetros<\/strong>.<\/p>\n\n\n\n<p>Seg\u00fan las fuentes, los documentos y requisitos necesarios son los siguientes:<\/p>\n\n\n\n<ul class=\"wp-block-list\">\n<li><strong>Acreditaci\u00f3n documental de la profesi\u00f3n:<\/strong> El viajero debe presentar documentos que certifiquen su oficio (por ejemplo, carn\u00e9s profesionales, contratos o certificaciones laborales).<\/li>\n\n\n\n<li><strong>Justificaci\u00f3n de la necesidad del transporte:<\/strong> Adem\u00e1s de probar su profesi\u00f3n, el personal debe acreditar documentalmente que el transporte de dichas herramientas es <strong>necesario para el uso profesional<\/strong> que desempe\u00f1a en su destino.<\/li>\n\n\n\n<li><strong>Identificaci\u00f3n personal:<\/strong> El personal de seguridad proceder\u00e1 obligatoriamente a la <strong>identificaci\u00f3n de la persona<\/strong> que transporta los instrumentos.<\/li>\n\n\n\n<li><strong>Factura o ticket de compra (si aplica):<\/strong> En el caso de que el transporte se deba a una adquisici\u00f3n reciente, se permite el paso de art\u00edculos de cuchiller\u00eda si se presenta la factura de compra que demuestre que no han pasado m\u00e1s de <strong>72 horas<\/strong> desde su adquisici\u00f3n.<\/li>\n<\/ul>\n\n\n\n<p>Adem\u00e1s de la documentaci\u00f3n, las fuentes subrayan que es condici\u00f3n indispensable que las herramientas vayan <strong>debidamente embaladas<\/strong> y protegidas para evitar riesgos. En caso de tratarse de armas para actividades deportivas (como el tiro con arco o esgrima), el profesional o deportista tambi\u00e9n debe presentar la <strong>licencia de armas<\/strong>, la <strong>gu\u00eda de pertenencia<\/strong> y el documento que acredite estar <strong>federado<\/strong>.<\/p>\n\n\n\n<hr class=\"wp-block-separator has-alpha-channel-opacity\"\/>\n\n\n\n<p><strong>Met\u00e1fora para solidificar el concepto:<\/strong> Transportar cuchillos profesionales en un tren es como cruzar una frontera con productos restringidos: la norma general es el \u00abno\u00bb, pero tu <strong>documentaci\u00f3n profesional act\u00faa como un \u00abpasaporte especial\u00bb<\/strong> que, junto con el embalaje adecuado, demuestra que el objeto no es una amenaza, sino una herramienta esencial de tu equipo de trabajo..<\/p>\n\n\n\n<p>\u00bfQu\u00e9 caracter\u00edsticas t\u00e9cnicas definen legalmente a un pu\u00f1al?<\/p>\n\n\n\n<p>Seg\u00fan los fuentes proporcionadas, un <strong>pu\u00f1al<\/strong> se define legalmente en Espa\u00f1a (bajo el Reglamento de Armas, RD 137\/1993) por la concurrencia estricta de tres caracter\u00edsticas t\u00e9cnicas:<\/p>\n\n\n\n<ol start=\"1\" class=\"wp-block-list\">\n<li><strong>Longitud de la hoja:<\/strong> Debe ser <strong>menor de 11 cent\u00edmetros<\/strong>.<\/li>\n\n\n\n<li><strong>Filos:<\/strong> Debe tener <strong>dos filos<\/strong> (doble filo).<\/li>\n\n\n\n<li><strong>Forma:<\/strong> Debe ser <strong>puntiaguda<\/strong> o punzante.<\/li>\n<\/ol>\n\n\n\n<p><strong>Implicaciones legales de estas caracter\u00edsticas<\/strong><\/p>\n\n\n\n<p>La combinaci\u00f3n de estos tres factores determina que el objeto sea clasificado autom\u00e1ticamente como un <strong>arma prohibida<\/strong> bajo el Art\u00edculo 4 del Reglamento de Armas. Las fuentes ofrecen detalles adicionales sobre por qu\u00e9 estas caracter\u00edsticas son cr\u00edticas:<\/p>\n\n\n\n<ul class=\"wp-block-list\">\n<li><strong>Dise\u00f1o ofensivo:<\/strong> A diferencia de un cuchillo convencional de un solo filo, el pu\u00f1al se considera ilegal <em>per se<\/em> debido a su dise\u00f1o optimizado exclusivamente para la <strong>estocada penetrante<\/strong>. Por ejemplo, mientras que un cuchillo de un solo filo de 15 cm puede ser legal para tener en casa, un pu\u00f1al de apenas 5 cm es totalmente ilegal debido a su doble filo y punta.<\/li>\n\n\n\n<li><strong>Prohibici\u00f3n absoluta:<\/strong> Est\u00e1 prohibida la fabricaci\u00f3n, importaci\u00f3n, circulaci\u00f3n, publicidad, compraventa, tenencia y uso de pu\u00f1ales de cualquier clase para particulares. Solo museos, coleccionistas u organismos autorizados pueden poseerlos bajo condiciones espec\u00edficas.<\/li>\n\n\n\n<li><strong>Riesgo de sanci\u00f3n:<\/strong> Portar, exhibir o usar un pu\u00f1al constituye una <strong>infracci\u00f3n grave<\/strong> seg\u00fan la Ley Org\u00e1nica 4\/2015, con multas que pueden oscilar entre los 601 y los 30.000 euros. Dependiendo de las circunstancias y de su \u00abtenencia din\u00e1mica\u00bb, tambi\u00e9n puede ser considerado un <strong>delito de tenencia de armas prohibidas<\/strong> seg\u00fan el art\u00edculo 563 del C\u00f3digo Penal.<\/li>\n<\/ul>\n\n\n\n<hr class=\"wp-block-separator has-alpha-channel-opacity\"\/>\n\n\n\n<p><strong>Met\u00e1fora para solidificar la comprensi\u00f3n:<\/strong> Legalmente, el pu\u00f1al es como un <strong>mensaje que solo tiene un prop\u00f3sito<\/strong>: mientras que un cuchillo de un solo filo es como un libro que puede usarse para aprender o como peso (cortar o trabajar), el dise\u00f1o del pu\u00f1al (peque\u00f1o, doble filo y punta) es como una nota que solo contiene una amenaza; la ley proh\u00edbe el objeto porque su propia estructura t\u00e9cnica revela que no fue hecho para otra cosa que no sea la agresi\u00f3n sorpresiva.<\/p>\n\n\n\n<h2 class=\"wp-block-heading\"><strong>\u00bfQu\u00e9 tipos de navajas incluy\u00f3 la Instrucci\u00f3n 9\/2025 como prohibidas?<\/strong><\/h2>\n\n\n\n<p>La <strong>Instrucci\u00f3n 9\/2025<\/strong> de la Secretar\u00eda de Estado de Seguridad, que entr\u00f3 en vigor el 27 de junio de 2025, redefini\u00f3 y ampli\u00f3 el concepto de \u00abnavaja autom\u00e1tica\u00bb para eliminar lagunas jur\u00eddicas aprovechadas por modelos comerciales de apertura casi instant\u00e1nea. Bajo esta normativa, se consideran <strong>armas prohibidas<\/strong> (seg\u00fan el art\u00edculo 4 del Reglamento de Armas) los siguientes tipos de navajas:<\/p>\n\n\n\n<ul class=\"wp-block-list\">\n<li><strong>Navajas autom\u00e1ticas cl\u00e1sicas:<\/strong> Aquellas cuyo mecanismo de despliegue de la hoja se activa exclusivamente mediante un <strong>bot\u00f3n, palanca o interruptor<\/strong>.<\/li>\n\n\n\n<li><strong>Navajas de apertura asistida:<\/strong> Se incluyen espec\u00edficamente modelos que incorporan <strong>muelles, flejes o resortes<\/strong> que terminan de abrir la hoja de forma aut\u00f3noma una vez que el usuario inicia el movimiento manual (como los sistemas tipo <em>SpeedSafe<\/em>).<\/li>\n\n\n\n<li><strong>Navajas de inercia o gravedad:<\/strong> Aquellas que permiten el despliegue de la hoja mediante un <strong>gesto r\u00e1pido de la mu\u00f1eca<\/strong> o por el propio peso de la hoja al liberar un seguro.<\/li>\n\n\n\n<li><strong>Navajas de mariposa (Balisong):<\/strong> Con la nueva instrucci\u00f3n, quedan prohibidas de forma expl\u00edcita, <strong>independientemente de la longitud de su hoja o del n\u00famero de filos<\/strong> que posean.<\/li>\n\n\n\n<li><strong>Sistemas de enganche r\u00e1pido:<\/strong> Se incluyen mecanismos de apertura inmediata, como el sistema <em>Emerson Wave<\/em>, dise\u00f1ados con salientes en el lomo de la hoja para que esta <strong>se abra autom\u00e1ticamente al ser extra\u00edda del bolsillo<\/strong>.<\/li>\n\n\n\n<li><strong>Imitaciones camufladas:<\/strong> Tambi\u00e9n se proh\u00edben objetos que no aparentan ser armas pero que imitan el aspecto y mecanismo de una navaja autom\u00e1tica, como por ejemplo un <strong>peine con forma de navaja<\/strong>.<\/li>\n<\/ul>\n\n\n\n<h3 class=\"wp-block-heading\">El criterio de la \u00abAutonom\u00eda\u00bb<\/h3>\n\n\n\n<p>La distinci\u00f3n fundamental introducida por la Instrucci\u00f3n 9\/2025 reside en la <strong>autonom\u00eda del movimiento<\/strong> de la hoja. Si el despliegue requiere el esfuerzo muscular continuo del usuario (como el uso de un orificio tipo <em>Spyderco<\/em> o un tet\u00f3n), la navaja se considera de <strong>apertura manual<\/strong> y sigue siendo legal (siempre que mida menos de 11 cm y tenga un solo filo). Sin embargo, si interviene cualquier elemento mec\u00e1nico o f\u00edsico que acelere la apertura de forma aut\u00f3noma, el instrumento pasa a ser un arma prohibida.<\/p>\n\n\n\n<hr class=\"wp-block-separator has-alpha-channel-opacity\"\/>\n\n\n\n<p><strong>Met\u00e1fora para solidificar el concepto:<\/strong> La nueva normativa trata la apertura de una navaja como una <strong>bicicleta frente a una motocicleta<\/strong>: en la manual (bicicleta), t\u00fa debes pedalear todo el camino para que avance; en las prohibidas por la instrucci\u00f3n (motocicleta), basta con que des un peque\u00f1o impulso inicial para que el motor (muelle o inercia) haga el resto del trabajo por ti.<\/p>\n\n\n\n<p><\/p>\n\n\n\n<p>\u00bfSab\u00edas que en nuestros cursos dedicamos un bloque entero a explicarte qu\u00e9 navajas puedes llevar al campo y c\u00f3mo evitar multas de hasta 30.000\u20ac? \ud83d\udee1\ufe0f \u00danete a nosotros en Murcia y domina la supervivencia de forma legal y segura. <\/p>\n\n\n\n<figure class=\"wp-block-gallery has-nested-images columns-default is-cropped wp-block-gallery-1 is-layout-flex wp-block-gallery-is-layout-flex\">\n<figure class=\"wp-block-image size-large\"><img decoding=\"async\" width=\"768\" height=\"1024\" data-id=\"4416\" src=\"https:\/\/www.destrezasyvidaenelmedionatural.es\/wp-content\/uploads\/2025\/12\/IMG_20251109_095536-768x1024.jpg\" alt=\"\" class=\"wp-image-4416\" srcset=\"https:\/\/www.destrezasyvidaenelmedionatural.es\/wp-content\/uploads\/2025\/12\/IMG_20251109_095536-768x1024.jpg 768w, https:\/\/www.destrezasyvidaenelmedionatural.es\/wp-content\/uploads\/2025\/12\/IMG_20251109_095536-225x300.jpg 225w, https:\/\/www.destrezasyvidaenelmedionatural.es\/wp-content\/uploads\/2025\/12\/IMG_20251109_095536-75x100.jpg 75w, https:\/\/www.destrezasyvidaenelmedionatural.es\/wp-content\/uploads\/2025\/12\/IMG_20251109_095536-1152x1536.jpg 1152w, https:\/\/www.destrezasyvidaenelmedionatural.es\/wp-content\/uploads\/2025\/12\/IMG_20251109_095536-1536x2048.jpg 1536w, https:\/\/www.destrezasyvidaenelmedionatural.es\/wp-content\/uploads\/2025\/12\/IMG_20251109_095536-scaled.jpg 1920w\" sizes=\"(max-width: 768px) 100vw, 768px\" \/><\/figure>\n\n\n\n<figure class=\"wp-block-image size-large\"><img decoding=\"async\" width=\"578\" height=\"1024\" data-id=\"4034\" src=\"https:\/\/www.destrezasyvidaenelmedionatural.es\/wp-content\/uploads\/2025\/10\/IMG20250906175359_01-578x1024.jpg\" alt=\"\" class=\"wp-image-4034\" srcset=\"https:\/\/www.destrezasyvidaenelmedionatural.es\/wp-content\/uploads\/2025\/10\/IMG20250906175359_01-578x1024.jpg 578w, https:\/\/www.destrezasyvidaenelmedionatural.es\/wp-content\/uploads\/2025\/10\/IMG20250906175359_01-169x300.jpg 169w, https:\/\/www.destrezasyvidaenelmedionatural.es\/wp-content\/uploads\/2025\/10\/IMG20250906175359_01-768x1360.jpg 768w, https:\/\/www.destrezasyvidaenelmedionatural.es\/wp-content\/uploads\/2025\/10\/IMG20250906175359_01-867x1536.jpg 867w, https:\/\/www.destrezasyvidaenelmedionatural.es\/wp-content\/uploads\/2025\/10\/IMG20250906175359_01-1157x2048.jpg 1157w, https:\/\/www.destrezasyvidaenelmedionatural.es\/wp-content\/uploads\/2025\/10\/IMG20250906175359_01-scaled.jpg 1446w\" sizes=\"(max-width: 578px) 100vw, 578px\" \/><\/figure>\n<\/figure>\n\n\n\n<p><\/p>\n","protected":false},"excerpt":{"rendered":"<p>\u00bfQu\u00e9 criterios legales determinan si una navaja es considerada un arma prohibida? La determinaci\u00f3n de si una navaja es considerada un arma prohibida en Espa\u00f1a se basa principalmente en criterios t\u00e9cnicos (mecanismo y dimensiones) y criterios de dise\u00f1o, bajo el marco del Art\u00edculo 4 del Reglamento de Armas (RD 137\/1993) y la reciente Instrucci\u00f3n 9\/2025 &hellip;<\/p>\n<p class=\"read-more\"> <a class=\"\" href=\"https:\/\/www.destrezasyvidaenelmedionatural.es\/index.php\/2025\/12\/30\/lo-que-debes-saber-antes-de-llevar-una-navaja-en-espana\/\"> <span class=\"screen-reader-text\">\u00a1MULTAS de 30.000\u20ac! Lo que DEBES saber antes de llevar una navaja en Espa\u00f1a<\/span> Leer m\u00e1s &raquo;<\/a><\/p>\n","protected":false},"author":1,"featured_media":0,"comment_status":"open","ping_status":"open","sticky":false,"template":"","format":"standard","meta":{"episode_type":"","audio_file":"","cover_image":"","cover_image_id":"","duration":"","filesize":"","date_recorded":"","explicit":"","block":"","filesize_raw":"","footnotes":""},"categories":[8],"tags":[],"class_list":["post-4610","post","type-post","status-publish","format-standard","hentry","category-blog"],"yoast_head":"<!-- This site is optimized with the Yoast SEO plugin v23.8 - https:\/\/yoast.com\/wordpress\/plugins\/seo\/ -->\n<title>\u00a1MULTAS de 30.000\u20ac! Lo que DEBES saber antes de llevar una navaja en Espa\u00f1a - Destrezas y Vida en el Medio Natural<\/title>\n<meta name=\"description\" content=\"No existe un &quot;derecho&quot; absoluto a portar una navaja en la v\u00eda p\u00fablica; su legalidad es geogr\u00e1fica y contextual\" \/>\n<meta name=\"robots\" content=\"index, follow, max-snippet:-1, max-image-preview:large, max-video-preview:-1\" \/>\n<link rel=\"canonical\" href=\"https:\/\/www.destrezasyvidaenelmedionatural.es\/index.php\/2025\/12\/30\/lo-que-debes-saber-antes-de-llevar-una-navaja-en-espana\/\" \/>\n<meta property=\"og:locale\" content=\"es_ES\" \/>\n<meta property=\"og:type\" content=\"article\" \/>\n<meta property=\"og:title\" content=\"\u00a1MULTAS de 30.000\u20ac! Lo que DEBES saber antes de llevar una navaja en Espa\u00f1a - Destrezas y Vida en el Medio Natural\" \/>\n<meta property=\"og:description\" content=\"No existe un &quot;derecho&quot; absoluto a portar una navaja en la v\u00eda p\u00fablica; su legalidad es geogr\u00e1fica y contextual\" \/>\n<meta property=\"og:url\" content=\"https:\/\/www.destrezasyvidaenelmedionatural.es\/index.php\/2025\/12\/30\/lo-que-debes-saber-antes-de-llevar-una-navaja-en-espana\/\" \/>\n<meta property=\"og:site_name\" content=\"Destrezas y Vida en el Medio Natural\" \/>\n<meta property=\"article:publisher\" content=\"https:\/\/www.facebook.com\/Destrezas.y.Vida.en.el.Medio.Natural\" \/>\n<meta property=\"article:author\" content=\"https:\/\/www.facebook.com\/Destrezas.y.Vida.en.el.Medio.Natural\" \/>\n<meta property=\"article:published_time\" content=\"2025-12-30T12:23:32+00:00\" \/>\n<meta property=\"article:modified_time\" content=\"2025-12-30T12:24:15+00:00\" \/>\n<meta property=\"og:image\" content=\"https:\/\/www.destrezasyvidaenelmedionatural.es\/wp-content\/uploads\/2025\/12\/unnamed-7-1024x1024.png\" \/>\n\t<meta property=\"og:image:width\" content=\"1024\" \/>\n\t<meta property=\"og:image:height\" content=\"1024\" \/>\n\t<meta property=\"og:image:type\" content=\"image\/png\" \/>\n<meta name=\"author\" content=\"admin\" \/>\n<meta name=\"twitter:card\" content=\"summary_large_image\" \/>\n<meta name=\"twitter:creator\" content=\"@DestrezasyVida\" \/>\n<meta name=\"twitter:site\" content=\"@DestrezasyVida\" \/>\n<meta name=\"twitter:label1\" content=\"Escrito por\" \/>\n\t<meta name=\"twitter:data1\" content=\"admin\" \/>\n\t<meta name=\"twitter:label2\" content=\"Tiempo de lectura\" \/>\n\t<meta name=\"twitter:data2\" content=\"13 minutos\" \/>\n<script type=\"application\/ld+json\" class=\"yoast-schema-graph\">{\"@context\":\"https:\/\/schema.org\",\"@graph\":[{\"@type\":\"Article\",\"@id\":\"https:\/\/www.destrezasyvidaenelmedionatural.es\/index.php\/2025\/12\/30\/lo-que-debes-saber-antes-de-llevar-una-navaja-en-espana\/#article\",\"isPartOf\":{\"@id\":\"https:\/\/www.destrezasyvidaenelmedionatural.es\/index.php\/2025\/12\/30\/lo-que-debes-saber-antes-de-llevar-una-navaja-en-espana\/\"},\"author\":{\"name\":\"admin\",\"@id\":\"https:\/\/www.destrezasyvidaenelmedionatural.es\/#\/schema\/person\/05ac69635d864d75006df0853eb7afd3\"},\"headline\":\"\u00a1MULTAS de 30.000\u20ac! Lo que DEBES saber antes de llevar una navaja en Espa\u00f1a\",\"datePublished\":\"2025-12-30T12:23:32+00:00\",\"dateModified\":\"2025-12-30T12:24:15+00:00\",\"mainEntityOfPage\":{\"@id\":\"https:\/\/www.destrezasyvidaenelmedionatural.es\/index.php\/2025\/12\/30\/lo-que-debes-saber-antes-de-llevar-una-navaja-en-espana\/\"},\"wordCount\":2809,\"commentCount\":0,\"publisher\":{\"@id\":\"https:\/\/www.destrezasyvidaenelmedionatural.es\/#\/schema\/person\/05ac69635d864d75006df0853eb7afd3\"},\"image\":{\"@id\":\"https:\/\/www.destrezasyvidaenelmedionatural.es\/index.php\/2025\/12\/30\/lo-que-debes-saber-antes-de-llevar-una-navaja-en-espana\/#primaryimage\"},\"thumbnailUrl\":\"http:\/\/www.destrezasyvidaenelmedionatural.es\/wp-content\/uploads\/2025\/12\/unnamed-7-1024x1024.png\",\"articleSection\":[\"Blog\"],\"inLanguage\":\"es\",\"potentialAction\":[{\"@type\":\"CommentAction\",\"name\":\"Comment\",\"target\":[\"https:\/\/www.destrezasyvidaenelmedionatural.es\/index.php\/2025\/12\/30\/lo-que-debes-saber-antes-de-llevar-una-navaja-en-espana\/#respond\"]}]},{\"@type\":[\"WebPage\",\"QAPage\"],\"@id\":\"https:\/\/www.destrezasyvidaenelmedionatural.es\/index.php\/2025\/12\/30\/lo-que-debes-saber-antes-de-llevar-una-navaja-en-espana\/\",\"url\":\"https:\/\/www.destrezasyvidaenelmedionatural.es\/index.php\/2025\/12\/30\/lo-que-debes-saber-antes-de-llevar-una-navaja-en-espana\/\",\"name\":\"\u00a1MULTAS de 30.000\u20ac! Lo que DEBES saber antes de llevar una navaja en Espa\u00f1a - Destrezas y Vida en el Medio Natural\",\"isPartOf\":{\"@id\":\"https:\/\/www.destrezasyvidaenelmedionatural.es\/#website\"},\"primaryImageOfPage\":{\"@id\":\"https:\/\/www.destrezasyvidaenelmedionatural.es\/index.php\/2025\/12\/30\/lo-que-debes-saber-antes-de-llevar-una-navaja-en-espana\/#primaryimage\"},\"image\":{\"@id\":\"https:\/\/www.destrezasyvidaenelmedionatural.es\/index.php\/2025\/12\/30\/lo-que-debes-saber-antes-de-llevar-una-navaja-en-espana\/#primaryimage\"},\"thumbnailUrl\":\"http:\/\/www.destrezasyvidaenelmedionatural.es\/wp-content\/uploads\/2025\/12\/unnamed-7-1024x1024.png\",\"datePublished\":\"2025-12-30T12:23:32+00:00\",\"dateModified\":\"2025-12-30T12:24:15+00:00\",\"description\":\"No existe un \\\"derecho\\\" absoluto a portar una navaja en la v\u00eda p\u00fablica; su legalidad es geogr\u00e1fica y contextual\",\"breadcrumb\":{\"@id\":\"https:\/\/www.destrezasyvidaenelmedionatural.es\/index.php\/2025\/12\/30\/lo-que-debes-saber-antes-de-llevar-una-navaja-en-espana\/#breadcrumb\"},\"inLanguage\":\"es\",\"potentialAction\":[{\"@type\":\"ReadAction\",\"target\":[\"https:\/\/www.destrezasyvidaenelmedionatural.es\/index.php\/2025\/12\/30\/lo-que-debes-saber-antes-de-llevar-una-navaja-en-espana\/\"]}]},{\"@type\":\"ImageObject\",\"inLanguage\":\"es\",\"@id\":\"https:\/\/www.destrezasyvidaenelmedionatural.es\/index.php\/2025\/12\/30\/lo-que-debes-saber-antes-de-llevar-una-navaja-en-espana\/#primaryimage\",\"url\":\"https:\/\/www.destrezasyvidaenelmedionatural.es\/wp-content\/uploads\/2025\/12\/unnamed-7.png\",\"contentUrl\":\"https:\/\/www.destrezasyvidaenelmedionatural.es\/wp-content\/uploads\/2025\/12\/unnamed-7.png\",\"width\":2048,\"height\":2048,\"caption\":\"Una navaja se considera arma prohibida en Espa\u00f1a seg\u00fan el Reglamento de Armas (RD 137\/1993) y la Instrucci\u00f3n 9\/2025\"},{\"@type\":\"BreadcrumbList\",\"@id\":\"https:\/\/www.destrezasyvidaenelmedionatural.es\/index.php\/2025\/12\/30\/lo-que-debes-saber-antes-de-llevar-una-navaja-en-espana\/#breadcrumb\",\"itemListElement\":[{\"@type\":\"ListItem\",\"position\":1,\"name\":\"Portada\",\"item\":\"https:\/\/www.destrezasyvidaenelmedionatural.es\/\"},{\"@type\":\"ListItem\",\"position\":2,\"name\":\"\u00a1MULTAS de 30.000\u20ac! Lo que DEBES saber antes de llevar una navaja en Espa\u00f1a\"}]},{\"@type\":\"WebSite\",\"@id\":\"https:\/\/www.destrezasyvidaenelmedionatural.es\/#website\",\"url\":\"https:\/\/www.destrezasyvidaenelmedionatural.es\/\",\"name\":\"Destrezas y Vida en el Medio Natural\",\"description\":\"El sitio web Destrezas y Vida en el Medio Natural es un recurso excelente para cualquiera que quiera aprender sobre la naturaleza y c\u00f3mo interactuar con ella de manera segura y respetuosa.\",\"publisher\":{\"@id\":\"https:\/\/www.destrezasyvidaenelmedionatural.es\/#\/schema\/person\/05ac69635d864d75006df0853eb7afd3\"},\"potentialAction\":[{\"@type\":\"SearchAction\",\"target\":{\"@type\":\"EntryPoint\",\"urlTemplate\":\"https:\/\/www.destrezasyvidaenelmedionatural.es\/?s={search_term_string}\"},\"query-input\":{\"@type\":\"PropertyValueSpecification\",\"valueRequired\":true,\"valueName\":\"search_term_string\"}}],\"inLanguage\":\"es\"},{\"@type\":[\"Person\",\"Organization\"],\"@id\":\"https:\/\/www.destrezasyvidaenelmedionatural.es\/#\/schema\/person\/05ac69635d864d75006df0853eb7afd3\",\"name\":\"admin\",\"image\":{\"@type\":\"ImageObject\",\"inLanguage\":\"es\",\"@id\":\"https:\/\/www.destrezasyvidaenelmedionatural.es\/#\/schema\/person\/image\/\",\"url\":\"https:\/\/www.destrezasyvidaenelmedionatural.es\/wp-content\/uploads\/2021\/08\/cropped-SIN-FONDO-PRUEBA1.png\",\"contentUrl\":\"https:\/\/www.destrezasyvidaenelmedionatural.es\/wp-content\/uploads\/2021\/08\/cropped-SIN-FONDO-PRUEBA1.png\",\"width\":351,\"height\":349,\"caption\":\"admin\"},\"logo\":{\"@id\":\"https:\/\/www.destrezasyvidaenelmedionatural.es\/#\/schema\/person\/image\/\"},\"sameAs\":[\"http:\/\/www.destrezasyvidaenelmedionatural.es\",\"https:\/\/www.facebook.com\/Destrezas.y.Vida.en.el.Medio.Natural\",\"https:\/\/www.instagram.com\/destrezasyvidamn\/\"],\"url\":\"https:\/\/www.destrezasyvidaenelmedionatural.es\/index.php\/author\/admin\/\"}]}<\/script>\n<!-- \/ Yoast SEO plugin. -->","yoast_head_json":{"title":"\u00a1MULTAS de 30.000\u20ac! Lo que DEBES saber antes de llevar una navaja en Espa\u00f1a - Destrezas y Vida en el Medio Natural","description":"No existe un \"derecho\" absoluto a portar una navaja en la v\u00eda p\u00fablica; su legalidad es geogr\u00e1fica y contextual","robots":{"index":"index","follow":"follow","max-snippet":"max-snippet:-1","max-image-preview":"max-image-preview:large","max-video-preview":"max-video-preview:-1"},"canonical":"https:\/\/www.destrezasyvidaenelmedionatural.es\/index.php\/2025\/12\/30\/lo-que-debes-saber-antes-de-llevar-una-navaja-en-espana\/","og_locale":"es_ES","og_type":"article","og_title":"\u00a1MULTAS de 30.000\u20ac! Lo que DEBES saber antes de llevar una navaja en Espa\u00f1a - Destrezas y Vida en el Medio Natural","og_description":"No existe un \"derecho\" absoluto a portar una navaja en la v\u00eda p\u00fablica; su legalidad es geogr\u00e1fica y contextual","og_url":"https:\/\/www.destrezasyvidaenelmedionatural.es\/index.php\/2025\/12\/30\/lo-que-debes-saber-antes-de-llevar-una-navaja-en-espana\/","og_site_name":"Destrezas y Vida en el Medio Natural","article_publisher":"https:\/\/www.facebook.com\/Destrezas.y.Vida.en.el.Medio.Natural","article_author":"https:\/\/www.facebook.com\/Destrezas.y.Vida.en.el.Medio.Natural","article_published_time":"2025-12-30T12:23:32+00:00","article_modified_time":"2025-12-30T12:24:15+00:00","og_image":[{"width":1024,"height":1024,"url":"https:\/\/www.destrezasyvidaenelmedionatural.es\/wp-content\/uploads\/2025\/12\/unnamed-7-1024x1024.png","type":"image\/png"}],"author":"admin","twitter_card":"summary_large_image","twitter_creator":"@DestrezasyVida","twitter_site":"@DestrezasyVida","twitter_misc":{"Escrito por":"admin","Tiempo de lectura":"13 minutos"},"schema":{"@context":"https:\/\/schema.org","@graph":[{"@type":"Article","@id":"https:\/\/www.destrezasyvidaenelmedionatural.es\/index.php\/2025\/12\/30\/lo-que-debes-saber-antes-de-llevar-una-navaja-en-espana\/#article","isPartOf":{"@id":"https:\/\/www.destrezasyvidaenelmedionatural.es\/index.php\/2025\/12\/30\/lo-que-debes-saber-antes-de-llevar-una-navaja-en-espana\/"},"author":{"name":"admin","@id":"https:\/\/www.destrezasyvidaenelmedionatural.es\/#\/schema\/person\/05ac69635d864d75006df0853eb7afd3"},"headline":"\u00a1MULTAS de 30.000\u20ac! Lo que DEBES saber antes de llevar una navaja en Espa\u00f1a","datePublished":"2025-12-30T12:23:32+00:00","dateModified":"2025-12-30T12:24:15+00:00","mainEntityOfPage":{"@id":"https:\/\/www.destrezasyvidaenelmedionatural.es\/index.php\/2025\/12\/30\/lo-que-debes-saber-antes-de-llevar-una-navaja-en-espana\/"},"wordCount":2809,"commentCount":0,"publisher":{"@id":"https:\/\/www.destrezasyvidaenelmedionatural.es\/#\/schema\/person\/05ac69635d864d75006df0853eb7afd3"},"image":{"@id":"https:\/\/www.destrezasyvidaenelmedionatural.es\/index.php\/2025\/12\/30\/lo-que-debes-saber-antes-de-llevar-una-navaja-en-espana\/#primaryimage"},"thumbnailUrl":"http:\/\/www.destrezasyvidaenelmedionatural.es\/wp-content\/uploads\/2025\/12\/unnamed-7-1024x1024.png","articleSection":["Blog"],"inLanguage":"es","potentialAction":[{"@type":"CommentAction","name":"Comment","target":["https:\/\/www.destrezasyvidaenelmedionatural.es\/index.php\/2025\/12\/30\/lo-que-debes-saber-antes-de-llevar-una-navaja-en-espana\/#respond"]}]},{"@type":["WebPage","QAPage"],"@id":"https:\/\/www.destrezasyvidaenelmedionatural.es\/index.php\/2025\/12\/30\/lo-que-debes-saber-antes-de-llevar-una-navaja-en-espana\/","url":"https:\/\/www.destrezasyvidaenelmedionatural.es\/index.php\/2025\/12\/30\/lo-que-debes-saber-antes-de-llevar-una-navaja-en-espana\/","name":"\u00a1MULTAS de 30.000\u20ac! Lo que DEBES saber antes de llevar una navaja en Espa\u00f1a - Destrezas y Vida en el Medio Natural","isPartOf":{"@id":"https:\/\/www.destrezasyvidaenelmedionatural.es\/#website"},"primaryImageOfPage":{"@id":"https:\/\/www.destrezasyvidaenelmedionatural.es\/index.php\/2025\/12\/30\/lo-que-debes-saber-antes-de-llevar-una-navaja-en-espana\/#primaryimage"},"image":{"@id":"https:\/\/www.destrezasyvidaenelmedionatural.es\/index.php\/2025\/12\/30\/lo-que-debes-saber-antes-de-llevar-una-navaja-en-espana\/#primaryimage"},"thumbnailUrl":"http:\/\/www.destrezasyvidaenelmedionatural.es\/wp-content\/uploads\/2025\/12\/unnamed-7-1024x1024.png","datePublished":"2025-12-30T12:23:32+00:00","dateModified":"2025-12-30T12:24:15+00:00","description":"No existe un \"derecho\" absoluto a portar una navaja en la v\u00eda p\u00fablica; su legalidad es geogr\u00e1fica y contextual","breadcrumb":{"@id":"https:\/\/www.destrezasyvidaenelmedionatural.es\/index.php\/2025\/12\/30\/lo-que-debes-saber-antes-de-llevar-una-navaja-en-espana\/#breadcrumb"},"inLanguage":"es","potentialAction":[{"@type":"ReadAction","target":["https:\/\/www.destrezasyvidaenelmedionatural.es\/index.php\/2025\/12\/30\/lo-que-debes-saber-antes-de-llevar-una-navaja-en-espana\/"]}]},{"@type":"ImageObject","inLanguage":"es","@id":"https:\/\/www.destrezasyvidaenelmedionatural.es\/index.php\/2025\/12\/30\/lo-que-debes-saber-antes-de-llevar-una-navaja-en-espana\/#primaryimage","url":"https:\/\/www.destrezasyvidaenelmedionatural.es\/wp-content\/uploads\/2025\/12\/unnamed-7.png","contentUrl":"https:\/\/www.destrezasyvidaenelmedionatural.es\/wp-content\/uploads\/2025\/12\/unnamed-7.png","width":2048,"height":2048,"caption":"Una navaja se considera arma prohibida en Espa\u00f1a seg\u00fan el Reglamento de Armas (RD 137\/1993) y la Instrucci\u00f3n 9\/2025"},{"@type":"BreadcrumbList","@id":"https:\/\/www.destrezasyvidaenelmedionatural.es\/index.php\/2025\/12\/30\/lo-que-debes-saber-antes-de-llevar-una-navaja-en-espana\/#breadcrumb","itemListElement":[{"@type":"ListItem","position":1,"name":"Portada","item":"https:\/\/www.destrezasyvidaenelmedionatural.es\/"},{"@type":"ListItem","position":2,"name":"\u00a1MULTAS de 30.000\u20ac! Lo que DEBES saber antes de llevar una navaja en Espa\u00f1a"}]},{"@type":"WebSite","@id":"https:\/\/www.destrezasyvidaenelmedionatural.es\/#website","url":"https:\/\/www.destrezasyvidaenelmedionatural.es\/","name":"Destrezas y Vida en el Medio Natural","description":"El sitio web Destrezas y Vida en el Medio Natural es un recurso excelente para cualquiera que quiera aprender sobre la naturaleza y c\u00f3mo interactuar con ella de manera segura y respetuosa.","publisher":{"@id":"https:\/\/www.destrezasyvidaenelmedionatural.es\/#\/schema\/person\/05ac69635d864d75006df0853eb7afd3"},"potentialAction":[{"@type":"SearchAction","target":{"@type":"EntryPoint","urlTemplate":"https:\/\/www.destrezasyvidaenelmedionatural.es\/?s={search_term_string}"},"query-input":{"@type":"PropertyValueSpecification","valueRequired":true,"valueName":"search_term_string"}}],"inLanguage":"es"},{"@type":["Person","Organization"],"@id":"https:\/\/www.destrezasyvidaenelmedionatural.es\/#\/schema\/person\/05ac69635d864d75006df0853eb7afd3","name":"admin","image":{"@type":"ImageObject","inLanguage":"es","@id":"https:\/\/www.destrezasyvidaenelmedionatural.es\/#\/schema\/person\/image\/","url":"https:\/\/www.destrezasyvidaenelmedionatural.es\/wp-content\/uploads\/2021\/08\/cropped-SIN-FONDO-PRUEBA1.png","contentUrl":"https:\/\/www.destrezasyvidaenelmedionatural.es\/wp-content\/uploads\/2021\/08\/cropped-SIN-FONDO-PRUEBA1.png","width":351,"height":349,"caption":"admin"},"logo":{"@id":"https:\/\/www.destrezasyvidaenelmedionatural.es\/#\/schema\/person\/image\/"},"sameAs":["http:\/\/www.destrezasyvidaenelmedionatural.es","https:\/\/www.facebook.com\/Destrezas.y.Vida.en.el.Medio.Natural","https:\/\/www.instagram.com\/destrezasyvidamn\/"],"url":"https:\/\/www.destrezasyvidaenelmedionatural.es\/index.php\/author\/admin\/"}]}},"_links":{"self":[{"href":"https:\/\/www.destrezasyvidaenelmedionatural.es\/index.php\/wp-json\/wp\/v2\/posts\/4610","targetHints":{"allow":["GET"]}}],"collection":[{"href":"https:\/\/www.destrezasyvidaenelmedionatural.es\/index.php\/wp-json\/wp\/v2\/posts"}],"about":[{"href":"https:\/\/www.destrezasyvidaenelmedionatural.es\/index.php\/wp-json\/wp\/v2\/types\/post"}],"author":[{"embeddable":true,"href":"https:\/\/www.destrezasyvidaenelmedionatural.es\/index.php\/wp-json\/wp\/v2\/users\/1"}],"replies":[{"embeddable":true,"href":"https:\/\/www.destrezasyvidaenelmedionatural.es\/index.php\/wp-json\/wp\/v2\/comments?post=4610"}],"version-history":[{"count":1,"href":"https:\/\/www.destrezasyvidaenelmedionatural.es\/index.php\/wp-json\/wp\/v2\/posts\/4610\/revisions"}],"predecessor-version":[{"id":4611,"href":"https:\/\/www.destrezasyvidaenelmedionatural.es\/index.php\/wp-json\/wp\/v2\/posts\/4610\/revisions\/4611"}],"wp:attachment":[{"href":"https:\/\/www.destrezasyvidaenelmedionatural.es\/index.php\/wp-json\/wp\/v2\/media?parent=4610"}],"wp:term":[{"taxonomy":"category","embeddable":true,"href":"https:\/\/www.destrezasyvidaenelmedionatural.es\/index.php\/wp-json\/wp\/v2\/categories?post=4610"},{"taxonomy":"post_tag","embeddable":true,"href":"https:\/\/www.destrezasyvidaenelmedionatural.es\/index.php\/wp-json\/wp\/v2\/tags?post=4610"}],"curies":[{"name":"wp","href":"https:\/\/api.w.org\/{rel}","templated":true}]}}