{"id":4633,"date":"2026-01-07T12:27:39","date_gmt":"2026-01-07T12:27:39","guid":{"rendered":"https:\/\/www.destrezasyvidaenelmedionatural.es\/?p=4633"},"modified":"2026-01-07T12:27:41","modified_gmt":"2026-01-07T12:27:41","slug":"la-cruda-realidad-de-los-incendios-forestales-en-espana","status":"publish","type":"post","link":"https:\/\/www.destrezasyvidaenelmedionatural.es\/index.php\/2026\/01\/07\/la-cruda-realidad-de-los-incendios-forestales-en-espana\/","title":{"rendered":"\u00bfTu Barbacoa de Fin de Semana Podr\u00eda Costarte 1 Mill\u00f3n de Euros y la C\u00e1rcel? La Cruda Realidad de los Incendios Forestales en Espa\u00f1a"},"content":{"rendered":"\n<p>Planificamos con ilusi\u00f3n ese fin de semana perfecto: una paella en el campo, una barbacoa con amigos en una casa rural o una escapada a un \u00e1rea recreativa. Actos sencillos, casi rituales, que asociamos con el descanso y la libertad. Pero, \u00bfsomos conscientes de que esa paella o esa parrillada, encendida en el lugar o el momento equivocado, podr\u00eda llevarnos a una deuda de un mill\u00f3n de euros y a una pena de varios a\u00f1os de prisi\u00f3n? Debido a la emergencia clim\u00e1tica y a una siniestralidad r\u00e9cord en 2025, las reglas del juego han cambiado dr\u00e1sticamente. La legislaci\u00f3n espa\u00f1ola opera bajo un principio fundamental de prudencia m\u00e1xima: el fuego est\u00e1 prohibido por defecto. La ignorancia de una ley cada vez m\u00e1s estricta ya no es una excusa, y las consecuencias de una imprudencia pueden ser, literalmente, devastadoras para nuestro patrimonio y nuestra libertad.<\/p>\n\n\n\n<figure class=\"wp-block-gallery has-nested-images columns-default is-cropped wp-block-gallery-1 is-layout-flex wp-block-gallery-is-layout-flex\"><div class=\"wp-block-image\">\n<figure class=\"aligncenter size-large\"><img fetchpriority=\"high\" decoding=\"async\" width=\"1024\" height=\"1024\" data-id=\"4634\" src=\"https:\/\/www.destrezasyvidaenelmedionatural.es\/wp-content\/uploads\/2026\/01\/Gemini_Generated_Image_nr2ycenr2ycenr2y.png\" alt=\"\" class=\"wp-image-4634\" srcset=\"https:\/\/www.destrezasyvidaenelmedionatural.es\/wp-content\/uploads\/2026\/01\/Gemini_Generated_Image_nr2ycenr2ycenr2y.png 1024w, https:\/\/www.destrezasyvidaenelmedionatural.es\/wp-content\/uploads\/2026\/01\/Gemini_Generated_Image_nr2ycenr2ycenr2y-300x300.png 300w, https:\/\/www.destrezasyvidaenelmedionatural.es\/wp-content\/uploads\/2026\/01\/Gemini_Generated_Image_nr2ycenr2ycenr2y-150x150.png 150w, https:\/\/www.destrezasyvidaenelmedionatural.es\/wp-content\/uploads\/2026\/01\/Gemini_Generated_Image_nr2ycenr2ycenr2y-768x768.png 768w, https:\/\/www.destrezasyvidaenelmedionatural.es\/wp-content\/uploads\/2026\/01\/Gemini_Generated_Image_nr2ycenr2ycenr2y-100x100.png 100w\" sizes=\"(max-width: 1024px) 100vw, 1024px\" \/><\/figure>\n<\/div><\/figure>\n\n\n\n<h2 class=\"wp-block-heading\">2025: El A\u00f1o que Nos Oblig\u00f3 a Repensar el Fuego<\/h2>\n\n\n\n<p>El a\u00f1o 2025 nos ha marcado un punto de inflexi\u00f3n cr\u00edtico en la historia de la gesti\u00f3n forestal en Espa\u00f1a. Las cifras hablan por s\u00ed solas y dibujan un panorama de emergencia sin precedentes: m\u00e1s de 354.000 hect\u00e1reas calcinadas y un r\u00e9cord hist\u00f3rico de 63 grandes incendios forestales (GIF), definidos como aquellos que superan las 500 hect\u00e1reas.<\/p>\n\n\n\n<figure class=\"wp-block-table\"><table class=\"has-fixed-layout\"><tbody><tr><td>Indicador de Siniestralidad Forestal 2025<\/td><td>Valor Registrado<\/td><td>Comparativa Decenal<\/td><\/tr><tr><td>Superficie Forestal Afectada<\/td><td>354.000 ha<\/td><td>+150% sobre la media<\/td><\/tr><tr><td>Grandes Incendios Forestales (&gt;500 ha)<\/td><td>63<\/td><td>Triple de la media decenal<\/td><\/tr><tr><td>Fallecidos en Labores de Extinci\u00f3n o Evacuaci\u00f3n<\/td><td>8<\/td><td>Incremento por virulencia<\/td><\/tr><tr><td>\u00c1reas Declaradas Zona Catastr\u00f3fica<\/td><td>121<\/td><td>M\u00e1ximo hist\u00f3rico<\/td><\/tr><\/tbody><\/table><\/figure>\n\n\n\n<p>Esta cruda realidad nos ha forzado como sociedad a adoptar una postura de tolerancia m\u00ednima. El fuego ha dejado de ser una herramienta ancestral para ser considerado un riesgo de seguridad p\u00fablica de primer orden. El motivo subyacente es la aparici\u00f3n de los llamados <strong>incendios de sexta generaci\u00f3n<\/strong>: fen\u00f3menos virulentos alimentados por el cambio clim\u00e1tico que generan su propia meteorolog\u00eda, superando con creces la capacidad de los medios de extinci\u00f3n convencionales. Frente a esta nueva amenaza, la prevenci\u00f3n estricta y la prohibici\u00f3n son ahora nuestras principales y \u00fanicas l\u00edneas de defensa viables.<\/p>\n\n\n\n<h2 class=\"wp-block-heading\">La Regla de Oro: Prohibici\u00f3n General, Excepci\u00f3n Autorizada<\/h2>\n\n\n\n<p>La legislaci\u00f3n espa\u00f1ola opera bajo un principio fundamental: el fuego est\u00e1 prohibido por defecto. Cualquier uso no es un derecho, sino una excepci\u00f3n que debe ser expl\u00edcitamente autorizada y ejecutada bajo condiciones de riesgo cero. Entender este punto es fundamental para evitar sanciones.<\/p>\n\n\n\n<h3 class=\"wp-block-heading\">Entendiendo las \u00ab\u00c9pocas de Peligro\u00bb<\/h3>\n\n\n\n<p>La normativa establece tres niveles de riesgo estacional que determinan qu\u00e9 se puede hacer y qu\u00e9 no. Tomando como ejemplo la Comunidad de Madrid, estas \u00e9pocas son:<\/p>\n\n\n\n<ul class=\"wp-block-list\">\n<li><em>Alto:<\/em> Del 15 de junio al 30 de septiembre.<\/li>\n\n\n\n<li><em>Medio:<\/em> Del 16 de mayo al 14 de junio y del 1 al 31 de octubre.<\/li>\n\n\n\n<li><em>Bajo:<\/em> Del 1 de noviembre al 15 de mayo.<\/li>\n<\/ul>\n\n\n\n<p>Es crucial subrayar que estas fechas pueden variar ligeramente en cada comunidad aut\u00f3noma. Adem\u00e1s, es fundamental entender que los niveles de alerta diarios por riesgo meteorol\u00f3gico (viento, temperatura, humedad) <strong>siempre prevalecen<\/strong> sobre la \u00e9poca de peligro estacional. Una alerta de riesgo \u00abExtremo\u00bb emitida en mayo (\u00c9poca de Peligro Medio) impone las prohibiciones m\u00e1s estrictas, suspendiendo cualquier permiso previamente concedido.<\/p>\n\n\n\n<h3 class=\"wp-block-heading\">Actividades Prohibidas con Car\u00e1cter General<\/h3>\n\n\n\n<p>Existen una serie de acciones que est\u00e1n prohibidas durante <strong>todo el a\u00f1o<\/strong> en terrenos forestales y en su franja de influencia de 400 metros:<\/p>\n\n\n\n<ul class=\"wp-block-list\">\n<li>Arrojar colillas, f\u00f3sforos o cualquier material en ignici\u00f3n.<\/li>\n\n\n\n<li>Tirar basura como vidrios, papeles o pl\u00e1sticos fuera de los contenedores habilitados.<\/li>\n\n\n\n<li>Encender fuego en las \u00e1reas de descanso de la red de carreteras.<\/li>\n\n\n\n<li>La quema al aire libre de basureros, vertederos o cualquier acumulaci\u00f3n de residuos.<\/li>\n\n\n\n<li>La acampada libre.<\/li>\n\n\n\n<li>La circulaci\u00f3n de veh\u00edculos campo a trav\u00e9s, fuera de pistas autorizadas.<\/li>\n\n\n\n<li>Lanzar cohetes, globos o cualquier artefacto que contenga fuego, salvo autorizaci\u00f3n expresa para eventos muy concretos.<\/li>\n<\/ul>\n\n\n\n<h3 class=\"wp-block-heading\">Restricciones Adicionales en \u00c9poca de Peligro Alto<\/h3>\n\n\n\n<p>Durante los meses de verano, cuando el riesgo es m\u00e1ximo, las prohibiciones se endurecen de forma dr\u00e1stica. Con car\u00e1cter general, queda prohibido:<\/p>\n\n\n\n<ul class=\"wp-block-list\">\n<li>La utilizaci\u00f3n de <strong>maquinaria<\/strong> que genere chispas, como cosechadoras, radiales, sopletes o soldadores.<\/li>\n\n\n\n<li>El uso del fuego en la <strong>actividad ap\u00edcola<\/strong>, como los ahumadores, salvo excepciones muy controladas.<\/li>\n\n\n\n<li>El empleo de <strong>asadores, barbacoas y hornillos<\/strong> en el monte, incluso en \u00e1reas recreativas que no cuenten con una autorizaci\u00f3n espec\u00edfica y vigente para esta \u00e9poca.<\/li>\n<\/ul>\n\n\n\n<h2 class=\"wp-block-heading\">El Foco del Conflicto: \u00bfPuedo Usar mi Barbacoa?<\/h2>\n\n\n\n<p>Esta es la duda m\u00e1s recurrente y la que genera mayor n\u00famero de sanciones por desconocimiento. La respuesta depende radicalmente de la \u00e9poca del a\u00f1o y del lugar.<\/p>\n\n\n\n<h3 class=\"wp-block-heading\">Misi\u00f3n (Casi) Imposible: Barbacoas en \u00c9poca de Peligro Alto<\/h3>\n\n\n\n<p>Durante el periodo de alto riesgo, usar una barbacoa al aire libre es pr\u00e1cticamente imposible de forma legal. La normativa solo lo permite en supuestos extremadamente limitados:<\/p>\n\n\n\n<ul class=\"wp-block-list\">\n<li>En <strong>edificaciones cerradas<\/strong> por los cuatro costados, con techo y una chimenea dotada de sistema matachispas.<\/li>\n\n\n\n<li>En instalaciones de <strong>camping autorizadas<\/strong>, exclusivamente en los lugares espec\u00edficamente habilitados para ello por la administraci\u00f3n.<\/li>\n\n\n\n<li>En <strong>barbacoas fijas de obra<\/strong> situadas en \u00e1reas recreativas que cuenten con una <strong>autorizaci\u00f3n expresa del Servicio Territorial de Medio Ambiente<\/strong>, la cual debe ser solicitada previamente por el Ayuntamiento.<\/li>\n<\/ul>\n\n\n\n<h4 class=\"wp-block-heading\">Requisitos T\u00e9cnicos para una Barbacoa Autorizada<\/h4>\n\n\n\n<p>Para que una barbacoa de obra en un \u00e1rea recreativa pueda ser autorizada, debe cumplir unos requisitos t\u00e9cnicos muy estrictos:<\/p>\n\n\n\n<ol class=\"wp-block-list\">\n<li>Ser una estructura fija de obra en buen estado.<\/li>\n\n\n\n<li>Tener campana y chimenea con rejilla en la salida de humos que act\u00fae como matachispas.<\/li>\n\n\n\n<li>Tener tres paredes cerradas que impidan la salida de pavesas.<\/li>\n\n\n\n<li>La salida de humos debe estar a m\u00e1s de 5 metros de las copas de los \u00e1rboles.<\/li>\n\n\n\n<li>Disponer de un per\u00edmetro de al menos 3 metros completamente libre de vegetaci\u00f3n o cualquier material combustible.<\/li>\n\n\n\n<li>Estar ubicada en un \u00e1rea recreativa habilitada por una administraci\u00f3n p\u00fablica.<\/li>\n<\/ol>\n\n\n\n<h4 class=\"wp-block-heading\">Medidas de Seguridad Obligatorias para el Usuario<\/h4>\n\n\n\n<p>Incluso si nos encontramos en una de las pocas instalaciones autorizadas durante la \u00e9poca de peligro alto, como usuarios estamos obligados a cumplir siempre las siguientes medidas de seguridad:<\/p>\n\n\n\n<ol class=\"wp-block-list\">\n<li><strong>Prohibici\u00f3n total con viento apreciable<\/strong> (rachas > 10 Km\/h que muevan las hojas de los \u00e1rboles) o <strong>temperaturas superiores a 30 \u00baC<\/strong>.<\/li>\n\n\n\n<li><strong>Asegurar una distancia de m\u00e1s de 3 metros<\/strong> a cualquier combustible (hierba seca, matorral, etc.).<\/li>\n\n\n\n<li><strong>Permanecer vigilante junto al fuego<\/strong> en todo momento, sin abandonarlo ni un segundo.<\/li>\n\n\n\n<li><strong>No quemar papeles, hojas secas o combustibles finos<\/strong> cuyas pavesas puedan ser transportadas por el viento.<\/li>\n\n\n\n<li><strong>No acumular gran cantidad de combustible<\/strong>, a\u00f1adi\u00e9ndolo de forma progresiva.<\/li>\n\n\n\n<li><strong>Tener agua o un medio de extinci\u00f3n eficaz<\/strong> (extintor, mochila) a mano en todo momento.<\/li>\n<\/ol>\n\n\n\n<h3 class=\"wp-block-heading\">Un Respiro Controlado: El Uso Fuera de la \u00c9poca de Peligro Alto<\/h3>\n\n\n\n<p>Fuera de los meses de verano, la normativa es m\u00e1s flexible, pero no desaparece. Se puede encender fuego en las zonas recreativas habilitadas que cumplan con los requisitos t\u00e9cnicos mencionados, pero siempre, y sin excepci\u00f3n, adoptando las mismas seis medidas de seguridad obligatorias para el usuario.<\/p>\n\n\n\n<p><em>Atenci\u00f3n: En cualquier \u00e9poca del a\u00f1o, ante circunstancias extraordinarias de peligro (ola de calor, vientos fuertes), los Servicios Territoriales podr\u00e1n prohibir temporalmente el uso del fuego, incluso en zonas autorizadas.<\/em><\/p>\n\n\n\n<h2 class=\"wp-block-heading\">M\u00e1s All\u00e1 del Ocio: Normas para Profesionales y Zonas de Riesgo<\/h2>\n\n\n\n<p>La regulaci\u00f3n no solo nos afecta en nuestro ocio. Las actividades profesionales y las caracter\u00edsticas de nuestra vivienda tambi\u00e9n est\u00e1n sometidas a un control estricto.<\/p>\n\n\n\n<h3 class=\"wp-block-heading\">El Campo y el Monte Bajo Vigilancia<\/h3>\n\n\n\n<ul class=\"wp-block-list\">\n<li><strong>Uso de maquinaria:<\/strong> En \u00e9poca de peligro alto, el uso de cosechadoras, desbrozadoras y otra maquinaria que pueda generar chispas requiere autorizaci\u00f3n expresa o estar vinculada a trabajos forestales ya autorizados. Es obligatorio llevar medios de extinci\u00f3n, definidos por la normativa como un m\u00ednimo de <strong>dos mochilas extintoras cargadas de agua y dos batefuegos<\/strong>. Las cosechadoras no pueden operar con temperaturas superiores a 30 \u00baC y vientos de m\u00e1s de 30 km\/h.<\/li>\n\n\n\n<li><strong>Quema de restos agr\u00edcolas y forestales:<\/strong> Solo se permite en \u00e9poca de peligro bajo y requiere, como m\u00ednimo, una comunicaci\u00f3n previa a la administraci\u00f3n. En muchos casos, como la quema de matorral o grandes acumulaciones, es necesaria una autorizaci\u00f3n expresa que detalla las condiciones de ejecuci\u00f3n.<\/li>\n<\/ul>\n\n\n\n<h3 class=\"wp-block-heading\">Fiestas y Tradiciones en Jaque<\/h3>\n\n\n\n<ul class=\"wp-block-list\">\n<li><strong>Lanzamiento de cohetes y artefactos pirot\u00e9cnicos:<\/strong> Requiere una autorizaci\u00f3n que debe solicitar el Ayuntamiento, previo informe favorable del Servicio Territorial de Medio Ambiente. El organizador est\u00e1 obligado a disponer de medios de extinci\u00f3n suficientes y de un seguro de responsabilidad civil que cubra cualquier da\u00f1o.<\/li>\n\n\n\n<li><strong>Hogueras y fogatas:<\/strong> Su uso est\u00e1 restringido a profesionales que trabajan en el monte, como pastores o trabajadores forestales, y \u00fanicamente en la \u00e9poca de peligro bajo para poder calentarse o preparar alimentos.<\/li>\n<\/ul>\n\n\n\n<h3 class=\"wp-block-heading\">La Interfaz Urbano-Forestal: Zonas de M\u00e1ximo Riesgo y Obligaciones<\/h3>\n\n\n\n<p>Un concepto clave en la prevenci\u00f3n moderna es la <strong>interfaz urbano-forestal<\/strong>: aquellas zonas donde las viviendas y urbanizaciones entran en contacto directo con el monte. Esta es la principal \u00e1rea de conflicto y riesgo para la vida de las personas. Si vivimos en una de estas \u00e1reas, la ley nos impone obligaciones espec\u00edficas, como mantener una <strong>franja perimetral de seguridad de entre 15 y 25 metros<\/strong> alrededor de nuestra propiedad, limpia de vegetaci\u00f3n seca y con la masa arb\u00f3rea aclarada. Esta franja act\u00faa como un primer y vital cortafuegos para la autoprotecci\u00f3n de nuestro hogar.<\/p>\n\n\n\n<h2 class=\"wp-block-heading\">Cuando una Chispa Arruina tu Vida<\/h2>\n\n\n\n<p>Incumplir estas normas no es un asunto trivial. Las consecuencias legales y econ\u00f3micas pueden marcarnos de por vida a nosotros y a nuestra familia.<\/p>\n\n\n\n<h3 class=\"wp-block-heading\">El Golpe al Bolsillo: Sanciones Administrativas Millonarias<\/h3>\n\n\n\n<p>La Ley de Montes establece un r\u00e9gimen de sanciones administrativas de una dureza extraordinaria. Encender una barbacoa en un lugar prohibido, aunque no cause un incendio, ya se considera una infracci\u00f3n grave.<\/p>\n\n\n\n<figure class=\"wp-block-table\"><table class=\"has-fixed-layout\"><tbody><tr><td>Tipo de Infracci\u00f3n<\/td><td>Cuant\u00eda de la Multa<\/td><\/tr><tr><td><strong>Leve<\/strong><\/td><td>100 a 1.000 euros<\/td><\/tr><tr><td><strong>Grave<\/strong><\/td><td>1.001 a 100.000 euros<\/td><\/tr><tr><td><strong>Muy Grave<\/strong><\/td><td>100.001 a 1.000.000 euros<\/td><\/tr><\/tbody><\/table><\/figure>\n\n\n\n<p>Se considera infracci\u00f3n muy grave cuando el incendio originado provoca un da\u00f1o cuyo plazo de restauraci\u00f3n es superior a diez a\u00f1os. En la pr\u00e1ctica, casi cualquier incendio forestal que queme arbolado adulto supera este umbral, clasificando la imprudencia directamente en la categor\u00eda de sanci\u00f3n m\u00e1s alta.<\/p>\n\n\n\n<h3 class=\"wp-block-heading\">La Sombra de la Prisi\u00f3n: El Delito de Incendio en el C\u00f3digo Penal<\/h3>\n\n\n\n<p>M\u00e1s all\u00e1 de la multa, provocar un incendio puede ser un delito. El C\u00f3digo Penal diferencia entre el acto intencionado (doloso) y la negligencia (imprudencia grave), que es donde encajar\u00eda hacer una barbacoa incumpliendo la normativa o una quema de rastrojos que se descontrola.<\/p>\n\n\n\n<figure class=\"wp-block-table\"><table class=\"has-fixed-layout\"><tbody><tr><td>Art\u00edculo del C\u00f3digo Penal<\/td><td>Conducta Tipificada<\/td><td>Pena de Prisi\u00f3n<\/td><td>Sanci\u00f3n Econ\u00f3mica (Multa)<\/td><\/tr><tr><td><strong>Art. 351<\/strong><\/td><td>Incendio con peligro para la vida de las personas<\/td><td>10 a 20 a\u00f1os<\/td><td>12 a 24 meses<\/td><\/tr><tr><td><strong>Art. 352<\/strong><\/td><td>Incendio forestal intencionado<\/td><td>1 a 5 a\u00f1os<\/td><td>12 a 18 meses<\/td><\/tr><tr><td><strong>Art. 353<\/strong><\/td><td>Incendio forestal de especial gravedad<\/td><td>3 a 6 a\u00f1os<\/td><td>18 a 24 meses<\/td><\/tr><tr><td><strong>Art. 358<\/strong><\/td><td>Incendio por <strong>imprudencia grave<\/strong><\/td><td>La pena inferior en grado a la del delito doloso correspondiente<\/td><td>Proporcional al da\u00f1o<\/td><\/tr><\/tbody><\/table><\/figure>\n\n\n\n<p>Una imprudencia grave puede acarrear penas que, aunque inferiores a las del acto intencionado, pueden suponer el ingreso efectivo en prisi\u00f3n.<\/p>\n\n\n\n<h3 class=\"wp-block-heading\">La Deuda Impagable: Obligado a Pagar la Extinci\u00f3n<\/h3>\n\n\n\n<p>Esta es, quiz\u00e1s, la consecuencia m\u00e1s devastadora. Adem\u00e1s de la multa y la posible pena de c\u00e1rcel, el responsable del incendio est\u00e1 obligado por ley a reparar el da\u00f1o causado y a pagar <strong>todos los costes de los trabajos de extinci\u00f3n<\/strong>. Para entender la magnitud de esta deuda, estos son algunos costes por hora de los medios de extinci\u00f3n en Andaluc\u00eda:<\/p>\n\n\n\n<ul class=\"wp-block-list\">\n<li><em>Veh\u00edculos autobomba:<\/em> 83,70 \u20ac\/hora.<\/li>\n\n\n\n<li><em>Helic\u00f3pteros:<\/em> 468,18 \u20ac\/hora.<\/li>\n<\/ul>\n\n\n\n<p>Un incendio de mediana escala que requiera varios medios a\u00e9reos y terrestres durante d\u00edas puede generar una factura de cientos de miles o incluso millones de euros, llev\u00e1ndonos a la quiebra econ\u00f3mica de por vida.<\/p>\n\n\n\n<h3 class=\"wp-block-heading\">\u00bfSab\u00edas que&#8230;?<\/h3>\n\n\n\n<p><strong>\u00bfSab\u00edas que&#8230;?<\/strong> Un incendio se clasifica como <strong>\u00abGran Incendio Forestal\u00bb (GIF)<\/strong> cuando su tama\u00f1o supera las 500 hect\u00e1reas. En 2025, Espa\u00f1a sufri\u00f3 63 de ellos, el triple de la media de la \u00faltima d\u00e9cada, evidenciando una nueva era de incendios m\u00e1s virulentos e incontrolables.<\/p>\n\n\n\n<h3 class=\"wp-block-heading\">Preguntas Frecuentes (FAQs)<\/h3>\n\n\n\n<ol class=\"wp-block-list\">\n<li><strong>\u00bfPuedo ser multado solo por llevar una barbacoa port\u00e1til en el maletero del coche en una zona de monte?<\/strong> No se multa por el transporte, pero s\u00ed por el simple hecho de encenderla en un lugar o \u00e9poca no permitida, aunque no se propague el fuego. El mero acto de generar un riesgo, incumpliendo la normativa, ya es sancionable.<\/li>\n\n\n\n<li><strong>Si tengo una autorizaci\u00f3n para una quema agr\u00edcola y de repente se levanta viento, \u00bfqu\u00e9 debo hacer?<\/strong> La autorizaci\u00f3n queda autom\u00e1ticamente suspendida y es obligatorio apagar el fuego de inmediato. Si el viento mueve las hojas de los \u00e1rboles de forma apreciable (rachas superiores a 10 Km\/h), la quema est\u00e1 prohibida. El responsable de la quema asume todos los da\u00f1os si contin\u00faa.<\/li>\n\n\n\n<li><strong>\u00bfQu\u00e9 ocurre si me niego a evacuar mi casa durante un incendio forestal?<\/strong> Seg\u00fan la Ley 17\/2015 del Sistema Nacional de Protecci\u00f3n Civil, desobedecer una orden de evacuaci\u00f3n emitida por la autoridad competente es una infracci\u00f3n muy grave. Puede acarrear multas de hasta <strong>600.000 euros<\/strong>, ya que no solo se pone en peligro la propia vida, sino tambi\u00e9n la de los equipos de emergencia que tendr\u00edan que arriesgarse para un posible rescate.<\/li>\n<\/ol>\n\n\n\n<h3 class=\"wp-block-heading\">La Prevenci\u00f3n es la \u00danica Herramienta Real<\/h3>\n\n\n\n<p>La evidencia es incontestable: la prevenci\u00f3n ya no es una opci\u00f3n, sino la \u00fanica herramienta de gesti\u00f3n viable que <strong>nos<\/strong> queda. La compleja y severa normativa que regula el uso del fuego no es un capricho administrativo, sino una respuesta necesaria a una emergencia clim\u00e1tica y de seguridad que amenaza nuestros ecosistemas y nuestras vidas. Adoptar una cultura de \u00abriesgo cero\u00bb no es un acto de civismo, sino de pura inteligencia y autoprotecci\u00f3n. La pr\u00f3xima vez que pensemos en encender un fuego al aire libre, debemos actuar con la m\u00e1xima diligencia, consultando la normativa y el riesgo diario.<\/p>\n\n\n\n<p>Frente a un paisaje que puede convertirse en cenizas en cuesti\u00f3n de minutos, \u00bfno es la prudencia extrema el acto m\u00e1s sensato de libertad?<\/p>\n\n\n\n<figure class=\"wp-block-embed is-type-video is-provider-youtube wp-block-embed-youtube wp-embed-aspect-16-9 wp-has-aspect-ratio\"><div class=\"wp-block-embed__wrapper\">\n<div class=\"ast-oembed-container\"><iframe title=\"\u00a11 MILL\u00d3N DE MULTA! El peligro oculto de hacer una barbacoa en 2026\" width=\"500\" height=\"281\" src=\"https:\/\/www.youtube.com\/embed\/LBGPLozDs0s?feature=oembed&#038;enablejsapi=1&#038;origin=https:\/\/www.destrezasyvidaenelmedionatural.es\" frameborder=\"0\" allow=\"accelerometer; autoplay; clipboard-write; encrypted-media; gyroscope; picture-in-picture; web-share\" referrerpolicy=\"strict-origin-when-cross-origin\" allowfullscreen><\/iframe><\/div>\n<\/div><\/figure>\n","protected":false},"excerpt":{"rendered":"<p>Planificamos con ilusi\u00f3n ese fin de semana perfecto: una paella en el campo, una barbacoa con amigos en una casa rural o una escapada a un \u00e1rea recreativa. Actos sencillos, casi rituales, que asociamos con el descanso y la libertad. Pero, \u00bfsomos conscientes de que esa paella o esa parrillada, encendida en el lugar o &hellip;<\/p>\n<p class=\"read-more\"> <a class=\"\" href=\"https:\/\/www.destrezasyvidaenelmedionatural.es\/index.php\/2026\/01\/07\/la-cruda-realidad-de-los-incendios-forestales-en-espana\/\"> <span class=\"screen-reader-text\">\u00bfTu Barbacoa de Fin de Semana Podr\u00eda Costarte 1 Mill\u00f3n de Euros y la C\u00e1rcel? La Cruda Realidad de los Incendios Forestales en Espa\u00f1a<\/span> Leer m\u00e1s &raquo;<\/a><\/p>\n","protected":false},"author":1,"featured_media":0,"comment_status":"open","ping_status":"open","sticky":false,"template":"","format":"standard","meta":{"episode_type":"","audio_file":"","cover_image":"","cover_image_id":"","duration":"","filesize":"","date_recorded":"","explicit":"","block":"","filesize_raw":"","footnotes":""},"categories":[8],"tags":[],"class_list":["post-4633","post","type-post","status-publish","format-standard","hentry","category-blog"],"yoast_head":"<!-- This site is optimized with the Yoast SEO plugin v23.8 - https:\/\/yoast.com\/wordpress\/plugins\/seo\/ -->\n<title>\u00bfTu Barbacoa de Fin de Semana Podr\u00eda Costarte 1 Mill\u00f3n de Euros y la C\u00e1rcel? La Cruda Realidad de los Incendios Forestales en Espa\u00f1a - Destrezas y Vida en el Medio Natural<\/title>\n<meta name=\"description\" content=\"Hacer fuego en el monte hoy en d\u00eda es como firmar un cheque en blanco a favor de la justicia: no sabes cu\u00e1nto te va a costar\" \/>\n<meta name=\"robots\" content=\"index, follow, max-snippet:-1, max-image-preview:large, max-video-preview:-1\" \/>\n<link rel=\"canonical\" href=\"https:\/\/www.destrezasyvidaenelmedionatural.es\/index.php\/2026\/01\/07\/la-cruda-realidad-de-los-incendios-forestales-en-espana\/\" \/>\n<meta property=\"og:locale\" content=\"es_ES\" \/>\n<meta property=\"og:type\" content=\"article\" \/>\n<meta property=\"og:title\" content=\"\u00bfTu Barbacoa de Fin de Semana Podr\u00eda Costarte 1 Mill\u00f3n de Euros y la C\u00e1rcel? La Cruda Realidad de los Incendios Forestales en Espa\u00f1a - Destrezas y Vida en el Medio Natural\" \/>\n<meta property=\"og:description\" content=\"Hacer fuego en el monte hoy en d\u00eda es como firmar un cheque en blanco a favor de la justicia: no sabes cu\u00e1nto te va a costar\" \/>\n<meta property=\"og:url\" content=\"https:\/\/www.destrezasyvidaenelmedionatural.es\/index.php\/2026\/01\/07\/la-cruda-realidad-de-los-incendios-forestales-en-espana\/\" \/>\n<meta property=\"og:site_name\" content=\"Destrezas y Vida en el Medio Natural\" \/>\n<meta property=\"article:publisher\" content=\"https:\/\/www.facebook.com\/Destrezas.y.Vida.en.el.Medio.Natural\" \/>\n<meta property=\"article:author\" content=\"https:\/\/www.facebook.com\/Destrezas.y.Vida.en.el.Medio.Natural\" \/>\n<meta property=\"article:published_time\" content=\"2026-01-07T12:27:39+00:00\" \/>\n<meta property=\"article:modified_time\" content=\"2026-01-07T12:27:41+00:00\" \/>\n<meta property=\"og:image\" content=\"https:\/\/www.destrezasyvidaenelmedionatural.es\/wp-content\/uploads\/2026\/01\/Gemini_Generated_Image_nr2ycenr2ycenr2y.png\" \/>\n\t<meta property=\"og:image:width\" content=\"1024\" \/>\n\t<meta property=\"og:image:height\" content=\"1024\" \/>\n\t<meta property=\"og:image:type\" content=\"image\/png\" \/>\n<meta name=\"author\" content=\"admin\" \/>\n<meta name=\"twitter:card\" content=\"summary_large_image\" \/>\n<meta name=\"twitter:creator\" content=\"@DestrezasyVida\" \/>\n<meta name=\"twitter:site\" content=\"@DestrezasyVida\" \/>\n<meta name=\"twitter:label1\" content=\"Escrito por\" \/>\n\t<meta name=\"twitter:data1\" content=\"admin\" \/>\n\t<meta name=\"twitter:label2\" content=\"Tiempo de lectura\" \/>\n\t<meta name=\"twitter:data2\" content=\"11 minutos\" \/>\n<script type=\"application\/ld+json\" class=\"yoast-schema-graph\">{\"@context\":\"https:\/\/schema.org\",\"@graph\":[{\"@type\":\"Article\",\"@id\":\"https:\/\/www.destrezasyvidaenelmedionatural.es\/index.php\/2026\/01\/07\/la-cruda-realidad-de-los-incendios-forestales-en-espana\/#article\",\"isPartOf\":{\"@id\":\"https:\/\/www.destrezasyvidaenelmedionatural.es\/index.php\/2026\/01\/07\/la-cruda-realidad-de-los-incendios-forestales-en-espana\/\"},\"author\":{\"name\":\"admin\",\"@id\":\"https:\/\/www.destrezasyvidaenelmedionatural.es\/#\/schema\/person\/05ac69635d864d75006df0853eb7afd3\"},\"headline\":\"\u00bfTu Barbacoa de Fin de Semana Podr\u00eda Costarte 1 Mill\u00f3n de Euros y la C\u00e1rcel? La Cruda Realidad de los Incendios Forestales en Espa\u00f1a\",\"datePublished\":\"2026-01-07T12:27:39+00:00\",\"dateModified\":\"2026-01-07T12:27:41+00:00\",\"mainEntityOfPage\":{\"@id\":\"https:\/\/www.destrezasyvidaenelmedionatural.es\/index.php\/2026\/01\/07\/la-cruda-realidad-de-los-incendios-forestales-en-espana\/\"},\"wordCount\":2458,\"commentCount\":0,\"publisher\":{\"@id\":\"https:\/\/www.destrezasyvidaenelmedionatural.es\/#\/schema\/person\/05ac69635d864d75006df0853eb7afd3\"},\"image\":{\"@id\":\"https:\/\/www.destrezasyvidaenelmedionatural.es\/index.php\/2026\/01\/07\/la-cruda-realidad-de-los-incendios-forestales-en-espana\/#primaryimage\"},\"thumbnailUrl\":\"https:\/\/www.destrezasyvidaenelmedionatural.es\/wp-content\/uploads\/2026\/01\/Gemini_Generated_Image_nr2ycenr2ycenr2y.png\",\"articleSection\":[\"Blog\"],\"inLanguage\":\"es\",\"potentialAction\":[{\"@type\":\"CommentAction\",\"name\":\"Comment\",\"target\":[\"https:\/\/www.destrezasyvidaenelmedionatural.es\/index.php\/2026\/01\/07\/la-cruda-realidad-de-los-incendios-forestales-en-espana\/#respond\"]}]},{\"@type\":\"WebPage\",\"@id\":\"https:\/\/www.destrezasyvidaenelmedionatural.es\/index.php\/2026\/01\/07\/la-cruda-realidad-de-los-incendios-forestales-en-espana\/\",\"url\":\"https:\/\/www.destrezasyvidaenelmedionatural.es\/index.php\/2026\/01\/07\/la-cruda-realidad-de-los-incendios-forestales-en-espana\/\",\"name\":\"\u00bfTu Barbacoa de Fin de Semana Podr\u00eda Costarte 1 Mill\u00f3n de Euros y la C\u00e1rcel? La Cruda Realidad de los Incendios Forestales en Espa\u00f1a - Destrezas y Vida en el Medio Natural\",\"isPartOf\":{\"@id\":\"https:\/\/www.destrezasyvidaenelmedionatural.es\/#website\"},\"primaryImageOfPage\":{\"@id\":\"https:\/\/www.destrezasyvidaenelmedionatural.es\/index.php\/2026\/01\/07\/la-cruda-realidad-de-los-incendios-forestales-en-espana\/#primaryimage\"},\"image\":{\"@id\":\"https:\/\/www.destrezasyvidaenelmedionatural.es\/index.php\/2026\/01\/07\/la-cruda-realidad-de-los-incendios-forestales-en-espana\/#primaryimage\"},\"thumbnailUrl\":\"https:\/\/www.destrezasyvidaenelmedionatural.es\/wp-content\/uploads\/2026\/01\/Gemini_Generated_Image_nr2ycenr2ycenr2y.png\",\"datePublished\":\"2026-01-07T12:27:39+00:00\",\"dateModified\":\"2026-01-07T12:27:41+00:00\",\"description\":\"Hacer fuego en el monte hoy en d\u00eda es como firmar un cheque en blanco a favor de la justicia: no sabes cu\u00e1nto te va a costar\",\"breadcrumb\":{\"@id\":\"https:\/\/www.destrezasyvidaenelmedionatural.es\/index.php\/2026\/01\/07\/la-cruda-realidad-de-los-incendios-forestales-en-espana\/#breadcrumb\"},\"inLanguage\":\"es\",\"potentialAction\":[{\"@type\":\"ReadAction\",\"target\":[\"https:\/\/www.destrezasyvidaenelmedionatural.es\/index.php\/2026\/01\/07\/la-cruda-realidad-de-los-incendios-forestales-en-espana\/\"]}]},{\"@type\":\"ImageObject\",\"inLanguage\":\"es\",\"@id\":\"https:\/\/www.destrezasyvidaenelmedionatural.es\/index.php\/2026\/01\/07\/la-cruda-realidad-de-los-incendios-forestales-en-espana\/#primaryimage\",\"url\":\"https:\/\/www.destrezasyvidaenelmedionatural.es\/wp-content\/uploads\/2026\/01\/Gemini_Generated_Image_nr2ycenr2ycenr2y.png\",\"contentUrl\":\"https:\/\/www.destrezasyvidaenelmedionatural.es\/wp-content\/uploads\/2026\/01\/Gemini_Generated_Image_nr2ycenr2ycenr2y.png\",\"width\":1024,\"height\":1024},{\"@type\":\"BreadcrumbList\",\"@id\":\"https:\/\/www.destrezasyvidaenelmedionatural.es\/index.php\/2026\/01\/07\/la-cruda-realidad-de-los-incendios-forestales-en-espana\/#breadcrumb\",\"itemListElement\":[{\"@type\":\"ListItem\",\"position\":1,\"name\":\"Portada\",\"item\":\"https:\/\/www.destrezasyvidaenelmedionatural.es\/\"},{\"@type\":\"ListItem\",\"position\":2,\"name\":\"\u00bfTu Barbacoa de Fin de Semana Podr\u00eda Costarte 1 Mill\u00f3n de Euros y la C\u00e1rcel? La Cruda Realidad de los Incendios Forestales en Espa\u00f1a\"}]},{\"@type\":\"WebSite\",\"@id\":\"https:\/\/www.destrezasyvidaenelmedionatural.es\/#website\",\"url\":\"https:\/\/www.destrezasyvidaenelmedionatural.es\/\",\"name\":\"Destrezas y Vida en el Medio Natural\",\"description\":\"El sitio web Destrezas y Vida en el Medio Natural es un recurso excelente para cualquiera que quiera aprender sobre la naturaleza y c\u00f3mo interactuar con ella de manera segura y respetuosa.\",\"publisher\":{\"@id\":\"https:\/\/www.destrezasyvidaenelmedionatural.es\/#\/schema\/person\/05ac69635d864d75006df0853eb7afd3\"},\"potentialAction\":[{\"@type\":\"SearchAction\",\"target\":{\"@type\":\"EntryPoint\",\"urlTemplate\":\"https:\/\/www.destrezasyvidaenelmedionatural.es\/?s={search_term_string}\"},\"query-input\":{\"@type\":\"PropertyValueSpecification\",\"valueRequired\":true,\"valueName\":\"search_term_string\"}}],\"inLanguage\":\"es\"},{\"@type\":[\"Person\",\"Organization\"],\"@id\":\"https:\/\/www.destrezasyvidaenelmedionatural.es\/#\/schema\/person\/05ac69635d864d75006df0853eb7afd3\",\"name\":\"admin\",\"image\":{\"@type\":\"ImageObject\",\"inLanguage\":\"es\",\"@id\":\"https:\/\/www.destrezasyvidaenelmedionatural.es\/#\/schema\/person\/image\/\",\"url\":\"https:\/\/www.destrezasyvidaenelmedionatural.es\/wp-content\/uploads\/2021\/08\/cropped-SIN-FONDO-PRUEBA1.png\",\"contentUrl\":\"https:\/\/www.destrezasyvidaenelmedionatural.es\/wp-content\/uploads\/2021\/08\/cropped-SIN-FONDO-PRUEBA1.png\",\"width\":351,\"height\":349,\"caption\":\"admin\"},\"logo\":{\"@id\":\"https:\/\/www.destrezasyvidaenelmedionatural.es\/#\/schema\/person\/image\/\"},\"sameAs\":[\"http:\/\/www.destrezasyvidaenelmedionatural.es\",\"https:\/\/www.facebook.com\/Destrezas.y.Vida.en.el.Medio.Natural\",\"https:\/\/www.instagram.com\/destrezasyvidamn\/\"],\"url\":\"https:\/\/www.destrezasyvidaenelmedionatural.es\/index.php\/author\/admin\/\"}]}<\/script>\n<!-- \/ Yoast SEO plugin. -->","yoast_head_json":{"title":"\u00bfTu Barbacoa de Fin de Semana Podr\u00eda Costarte 1 Mill\u00f3n de Euros y la C\u00e1rcel? La Cruda Realidad de los Incendios Forestales en Espa\u00f1a - Destrezas y Vida en el Medio Natural","description":"Hacer fuego en el monte hoy en d\u00eda es como firmar un cheque en blanco a favor de la justicia: no sabes cu\u00e1nto te va a costar","robots":{"index":"index","follow":"follow","max-snippet":"max-snippet:-1","max-image-preview":"max-image-preview:large","max-video-preview":"max-video-preview:-1"},"canonical":"https:\/\/www.destrezasyvidaenelmedionatural.es\/index.php\/2026\/01\/07\/la-cruda-realidad-de-los-incendios-forestales-en-espana\/","og_locale":"es_ES","og_type":"article","og_title":"\u00bfTu Barbacoa de Fin de Semana Podr\u00eda Costarte 1 Mill\u00f3n de Euros y la C\u00e1rcel? La Cruda Realidad de los Incendios Forestales en Espa\u00f1a - Destrezas y Vida en el Medio Natural","og_description":"Hacer fuego en el monte hoy en d\u00eda es como firmar un cheque en blanco a favor de la justicia: no sabes cu\u00e1nto te va a costar","og_url":"https:\/\/www.destrezasyvidaenelmedionatural.es\/index.php\/2026\/01\/07\/la-cruda-realidad-de-los-incendios-forestales-en-espana\/","og_site_name":"Destrezas y Vida en el Medio Natural","article_publisher":"https:\/\/www.facebook.com\/Destrezas.y.Vida.en.el.Medio.Natural","article_author":"https:\/\/www.facebook.com\/Destrezas.y.Vida.en.el.Medio.Natural","article_published_time":"2026-01-07T12:27:39+00:00","article_modified_time":"2026-01-07T12:27:41+00:00","og_image":[{"width":1024,"height":1024,"url":"https:\/\/www.destrezasyvidaenelmedionatural.es\/wp-content\/uploads\/2026\/01\/Gemini_Generated_Image_nr2ycenr2ycenr2y.png","type":"image\/png"}],"author":"admin","twitter_card":"summary_large_image","twitter_creator":"@DestrezasyVida","twitter_site":"@DestrezasyVida","twitter_misc":{"Escrito por":"admin","Tiempo de lectura":"11 minutos"},"schema":{"@context":"https:\/\/schema.org","@graph":[{"@type":"Article","@id":"https:\/\/www.destrezasyvidaenelmedionatural.es\/index.php\/2026\/01\/07\/la-cruda-realidad-de-los-incendios-forestales-en-espana\/#article","isPartOf":{"@id":"https:\/\/www.destrezasyvidaenelmedionatural.es\/index.php\/2026\/01\/07\/la-cruda-realidad-de-los-incendios-forestales-en-espana\/"},"author":{"name":"admin","@id":"https:\/\/www.destrezasyvidaenelmedionatural.es\/#\/schema\/person\/05ac69635d864d75006df0853eb7afd3"},"headline":"\u00bfTu Barbacoa de Fin de Semana Podr\u00eda Costarte 1 Mill\u00f3n de Euros y la C\u00e1rcel? La Cruda Realidad de los Incendios Forestales en Espa\u00f1a","datePublished":"2026-01-07T12:27:39+00:00","dateModified":"2026-01-07T12:27:41+00:00","mainEntityOfPage":{"@id":"https:\/\/www.destrezasyvidaenelmedionatural.es\/index.php\/2026\/01\/07\/la-cruda-realidad-de-los-incendios-forestales-en-espana\/"},"wordCount":2458,"commentCount":0,"publisher":{"@id":"https:\/\/www.destrezasyvidaenelmedionatural.es\/#\/schema\/person\/05ac69635d864d75006df0853eb7afd3"},"image":{"@id":"https:\/\/www.destrezasyvidaenelmedionatural.es\/index.php\/2026\/01\/07\/la-cruda-realidad-de-los-incendios-forestales-en-espana\/#primaryimage"},"thumbnailUrl":"https:\/\/www.destrezasyvidaenelmedionatural.es\/wp-content\/uploads\/2026\/01\/Gemini_Generated_Image_nr2ycenr2ycenr2y.png","articleSection":["Blog"],"inLanguage":"es","potentialAction":[{"@type":"CommentAction","name":"Comment","target":["https:\/\/www.destrezasyvidaenelmedionatural.es\/index.php\/2026\/01\/07\/la-cruda-realidad-de-los-incendios-forestales-en-espana\/#respond"]}]},{"@type":"WebPage","@id":"https:\/\/www.destrezasyvidaenelmedionatural.es\/index.php\/2026\/01\/07\/la-cruda-realidad-de-los-incendios-forestales-en-espana\/","url":"https:\/\/www.destrezasyvidaenelmedionatural.es\/index.php\/2026\/01\/07\/la-cruda-realidad-de-los-incendios-forestales-en-espana\/","name":"\u00bfTu Barbacoa de Fin de Semana Podr\u00eda Costarte 1 Mill\u00f3n de Euros y la C\u00e1rcel? La Cruda Realidad de los Incendios Forestales en Espa\u00f1a - Destrezas y Vida en el Medio Natural","isPartOf":{"@id":"https:\/\/www.destrezasyvidaenelmedionatural.es\/#website"},"primaryImageOfPage":{"@id":"https:\/\/www.destrezasyvidaenelmedionatural.es\/index.php\/2026\/01\/07\/la-cruda-realidad-de-los-incendios-forestales-en-espana\/#primaryimage"},"image":{"@id":"https:\/\/www.destrezasyvidaenelmedionatural.es\/index.php\/2026\/01\/07\/la-cruda-realidad-de-los-incendios-forestales-en-espana\/#primaryimage"},"thumbnailUrl":"https:\/\/www.destrezasyvidaenelmedionatural.es\/wp-content\/uploads\/2026\/01\/Gemini_Generated_Image_nr2ycenr2ycenr2y.png","datePublished":"2026-01-07T12:27:39+00:00","dateModified":"2026-01-07T12:27:41+00:00","description":"Hacer fuego en el monte hoy en d\u00eda es como firmar un cheque en blanco a favor de la justicia: no sabes cu\u00e1nto te va a costar","breadcrumb":{"@id":"https:\/\/www.destrezasyvidaenelmedionatural.es\/index.php\/2026\/01\/07\/la-cruda-realidad-de-los-incendios-forestales-en-espana\/#breadcrumb"},"inLanguage":"es","potentialAction":[{"@type":"ReadAction","target":["https:\/\/www.destrezasyvidaenelmedionatural.es\/index.php\/2026\/01\/07\/la-cruda-realidad-de-los-incendios-forestales-en-espana\/"]}]},{"@type":"ImageObject","inLanguage":"es","@id":"https:\/\/www.destrezasyvidaenelmedionatural.es\/index.php\/2026\/01\/07\/la-cruda-realidad-de-los-incendios-forestales-en-espana\/#primaryimage","url":"https:\/\/www.destrezasyvidaenelmedionatural.es\/wp-content\/uploads\/2026\/01\/Gemini_Generated_Image_nr2ycenr2ycenr2y.png","contentUrl":"https:\/\/www.destrezasyvidaenelmedionatural.es\/wp-content\/uploads\/2026\/01\/Gemini_Generated_Image_nr2ycenr2ycenr2y.png","width":1024,"height":1024},{"@type":"BreadcrumbList","@id":"https:\/\/www.destrezasyvidaenelmedionatural.es\/index.php\/2026\/01\/07\/la-cruda-realidad-de-los-incendios-forestales-en-espana\/#breadcrumb","itemListElement":[{"@type":"ListItem","position":1,"name":"Portada","item":"https:\/\/www.destrezasyvidaenelmedionatural.es\/"},{"@type":"ListItem","position":2,"name":"\u00bfTu Barbacoa de Fin de Semana Podr\u00eda Costarte 1 Mill\u00f3n de Euros y la C\u00e1rcel? La Cruda Realidad de los Incendios Forestales en Espa\u00f1a"}]},{"@type":"WebSite","@id":"https:\/\/www.destrezasyvidaenelmedionatural.es\/#website","url":"https:\/\/www.destrezasyvidaenelmedionatural.es\/","name":"Destrezas y Vida en el Medio Natural","description":"El sitio web Destrezas y Vida en el Medio Natural es un recurso excelente para cualquiera que quiera aprender sobre la naturaleza y c\u00f3mo interactuar con ella de manera segura y respetuosa.","publisher":{"@id":"https:\/\/www.destrezasyvidaenelmedionatural.es\/#\/schema\/person\/05ac69635d864d75006df0853eb7afd3"},"potentialAction":[{"@type":"SearchAction","target":{"@type":"EntryPoint","urlTemplate":"https:\/\/www.destrezasyvidaenelmedionatural.es\/?s={search_term_string}"},"query-input":{"@type":"PropertyValueSpecification","valueRequired":true,"valueName":"search_term_string"}}],"inLanguage":"es"},{"@type":["Person","Organization"],"@id":"https:\/\/www.destrezasyvidaenelmedionatural.es\/#\/schema\/person\/05ac69635d864d75006df0853eb7afd3","name":"admin","image":{"@type":"ImageObject","inLanguage":"es","@id":"https:\/\/www.destrezasyvidaenelmedionatural.es\/#\/schema\/person\/image\/","url":"https:\/\/www.destrezasyvidaenelmedionatural.es\/wp-content\/uploads\/2021\/08\/cropped-SIN-FONDO-PRUEBA1.png","contentUrl":"https:\/\/www.destrezasyvidaenelmedionatural.es\/wp-content\/uploads\/2021\/08\/cropped-SIN-FONDO-PRUEBA1.png","width":351,"height":349,"caption":"admin"},"logo":{"@id":"https:\/\/www.destrezasyvidaenelmedionatural.es\/#\/schema\/person\/image\/"},"sameAs":["http:\/\/www.destrezasyvidaenelmedionatural.es","https:\/\/www.facebook.com\/Destrezas.y.Vida.en.el.Medio.Natural","https:\/\/www.instagram.com\/destrezasyvidamn\/"],"url":"https:\/\/www.destrezasyvidaenelmedionatural.es\/index.php\/author\/admin\/"}]}},"_links":{"self":[{"href":"https:\/\/www.destrezasyvidaenelmedionatural.es\/index.php\/wp-json\/wp\/v2\/posts\/4633","targetHints":{"allow":["GET"]}}],"collection":[{"href":"https:\/\/www.destrezasyvidaenelmedionatural.es\/index.php\/wp-json\/wp\/v2\/posts"}],"about":[{"href":"https:\/\/www.destrezasyvidaenelmedionatural.es\/index.php\/wp-json\/wp\/v2\/types\/post"}],"author":[{"embeddable":true,"href":"https:\/\/www.destrezasyvidaenelmedionatural.es\/index.php\/wp-json\/wp\/v2\/users\/1"}],"replies":[{"embeddable":true,"href":"https:\/\/www.destrezasyvidaenelmedionatural.es\/index.php\/wp-json\/wp\/v2\/comments?post=4633"}],"version-history":[{"count":1,"href":"https:\/\/www.destrezasyvidaenelmedionatural.es\/index.php\/wp-json\/wp\/v2\/posts\/4633\/revisions"}],"predecessor-version":[{"id":4635,"href":"https:\/\/www.destrezasyvidaenelmedionatural.es\/index.php\/wp-json\/wp\/v2\/posts\/4633\/revisions\/4635"}],"wp:attachment":[{"href":"https:\/\/www.destrezasyvidaenelmedionatural.es\/index.php\/wp-json\/wp\/v2\/media?parent=4633"}],"wp:term":[{"taxonomy":"category","embeddable":true,"href":"https:\/\/www.destrezasyvidaenelmedionatural.es\/index.php\/wp-json\/wp\/v2\/categories?post=4633"},{"taxonomy":"post_tag","embeddable":true,"href":"https:\/\/www.destrezasyvidaenelmedionatural.es\/index.php\/wp-json\/wp\/v2\/tags?post=4633"}],"curies":[{"name":"wp","href":"https:\/\/api.w.org\/{rel}","templated":true}]}}