{"id":4665,"date":"2026-01-16T12:28:45","date_gmt":"2026-01-16T12:28:45","guid":{"rendered":"https:\/\/www.destrezasyvidaenelmedionatural.es\/?p=4665"},"modified":"2026-01-16T12:28:47","modified_gmt":"2026-01-16T12:28:47","slug":"el-susto-electrico-de-abril-de-2025","status":"publish","type":"post","link":"https:\/\/www.destrezasyvidaenelmedionatural.es\/index.php\/2026\/01\/16\/el-susto-electrico-de-abril-de-2025\/","title":{"rendered":"El &#8216;susto&#8217; el\u00e9ctrico de abril de 2025"},"content":{"rendered":"\n<p>\u00bfRecuerdas ese d\u00eda? El 28 de abril de 2025, a las 12:33 horas, Espa\u00f1a y Portugal vivieron uno de los mayores apagones de su historia. En apenas segundos, se perdieron m\u00e1s de 15 gigavatios de potencia, dejando sin electricidad a millones de personas en la pen\u00ednsula ib\u00e9rica, Andorra y partes del sur de Francia. El sistema colaps\u00f3 por una cascada de eventos: sobretensiones, desconexiones autom\u00e1ticas y una tormenta perfecta de factores multifactoriales, seg\u00fan informes oficiales del Ministerio para la Transici\u00f3n Ecol\u00f3gica y Red El\u00e9ctrica de Espa\u00f1a. No fue un sabotaje, sino una prueba de la fragilidad de nuestra red el\u00e9ctrica.\u00bb<\/p>\n\n\n<div class=\"wp-block-image\">\n<figure class=\"aligncenter size-large is-resized\"><img fetchpriority=\"high\" decoding=\"async\" width=\"1024\" height=\"676\" src=\"https:\/\/www.destrezasyvidaenelmedionatural.es\/wp-content\/uploads\/2026\/01\/XAFZ6QFI4RGKHHHKIUJWWEE45U-1024x676.avif\" alt=\"\" class=\"wp-image-4666\" style=\"aspect-ratio:1.5147942779926378;width:610px;height:auto\" srcset=\"https:\/\/www.destrezasyvidaenelmedionatural.es\/wp-content\/uploads\/2026\/01\/XAFZ6QFI4RGKHHHKIUJWWEE45U-1024x676.avif 1024w, https:\/\/www.destrezasyvidaenelmedionatural.es\/wp-content\/uploads\/2026\/01\/XAFZ6QFI4RGKHHHKIUJWWEE45U-300x198.avif 300w, https:\/\/www.destrezasyvidaenelmedionatural.es\/wp-content\/uploads\/2026\/01\/XAFZ6QFI4RGKHHHKIUJWWEE45U-768x507.avif 768w, https:\/\/www.destrezasyvidaenelmedionatural.es\/wp-content\/uploads\/2026\/01\/XAFZ6QFI4RGKHHHKIUJWWEE45U-100x66.avif 100w, https:\/\/www.destrezasyvidaenelmedionatural.es\/wp-content\/uploads\/2026\/01\/XAFZ6QFI4RGKHHHKIUJWWEE45U.avif 1200w\" sizes=\"(max-width: 1024px) 100vw, 1024px\" \/><figcaption class=\"wp-element-caption\">Gr\u00e1fico de la ca\u00edda de la electricidad en Espa\u00f1a, el 28 de abril de 2025.<\/figcaption><\/figure>\n<\/div>\n\n\n<p>Hospitales en emergencia, transportes paralizados, comunicaciones cortadas&#8230; Todo se detuvo durante horas. Ese &#8216;susto&#8217; nos record\u00f3 cu\u00e1n dependientes somos de un sistema que puede fallar en cualquier momento. Y en regiones como Murcia y Valencia, donde la sequ\u00eda ya nos acecha, un apag\u00f3n como este podr\u00eda agravar la crisis del agua: bombas el\u00e9ctricas paradas, sistemas de distribuci\u00f3n colapsados, y grifos secos no solo por falta de lluvia, sino por falta de energ\u00eda.<\/p>\n\n\n<div class=\"wp-block-image\">\n<figure class=\"aligncenter size-large is-resized\"><img decoding=\"async\" width=\"1024\" height=\"683\" src=\"https:\/\/www.destrezasyvidaenelmedionatural.es\/wp-content\/uploads\/2026\/01\/pexels-gustavo-fring-4254168-1024x683.jpg\" alt=\"\" class=\"wp-image-4667\" style=\"aspect-ratio:1.4992851542683208;width:598px;height:auto\" srcset=\"https:\/\/www.destrezasyvidaenelmedionatural.es\/wp-content\/uploads\/2026\/01\/pexels-gustavo-fring-4254168-1024x683.jpg 1024w, https:\/\/www.destrezasyvidaenelmedionatural.es\/wp-content\/uploads\/2026\/01\/pexels-gustavo-fring-4254168-300x200.jpg 300w, https:\/\/www.destrezasyvidaenelmedionatural.es\/wp-content\/uploads\/2026\/01\/pexels-gustavo-fring-4254168-768x512.jpg 768w, https:\/\/www.destrezasyvidaenelmedionatural.es\/wp-content\/uploads\/2026\/01\/pexels-gustavo-fring-4254168-100x67.jpg 100w, https:\/\/www.destrezasyvidaenelmedionatural.es\/wp-content\/uploads\/2026\/01\/pexels-gustavo-fring-4254168-1536x1024.jpg 1536w, https:\/\/www.destrezasyvidaenelmedionatural.es\/wp-content\/uploads\/2026\/01\/pexels-gustavo-fring-4254168-2048x1365.jpg 2048w\" sizes=\"(max-width: 1024px) 100vw, 1024px\" \/><\/figure>\n<\/div>\n\n\n<p>Pero no todo es oscuridad. Ese evento nos ense\u00f1a a prepararnos. En Destrezas y Vida en el Medio Natural, creemos en la resiliencia. Por eso, recordamos la fragilidad del sistema para actuar: invirtiendo en autonom\u00eda energ\u00e9tica y soluciones independientes. Y hablando de independencia, \u00bfqu\u00e9 pasa con el agua? Sin electricidad, el acceso al agua potable se complica a\u00fan m\u00e1s. Es por eso que lanzamos nuestro <strong><a href=\"https:\/\/www.destrezasyvidaenelmedionatural.es\/index.php\/2025\/12\/14\/taller-potabilizacion-agua-supervivencia-murcia\/\">Taller de Potabilizaci\u00f3n de Agua<\/a><\/strong>, donde aprender\u00e1s a purificar agua sin depender de la red el\u00e9ctrica.\u00bb<\/p>\n\n\n<div class=\"wp-block-image\">\n<figure class=\"alignleft size-full is-resized\"><img decoding=\"async\" width=\"768\" height=\"1024\" src=\"https:\/\/www.destrezasyvidaenelmedionatural.es\/wp-content\/uploads\/2026\/01\/93249110ccaad9aa36880ba27753bc5d.jpg\" alt=\"\" class=\"wp-image-4670\" style=\"width:433px;height:auto\" srcset=\"https:\/\/www.destrezasyvidaenelmedionatural.es\/wp-content\/uploads\/2026\/01\/93249110ccaad9aa36880ba27753bc5d.jpg 768w, https:\/\/www.destrezasyvidaenelmedionatural.es\/wp-content\/uploads\/2026\/01\/93249110ccaad9aa36880ba27753bc5d-225x300.jpg 225w, https:\/\/www.destrezasyvidaenelmedionatural.es\/wp-content\/uploads\/2026\/01\/93249110ccaad9aa36880ba27753bc5d-75x100.jpg 75w\" sizes=\"(max-width: 768px) 100vw, 768px\" \/><\/figure>\n<\/div>\n\n\n<p>En el taller, cubriremos t\u00e9cnicas b\u00e1sicas como hervir, filtrar y usar cloro, hasta m\u00e9todos avanzados con UV port\u00e1til y \u00f3smosis inversa que pueden funcionar con bater\u00edas o manualmente. Descubre fuentes alternativas: recolectar lluvia, tratar pozos o embalses de forma segura. Arma kits DIY con productos de FerreHogar, como filtros cer\u00e1micos, destiladores solares y generadores port\u00e1tiles para emergencias. Y consejos para ahorrar agua y energ\u00eda en tiempos de crisis.\u00bb<\/p>\n\n\n\n<p>No dejes que el pr\u00f3ximo &#8216;susto&#8217; te pille desprevenido. El taller es este s\u00e1bado 1 de febrero 2026, de 09:00 a 14:00 en Murcia. Plazas limitadas: inscr\u00edbete ya en el <a href=\"https:\/\/www.destrezasyvidaenelmedionatural.es\/index.php\/2025\/12\/14\/taller-potabilizacion-agua-supervivencia-murcia\/\">enlace<\/a><\/p>\n","protected":false},"excerpt":{"rendered":"<p>\u00bfRecuerdas ese d\u00eda? El 28 de abril de 2025, a las 12:33 horas, Espa\u00f1a y Portugal vivieron uno de los mayores apagones de su historia. En apenas segundos, se perdieron m\u00e1s de 15 gigavatios de potencia, dejando sin electricidad a millones de personas en la pen\u00ednsula ib\u00e9rica, Andorra y partes del sur de Francia. El &hellip;<\/p>\n<p class=\"read-more\"> <a class=\"\" href=\"https:\/\/www.destrezasyvidaenelmedionatural.es\/index.php\/2026\/01\/16\/el-susto-electrico-de-abril-de-2025\/\"> <span class=\"screen-reader-text\">El &#8216;susto&#8217; el\u00e9ctrico de abril de 2025<\/span> Leer m\u00e1s &raquo;<\/a><\/p>\n","protected":false},"author":1,"featured_media":4669,"comment_status":"open","ping_status":"open","sticky":false,"template":"","format":"standard","meta":{"episode_type":"","audio_file":"","cover_image":"","cover_image_id":"","duration":"","filesize":"","date_recorded":"","explicit":"","block":"","filesize_raw":"","footnotes":""},"categories":[8],"tags":[],"class_list":["post-4665","post","type-post","status-publish","format-standard","has-post-thumbnail","hentry","category-blog"],"yoast_head":"<!-- This site is optimized with the Yoast SEO plugin v23.8 - https:\/\/yoast.com\/wordpress\/plugins\/seo\/ -->\n<title>El &#039;susto&#039; el\u00e9ctrico de abril de 2025 - Destrezas y Vida en el Medio Natural<\/title>\n<meta name=\"description\" content=\"En \u00e1reas como Murcia y Valencia, donde la sequ\u00eda ya es cr\u00edtica, un apag\u00f3n agrava la crisis del agua: sin electricidad, las bombas fallan\" \/>\n<meta name=\"robots\" content=\"index, follow, max-snippet:-1, max-image-preview:large, max-video-preview:-1\" \/>\n<link rel=\"canonical\" href=\"https:\/\/www.destrezasyvidaenelmedionatural.es\/index.php\/2026\/01\/16\/el-susto-electrico-de-abril-de-2025\/\" \/>\n<meta property=\"og:locale\" content=\"es_ES\" \/>\n<meta property=\"og:type\" content=\"article\" \/>\n<meta property=\"og:title\" content=\"El &#039;susto&#039; el\u00e9ctrico de abril de 2025 - Destrezas y Vida en el Medio Natural\" \/>\n<meta property=\"og:description\" content=\"En \u00e1reas como Murcia y Valencia, donde la sequ\u00eda ya es cr\u00edtica, un apag\u00f3n agrava la crisis del agua: sin electricidad, las bombas fallan\" \/>\n<meta property=\"og:url\" content=\"https:\/\/www.destrezasyvidaenelmedionatural.es\/index.php\/2026\/01\/16\/el-susto-electrico-de-abril-de-2025\/\" \/>\n<meta property=\"og:site_name\" content=\"Destrezas y Vida en el Medio Natural\" \/>\n<meta property=\"article:publisher\" content=\"https:\/\/www.facebook.com\/Destrezas.y.Vida.en.el.Medio.Natural\" \/>\n<meta property=\"article:author\" content=\"https:\/\/www.facebook.com\/Destrezas.y.Vida.en.el.Medio.Natural\" \/>\n<meta property=\"article:published_time\" content=\"2026-01-16T12:28:45+00:00\" \/>\n<meta property=\"article:modified_time\" content=\"2026-01-16T12:28:47+00:00\" \/>\n<meta property=\"og:image\" content=\"http:\/\/www.destrezasyvidaenelmedionatural.es\/wp-content\/uploads\/2026\/01\/Screenshot_20250429_102313_Chrome-1000x650-1.jpg\" \/>\n\t<meta property=\"og:image:width\" content=\"1000\" \/>\n\t<meta property=\"og:image:height\" content=\"650\" \/>\n\t<meta property=\"og:image:type\" content=\"image\/jpeg\" \/>\n<meta name=\"author\" content=\"admin\" \/>\n<meta name=\"twitter:card\" content=\"summary_large_image\" \/>\n<meta name=\"twitter:creator\" content=\"@DestrezasyVida\" \/>\n<meta name=\"twitter:site\" content=\"@DestrezasyVida\" \/>\n<meta name=\"twitter:label1\" content=\"Escrito por\" \/>\n\t<meta name=\"twitter:data1\" content=\"admin\" \/>\n\t<meta name=\"twitter:label2\" content=\"Tiempo de lectura\" \/>\n\t<meta name=\"twitter:data2\" content=\"3 minutos\" \/>\n<script type=\"application\/ld+json\" class=\"yoast-schema-graph\">{\"@context\":\"https:\/\/schema.org\",\"@graph\":[{\"@type\":\"Article\",\"@id\":\"https:\/\/www.destrezasyvidaenelmedionatural.es\/index.php\/2026\/01\/16\/el-susto-electrico-de-abril-de-2025\/#article\",\"isPartOf\":{\"@id\":\"https:\/\/www.destrezasyvidaenelmedionatural.es\/index.php\/2026\/01\/16\/el-susto-electrico-de-abril-de-2025\/\"},\"author\":{\"name\":\"admin\",\"@id\":\"https:\/\/www.destrezasyvidaenelmedionatural.es\/#\/schema\/person\/05ac69635d864d75006df0853eb7afd3\"},\"headline\":\"El &#8216;susto&#8217; el\u00e9ctrico de abril de 2025\",\"datePublished\":\"2026-01-16T12:28:45+00:00\",\"dateModified\":\"2026-01-16T12:28:47+00:00\",\"mainEntityOfPage\":{\"@id\":\"https:\/\/www.destrezasyvidaenelmedionatural.es\/index.php\/2026\/01\/16\/el-susto-electrico-de-abril-de-2025\/\"},\"wordCount\":405,\"commentCount\":0,\"publisher\":{\"@id\":\"https:\/\/www.destrezasyvidaenelmedionatural.es\/#\/schema\/person\/05ac69635d864d75006df0853eb7afd3\"},\"image\":{\"@id\":\"https:\/\/www.destrezasyvidaenelmedionatural.es\/index.php\/2026\/01\/16\/el-susto-electrico-de-abril-de-2025\/#primaryimage\"},\"thumbnailUrl\":\"https:\/\/www.destrezasyvidaenelmedionatural.es\/wp-content\/uploads\/2026\/01\/Screenshot_20250429_102313_Chrome-1000x650-1.jpg\",\"articleSection\":[\"Blog\"],\"inLanguage\":\"es\",\"potentialAction\":[{\"@type\":\"CommentAction\",\"name\":\"Comment\",\"target\":[\"https:\/\/www.destrezasyvidaenelmedionatural.es\/index.php\/2026\/01\/16\/el-susto-electrico-de-abril-de-2025\/#respond\"]}]},{\"@type\":\"WebPage\",\"@id\":\"https:\/\/www.destrezasyvidaenelmedionatural.es\/index.php\/2026\/01\/16\/el-susto-electrico-de-abril-de-2025\/\",\"url\":\"https:\/\/www.destrezasyvidaenelmedionatural.es\/index.php\/2026\/01\/16\/el-susto-electrico-de-abril-de-2025\/\",\"name\":\"El 'susto' el\u00e9ctrico de abril de 2025 - Destrezas y Vida en el Medio Natural\",\"isPartOf\":{\"@id\":\"https:\/\/www.destrezasyvidaenelmedionatural.es\/#website\"},\"primaryImageOfPage\":{\"@id\":\"https:\/\/www.destrezasyvidaenelmedionatural.es\/index.php\/2026\/01\/16\/el-susto-electrico-de-abril-de-2025\/#primaryimage\"},\"image\":{\"@id\":\"https:\/\/www.destrezasyvidaenelmedionatural.es\/index.php\/2026\/01\/16\/el-susto-electrico-de-abril-de-2025\/#primaryimage\"},\"thumbnailUrl\":\"https:\/\/www.destrezasyvidaenelmedionatural.es\/wp-content\/uploads\/2026\/01\/Screenshot_20250429_102313_Chrome-1000x650-1.jpg\",\"datePublished\":\"2026-01-16T12:28:45+00:00\",\"dateModified\":\"2026-01-16T12:28:47+00:00\",\"description\":\"En \u00e1reas como Murcia y Valencia, donde la sequ\u00eda ya es cr\u00edtica, un apag\u00f3n agrava la crisis del agua: sin electricidad, las bombas fallan\",\"breadcrumb\":{\"@id\":\"https:\/\/www.destrezasyvidaenelmedionatural.es\/index.php\/2026\/01\/16\/el-susto-electrico-de-abril-de-2025\/#breadcrumb\"},\"inLanguage\":\"es\",\"potentialAction\":[{\"@type\":\"ReadAction\",\"target\":[\"https:\/\/www.destrezasyvidaenelmedionatural.es\/index.php\/2026\/01\/16\/el-susto-electrico-de-abril-de-2025\/\"]}]},{\"@type\":\"ImageObject\",\"inLanguage\":\"es\",\"@id\":\"https:\/\/www.destrezasyvidaenelmedionatural.es\/index.php\/2026\/01\/16\/el-susto-electrico-de-abril-de-2025\/#primaryimage\",\"url\":\"https:\/\/www.destrezasyvidaenelmedionatural.es\/wp-content\/uploads\/2026\/01\/Screenshot_20250429_102313_Chrome-1000x650-1.jpg\",\"contentUrl\":\"https:\/\/www.destrezasyvidaenelmedionatural.es\/wp-content\/uploads\/2026\/01\/Screenshot_20250429_102313_Chrome-1000x650-1.jpg\",\"width\":1000,\"height\":650},{\"@type\":\"BreadcrumbList\",\"@id\":\"https:\/\/www.destrezasyvidaenelmedionatural.es\/index.php\/2026\/01\/16\/el-susto-electrico-de-abril-de-2025\/#breadcrumb\",\"itemListElement\":[{\"@type\":\"ListItem\",\"position\":1,\"name\":\"Portada\",\"item\":\"https:\/\/www.destrezasyvidaenelmedionatural.es\/\"},{\"@type\":\"ListItem\",\"position\":2,\"name\":\"El &#8216;susto&#8217; el\u00e9ctrico de abril de 2025\"}]},{\"@type\":\"WebSite\",\"@id\":\"https:\/\/www.destrezasyvidaenelmedionatural.es\/#website\",\"url\":\"https:\/\/www.destrezasyvidaenelmedionatural.es\/\",\"name\":\"Destrezas y Vida en el Medio Natural\",\"description\":\"El sitio web Destrezas y Vida en el Medio Natural es un recurso excelente para cualquiera que quiera aprender sobre la naturaleza y c\u00f3mo interactuar con ella de manera segura y respetuosa.\",\"publisher\":{\"@id\":\"https:\/\/www.destrezasyvidaenelmedionatural.es\/#\/schema\/person\/05ac69635d864d75006df0853eb7afd3\"},\"potentialAction\":[{\"@type\":\"SearchAction\",\"target\":{\"@type\":\"EntryPoint\",\"urlTemplate\":\"https:\/\/www.destrezasyvidaenelmedionatural.es\/?s={search_term_string}\"},\"query-input\":{\"@type\":\"PropertyValueSpecification\",\"valueRequired\":true,\"valueName\":\"search_term_string\"}}],\"inLanguage\":\"es\"},{\"@type\":[\"Person\",\"Organization\"],\"@id\":\"https:\/\/www.destrezasyvidaenelmedionatural.es\/#\/schema\/person\/05ac69635d864d75006df0853eb7afd3\",\"name\":\"admin\",\"image\":{\"@type\":\"ImageObject\",\"inLanguage\":\"es\",\"@id\":\"https:\/\/www.destrezasyvidaenelmedionatural.es\/#\/schema\/person\/image\/\",\"url\":\"https:\/\/www.destrezasyvidaenelmedionatural.es\/wp-content\/uploads\/2021\/08\/cropped-SIN-FONDO-PRUEBA1.png\",\"contentUrl\":\"https:\/\/www.destrezasyvidaenelmedionatural.es\/wp-content\/uploads\/2021\/08\/cropped-SIN-FONDO-PRUEBA1.png\",\"width\":351,\"height\":349,\"caption\":\"admin\"},\"logo\":{\"@id\":\"https:\/\/www.destrezasyvidaenelmedionatural.es\/#\/schema\/person\/image\/\"},\"sameAs\":[\"http:\/\/www.destrezasyvidaenelmedionatural.es\",\"https:\/\/www.facebook.com\/Destrezas.y.Vida.en.el.Medio.Natural\",\"https:\/\/www.instagram.com\/destrezasyvidamn\/\"],\"url\":\"https:\/\/www.destrezasyvidaenelmedionatural.es\/index.php\/author\/admin\/\"}]}<\/script>\n<!-- \/ Yoast SEO plugin. -->","yoast_head_json":{"title":"El 'susto' el\u00e9ctrico de abril de 2025 - Destrezas y Vida en el Medio Natural","description":"En \u00e1reas como Murcia y Valencia, donde la sequ\u00eda ya es cr\u00edtica, un apag\u00f3n agrava la crisis del agua: sin electricidad, las bombas fallan","robots":{"index":"index","follow":"follow","max-snippet":"max-snippet:-1","max-image-preview":"max-image-preview:large","max-video-preview":"max-video-preview:-1"},"canonical":"https:\/\/www.destrezasyvidaenelmedionatural.es\/index.php\/2026\/01\/16\/el-susto-electrico-de-abril-de-2025\/","og_locale":"es_ES","og_type":"article","og_title":"El 'susto' el\u00e9ctrico de abril de 2025 - Destrezas y Vida en el Medio Natural","og_description":"En \u00e1reas como Murcia y Valencia, donde la sequ\u00eda ya es cr\u00edtica, un apag\u00f3n agrava la crisis del agua: sin electricidad, las bombas fallan","og_url":"https:\/\/www.destrezasyvidaenelmedionatural.es\/index.php\/2026\/01\/16\/el-susto-electrico-de-abril-de-2025\/","og_site_name":"Destrezas y Vida en el Medio Natural","article_publisher":"https:\/\/www.facebook.com\/Destrezas.y.Vida.en.el.Medio.Natural","article_author":"https:\/\/www.facebook.com\/Destrezas.y.Vida.en.el.Medio.Natural","article_published_time":"2026-01-16T12:28:45+00:00","article_modified_time":"2026-01-16T12:28:47+00:00","og_image":[{"width":1000,"height":650,"url":"http:\/\/www.destrezasyvidaenelmedionatural.es\/wp-content\/uploads\/2026\/01\/Screenshot_20250429_102313_Chrome-1000x650-1.jpg","type":"image\/jpeg"}],"author":"admin","twitter_card":"summary_large_image","twitter_creator":"@DestrezasyVida","twitter_site":"@DestrezasyVida","twitter_misc":{"Escrito por":"admin","Tiempo de lectura":"3 minutos"},"schema":{"@context":"https:\/\/schema.org","@graph":[{"@type":"Article","@id":"https:\/\/www.destrezasyvidaenelmedionatural.es\/index.php\/2026\/01\/16\/el-susto-electrico-de-abril-de-2025\/#article","isPartOf":{"@id":"https:\/\/www.destrezasyvidaenelmedionatural.es\/index.php\/2026\/01\/16\/el-susto-electrico-de-abril-de-2025\/"},"author":{"name":"admin","@id":"https:\/\/www.destrezasyvidaenelmedionatural.es\/#\/schema\/person\/05ac69635d864d75006df0853eb7afd3"},"headline":"El &#8216;susto&#8217; el\u00e9ctrico de abril de 2025","datePublished":"2026-01-16T12:28:45+00:00","dateModified":"2026-01-16T12:28:47+00:00","mainEntityOfPage":{"@id":"https:\/\/www.destrezasyvidaenelmedionatural.es\/index.php\/2026\/01\/16\/el-susto-electrico-de-abril-de-2025\/"},"wordCount":405,"commentCount":0,"publisher":{"@id":"https:\/\/www.destrezasyvidaenelmedionatural.es\/#\/schema\/person\/05ac69635d864d75006df0853eb7afd3"},"image":{"@id":"https:\/\/www.destrezasyvidaenelmedionatural.es\/index.php\/2026\/01\/16\/el-susto-electrico-de-abril-de-2025\/#primaryimage"},"thumbnailUrl":"https:\/\/www.destrezasyvidaenelmedionatural.es\/wp-content\/uploads\/2026\/01\/Screenshot_20250429_102313_Chrome-1000x650-1.jpg","articleSection":["Blog"],"inLanguage":"es","potentialAction":[{"@type":"CommentAction","name":"Comment","target":["https:\/\/www.destrezasyvidaenelmedionatural.es\/index.php\/2026\/01\/16\/el-susto-electrico-de-abril-de-2025\/#respond"]}]},{"@type":"WebPage","@id":"https:\/\/www.destrezasyvidaenelmedionatural.es\/index.php\/2026\/01\/16\/el-susto-electrico-de-abril-de-2025\/","url":"https:\/\/www.destrezasyvidaenelmedionatural.es\/index.php\/2026\/01\/16\/el-susto-electrico-de-abril-de-2025\/","name":"El 'susto' el\u00e9ctrico de abril de 2025 - Destrezas y Vida en el Medio Natural","isPartOf":{"@id":"https:\/\/www.destrezasyvidaenelmedionatural.es\/#website"},"primaryImageOfPage":{"@id":"https:\/\/www.destrezasyvidaenelmedionatural.es\/index.php\/2026\/01\/16\/el-susto-electrico-de-abril-de-2025\/#primaryimage"},"image":{"@id":"https:\/\/www.destrezasyvidaenelmedionatural.es\/index.php\/2026\/01\/16\/el-susto-electrico-de-abril-de-2025\/#primaryimage"},"thumbnailUrl":"https:\/\/www.destrezasyvidaenelmedionatural.es\/wp-content\/uploads\/2026\/01\/Screenshot_20250429_102313_Chrome-1000x650-1.jpg","datePublished":"2026-01-16T12:28:45+00:00","dateModified":"2026-01-16T12:28:47+00:00","description":"En \u00e1reas como Murcia y Valencia, donde la sequ\u00eda ya es cr\u00edtica, un apag\u00f3n agrava la crisis del agua: sin electricidad, las bombas fallan","breadcrumb":{"@id":"https:\/\/www.destrezasyvidaenelmedionatural.es\/index.php\/2026\/01\/16\/el-susto-electrico-de-abril-de-2025\/#breadcrumb"},"inLanguage":"es","potentialAction":[{"@type":"ReadAction","target":["https:\/\/www.destrezasyvidaenelmedionatural.es\/index.php\/2026\/01\/16\/el-susto-electrico-de-abril-de-2025\/"]}]},{"@type":"ImageObject","inLanguage":"es","@id":"https:\/\/www.destrezasyvidaenelmedionatural.es\/index.php\/2026\/01\/16\/el-susto-electrico-de-abril-de-2025\/#primaryimage","url":"https:\/\/www.destrezasyvidaenelmedionatural.es\/wp-content\/uploads\/2026\/01\/Screenshot_20250429_102313_Chrome-1000x650-1.jpg","contentUrl":"https:\/\/www.destrezasyvidaenelmedionatural.es\/wp-content\/uploads\/2026\/01\/Screenshot_20250429_102313_Chrome-1000x650-1.jpg","width":1000,"height":650},{"@type":"BreadcrumbList","@id":"https:\/\/www.destrezasyvidaenelmedionatural.es\/index.php\/2026\/01\/16\/el-susto-electrico-de-abril-de-2025\/#breadcrumb","itemListElement":[{"@type":"ListItem","position":1,"name":"Portada","item":"https:\/\/www.destrezasyvidaenelmedionatural.es\/"},{"@type":"ListItem","position":2,"name":"El &#8216;susto&#8217; el\u00e9ctrico de abril de 2025"}]},{"@type":"WebSite","@id":"https:\/\/www.destrezasyvidaenelmedionatural.es\/#website","url":"https:\/\/www.destrezasyvidaenelmedionatural.es\/","name":"Destrezas y Vida en el Medio Natural","description":"El sitio web Destrezas y Vida en el Medio Natural es un recurso excelente para cualquiera que quiera aprender sobre la naturaleza y c\u00f3mo interactuar con ella de manera segura y respetuosa.","publisher":{"@id":"https:\/\/www.destrezasyvidaenelmedionatural.es\/#\/schema\/person\/05ac69635d864d75006df0853eb7afd3"},"potentialAction":[{"@type":"SearchAction","target":{"@type":"EntryPoint","urlTemplate":"https:\/\/www.destrezasyvidaenelmedionatural.es\/?s={search_term_string}"},"query-input":{"@type":"PropertyValueSpecification","valueRequired":true,"valueName":"search_term_string"}}],"inLanguage":"es"},{"@type":["Person","Organization"],"@id":"https:\/\/www.destrezasyvidaenelmedionatural.es\/#\/schema\/person\/05ac69635d864d75006df0853eb7afd3","name":"admin","image":{"@type":"ImageObject","inLanguage":"es","@id":"https:\/\/www.destrezasyvidaenelmedionatural.es\/#\/schema\/person\/image\/","url":"https:\/\/www.destrezasyvidaenelmedionatural.es\/wp-content\/uploads\/2021\/08\/cropped-SIN-FONDO-PRUEBA1.png","contentUrl":"https:\/\/www.destrezasyvidaenelmedionatural.es\/wp-content\/uploads\/2021\/08\/cropped-SIN-FONDO-PRUEBA1.png","width":351,"height":349,"caption":"admin"},"logo":{"@id":"https:\/\/www.destrezasyvidaenelmedionatural.es\/#\/schema\/person\/image\/"},"sameAs":["http:\/\/www.destrezasyvidaenelmedionatural.es","https:\/\/www.facebook.com\/Destrezas.y.Vida.en.el.Medio.Natural","https:\/\/www.instagram.com\/destrezasyvidamn\/"],"url":"https:\/\/www.destrezasyvidaenelmedionatural.es\/index.php\/author\/admin\/"}]}},"_links":{"self":[{"href":"https:\/\/www.destrezasyvidaenelmedionatural.es\/index.php\/wp-json\/wp\/v2\/posts\/4665","targetHints":{"allow":["GET"]}}],"collection":[{"href":"https:\/\/www.destrezasyvidaenelmedionatural.es\/index.php\/wp-json\/wp\/v2\/posts"}],"about":[{"href":"https:\/\/www.destrezasyvidaenelmedionatural.es\/index.php\/wp-json\/wp\/v2\/types\/post"}],"author":[{"embeddable":true,"href":"https:\/\/www.destrezasyvidaenelmedionatural.es\/index.php\/wp-json\/wp\/v2\/users\/1"}],"replies":[{"embeddable":true,"href":"https:\/\/www.destrezasyvidaenelmedionatural.es\/index.php\/wp-json\/wp\/v2\/comments?post=4665"}],"version-history":[{"count":1,"href":"https:\/\/www.destrezasyvidaenelmedionatural.es\/index.php\/wp-json\/wp\/v2\/posts\/4665\/revisions"}],"predecessor-version":[{"id":4671,"href":"https:\/\/www.destrezasyvidaenelmedionatural.es\/index.php\/wp-json\/wp\/v2\/posts\/4665\/revisions\/4671"}],"wp:featuredmedia":[{"embeddable":true,"href":"https:\/\/www.destrezasyvidaenelmedionatural.es\/index.php\/wp-json\/wp\/v2\/media\/4669"}],"wp:attachment":[{"href":"https:\/\/www.destrezasyvidaenelmedionatural.es\/index.php\/wp-json\/wp\/v2\/media?parent=4665"}],"wp:term":[{"taxonomy":"category","embeddable":true,"href":"https:\/\/www.destrezasyvidaenelmedionatural.es\/index.php\/wp-json\/wp\/v2\/categories?post=4665"},{"taxonomy":"post_tag","embeddable":true,"href":"https:\/\/www.destrezasyvidaenelmedionatural.es\/index.php\/wp-json\/wp\/v2\/tags?post=4665"}],"curies":[{"name":"wp","href":"https:\/\/api.w.org\/{rel}","templated":true}]}}