{"id":4682,"date":"2026-01-28T12:58:06","date_gmt":"2026-01-28T12:58:06","guid":{"rendered":"https:\/\/www.destrezasyvidaenelmedionatural.es\/?p=4682"},"modified":"2026-01-28T12:58:08","modified_gmt":"2026-01-28T12:58:08","slug":"kit-72-horas-ue-apagon-2025-preparacion","status":"publish","type":"post","link":"https:\/\/www.destrezasyvidaenelmedionatural.es\/index.php\/2026\/01\/28\/kit-72-horas-ue-apagon-2025-preparacion\/","title":{"rendered":"El Apag\u00f3n de Abril 2025: Por Qu\u00e9 la UE Insiste en el Kit de 72 Horas"},"content":{"rendered":"\n<p>La Uni\u00f3n Europea, a trav\u00e9s de la Comisi\u00f3n Europea y su <strong>Estrategia de Preparaci\u00f3n de la Uni\u00f3n<\/strong> (lanzada en marzo de 2025), recomienda que <strong>cada hogar europeo prepare un kit de emergencia para ser autosuficiente durante al menos 72 horas<\/strong> en caso de crisis graves. Esto incluye desastres naturales (como DANAs o apagones masivos), ciberataques, conflictos geopol\u00edticos o interrupciones prolongadas de suministros b\u00e1sicos.<\/p>\n\n\n\n<p>No es una obligaci\u00f3n legal, sino una recomendaci\u00f3n pr\u00e1ctica para fomentar la resiliencia ciudadana. La idea clave: las primeras 72 horas son cr\u00edticas, ya que la ayuda externa (Protecci\u00f3n Civil, suministros) puede tardar en llegar a todos. Pa\u00edses como Suecia, Finlandia y Francia ya tienen gu\u00edas similares desde hace a\u00f1os, y la UE busca armonizar esto en los 27 Estados miembros.<\/p>\n\n\n\n<p><strong>\u00bfPor qu\u00e9 72 horas?<\/strong> En emergencias reales (apagones, inundaciones, pandemias o conflictos), los servicios esenciales pueden fallar: sin electricidad no hay bombeo de agua, sin transporte no llegan alimentos, y las comunicaciones digitales colapsan. Tener suministros b\u00e1sicos evita el caos y reduce la presi\u00f3n sobre los equipos de rescate.<\/p>\n\n\n\n<p><strong>Elementos recomendados por la Comisi\u00f3n Europea y ejemplos nacionales (Francia, B\u00e9lgica, etc.):<\/strong><\/p>\n\n\n\n<ul class=\"wp-block-list\">\n<li><strong>Agua<\/strong>: Al menos 3 litros por persona y d\u00eda (total 9 L\/persona para 72 h).<\/li>\n\n\n\n<li><strong>Alimentos no perecederos<\/strong>: Conservas, barritas energ\u00e9ticas, frutos secos, pasta&#8230; suficiente para 3 d\u00edas.<\/li>\n\n\n\n<li><strong>Medicamentos y botiqu\u00edn<\/strong>: Tus recetas habituales + b\u00e1sicos (analg\u00e9sicos, antidiarr\u00e9icos, antihistam\u00ednicos, tiritas, desinfectante).<\/li>\n\n\n\n<li><strong>Iluminaci\u00f3n<\/strong>: Linterna + pilas de repuesto o linterna solar\/manivela.<\/li>\n\n\n\n<li><strong>Comunicaci\u00f3n<\/strong>: Radio a pilas o de manivela (para alertas oficiales), cargador port\u00e1til y bater\u00eda externa.<\/li>\n\n\n\n<li><strong>Documentos<\/strong>: Copias de DNI, pasaporte, seguros, recetas m\u00e9dicas (en bolsa impermeable).<\/li>\n\n\n\n<li><strong>Dinero en efectivo<\/strong>: Tarjetas pueden fallar; efectivo para compras b\u00e1sicas.<\/li>\n\n\n\n<li><strong>Otros b\u00e1sicos<\/strong>: Navaja multiusos, mechero\/cerillas, ropa de abrigo, mantas t\u00e9rmicas, higiene (papel, toallitas), bolsa de basura.<\/li>\n<\/ul>\n\n\n\n<p>La comisaria Hadja Lahbib lo resumi\u00f3 en un v\u00eddeo: incluye lo necesario para \u00abcocinar unos spaghetti a la puttanesca\u00bb (pasta, tomate, aceitunas) si hace falta cocinar sin electricidad.<\/p>\n\n\n\n<p><strong>Mi consejo como instructor en supervivencia:<\/strong> Este kit no es para el fin del mundo, sino para el principio del caos. En Murcia ya hemos vivido apagones por tormentas y cortes de agua por sequ\u00eda. Prepara tu kit hoy: empieza con agua y comida, luego herramientas. En mis cursos ense\u00f1amos a potabilizar agua y hacer fuego sin luz \u2013 justo lo que complementa esta recomendaci\u00f3n.<\/p>\n\n\n\n<p>\u00bfQuieres aprender a preparar y usar un kit real? \u00danete al <strong>Taller de Potabilizaci\u00f3n de Agua: Monta\u00f1a, Apagones y Off-Grid<\/strong> el 21 de febrero \u2192<\/p>\n\n\n\n<figure class=\"wp-block-gallery has-nested-images columns-default is-cropped wp-block-gallery-1 is-layout-flex wp-block-gallery-is-layout-flex\"><div class=\"wp-block-image\">\n<figure class=\"aligncenter size-large\"><img fetchpriority=\"high\" decoding=\"async\" width=\"1024\" height=\"1024\" data-id=\"4595\" src=\"https:\/\/www.destrezasyvidaenelmedionatural.es\/wp-content\/uploads\/2025\/12\/taller-de-potabilizacion-de-agua-1024x1024.png\" alt=\"\" class=\"wp-image-4595\" srcset=\"https:\/\/www.destrezasyvidaenelmedionatural.es\/wp-content\/uploads\/2025\/12\/taller-de-potabilizacion-de-agua-1024x1024.png 1024w, https:\/\/www.destrezasyvidaenelmedionatural.es\/wp-content\/uploads\/2025\/12\/taller-de-potabilizacion-de-agua-300x300.png 300w, https:\/\/www.destrezasyvidaenelmedionatural.es\/wp-content\/uploads\/2025\/12\/taller-de-potabilizacion-de-agua-150x150.png 150w, https:\/\/www.destrezasyvidaenelmedionatural.es\/wp-content\/uploads\/2025\/12\/taller-de-potabilizacion-de-agua-768x768.png 768w, https:\/\/www.destrezasyvidaenelmedionatural.es\/wp-content\/uploads\/2025\/12\/taller-de-potabilizacion-de-agua-100x100.png 100w, https:\/\/www.destrezasyvidaenelmedionatural.es\/wp-content\/uploads\/2025\/12\/taller-de-potabilizacion-de-agua-1536x1536.png 1536w, https:\/\/www.destrezasyvidaenelmedionatural.es\/wp-content\/uploads\/2025\/12\/taller-de-potabilizacion-de-agua.png 2048w\" sizes=\"(max-width: 1024px) 100vw, 1024px\" \/><\/figure>\n<\/div><\/figure>\n\n\n\n<p> <a href=\"https:\/\/www.destrezasyvidaenelmedionatural.es\/index.php\/2025\/12\/14\/taller-potabilizacion-agua-supervivencia-murcia\/\" target=\"_blank\" rel=\"noreferrer noopener\">https:\/\/www.destrezasyvidaenelmedionatural.es\/index.php\/2025\/12\/14\/taller-potabilizacion-agua-supervivencia-murcia\/<\/a><\/p>\n\n\n\n<p>O al <strong>Curso B\u00e1sico de Supervivencia 28 h<\/strong> (vivac, fuego, refugio) del 7-8 marzo 2026 \u2192 <\/p>\n\n\n\n<figure class=\"wp-block-gallery has-nested-images columns-default is-cropped wp-block-gallery-2 is-layout-flex wp-block-gallery-is-layout-flex\">\n<figure class=\"wp-block-image size-large\"><img decoding=\"async\" width=\"1024\" height=\"1024\" data-id=\"4143\" src=\"https:\/\/www.destrezasyvidaenelmedionatural.es\/wp-content\/uploads\/2025\/12\/Curso-Basico-de-Supervivencia-28-horas-en-el-Medio-Natural-Vivac-Fuego-y-Refugio-en-el-Clima-Semiarido-de-Murcia-1024x1024.png\" alt=\"\" class=\"wp-image-4143\" srcset=\"https:\/\/www.destrezasyvidaenelmedionatural.es\/wp-content\/uploads\/2025\/12\/Curso-Basico-de-Supervivencia-28-horas-en-el-Medio-Natural-Vivac-Fuego-y-Refugio-en-el-Clima-Semiarido-de-Murcia-1024x1024.png 1024w, https:\/\/www.destrezasyvidaenelmedionatural.es\/wp-content\/uploads\/2025\/12\/Curso-Basico-de-Supervivencia-28-horas-en-el-Medio-Natural-Vivac-Fuego-y-Refugio-en-el-Clima-Semiarido-de-Murcia-300x300.png 300w, https:\/\/www.destrezasyvidaenelmedionatural.es\/wp-content\/uploads\/2025\/12\/Curso-Basico-de-Supervivencia-28-horas-en-el-Medio-Natural-Vivac-Fuego-y-Refugio-en-el-Clima-Semiarido-de-Murcia-150x150.png 150w, https:\/\/www.destrezasyvidaenelmedionatural.es\/wp-content\/uploads\/2025\/12\/Curso-Basico-de-Supervivencia-28-horas-en-el-Medio-Natural-Vivac-Fuego-y-Refugio-en-el-Clima-Semiarido-de-Murcia-768x768.png 768w, https:\/\/www.destrezasyvidaenelmedionatural.es\/wp-content\/uploads\/2025\/12\/Curso-Basico-de-Supervivencia-28-horas-en-el-Medio-Natural-Vivac-Fuego-y-Refugio-en-el-Clima-Semiarido-de-Murcia.png 1080w\" sizes=\"(max-width: 1024px) 100vw, 1024px\" \/><\/figure>\n<\/figure>\n\n\n\n<p><a href=\"https:\/\/www.destrezasyvidaenelmedionatural.es\/index.php\/2025\/12\/02\/curso-de-supervivencia-en-el-medio-natural-28-h-vivac-fuego-y-refugio-en-el-clima-semiarido-de-murcia-2\/\" target=\"_blank\" rel=\"noreferrer noopener\">https:\/\/www.destrezasyvidaenelmedionatural.es\/index.php\/2025\/12\/02\/curso-de-supervivencia-en-el-medio-natural-28-h-vivac-fuego-y-refugio-en-el-clima-semiarido-de-murcia-2\/<\/a><\/p>\n\n\n\n<p>La preparaci\u00f3n no es miedo: es libertad. \u00bfYa tienes tu kit de 72 h? Cu\u00e9ntame en comentarios qu\u00e9 has incluido ya.<\/p>\n\n\n\n<p><\/p>\n","protected":false},"excerpt":{"rendered":"<p>La Uni\u00f3n Europea, a trav\u00e9s de la Comisi\u00f3n Europea y su Estrategia de Preparaci\u00f3n de la Uni\u00f3n (lanzada en marzo de 2025), recomienda que cada hogar europeo prepare un kit de emergencia para ser autosuficiente durante al menos 72 horas en caso de crisis graves. Esto incluye desastres naturales (como DANAs o apagones masivos), ciberataques, &hellip;<\/p>\n<p class=\"read-more\"> <a class=\"\" href=\"https:\/\/www.destrezasyvidaenelmedionatural.es\/index.php\/2026\/01\/28\/kit-72-horas-ue-apagon-2025-preparacion\/\"> <span class=\"screen-reader-text\">El Apag\u00f3n de Abril 2025: Por Qu\u00e9 la UE Insiste en el Kit de 72 Horas<\/span> Leer m\u00e1s &raquo;<\/a><\/p>\n","protected":false},"author":1,"featured_media":4683,"comment_status":"open","ping_status":"open","sticky":false,"template":"","format":"standard","meta":{"episode_type":"","audio_file":"","cover_image":"","cover_image_id":"","duration":"","filesize":"","date_recorded":"","explicit":"","block":"","filesize_raw":"","footnotes":""},"categories":[8],"tags":[],"class_list":["post-4682","post","type-post","status-publish","format-standard","has-post-thumbnail","hentry","category-blog"],"yoast_head":"<!-- This site is optimized with the Yoast SEO plugin v23.8 - https:\/\/yoast.com\/wordpress\/plugins\/seo\/ -->\n<title>El Apag\u00f3n de Abril 2025: Por Qu\u00e9 la UE Insiste en el Kit de 72 Horas - Destrezas y Vida en el Medio Natural<\/title>\n<meta name=\"description\" content=\"El apag\u00f3n masivo de abril 2025 dej\u00f3 millones sin luz. La UE recomienda un kit de 72 horas por hogar.\" \/>\n<meta name=\"robots\" content=\"index, follow, max-snippet:-1, max-image-preview:large, max-video-preview:-1\" \/>\n<link rel=\"canonical\" href=\"https:\/\/www.destrezasyvidaenelmedionatural.es\/index.php\/2026\/01\/28\/kit-72-horas-ue-apagon-2025-preparacion\/\" \/>\n<meta property=\"og:locale\" content=\"es_ES\" \/>\n<meta property=\"og:type\" content=\"article\" \/>\n<meta property=\"og:title\" content=\"El Apag\u00f3n de Abril 2025: Por Qu\u00e9 la UE Insiste en el Kit de 72 Horas - Destrezas y Vida en el Medio Natural\" \/>\n<meta property=\"og:description\" content=\"El apag\u00f3n masivo de abril 2025 dej\u00f3 millones sin luz. La UE recomienda un kit de 72 horas por hogar.\" \/>\n<meta property=\"og:url\" content=\"https:\/\/www.destrezasyvidaenelmedionatural.es\/index.php\/2026\/01\/28\/kit-72-horas-ue-apagon-2025-preparacion\/\" \/>\n<meta property=\"og:site_name\" content=\"Destrezas y Vida en el Medio Natural\" \/>\n<meta property=\"article:publisher\" content=\"https:\/\/www.facebook.com\/Destrezas.y.Vida.en.el.Medio.Natural\" \/>\n<meta property=\"article:author\" content=\"https:\/\/www.facebook.com\/Destrezas.y.Vida.en.el.Medio.Natural\" \/>\n<meta property=\"article:published_time\" content=\"2026-01-28T12:58:06+00:00\" \/>\n<meta property=\"article:modified_time\" content=\"2026-01-28T12:58:08+00:00\" \/>\n<meta property=\"og:image\" content=\"http:\/\/www.destrezasyvidaenelmedionatural.es\/wp-content\/uploads\/2026\/01\/Copilot_20260128_135539.png\" \/>\n\t<meta property=\"og:image:width\" content=\"1024\" \/>\n\t<meta property=\"og:image:height\" content=\"1024\" \/>\n\t<meta property=\"og:image:type\" content=\"image\/png\" \/>\n<meta name=\"author\" content=\"admin\" \/>\n<meta name=\"twitter:card\" content=\"summary_large_image\" \/>\n<meta name=\"twitter:creator\" content=\"@DestrezasyVida\" \/>\n<meta name=\"twitter:site\" content=\"@DestrezasyVida\" \/>\n<meta name=\"twitter:label1\" content=\"Escrito por\" \/>\n\t<meta name=\"twitter:data1\" content=\"admin\" \/>\n\t<meta name=\"twitter:label2\" content=\"Tiempo de lectura\" \/>\n\t<meta name=\"twitter:data2\" content=\"3 minutos\" \/>\n<script type=\"application\/ld+json\" class=\"yoast-schema-graph\">{\"@context\":\"https:\/\/schema.org\",\"@graph\":[{\"@type\":\"Article\",\"@id\":\"https:\/\/www.destrezasyvidaenelmedionatural.es\/index.php\/2026\/01\/28\/kit-72-horas-ue-apagon-2025-preparacion\/#article\",\"isPartOf\":{\"@id\":\"https:\/\/www.destrezasyvidaenelmedionatural.es\/index.php\/2026\/01\/28\/kit-72-horas-ue-apagon-2025-preparacion\/\"},\"author\":{\"name\":\"admin\",\"@id\":\"https:\/\/www.destrezasyvidaenelmedionatural.es\/#\/schema\/person\/05ac69635d864d75006df0853eb7afd3\"},\"headline\":\"El Apag\u00f3n de Abril 2025: Por Qu\u00e9 la UE Insiste en el Kit de 72 Horas\",\"datePublished\":\"2026-01-28T12:58:06+00:00\",\"dateModified\":\"2026-01-28T12:58:08+00:00\",\"mainEntityOfPage\":{\"@id\":\"https:\/\/www.destrezasyvidaenelmedionatural.es\/index.php\/2026\/01\/28\/kit-72-horas-ue-apagon-2025-preparacion\/\"},\"wordCount\":501,\"commentCount\":0,\"publisher\":{\"@id\":\"https:\/\/www.destrezasyvidaenelmedionatural.es\/#\/schema\/person\/05ac69635d864d75006df0853eb7afd3\"},\"image\":{\"@id\":\"https:\/\/www.destrezasyvidaenelmedionatural.es\/index.php\/2026\/01\/28\/kit-72-horas-ue-apagon-2025-preparacion\/#primaryimage\"},\"thumbnailUrl\":\"https:\/\/www.destrezasyvidaenelmedionatural.es\/wp-content\/uploads\/2026\/01\/Copilot_20260128_135539.png\",\"articleSection\":[\"Blog\"],\"inLanguage\":\"es\",\"potentialAction\":[{\"@type\":\"CommentAction\",\"name\":\"Comment\",\"target\":[\"https:\/\/www.destrezasyvidaenelmedionatural.es\/index.php\/2026\/01\/28\/kit-72-horas-ue-apagon-2025-preparacion\/#respond\"]}]},{\"@type\":\"WebPage\",\"@id\":\"https:\/\/www.destrezasyvidaenelmedionatural.es\/index.php\/2026\/01\/28\/kit-72-horas-ue-apagon-2025-preparacion\/\",\"url\":\"https:\/\/www.destrezasyvidaenelmedionatural.es\/index.php\/2026\/01\/28\/kit-72-horas-ue-apagon-2025-preparacion\/\",\"name\":\"El Apag\u00f3n de Abril 2025: Por Qu\u00e9 la UE Insiste en el Kit de 72 Horas - Destrezas y Vida en el Medio Natural\",\"isPartOf\":{\"@id\":\"https:\/\/www.destrezasyvidaenelmedionatural.es\/#website\"},\"primaryImageOfPage\":{\"@id\":\"https:\/\/www.destrezasyvidaenelmedionatural.es\/index.php\/2026\/01\/28\/kit-72-horas-ue-apagon-2025-preparacion\/#primaryimage\"},\"image\":{\"@id\":\"https:\/\/www.destrezasyvidaenelmedionatural.es\/index.php\/2026\/01\/28\/kit-72-horas-ue-apagon-2025-preparacion\/#primaryimage\"},\"thumbnailUrl\":\"https:\/\/www.destrezasyvidaenelmedionatural.es\/wp-content\/uploads\/2026\/01\/Copilot_20260128_135539.png\",\"datePublished\":\"2026-01-28T12:58:06+00:00\",\"dateModified\":\"2026-01-28T12:58:08+00:00\",\"description\":\"El apag\u00f3n masivo de abril 2025 dej\u00f3 millones sin luz. La UE recomienda un kit de 72 horas por hogar.\",\"breadcrumb\":{\"@id\":\"https:\/\/www.destrezasyvidaenelmedionatural.es\/index.php\/2026\/01\/28\/kit-72-horas-ue-apagon-2025-preparacion\/#breadcrumb\"},\"inLanguage\":\"es\",\"potentialAction\":[{\"@type\":\"ReadAction\",\"target\":[\"https:\/\/www.destrezasyvidaenelmedionatural.es\/index.php\/2026\/01\/28\/kit-72-horas-ue-apagon-2025-preparacion\/\"]}]},{\"@type\":\"ImageObject\",\"inLanguage\":\"es\",\"@id\":\"https:\/\/www.destrezasyvidaenelmedionatural.es\/index.php\/2026\/01\/28\/kit-72-horas-ue-apagon-2025-preparacion\/#primaryimage\",\"url\":\"https:\/\/www.destrezasyvidaenelmedionatural.es\/wp-content\/uploads\/2026\/01\/Copilot_20260128_135539.png\",\"contentUrl\":\"https:\/\/www.destrezasyvidaenelmedionatural.es\/wp-content\/uploads\/2026\/01\/Copilot_20260128_135539.png\",\"width\":1024,\"height\":1024,\"caption\":\"\u00bfSobrevivir\u00edas 72 Horas Sin Luz? Lo que Ense\u00f1\u00f3 el Apag\u00f3n 2025\"},{\"@type\":\"BreadcrumbList\",\"@id\":\"https:\/\/www.destrezasyvidaenelmedionatural.es\/index.php\/2026\/01\/28\/kit-72-horas-ue-apagon-2025-preparacion\/#breadcrumb\",\"itemListElement\":[{\"@type\":\"ListItem\",\"position\":1,\"name\":\"Portada\",\"item\":\"https:\/\/www.destrezasyvidaenelmedionatural.es\/\"},{\"@type\":\"ListItem\",\"position\":2,\"name\":\"El Apag\u00f3n de Abril 2025: Por Qu\u00e9 la UE Insiste en el Kit de 72 Horas\"}]},{\"@type\":\"WebSite\",\"@id\":\"https:\/\/www.destrezasyvidaenelmedionatural.es\/#website\",\"url\":\"https:\/\/www.destrezasyvidaenelmedionatural.es\/\",\"name\":\"Destrezas y Vida en el Medio Natural\",\"description\":\"El sitio web Destrezas y Vida en el Medio Natural es un recurso excelente para cualquiera que quiera aprender sobre la naturaleza y c\u00f3mo interactuar con ella de manera segura y respetuosa.\",\"publisher\":{\"@id\":\"https:\/\/www.destrezasyvidaenelmedionatural.es\/#\/schema\/person\/05ac69635d864d75006df0853eb7afd3\"},\"potentialAction\":[{\"@type\":\"SearchAction\",\"target\":{\"@type\":\"EntryPoint\",\"urlTemplate\":\"https:\/\/www.destrezasyvidaenelmedionatural.es\/?s={search_term_string}\"},\"query-input\":{\"@type\":\"PropertyValueSpecification\",\"valueRequired\":true,\"valueName\":\"search_term_string\"}}],\"inLanguage\":\"es\"},{\"@type\":[\"Person\",\"Organization\"],\"@id\":\"https:\/\/www.destrezasyvidaenelmedionatural.es\/#\/schema\/person\/05ac69635d864d75006df0853eb7afd3\",\"name\":\"admin\",\"image\":{\"@type\":\"ImageObject\",\"inLanguage\":\"es\",\"@id\":\"https:\/\/www.destrezasyvidaenelmedionatural.es\/#\/schema\/person\/image\/\",\"url\":\"https:\/\/www.destrezasyvidaenelmedionatural.es\/wp-content\/uploads\/2021\/08\/cropped-SIN-FONDO-PRUEBA1.png\",\"contentUrl\":\"https:\/\/www.destrezasyvidaenelmedionatural.es\/wp-content\/uploads\/2021\/08\/cropped-SIN-FONDO-PRUEBA1.png\",\"width\":351,\"height\":349,\"caption\":\"admin\"},\"logo\":{\"@id\":\"https:\/\/www.destrezasyvidaenelmedionatural.es\/#\/schema\/person\/image\/\"},\"sameAs\":[\"http:\/\/www.destrezasyvidaenelmedionatural.es\",\"https:\/\/www.facebook.com\/Destrezas.y.Vida.en.el.Medio.Natural\",\"https:\/\/www.instagram.com\/destrezasyvidamn\/\"],\"url\":\"https:\/\/www.destrezasyvidaenelmedionatural.es\/index.php\/author\/admin\/\"}]}<\/script>\n<!-- \/ Yoast SEO plugin. -->","yoast_head_json":{"title":"El Apag\u00f3n de Abril 2025: Por Qu\u00e9 la UE Insiste en el Kit de 72 Horas - Destrezas y Vida en el Medio Natural","description":"El apag\u00f3n masivo de abril 2025 dej\u00f3 millones sin luz. La UE recomienda un kit de 72 horas por hogar.","robots":{"index":"index","follow":"follow","max-snippet":"max-snippet:-1","max-image-preview":"max-image-preview:large","max-video-preview":"max-video-preview:-1"},"canonical":"https:\/\/www.destrezasyvidaenelmedionatural.es\/index.php\/2026\/01\/28\/kit-72-horas-ue-apagon-2025-preparacion\/","og_locale":"es_ES","og_type":"article","og_title":"El Apag\u00f3n de Abril 2025: Por Qu\u00e9 la UE Insiste en el Kit de 72 Horas - Destrezas y Vida en el Medio Natural","og_description":"El apag\u00f3n masivo de abril 2025 dej\u00f3 millones sin luz. La UE recomienda un kit de 72 horas por hogar.","og_url":"https:\/\/www.destrezasyvidaenelmedionatural.es\/index.php\/2026\/01\/28\/kit-72-horas-ue-apagon-2025-preparacion\/","og_site_name":"Destrezas y Vida en el Medio Natural","article_publisher":"https:\/\/www.facebook.com\/Destrezas.y.Vida.en.el.Medio.Natural","article_author":"https:\/\/www.facebook.com\/Destrezas.y.Vida.en.el.Medio.Natural","article_published_time":"2026-01-28T12:58:06+00:00","article_modified_time":"2026-01-28T12:58:08+00:00","og_image":[{"url":"http:\/\/www.destrezasyvidaenelmedionatural.es\/wp-content\/uploads\/2026\/01\/Copilot_20260128_135539.png","width":1024,"height":1024,"type":"image\/png"}],"author":"admin","twitter_card":"summary_large_image","twitter_creator":"@DestrezasyVida","twitter_site":"@DestrezasyVida","twitter_misc":{"Escrito por":"admin","Tiempo de lectura":"3 minutos"},"schema":{"@context":"https:\/\/schema.org","@graph":[{"@type":"Article","@id":"https:\/\/www.destrezasyvidaenelmedionatural.es\/index.php\/2026\/01\/28\/kit-72-horas-ue-apagon-2025-preparacion\/#article","isPartOf":{"@id":"https:\/\/www.destrezasyvidaenelmedionatural.es\/index.php\/2026\/01\/28\/kit-72-horas-ue-apagon-2025-preparacion\/"},"author":{"name":"admin","@id":"https:\/\/www.destrezasyvidaenelmedionatural.es\/#\/schema\/person\/05ac69635d864d75006df0853eb7afd3"},"headline":"El Apag\u00f3n de Abril 2025: Por Qu\u00e9 la UE Insiste en el Kit de 72 Horas","datePublished":"2026-01-28T12:58:06+00:00","dateModified":"2026-01-28T12:58:08+00:00","mainEntityOfPage":{"@id":"https:\/\/www.destrezasyvidaenelmedionatural.es\/index.php\/2026\/01\/28\/kit-72-horas-ue-apagon-2025-preparacion\/"},"wordCount":501,"commentCount":0,"publisher":{"@id":"https:\/\/www.destrezasyvidaenelmedionatural.es\/#\/schema\/person\/05ac69635d864d75006df0853eb7afd3"},"image":{"@id":"https:\/\/www.destrezasyvidaenelmedionatural.es\/index.php\/2026\/01\/28\/kit-72-horas-ue-apagon-2025-preparacion\/#primaryimage"},"thumbnailUrl":"https:\/\/www.destrezasyvidaenelmedionatural.es\/wp-content\/uploads\/2026\/01\/Copilot_20260128_135539.png","articleSection":["Blog"],"inLanguage":"es","potentialAction":[{"@type":"CommentAction","name":"Comment","target":["https:\/\/www.destrezasyvidaenelmedionatural.es\/index.php\/2026\/01\/28\/kit-72-horas-ue-apagon-2025-preparacion\/#respond"]}]},{"@type":"WebPage","@id":"https:\/\/www.destrezasyvidaenelmedionatural.es\/index.php\/2026\/01\/28\/kit-72-horas-ue-apagon-2025-preparacion\/","url":"https:\/\/www.destrezasyvidaenelmedionatural.es\/index.php\/2026\/01\/28\/kit-72-horas-ue-apagon-2025-preparacion\/","name":"El Apag\u00f3n de Abril 2025: Por Qu\u00e9 la UE Insiste en el Kit de 72 Horas - Destrezas y Vida en el Medio Natural","isPartOf":{"@id":"https:\/\/www.destrezasyvidaenelmedionatural.es\/#website"},"primaryImageOfPage":{"@id":"https:\/\/www.destrezasyvidaenelmedionatural.es\/index.php\/2026\/01\/28\/kit-72-horas-ue-apagon-2025-preparacion\/#primaryimage"},"image":{"@id":"https:\/\/www.destrezasyvidaenelmedionatural.es\/index.php\/2026\/01\/28\/kit-72-horas-ue-apagon-2025-preparacion\/#primaryimage"},"thumbnailUrl":"https:\/\/www.destrezasyvidaenelmedionatural.es\/wp-content\/uploads\/2026\/01\/Copilot_20260128_135539.png","datePublished":"2026-01-28T12:58:06+00:00","dateModified":"2026-01-28T12:58:08+00:00","description":"El apag\u00f3n masivo de abril 2025 dej\u00f3 millones sin luz. La UE recomienda un kit de 72 horas por hogar.","breadcrumb":{"@id":"https:\/\/www.destrezasyvidaenelmedionatural.es\/index.php\/2026\/01\/28\/kit-72-horas-ue-apagon-2025-preparacion\/#breadcrumb"},"inLanguage":"es","potentialAction":[{"@type":"ReadAction","target":["https:\/\/www.destrezasyvidaenelmedionatural.es\/index.php\/2026\/01\/28\/kit-72-horas-ue-apagon-2025-preparacion\/"]}]},{"@type":"ImageObject","inLanguage":"es","@id":"https:\/\/www.destrezasyvidaenelmedionatural.es\/index.php\/2026\/01\/28\/kit-72-horas-ue-apagon-2025-preparacion\/#primaryimage","url":"https:\/\/www.destrezasyvidaenelmedionatural.es\/wp-content\/uploads\/2026\/01\/Copilot_20260128_135539.png","contentUrl":"https:\/\/www.destrezasyvidaenelmedionatural.es\/wp-content\/uploads\/2026\/01\/Copilot_20260128_135539.png","width":1024,"height":1024,"caption":"\u00bfSobrevivir\u00edas 72 Horas Sin Luz? Lo que Ense\u00f1\u00f3 el Apag\u00f3n 2025"},{"@type":"BreadcrumbList","@id":"https:\/\/www.destrezasyvidaenelmedionatural.es\/index.php\/2026\/01\/28\/kit-72-horas-ue-apagon-2025-preparacion\/#breadcrumb","itemListElement":[{"@type":"ListItem","position":1,"name":"Portada","item":"https:\/\/www.destrezasyvidaenelmedionatural.es\/"},{"@type":"ListItem","position":2,"name":"El Apag\u00f3n de Abril 2025: Por Qu\u00e9 la UE Insiste en el Kit de 72 Horas"}]},{"@type":"WebSite","@id":"https:\/\/www.destrezasyvidaenelmedionatural.es\/#website","url":"https:\/\/www.destrezasyvidaenelmedionatural.es\/","name":"Destrezas y Vida en el Medio Natural","description":"El sitio web Destrezas y Vida en el Medio Natural es un recurso excelente para cualquiera que quiera aprender sobre la naturaleza y c\u00f3mo interactuar con ella de manera segura y respetuosa.","publisher":{"@id":"https:\/\/www.destrezasyvidaenelmedionatural.es\/#\/schema\/person\/05ac69635d864d75006df0853eb7afd3"},"potentialAction":[{"@type":"SearchAction","target":{"@type":"EntryPoint","urlTemplate":"https:\/\/www.destrezasyvidaenelmedionatural.es\/?s={search_term_string}"},"query-input":{"@type":"PropertyValueSpecification","valueRequired":true,"valueName":"search_term_string"}}],"inLanguage":"es"},{"@type":["Person","Organization"],"@id":"https:\/\/www.destrezasyvidaenelmedionatural.es\/#\/schema\/person\/05ac69635d864d75006df0853eb7afd3","name":"admin","image":{"@type":"ImageObject","inLanguage":"es","@id":"https:\/\/www.destrezasyvidaenelmedionatural.es\/#\/schema\/person\/image\/","url":"https:\/\/www.destrezasyvidaenelmedionatural.es\/wp-content\/uploads\/2021\/08\/cropped-SIN-FONDO-PRUEBA1.png","contentUrl":"https:\/\/www.destrezasyvidaenelmedionatural.es\/wp-content\/uploads\/2021\/08\/cropped-SIN-FONDO-PRUEBA1.png","width":351,"height":349,"caption":"admin"},"logo":{"@id":"https:\/\/www.destrezasyvidaenelmedionatural.es\/#\/schema\/person\/image\/"},"sameAs":["http:\/\/www.destrezasyvidaenelmedionatural.es","https:\/\/www.facebook.com\/Destrezas.y.Vida.en.el.Medio.Natural","https:\/\/www.instagram.com\/destrezasyvidamn\/"],"url":"https:\/\/www.destrezasyvidaenelmedionatural.es\/index.php\/author\/admin\/"}]}},"_links":{"self":[{"href":"https:\/\/www.destrezasyvidaenelmedionatural.es\/index.php\/wp-json\/wp\/v2\/posts\/4682","targetHints":{"allow":["GET"]}}],"collection":[{"href":"https:\/\/www.destrezasyvidaenelmedionatural.es\/index.php\/wp-json\/wp\/v2\/posts"}],"about":[{"href":"https:\/\/www.destrezasyvidaenelmedionatural.es\/index.php\/wp-json\/wp\/v2\/types\/post"}],"author":[{"embeddable":true,"href":"https:\/\/www.destrezasyvidaenelmedionatural.es\/index.php\/wp-json\/wp\/v2\/users\/1"}],"replies":[{"embeddable":true,"href":"https:\/\/www.destrezasyvidaenelmedionatural.es\/index.php\/wp-json\/wp\/v2\/comments?post=4682"}],"version-history":[{"count":1,"href":"https:\/\/www.destrezasyvidaenelmedionatural.es\/index.php\/wp-json\/wp\/v2\/posts\/4682\/revisions"}],"predecessor-version":[{"id":4684,"href":"https:\/\/www.destrezasyvidaenelmedionatural.es\/index.php\/wp-json\/wp\/v2\/posts\/4682\/revisions\/4684"}],"wp:featuredmedia":[{"embeddable":true,"href":"https:\/\/www.destrezasyvidaenelmedionatural.es\/index.php\/wp-json\/wp\/v2\/media\/4683"}],"wp:attachment":[{"href":"https:\/\/www.destrezasyvidaenelmedionatural.es\/index.php\/wp-json\/wp\/v2\/media?parent=4682"}],"wp:term":[{"taxonomy":"category","embeddable":true,"href":"https:\/\/www.destrezasyvidaenelmedionatural.es\/index.php\/wp-json\/wp\/v2\/categories?post=4682"},{"taxonomy":"post_tag","embeddable":true,"href":"https:\/\/www.destrezasyvidaenelmedionatural.es\/index.php\/wp-json\/wp\/v2\/tags?post=4682"}],"curies":[{"name":"wp","href":"https:\/\/api.w.org\/{rel}","templated":true}]}}