{"id":4756,"date":"2026-03-18T10:49:21","date_gmt":"2026-03-18T10:49:21","guid":{"rendered":"https:\/\/www.destrezasyvidaenelmedionatural.es\/?p=4756"},"modified":"2026-03-18T10:54:34","modified_gmt":"2026-03-18T10:54:34","slug":"por-que-tu-mochila-de-emergencia-esta-mal-equipada","status":"publish","type":"post","link":"https:\/\/www.destrezasyvidaenelmedionatural.es\/index.php\/2026\/03\/18\/por-que-tu-mochila-de-emergencia-esta-mal-equipada\/","title":{"rendered":"6 Objetos Vitales: Por qu\u00e9 tu mochila de emergencia est\u00e1 mal equipada (y c\u00f3mo arreglarla)"},"content":{"rendered":"\n<p class=\"wp-block-paragraph\">En los foros de supervivencia y grupos de preparaci\u00f3n abunda una imagen distorsionada: el \u00abprepper\u00bb de internet cargado con una mochila de 40 kilos repleta de gadgets caros y herramientas t\u00e1cticas que lucen impecables en un v\u00eddeo de YouTube. Sin embargo, la realidad de un colapso no es un escenario controlado. El estr\u00e9s agudo no es solo una emoci\u00f3n; es un condicionante fisiol\u00f3gico que reduce la capacidad cognitiva del cerebro humano al&nbsp;<strong>40% de su capacidad normal<\/strong>.<\/p>\n\n\n\n<p class=\"wp-block-paragraph\">Si tu mochila es una colecci\u00f3n de \u00abpor si acasos\u00bb dise\u00f1ada a las dos de la ma\u00f1ana frente a una pantalla, ya has perdido antes de empezar. Bajo presi\u00f3n, agotado y con miedo, no necesitas una tienda de camping port\u00e1til; necesitas un sistema de supervivencia pragm\u00e1tico donde menos es m\u00e1s, siempre que ese \u00abmenos\u00bb sea el equipo correcto. El exceso de peso solo garantiza que no podr\u00e1s correr 500 metros cuando tu vida dependa de ello.<\/p>\n\n\n\n<p class=\"wp-block-paragraph\"><strong>El Filtro de Agua: Tu seguro de vida contra lo invisible<\/strong><\/p>\n\n\n<div class=\"wp-block-image\">\n<figure class=\"aligncenter size-full is-resized\"><img fetchpriority=\"high\" decoding=\"async\" width=\"1024\" height=\"1024\" src=\"https:\/\/www.destrezasyvidaenelmedionatural.es\/wp-content\/uploads\/2026\/03\/Copilot_20260318_112624.png\" alt=\"\" class=\"wp-image-4757\" style=\"width:455px;height:auto\" srcset=\"https:\/\/www.destrezasyvidaenelmedionatural.es\/wp-content\/uploads\/2026\/03\/Copilot_20260318_112624.png 1024w, https:\/\/www.destrezasyvidaenelmedionatural.es\/wp-content\/uploads\/2026\/03\/Copilot_20260318_112624-300x300.png 300w, https:\/\/www.destrezasyvidaenelmedionatural.es\/wp-content\/uploads\/2026\/03\/Copilot_20260318_112624-150x150.png 150w, https:\/\/www.destrezasyvidaenelmedionatural.es\/wp-content\/uploads\/2026\/03\/Copilot_20260318_112624-768x768.png 768w, https:\/\/www.destrezasyvidaenelmedionatural.es\/wp-content\/uploads\/2026\/03\/Copilot_20260318_112624-100x100.png 100w\" sizes=\"(max-width: 1024px) 100vw, 1024px\" \/><\/figure>\n<\/div>\n\n\n<p class=\"wp-block-paragraph\">El agua es el primer factor cr\u00edtico que mata en una emergencia, y el que m\u00e1s subestiman quienes acumulan comida liofilizada. Bajo estr\u00e9s f\u00edsico, la deshidrataci\u00f3n empieza a deteriorar la toma de decisiones en menos de 2 horas. A las 8 horas, el deterioro f\u00edsico puede incapacitarte por completo.<\/p>\n\n\n\n<p class=\"wp-block-paragraph\">En entornos urbanos, el desaf\u00edo no es encontrar agua \u2014lluvia, fuentes, piscinas o tuber\u00edas rotas\u2014 sino hacerla bebible. Un colapso de la infraestructura sanitaria implica que cualquier fuente estar\u00e1 contaminada con&nbsp;<strong>leptospira<\/strong>&nbsp;(orina de rata),&nbsp;<strong>bacterias coliformes<\/strong>,&nbsp;<strong>metales pesados<\/strong>, y par\u00e1sitos resistentes como&nbsp;<strong>Giardia<\/strong>&nbsp;y&nbsp;<strong>Cryptosporidium<\/strong>. Requieres un filtro de 0.1 micrones, con un peso m\u00e1ximo de 100g y una vida \u00fatil de 100,000 litros.<\/p>\n\n\n\n<p class=\"wp-block-paragraph\">\u00abLa diferencia entre tener un filtro de calidad y no tenerlo no es una cuesti\u00f3n de comodidad; es la capacidad de operar indefinidamente utilizando recursos del entorno frente a estar contando las horas que te quedan antes de que la infecci\u00f3n o la deshidrataci\u00f3n te dejen fuera de juego.\u00bb<\/p>\n\n\n\n<p class=\"wp-block-paragraph\"><strong>La Regla de Tres del Fuego: Redundancia contra la Hipotermia<\/strong><\/p>\n\n\n<div class=\"wp-block-image\">\n<figure class=\"aligncenter size-full is-resized\"><img decoding=\"async\" width=\"1024\" height=\"1024\" src=\"https:\/\/www.destrezasyvidaenelmedionatural.es\/wp-content\/uploads\/2026\/03\/Copilot_20260318_112027.png\" alt=\"\" class=\"wp-image-4758\" style=\"width:539px;height:auto\" srcset=\"https:\/\/www.destrezasyvidaenelmedionatural.es\/wp-content\/uploads\/2026\/03\/Copilot_20260318_112027.png 1024w, https:\/\/www.destrezasyvidaenelmedionatural.es\/wp-content\/uploads\/2026\/03\/Copilot_20260318_112027-300x300.png 300w, https:\/\/www.destrezasyvidaenelmedionatural.es\/wp-content\/uploads\/2026\/03\/Copilot_20260318_112027-150x150.png 150w, https:\/\/www.destrezasyvidaenelmedionatural.es\/wp-content\/uploads\/2026\/03\/Copilot_20260318_112027-768x768.png 768w, https:\/\/www.destrezasyvidaenelmedionatural.es\/wp-content\/uploads\/2026\/03\/Copilot_20260318_112027-100x100.png 100w\" sizes=\"(max-width: 1024px) 100vw, 1024px\" \/><\/figure>\n<\/div>\n\n\n<p class=\"wp-block-paragraph\">El fuego es un factor f\u00edsico y psicol\u00f3gico cr\u00edtico: purifica agua si el filtro falla, permite se\u00f1alizar y ofrece un soporte mental que transforma un lugar fr\u00edo en un refugio. Siguiendo la ingenier\u00eda aeron\u00e1utica, donde los sistemas cr\u00edticos \u2014como los hidr\u00e1ulicos de un avi\u00f3n\u2014 tienen triple redundancia, tu capacidad de generar calor debe ser infalible. Olvida las t\u00e9cnicas primitivas de fricci\u00f3n cuando tus manos tiemblan por el fr\u00edo.<\/p>\n\n\n\n<p class=\"wp-block-paragraph\">Debes portar tres niveles de redundancia estrat\u00e9gica:<\/p>\n\n\n\n<ul class=\"wp-block-list\">\n<li><strong>Mechero de calidad (Bic o similar):<\/strong>\u00a0Ubicado en el bolsillo externo para fuego instant\u00e1neo en 3 segundos.<\/li>\n\n\n\n<li><strong>Mechero resistente al viento (Windproof):<\/strong>\u00a0Sellado en una bolsa impermeable dentro de la mochila.<\/li>\n\n\n\n<li><strong>Eslab\u00f3n de magnesio (Ferrocerio) con raspador:<\/strong>\u00a0La reserva de \u00faltimo recurso que funciona incluso mojada o tras agotarse el combustible.<\/li>\n<\/ul>\n\n\n\n<p class=\"wp-block-paragraph\"><strong>El Cuchillo de Hoja Fija: Fuerza sin puntos de fallo<\/strong><\/p>\n\n\n<div class=\"wp-block-image\">\n<figure class=\"aligncenter size-full is-resized\"><img decoding=\"async\" width=\"1024\" height=\"1024\" src=\"https:\/\/www.destrezasyvidaenelmedionatural.es\/wp-content\/uploads\/2026\/03\/Copilot_20260318_112850.png\" alt=\"\" class=\"wp-image-4759\" style=\"width:449px;height:auto\" srcset=\"https:\/\/www.destrezasyvidaenelmedionatural.es\/wp-content\/uploads\/2026\/03\/Copilot_20260318_112850.png 1024w, https:\/\/www.destrezasyvidaenelmedionatural.es\/wp-content\/uploads\/2026\/03\/Copilot_20260318_112850-300x300.png 300w, https:\/\/www.destrezasyvidaenelmedionatural.es\/wp-content\/uploads\/2026\/03\/Copilot_20260318_112850-150x150.png 150w, https:\/\/www.destrezasyvidaenelmedionatural.es\/wp-content\/uploads\/2026\/03\/Copilot_20260318_112850-768x768.png 768w, https:\/\/www.destrezasyvidaenelmedionatural.es\/wp-content\/uploads\/2026\/03\/Copilot_20260318_112850-100x100.png 100w\" sizes=\"(max-width: 1024px) 100vw, 1024px\" \/><\/figure>\n<\/div>\n\n\n<p class=\"wp-block-paragraph\">Es hora de abandonar el \u00abmarketing t\u00e1ctico\u00bb de las navajas serradas tipo Rambo. Una herramienta plegable tiene un punto de pivote que, ante una carga lateral significativa \u2014como palanquear madera o procesar materiales duros\u2014, se convierte en un punto de fallo cr\u00edtico. Para operar en el terreno, necesitas un cuchillo de&nbsp;<strong>hoja fija<\/strong>, dise\u00f1o de punta ca\u00edda (drop-point) y&nbsp;<strong>mango completo (full tang)<\/strong>, donde el acero recorre toda la herramienta.<\/p>\n\n\n\n<p class=\"wp-block-paragraph\">La hoja debe medir entre 10 y 15 cm. Adem\u00e1s, un cuchillo sin mantenimiento es una responsabilidad, no una herramienta. Es indispensable incluir una piedra de afilar compacta de 30g.<\/p>\n\n\n\n<p class=\"wp-block-paragraph\">Un cuchillo sin filo es m\u00e1s peligroso que uno afilado: al requerir una fuerza excesiva, es m\u00e1s probable que la hoja deslice cuando la madera resiste, terminando a menudo en un impacto contra la arteria femoral o en un corte de tejido profundo que no puedes permitirte.<\/p>\n\n\n\n<p class=\"wp-block-paragraph\"><strong>El Botiqu\u00edn Personalizado: M\u00e1s all\u00e1 de las tiritas comerciales<\/strong><\/p>\n\n\n<div class=\"wp-block-image\">\n<figure class=\"aligncenter size-full is-resized\"><img loading=\"lazy\" decoding=\"async\" width=\"1024\" height=\"1024\" src=\"https:\/\/www.destrezasyvidaenelmedionatural.es\/wp-content\/uploads\/2026\/03\/Copilot_20260318_113944.png\" alt=\"\" class=\"wp-image-4760\" style=\"width:533px;height:auto\" srcset=\"https:\/\/www.destrezasyvidaenelmedionatural.es\/wp-content\/uploads\/2026\/03\/Copilot_20260318_113944.png 1024w, https:\/\/www.destrezasyvidaenelmedionatural.es\/wp-content\/uploads\/2026\/03\/Copilot_20260318_113944-300x300.png 300w, https:\/\/www.destrezasyvidaenelmedionatural.es\/wp-content\/uploads\/2026\/03\/Copilot_20260318_113944-150x150.png 150w, https:\/\/www.destrezasyvidaenelmedionatural.es\/wp-content\/uploads\/2026\/03\/Copilot_20260318_113944-768x768.png 768w, https:\/\/www.destrezasyvidaenelmedionatural.es\/wp-content\/uploads\/2026\/03\/Copilot_20260318_113944-100x100.png 100w\" sizes=\"(max-width: 1024px) 100vw, 1024px\" \/><\/figure>\n<\/div>\n\n\n<p class=\"wp-block-paragraph\">Los botiquines comerciales est\u00e1n dise\u00f1ados para peque\u00f1os incidentes dom\u00e9sticos, asumiendo que una ambulancia llegar\u00e1 en 20 minutos. En un colapso, t\u00fa eres el servicio de urgencias. Tu kit debe estar construido por ti, priorizando la supervivencia sobre la est\u00e9tica.<\/p>\n\n\n\n<p class=\"wp-block-paragraph\">Las categor\u00edas esenciales en un kit pragm\u00e1tico son:<\/p>\n\n\n\n<ul class=\"wp-block-list\">\n<li><strong>Control de hemorragias:<\/strong>\u00a0Es la prioridad m\u00e1xima. Incluye un\u00a0<strong>torniquete de calidad certificada<\/strong>\u00a0(tipo CAT o SOFTT) que sepas usar con una sola mano,\u00a0<strong>gasas hemost\u00e1ticas<\/strong>\u00a0y\u00a0<strong>vendas de presi\u00f3n<\/strong>.<\/li>\n\n\n\n<li><strong>Protecci\u00f3n de barrera y herramientas:<\/strong>\u00a0<strong>Guantes de nitrilo<\/strong>\u00a0(m\u00faltiples pares) y\u00a0<strong>tijeras de trauma<\/strong>\u00a0capaces de cortar ropa y equipo. Si vas a tocar sangre ajena o propia, no quieres que una infecci\u00f3n te mate tres d\u00edas despu\u00e9s.<\/li>\n\n\n\n<li><strong>Prevenci\u00f3n de sepsis:<\/strong>\u00a0<strong>Yodo pobovidona<\/strong>,\u00a0<strong>antis\u00e9pticos<\/strong>\u00a0y\u00a0<strong>antibi\u00f3ticos de amplio espectro<\/strong>.<\/li>\n\n\n\n<li><strong>Medicaci\u00f3n digestiva y analg\u00e9sicos:<\/strong>\u00a0<strong>Ibuprofeno<\/strong>,\u00a0<strong>antihistam\u00ednicos<\/strong>\u00a0y, crucialmente,\u00a0<strong>antidiarreicos<\/strong>, ya que la diarrea acelera la deshidrataci\u00f3n mortal en horas.<\/li>\n<\/ul>\n\n\n\n<p class=\"wp-block-paragraph\"><strong>La Radio de Manivela: Informaci\u00f3n vs. El Ruido Digital<\/strong><\/p>\n\n\n<div class=\"wp-block-image\">\n<figure class=\"aligncenter size-full is-resized\"><img loading=\"lazy\" decoding=\"async\" width=\"1024\" height=\"1024\" src=\"https:\/\/www.destrezasyvidaenelmedionatural.es\/wp-content\/uploads\/2026\/03\/Copilot_20260318_114238.png\" alt=\"\" class=\"wp-image-4761\" style=\"width:584px;height:auto\" srcset=\"https:\/\/www.destrezasyvidaenelmedionatural.es\/wp-content\/uploads\/2026\/03\/Copilot_20260318_114238.png 1024w, https:\/\/www.destrezasyvidaenelmedionatural.es\/wp-content\/uploads\/2026\/03\/Copilot_20260318_114238-300x300.png 300w, https:\/\/www.destrezasyvidaenelmedionatural.es\/wp-content\/uploads\/2026\/03\/Copilot_20260318_114238-150x150.png 150w, https:\/\/www.destrezasyvidaenelmedionatural.es\/wp-content\/uploads\/2026\/03\/Copilot_20260318_114238-768x768.png 768w, https:\/\/www.destrezasyvidaenelmedionatural.es\/wp-content\/uploads\/2026\/03\/Copilot_20260318_114238-100x100.png 100w\" sizes=\"(max-width: 1024px) 100vw, 1024px\" \/><\/figure>\n<\/div>\n\n\n<p class=\"wp-block-paragraph\">En las primeras horas de una crisis, las redes sociales se inundan de rumores y p\u00e1nico. La \u00abconciencia situacional\u00bb \u2014conocer zonas de evacuaci\u00f3n o puntos de recursos\u2014 solo se obtiene mediante canales oficiales de emergencia en AM\/FM.<\/p>\n\n\n\n<p class=\"wp-block-paragraph\">Tu radio debe tener carga solar y manivela manual. La m\u00e9trica de eficiencia es clara:&nbsp;<strong>5 minutos de manivela deben proporcionar al menos 30 minutos de recepci\u00f3n<\/strong>. Esta herramienta te otorga la informaci\u00f3n estrat\u00e9gica necesaria para decidir si evacuar o permanecer en el sitio sin depender de una red el\u00e9ctrica colapsada.<\/p>\n\n\n\n<p class=\"wp-block-paragraph\"><strong>Efectivo en Billetes Peque\u00f1os: El sistema que no se apaga<\/strong><\/p>\n\n\n<div class=\"wp-block-image\">\n<figure class=\"aligncenter size-full is-resized\"><img loading=\"lazy\" decoding=\"async\" width=\"1024\" height=\"1024\" src=\"https:\/\/www.destrezasyvidaenelmedionatural.es\/wp-content\/uploads\/2026\/03\/Copilot_20260318_114446.png\" alt=\"\" class=\"wp-image-4762\" style=\"width:576px;height:auto\" srcset=\"https:\/\/www.destrezasyvidaenelmedionatural.es\/wp-content\/uploads\/2026\/03\/Copilot_20260318_114446.png 1024w, https:\/\/www.destrezasyvidaenelmedionatural.es\/wp-content\/uploads\/2026\/03\/Copilot_20260318_114446-300x300.png 300w, https:\/\/www.destrezasyvidaenelmedionatural.es\/wp-content\/uploads\/2026\/03\/Copilot_20260318_114446-150x150.png 150w, https:\/\/www.destrezasyvidaenelmedionatural.es\/wp-content\/uploads\/2026\/03\/Copilot_20260318_114446-768x768.png 768w, https:\/\/www.destrezasyvidaenelmedionatural.es\/wp-content\/uploads\/2026\/03\/Copilot_20260318_114446-100x100.png 100w\" sizes=\"(max-width: 1024px) 100vw, 1024px\" \/><\/figure>\n<\/div>\n\n\n<p class=\"wp-block-paragraph\">Este es el punto m\u00e1s contraintuitivo. En crisis de corta y mediana duraci\u00f3n (como Katrina o el apag\u00f3n de Puerto Rico), el efectivo es el rey. El oro tiene un \u00abproblema de cambio\u00bb (nadie te dar\u00e1 cambio de un gramo de oro por una lata de comida) y las criptomonedas requieren una infraestructura el\u00e9ctrica y digital que ser\u00e1 la primera en caer.<\/p>\n\n\n\n<p class=\"wp-block-paragraph\">El efectivo debe estar en&nbsp;<strong>denominaciones peque\u00f1as<\/strong>&nbsp;para evitar llamar la atenci\u00f3n. Pagar con billetes grandes en un mercado informal de crisis te marca inmediatamente como un objetivo con recursos excesivos.<\/p>\n\n\n\n<p class=\"wp-block-paragraph\">Se recomienda guardar suficiente efectivo para cubrir 7 d\u00edas de gastos b\u00e1sicos (combustible y alimentos).<\/p>\n\n\n\n<p class=\"wp-block-paragraph\"><strong>La mochila que funciona cuando el momento llega<\/strong><\/p>\n\n\n\n<p class=\"wp-block-paragraph\">La \u00abingenier\u00eda de supervivencia\u00bb no se trata de acumular, sino de seleccionar objetos que cumplan m\u00faltiples funciones y justifiquen su peso bajo estr\u00e9s extremo. Este n\u00facleo de seis elementos vitales pesa&nbsp;<strong>menos de 3 kg<\/strong>, dejando el resto de tu capacidad de carga para agua, alimento y ropa.<\/p>\n\n\n\n<p class=\"wp-block-paragraph\">\u00bfTu preparaci\u00f3n actual est\u00e1 basada en el marketing de camping o en la realidad del terreno? El equipo es solo una herramienta, pero la herramienta equivocada en el momento del colapso es, simplemente, peso muerto que acelera tu agotamiento.<\/p>\n\n\n\n<p class=\"wp-block-paragraph\">Las emergencias no avisan, y cuando el sistema falla, solo lo que llevas contigo y sabes usar determinar\u00e1 tu destino.<\/p>\n","protected":false},"excerpt":{"rendered":"<p>En los foros de supervivencia y grupos de preparaci\u00f3n abunda una imagen distorsionada: el \u00abprepper\u00bb de internet cargado con una mochila de 40 kilos repleta de gadgets caros y herramientas t\u00e1cticas que lucen impecables en un v\u00eddeo de YouTube. Sin embargo, la realidad de un colapso no es un escenario controlado. El estr\u00e9s agudo no &hellip;<\/p>\n<p class=\"read-more\"> <a class=\"\" href=\"https:\/\/www.destrezasyvidaenelmedionatural.es\/index.php\/2026\/03\/18\/por-que-tu-mochila-de-emergencia-esta-mal-equipada\/\"> <span class=\"screen-reader-text\">6 Objetos Vitales: Por qu\u00e9 tu mochila de emergencia est\u00e1 mal equipada (y c\u00f3mo arreglarla)<\/span> Leer m\u00e1s &raquo;<\/a><\/p>\n","protected":false},"author":1,"featured_media":4763,"comment_status":"open","ping_status":"open","sticky":false,"template":"","format":"standard","meta":{"episode_type":"","audio_file":"","cover_image":"","cover_image_id":"","duration":"","filesize":"","date_recorded":"","explicit":"","block":"","filesize_raw":"","footnotes":""},"categories":[8],"tags":[],"class_list":["post-4756","post","type-post","status-publish","format-standard","has-post-thumbnail","hentry","category-blog"],"yoast_head":"<!-- This site is optimized with the Yoast SEO plugin v23.8 - https:\/\/yoast.com\/wordpress\/plugins\/seo\/ -->\n<title>6 Objetos Vitales: Por qu\u00e9 tu mochila de emergencia est\u00e1 mal equipada (y c\u00f3mo arreglarla) - Destrezas y Vida en el Medio Natural<\/title>\n<meta name=\"description\" content=\"Las emergencias no avisan, y cuando el sistema falla, solo lo que llevas contigo y sabes usar determinar\u00e1 tu destino.\" \/>\n<meta name=\"robots\" content=\"index, follow, max-snippet:-1, max-image-preview:large, max-video-preview:-1\" \/>\n<link rel=\"canonical\" href=\"https:\/\/www.destrezasyvidaenelmedionatural.es\/index.php\/2026\/03\/18\/por-que-tu-mochila-de-emergencia-esta-mal-equipada\/\" \/>\n<meta property=\"og:locale\" content=\"es_ES\" \/>\n<meta property=\"og:type\" content=\"article\" \/>\n<meta property=\"og:title\" content=\"6 Objetos Vitales: Por qu\u00e9 tu mochila de emergencia est\u00e1 mal equipada (y c\u00f3mo arreglarla) - Destrezas y Vida en el Medio Natural\" \/>\n<meta property=\"og:description\" content=\"Las emergencias no avisan, y cuando el sistema falla, solo lo que llevas contigo y sabes usar determinar\u00e1 tu destino.\" \/>\n<meta property=\"og:url\" content=\"https:\/\/www.destrezasyvidaenelmedionatural.es\/index.php\/2026\/03\/18\/por-que-tu-mochila-de-emergencia-esta-mal-equipada\/\" \/>\n<meta property=\"og:site_name\" content=\"Destrezas y Vida en el Medio Natural\" \/>\n<meta property=\"article:publisher\" content=\"https:\/\/www.facebook.com\/Destrezas.y.Vida.en.el.Medio.Natural\" \/>\n<meta property=\"article:author\" content=\"https:\/\/www.facebook.com\/Destrezas.y.Vida.en.el.Medio.Natural\" \/>\n<meta property=\"article:published_time\" content=\"2026-03-18T10:49:21+00:00\" \/>\n<meta property=\"article:modified_time\" content=\"2026-03-18T10:54:34+00:00\" \/>\n<meta property=\"og:image\" content=\"http:\/\/www.destrezasyvidaenelmedionatural.es\/wp-content\/uploads\/2026\/03\/Copilot_20260318_114851.png\" \/>\n\t<meta property=\"og:image:width\" content=\"1024\" \/>\n\t<meta property=\"og:image:height\" content=\"1024\" \/>\n\t<meta property=\"og:image:type\" content=\"image\/png\" \/>\n<meta name=\"author\" content=\"admin\" \/>\n<meta name=\"twitter:card\" content=\"summary_large_image\" \/>\n<meta name=\"twitter:creator\" content=\"@DestrezasyVida\" \/>\n<meta name=\"twitter:site\" content=\"@DestrezasyVida\" \/>\n<meta name=\"twitter:label1\" content=\"Escrito por\" \/>\n\t<meta name=\"twitter:data1\" content=\"admin\" \/>\n\t<meta name=\"twitter:label2\" content=\"Tiempo de lectura\" \/>\n\t<meta name=\"twitter:data2\" content=\"7 minutos\" \/>\n<script type=\"application\/ld+json\" class=\"yoast-schema-graph\">{\"@context\":\"https:\/\/schema.org\",\"@graph\":[{\"@type\":\"Article\",\"@id\":\"https:\/\/www.destrezasyvidaenelmedionatural.es\/index.php\/2026\/03\/18\/por-que-tu-mochila-de-emergencia-esta-mal-equipada\/#article\",\"isPartOf\":{\"@id\":\"https:\/\/www.destrezasyvidaenelmedionatural.es\/index.php\/2026\/03\/18\/por-que-tu-mochila-de-emergencia-esta-mal-equipada\/\"},\"author\":{\"name\":\"admin\",\"@id\":\"https:\/\/www.destrezasyvidaenelmedionatural.es\/#\/schema\/person\/05ac69635d864d75006df0853eb7afd3\"},\"headline\":\"6 Objetos Vitales: Por qu\u00e9 tu mochila de emergencia est\u00e1 mal equipada (y c\u00f3mo arreglarla)\",\"datePublished\":\"2026-03-18T10:49:21+00:00\",\"dateModified\":\"2026-03-18T10:54:34+00:00\",\"mainEntityOfPage\":{\"@id\":\"https:\/\/www.destrezasyvidaenelmedionatural.es\/index.php\/2026\/03\/18\/por-que-tu-mochila-de-emergencia-esta-mal-equipada\/\"},\"wordCount\":1215,\"commentCount\":0,\"publisher\":{\"@id\":\"https:\/\/www.destrezasyvidaenelmedionatural.es\/#\/schema\/person\/05ac69635d864d75006df0853eb7afd3\"},\"image\":{\"@id\":\"https:\/\/www.destrezasyvidaenelmedionatural.es\/index.php\/2026\/03\/18\/por-que-tu-mochila-de-emergencia-esta-mal-equipada\/#primaryimage\"},\"thumbnailUrl\":\"https:\/\/www.destrezasyvidaenelmedionatural.es\/wp-content\/uploads\/2026\/03\/Copilot_20260318_114851.png\",\"articleSection\":[\"Blog\"],\"inLanguage\":\"es\",\"potentialAction\":[{\"@type\":\"CommentAction\",\"name\":\"Comment\",\"target\":[\"https:\/\/www.destrezasyvidaenelmedionatural.es\/index.php\/2026\/03\/18\/por-que-tu-mochila-de-emergencia-esta-mal-equipada\/#respond\"]}]},{\"@type\":\"WebPage\",\"@id\":\"https:\/\/www.destrezasyvidaenelmedionatural.es\/index.php\/2026\/03\/18\/por-que-tu-mochila-de-emergencia-esta-mal-equipada\/\",\"url\":\"https:\/\/www.destrezasyvidaenelmedionatural.es\/index.php\/2026\/03\/18\/por-que-tu-mochila-de-emergencia-esta-mal-equipada\/\",\"name\":\"6 Objetos Vitales: Por qu\u00e9 tu mochila de emergencia est\u00e1 mal equipada (y c\u00f3mo arreglarla) - Destrezas y Vida en el Medio Natural\",\"isPartOf\":{\"@id\":\"https:\/\/www.destrezasyvidaenelmedionatural.es\/#website\"},\"primaryImageOfPage\":{\"@id\":\"https:\/\/www.destrezasyvidaenelmedionatural.es\/index.php\/2026\/03\/18\/por-que-tu-mochila-de-emergencia-esta-mal-equipada\/#primaryimage\"},\"image\":{\"@id\":\"https:\/\/www.destrezasyvidaenelmedionatural.es\/index.php\/2026\/03\/18\/por-que-tu-mochila-de-emergencia-esta-mal-equipada\/#primaryimage\"},\"thumbnailUrl\":\"https:\/\/www.destrezasyvidaenelmedionatural.es\/wp-content\/uploads\/2026\/03\/Copilot_20260318_114851.png\",\"datePublished\":\"2026-03-18T10:49:21+00:00\",\"dateModified\":\"2026-03-18T10:54:34+00:00\",\"description\":\"Las emergencias no avisan, y cuando el sistema falla, solo lo que llevas contigo y sabes usar determinar\u00e1 tu destino.\",\"breadcrumb\":{\"@id\":\"https:\/\/www.destrezasyvidaenelmedionatural.es\/index.php\/2026\/03\/18\/por-que-tu-mochila-de-emergencia-esta-mal-equipada\/#breadcrumb\"},\"inLanguage\":\"es\",\"potentialAction\":[{\"@type\":\"ReadAction\",\"target\":[\"https:\/\/www.destrezasyvidaenelmedionatural.es\/index.php\/2026\/03\/18\/por-que-tu-mochila-de-emergencia-esta-mal-equipada\/\"]}]},{\"@type\":\"ImageObject\",\"inLanguage\":\"es\",\"@id\":\"https:\/\/www.destrezasyvidaenelmedionatural.es\/index.php\/2026\/03\/18\/por-que-tu-mochila-de-emergencia-esta-mal-equipada\/#primaryimage\",\"url\":\"https:\/\/www.destrezasyvidaenelmedionatural.es\/wp-content\/uploads\/2026\/03\/Copilot_20260318_114851.png\",\"contentUrl\":\"https:\/\/www.destrezasyvidaenelmedionatural.es\/wp-content\/uploads\/2026\/03\/Copilot_20260318_114851.png\",\"width\":1024,\"height\":1024},{\"@type\":\"BreadcrumbList\",\"@id\":\"https:\/\/www.destrezasyvidaenelmedionatural.es\/index.php\/2026\/03\/18\/por-que-tu-mochila-de-emergencia-esta-mal-equipada\/#breadcrumb\",\"itemListElement\":[{\"@type\":\"ListItem\",\"position\":1,\"name\":\"Portada\",\"item\":\"https:\/\/www.destrezasyvidaenelmedionatural.es\/\"},{\"@type\":\"ListItem\",\"position\":2,\"name\":\"6 Objetos Vitales: Por qu\u00e9 tu mochila de emergencia est\u00e1 mal equipada (y c\u00f3mo arreglarla)\"}]},{\"@type\":\"WebSite\",\"@id\":\"https:\/\/www.destrezasyvidaenelmedionatural.es\/#website\",\"url\":\"https:\/\/www.destrezasyvidaenelmedionatural.es\/\",\"name\":\"Destrezas y Vida en el Medio Natural\",\"description\":\"El sitio web Destrezas y Vida en el Medio Natural es un recurso excelente para cualquiera que quiera aprender sobre la naturaleza y c\u00f3mo interactuar con ella de manera segura y respetuosa.\",\"publisher\":{\"@id\":\"https:\/\/www.destrezasyvidaenelmedionatural.es\/#\/schema\/person\/05ac69635d864d75006df0853eb7afd3\"},\"potentialAction\":[{\"@type\":\"SearchAction\",\"target\":{\"@type\":\"EntryPoint\",\"urlTemplate\":\"https:\/\/www.destrezasyvidaenelmedionatural.es\/?s={search_term_string}\"},\"query-input\":{\"@type\":\"PropertyValueSpecification\",\"valueRequired\":true,\"valueName\":\"search_term_string\"}}],\"inLanguage\":\"es\"},{\"@type\":[\"Person\",\"Organization\"],\"@id\":\"https:\/\/www.destrezasyvidaenelmedionatural.es\/#\/schema\/person\/05ac69635d864d75006df0853eb7afd3\",\"name\":\"admin\",\"image\":{\"@type\":\"ImageObject\",\"inLanguage\":\"es\",\"@id\":\"https:\/\/www.destrezasyvidaenelmedionatural.es\/#\/schema\/person\/image\/\",\"url\":\"https:\/\/www.destrezasyvidaenelmedionatural.es\/wp-content\/uploads\/2021\/08\/cropped-SIN-FONDO-PRUEBA1.png\",\"contentUrl\":\"https:\/\/www.destrezasyvidaenelmedionatural.es\/wp-content\/uploads\/2021\/08\/cropped-SIN-FONDO-PRUEBA1.png\",\"width\":351,\"height\":349,\"caption\":\"admin\"},\"logo\":{\"@id\":\"https:\/\/www.destrezasyvidaenelmedionatural.es\/#\/schema\/person\/image\/\"},\"sameAs\":[\"http:\/\/www.destrezasyvidaenelmedionatural.es\",\"https:\/\/www.facebook.com\/Destrezas.y.Vida.en.el.Medio.Natural\",\"https:\/\/www.instagram.com\/destrezasyvidamn\/\"],\"url\":\"https:\/\/www.destrezasyvidaenelmedionatural.es\/index.php\/author\/admin\/\"}]}<\/script>\n<!-- \/ Yoast SEO plugin. -->","yoast_head_json":{"title":"6 Objetos Vitales: Por qu\u00e9 tu mochila de emergencia est\u00e1 mal equipada (y c\u00f3mo arreglarla) - Destrezas y Vida en el Medio Natural","description":"Las emergencias no avisan, y cuando el sistema falla, solo lo que llevas contigo y sabes usar determinar\u00e1 tu destino.","robots":{"index":"index","follow":"follow","max-snippet":"max-snippet:-1","max-image-preview":"max-image-preview:large","max-video-preview":"max-video-preview:-1"},"canonical":"https:\/\/www.destrezasyvidaenelmedionatural.es\/index.php\/2026\/03\/18\/por-que-tu-mochila-de-emergencia-esta-mal-equipada\/","og_locale":"es_ES","og_type":"article","og_title":"6 Objetos Vitales: Por qu\u00e9 tu mochila de emergencia est\u00e1 mal equipada (y c\u00f3mo arreglarla) - Destrezas y Vida en el Medio Natural","og_description":"Las emergencias no avisan, y cuando el sistema falla, solo lo que llevas contigo y sabes usar determinar\u00e1 tu destino.","og_url":"https:\/\/www.destrezasyvidaenelmedionatural.es\/index.php\/2026\/03\/18\/por-que-tu-mochila-de-emergencia-esta-mal-equipada\/","og_site_name":"Destrezas y Vida en el Medio Natural","article_publisher":"https:\/\/www.facebook.com\/Destrezas.y.Vida.en.el.Medio.Natural","article_author":"https:\/\/www.facebook.com\/Destrezas.y.Vida.en.el.Medio.Natural","article_published_time":"2026-03-18T10:49:21+00:00","article_modified_time":"2026-03-18T10:54:34+00:00","og_image":[{"url":"http:\/\/www.destrezasyvidaenelmedionatural.es\/wp-content\/uploads\/2026\/03\/Copilot_20260318_114851.png","width":1024,"height":1024,"type":"image\/png"}],"author":"admin","twitter_card":"summary_large_image","twitter_creator":"@DestrezasyVida","twitter_site":"@DestrezasyVida","twitter_misc":{"Escrito por":"admin","Tiempo de lectura":"7 minutos"},"schema":{"@context":"https:\/\/schema.org","@graph":[{"@type":"Article","@id":"https:\/\/www.destrezasyvidaenelmedionatural.es\/index.php\/2026\/03\/18\/por-que-tu-mochila-de-emergencia-esta-mal-equipada\/#article","isPartOf":{"@id":"https:\/\/www.destrezasyvidaenelmedionatural.es\/index.php\/2026\/03\/18\/por-que-tu-mochila-de-emergencia-esta-mal-equipada\/"},"author":{"name":"admin","@id":"https:\/\/www.destrezasyvidaenelmedionatural.es\/#\/schema\/person\/05ac69635d864d75006df0853eb7afd3"},"headline":"6 Objetos Vitales: Por qu\u00e9 tu mochila de emergencia est\u00e1 mal equipada (y c\u00f3mo arreglarla)","datePublished":"2026-03-18T10:49:21+00:00","dateModified":"2026-03-18T10:54:34+00:00","mainEntityOfPage":{"@id":"https:\/\/www.destrezasyvidaenelmedionatural.es\/index.php\/2026\/03\/18\/por-que-tu-mochila-de-emergencia-esta-mal-equipada\/"},"wordCount":1215,"commentCount":0,"publisher":{"@id":"https:\/\/www.destrezasyvidaenelmedionatural.es\/#\/schema\/person\/05ac69635d864d75006df0853eb7afd3"},"image":{"@id":"https:\/\/www.destrezasyvidaenelmedionatural.es\/index.php\/2026\/03\/18\/por-que-tu-mochila-de-emergencia-esta-mal-equipada\/#primaryimage"},"thumbnailUrl":"https:\/\/www.destrezasyvidaenelmedionatural.es\/wp-content\/uploads\/2026\/03\/Copilot_20260318_114851.png","articleSection":["Blog"],"inLanguage":"es","potentialAction":[{"@type":"CommentAction","name":"Comment","target":["https:\/\/www.destrezasyvidaenelmedionatural.es\/index.php\/2026\/03\/18\/por-que-tu-mochila-de-emergencia-esta-mal-equipada\/#respond"]}]},{"@type":"WebPage","@id":"https:\/\/www.destrezasyvidaenelmedionatural.es\/index.php\/2026\/03\/18\/por-que-tu-mochila-de-emergencia-esta-mal-equipada\/","url":"https:\/\/www.destrezasyvidaenelmedionatural.es\/index.php\/2026\/03\/18\/por-que-tu-mochila-de-emergencia-esta-mal-equipada\/","name":"6 Objetos Vitales: Por qu\u00e9 tu mochila de emergencia est\u00e1 mal equipada (y c\u00f3mo arreglarla) - Destrezas y Vida en el Medio Natural","isPartOf":{"@id":"https:\/\/www.destrezasyvidaenelmedionatural.es\/#website"},"primaryImageOfPage":{"@id":"https:\/\/www.destrezasyvidaenelmedionatural.es\/index.php\/2026\/03\/18\/por-que-tu-mochila-de-emergencia-esta-mal-equipada\/#primaryimage"},"image":{"@id":"https:\/\/www.destrezasyvidaenelmedionatural.es\/index.php\/2026\/03\/18\/por-que-tu-mochila-de-emergencia-esta-mal-equipada\/#primaryimage"},"thumbnailUrl":"https:\/\/www.destrezasyvidaenelmedionatural.es\/wp-content\/uploads\/2026\/03\/Copilot_20260318_114851.png","datePublished":"2026-03-18T10:49:21+00:00","dateModified":"2026-03-18T10:54:34+00:00","description":"Las emergencias no avisan, y cuando el sistema falla, solo lo que llevas contigo y sabes usar determinar\u00e1 tu destino.","breadcrumb":{"@id":"https:\/\/www.destrezasyvidaenelmedionatural.es\/index.php\/2026\/03\/18\/por-que-tu-mochila-de-emergencia-esta-mal-equipada\/#breadcrumb"},"inLanguage":"es","potentialAction":[{"@type":"ReadAction","target":["https:\/\/www.destrezasyvidaenelmedionatural.es\/index.php\/2026\/03\/18\/por-que-tu-mochila-de-emergencia-esta-mal-equipada\/"]}]},{"@type":"ImageObject","inLanguage":"es","@id":"https:\/\/www.destrezasyvidaenelmedionatural.es\/index.php\/2026\/03\/18\/por-que-tu-mochila-de-emergencia-esta-mal-equipada\/#primaryimage","url":"https:\/\/www.destrezasyvidaenelmedionatural.es\/wp-content\/uploads\/2026\/03\/Copilot_20260318_114851.png","contentUrl":"https:\/\/www.destrezasyvidaenelmedionatural.es\/wp-content\/uploads\/2026\/03\/Copilot_20260318_114851.png","width":1024,"height":1024},{"@type":"BreadcrumbList","@id":"https:\/\/www.destrezasyvidaenelmedionatural.es\/index.php\/2026\/03\/18\/por-que-tu-mochila-de-emergencia-esta-mal-equipada\/#breadcrumb","itemListElement":[{"@type":"ListItem","position":1,"name":"Portada","item":"https:\/\/www.destrezasyvidaenelmedionatural.es\/"},{"@type":"ListItem","position":2,"name":"6 Objetos Vitales: Por qu\u00e9 tu mochila de emergencia est\u00e1 mal equipada (y c\u00f3mo arreglarla)"}]},{"@type":"WebSite","@id":"https:\/\/www.destrezasyvidaenelmedionatural.es\/#website","url":"https:\/\/www.destrezasyvidaenelmedionatural.es\/","name":"Destrezas y Vida en el Medio Natural","description":"El sitio web Destrezas y Vida en el Medio Natural es un recurso excelente para cualquiera que quiera aprender sobre la naturaleza y c\u00f3mo interactuar con ella de manera segura y respetuosa.","publisher":{"@id":"https:\/\/www.destrezasyvidaenelmedionatural.es\/#\/schema\/person\/05ac69635d864d75006df0853eb7afd3"},"potentialAction":[{"@type":"SearchAction","target":{"@type":"EntryPoint","urlTemplate":"https:\/\/www.destrezasyvidaenelmedionatural.es\/?s={search_term_string}"},"query-input":{"@type":"PropertyValueSpecification","valueRequired":true,"valueName":"search_term_string"}}],"inLanguage":"es"},{"@type":["Person","Organization"],"@id":"https:\/\/www.destrezasyvidaenelmedionatural.es\/#\/schema\/person\/05ac69635d864d75006df0853eb7afd3","name":"admin","image":{"@type":"ImageObject","inLanguage":"es","@id":"https:\/\/www.destrezasyvidaenelmedionatural.es\/#\/schema\/person\/image\/","url":"https:\/\/www.destrezasyvidaenelmedionatural.es\/wp-content\/uploads\/2021\/08\/cropped-SIN-FONDO-PRUEBA1.png","contentUrl":"https:\/\/www.destrezasyvidaenelmedionatural.es\/wp-content\/uploads\/2021\/08\/cropped-SIN-FONDO-PRUEBA1.png","width":351,"height":349,"caption":"admin"},"logo":{"@id":"https:\/\/www.destrezasyvidaenelmedionatural.es\/#\/schema\/person\/image\/"},"sameAs":["http:\/\/www.destrezasyvidaenelmedionatural.es","https:\/\/www.facebook.com\/Destrezas.y.Vida.en.el.Medio.Natural","https:\/\/www.instagram.com\/destrezasyvidamn\/"],"url":"https:\/\/www.destrezasyvidaenelmedionatural.es\/index.php\/author\/admin\/"}]}},"_links":{"self":[{"href":"https:\/\/www.destrezasyvidaenelmedionatural.es\/index.php\/wp-json\/wp\/v2\/posts\/4756","targetHints":{"allow":["GET"]}}],"collection":[{"href":"https:\/\/www.destrezasyvidaenelmedionatural.es\/index.php\/wp-json\/wp\/v2\/posts"}],"about":[{"href":"https:\/\/www.destrezasyvidaenelmedionatural.es\/index.php\/wp-json\/wp\/v2\/types\/post"}],"author":[{"embeddable":true,"href":"https:\/\/www.destrezasyvidaenelmedionatural.es\/index.php\/wp-json\/wp\/v2\/users\/1"}],"replies":[{"embeddable":true,"href":"https:\/\/www.destrezasyvidaenelmedionatural.es\/index.php\/wp-json\/wp\/v2\/comments?post=4756"}],"version-history":[{"count":2,"href":"https:\/\/www.destrezasyvidaenelmedionatural.es\/index.php\/wp-json\/wp\/v2\/posts\/4756\/revisions"}],"predecessor-version":[{"id":4766,"href":"https:\/\/www.destrezasyvidaenelmedionatural.es\/index.php\/wp-json\/wp\/v2\/posts\/4756\/revisions\/4766"}],"wp:featuredmedia":[{"embeddable":true,"href":"https:\/\/www.destrezasyvidaenelmedionatural.es\/index.php\/wp-json\/wp\/v2\/media\/4763"}],"wp:attachment":[{"href":"https:\/\/www.destrezasyvidaenelmedionatural.es\/index.php\/wp-json\/wp\/v2\/media?parent=4756"}],"wp:term":[{"taxonomy":"category","embeddable":true,"href":"https:\/\/www.destrezasyvidaenelmedionatural.es\/index.php\/wp-json\/wp\/v2\/categories?post=4756"},{"taxonomy":"post_tag","embeddable":true,"href":"https:\/\/www.destrezasyvidaenelmedionatural.es\/index.php\/wp-json\/wp\/v2\/tags?post=4756"}],"curies":[{"name":"wp","href":"https:\/\/api.w.org\/{rel}","templated":true}]}}