{"id":4836,"date":"2026-04-22T14:26:28","date_gmt":"2026-04-22T14:26:28","guid":{"rendered":"https:\/\/www.destrezasyvidaenelmedionatural.es\/?p=4836"},"modified":"2026-04-22T14:33:48","modified_gmt":"2026-04-22T14:33:48","slug":"preparacion-primaveral-prepper-la-guia-definitiva-para-la-autodependencia-en-2026","status":"publish","type":"post","link":"https:\/\/www.destrezasyvidaenelmedionatural.es\/index.php\/2026\/04\/22\/preparacion-primaveral-prepper-la-guia-definitiva-para-la-autodependencia-en-2026\/","title":{"rendered":"Preparaci\u00f3n Primaveral Prepper: La Gu\u00eda Definitiva para la Autodependencia en 2026"},"content":{"rendered":"\n<p>Estamos a mediados de abril de 2026. El mundo que observamos desde nuestras ventanas es m\u00e1s incierto que nunca. Con el Estrecho de Ormuz bloqueado y los precios de la energ\u00eda fluctuando de forma violenta, la comodidad de la red el\u00e9ctrica y los supermercados abastecidos se siente, para muchos de nosotros, como un privilegio temporal. El invierno ha sido duro, no solo por el fr\u00edo, sino por la presi\u00f3n log\u00edstica que ha puesto sobre nuestros sistemas de reserva.<\/p>\n\n\n\n<p>Pero la primavera ha llegado. Y para el prepper consciente, la primavera no es solo la estaci\u00f3n de las flores; es la <strong>ventana operativa m\u00e1s cr\u00edtica del a\u00f1o<\/strong>. Es el momento de transicionar del modo \u00abresistencia y conservaci\u00f3n\u00bb al modo \u00abproducci\u00f3n y movilidad\u00bb. La preparaci\u00f3n primaveral es el cimiento de la autodependencia; es el periodo donde decidimos si seremos v\u00edctimas de las circunstancias o due\u00f1os de nuestra resiliencia.<\/p>\n\n\n\n<p>En <strong>Destrezas y Vida en el Medio Natural<\/strong>, entendemos que la supervivencia no es un evento, es un proceso de mantenimiento constante. Si has pasado los \u00faltimos meses refugiado en casa, es probable que tu equipo, tu despensa y tus sistemas hayan sufrido el desgaste del desuso o del rigor invernal. En este art\u00edculo, vamos a desglosar paso a paso c\u00f3mo realizar una auditor\u00eda integral de tu sistema de vida, desde el mantenimiento t\u00e9cnico de tus dispositivos hasta la siembra de tu soberan\u00eda alimentaria. Porque en el preparacionismo, la suerte favorece a quienes est\u00e1n listos.<\/p>\n\n\n\n<h2 class=\"wp-block-heading\">Rescatando el Equipo del Letargo Invernal<\/h2>\n\n\n\n<p>El invierno es el enemigo silencioso de la tecnolog\u00eda de supervivencia. Las bajas temperaturas afectan a la qu\u00edmica de las bater\u00edas, la humedad estancada degrada los tejidos y el desuso puede obstruir mecanismos vitales. Tu preparaci\u00f3n primaveral prepper debe comenzar con una inspecci\u00f3n t\u00e9cnica rigurosa.<\/p>\n\n\n\n<h3 class=\"wp-block-heading\">Energ\u00eda Solar y Almacenamiento<\/h3>\n\n\n\n<p>Durante el invierno, tus <a href=\"https:\/\/ferrehogar.es\/search?q=Bater%C3%ADa+Port%C3%A1til+Solar\">paneles solares port\u00e1tiles<\/a> probablemente han recibido menos horas de luz y han acumulado suciedad o residuos de nieve. Es el momento de realizar una limpieza profunda de las c\u00e9lulas fotovoltaicas con agua destilada y un pa\u00f1o de microfibra. La acumulaci\u00f3n de polen primaveral puede reducir la eficiencia hasta en un 20% si no se mantiene.<\/p>\n\n\n\n<p>M\u00e1s cr\u00edtico a\u00fan es el estado de tus <a href=\"https:\/\/ferrehogar.es\/search?q=Bater%C3%ADa+Port%C3%A1til+Solar\">estaciones de energ\u00eda <\/a>y <a href=\"https:\/\/ferrehogar.es\/search?q=bater%C3%ADas+de+litio\">bater\u00edas de litio.<\/a> El fr\u00edo extremo reduce la capacidad de retenci\u00f3n de carga. Realiza un ciclo completo de descarga (hasta el 10%) y carga (hasta el 100%) para recalibrar el sistema de gesti\u00f3n de la bater\u00eda (BMS). Si detectas hinchaz\u00f3n en alguna bater\u00eda, des\u00e9chala de forma segura inmediatamente; el calor que vendr\u00e1 tras la primavera podr\u00eda convertir ese equipo en un riesgo de incendio.<\/p>\n\n\n\n<h3 class=\"wp-block-heading\">Purificaci\u00f3n y Filtraci\u00f3n de Agua<\/h3>\n\n\n\n<p>Si utilizas un <a href=\"https:\/\/ferrehogar.es\/c\/fabricantes\/sawyer-u-filtracion-de-agua-repelente-de-insectos-\">filtro de agua tipo Sawyer<\/a> o <a href=\"https:\/\/ferrehogar.es\/search?q=fibra+hueca\">sistemas de microfibra hueca<\/a>, el riesgo post-invierno es la congelaci\u00f3n o el moho. Si dejaste humedad dentro del filtro y las temperaturas bajaron de 0\u00b0C, el hielo expandido podr\u00eda haber roto las fibras microsc\u00f3picas, inutilizando el filtro sin que sea visible al ojo humano.<\/p>\n\n\n\n<p>Realiza una prueba de integridad del flujo. Si el filtro ofrece menos resistencia de lo habitual, c\u00e1mbialo. Asimismo, realiza un retrolavado (backwash) con una soluci\u00f3n ligera de lej\u00eda apta para uso alimentario o pastillas potabilizadoras para eliminar cualquier crecimiento bacteriano que haya podido prosperar durante los meses de inactividad. La seguridad h\u00eddrica es el primer pilar de la autodependencia.<\/p>\n\n\n\n<h2 class=\"wp-block-heading\">Soberan\u00eda Alimentaria: El Huerto de Supervivencia<\/h2>\n\n\n\n<p>En el contexto de 2026, con la inflaci\u00f3n de los alimentos disparada por la crisis de fertilizantes, tu capacidad de producir calor\u00edas en casa es tu mejor arma de justicia social y econ\u00f3mica. La preparaci\u00f3n primaveral prepper exige que el huerto sea tratado como una infraestructura cr\u00edtica, no como un pasatiempo.<\/p>\n\n\n\n<h3 class=\"wp-block-heading\">El Suelo y las Semillas<\/h3>\n\n\n\n<p>La preparaci\u00f3n del suelo es vital. Tras el invierno, la tierra est\u00e1 compactada y lavada de nutrientes. No dependas de fertilizantes comerciales que podr\u00edan escasear; utiliza tu propio compost o humus de lombriz para reactivar la microbiolog\u00eda del suelo.<\/p>\n\n\n\n<p>A la hora de seleccionar semillas, prioriza la variedad sobre la est\u00e9tica. En un huerto de supervivencia, buscamos cultivos de alta densidad cal\u00f3rica y ciclos de crecimiento cortos. Patatas, legumbres (que adem\u00e1s fijan nitr\u00f3geno en el suelo) y hortalizas de ra\u00edz son fundamentales. Aseg\u00farate de tener un stock de semillas no h\u00edbridas (herencia) que te permitan recolectar semilla para la pr\u00f3xima temporada, cerrando as\u00ed el ciclo de la autodependencia.<\/p>\n\n\n\n<h3 class=\"wp-block-heading\">Control Biol\u00f3gico y Agua de Riego<\/h3>\n\n\n\n<p>La primavera trae consigo plagas. En lugar de pesticidas qu\u00edmicos que degradan tu propio entorno, establece un sistema de control biol\u00f3gico. Plantar cal\u00e9ndulas o capuchinas atrae a polinizadores y repele insectos da\u00f1inos de forma natural.<\/p>\n\n\n\n<p>Igualmente, revisa tu sistema de recolecci\u00f3n de agua de lluvia. Limpia los canalones de hojas muertas del oto\u00f1o pasado y desinfecta tus dep\u00f3sitos para evitar la proliferaci\u00f3n de larvas de mosquito y bacterias. En Espa\u00f1a, una primavera seca suele preceder a un verano de restricciones; cada litro almacenado ahora es un seguro de vida para agosto.<\/p>\n\n\n\n<h2 class=\"wp-block-heading\">Revisi\u00f3n de la Mochila de 72 Horas (Bug Out Bag)<\/h2>\n\n\n\n<p>Tu <a href=\"https:\/\/ferrehogar.wordpress.com\/2024\/05\/29\/mochila-de-72-horas-tu-kit-de-supervivencia-para-imprevistos\/\">Mochila de 72 horas <\/a>debe adaptarse a la estaci\u00f3n. Llevar una chaqueta de plum\u00f3n de alta monta\u00f1a en mayo en la meseta espa\u00f1ola no solo es peso innecesario, sino que te quita espacio para recursos m\u00e1s vitales en primavera.<\/p>\n\n\n\n<h3 class=\"wp-block-heading\">Rotaci\u00f3n de Ropa y Refugio<\/h3>\n\n\n\n<p>Sustituye las capas t\u00e9rmicas pesadas por ropa ligera, transpirable y que ofrezca protecci\u00f3n contra los rayos UV. Incluye un chubasquero ligero de alta calidad; las tormentas primaverales pueden ser tan peligrosas como el fr\u00edo invernal si te mojas y el viento sopla.<\/p>\n\n\n\n<p>Revisa tu sistema de sue\u00f1o. Si utilizas un saco de invierno, c\u00e1mbialo por un saco de tres estaciones o un sistema de manta t\u00e9rmica y funda de vivac para reducir peso y volumen. Recuerda que la movilidad es una forma de seguridad: cuanto menos peses, m\u00e1s lejos y m\u00e1s r\u00e1pido podr\u00e1s moverte si la situaci\u00f3n lo requiere.<\/p>\n\n\n\n<h3 class=\"wp-block-heading\">Suministros M\u00e9dicos e Hidrataci\u00f3n<\/h3>\n\n\n\n<p>En primavera, las alergias y las picaduras de insectos se disparan. Aseg\u00farate de que tu botiqu\u00edn incluya antihistam\u00ednicos frescos y repelentes eficaces. Revisa la fecha de caducidad de tus pastillas potabilizadoras y de los alimentos de alta energ\u00eda (barritas, raciones LRP) que llevas en la mochila. El calor incipiente acelera la degradaci\u00f3n de grasas y aceites en los alimentos procesados.<\/p>\n\n\n\n<p>Aumenta tu capacidad de transporte de agua. En invierno, el cuerpo demanda menos l\u00edquido, pero en primavera, con el aumento de la actividad f\u00edsica y la temperatura, el riesgo de deshidrataci\u00f3n aumenta. A\u00f1ade una bolsa de hidrataci\u00f3n adicional o botellas plegables vac\u00edas que puedas llenar conforme encuentres fuentes seguras.<\/p>\n\n\n\n<h2 class=\"wp-block-heading\">Mantenimiento del Entorno y Seguridad en el Hogar<\/h2>\n\n\n\n<p>La autodependencia tambi\u00e9n implica proteger el lugar donde vives. La preparaci\u00f3n primaveral prepper debe incluir una auditor\u00eda de la seguridad f\u00edsica de tu hogar.<\/p>\n\n\n\n<h3 class=\"wp-block-heading\">Protecci\u00f3n contra Incendios y Vegetaci\u00f3n<\/h3>\n\n\n\n<p>Tras un invierno h\u00famedo, la vegetaci\u00f3n crece descontroladamente. Cuando llegue el calor, esa hierba alta se convertir\u00e1 en combustible fino. Crea un per\u00edmetro de seguridad alrededor de tu vivienda eliminando la maleza seca y las ramas bajas de los \u00e1rboles.<\/p>\n\n\n\n<p>Limpia las chimeneas y estufas de le\u00f1a tras el uso intensivo del invierno. Los dep\u00f3sitos de creosota son la causa n\u00famero uno de incendios en viviendas rurales al inicio de la temporada de calor o al final del oto\u00f1o. Un prepper preparado cuida sus sistemas de calefacci\u00f3n tanto cuando los usa como cuando los apaga.<\/p>\n\n\n\n<h3 class=\"wp-block-heading\">Red de Comunicaciones y Comunidad<\/h3>\n\n\n\n<p>La preparaci\u00f3n no es solo material, es social. La primavera es el momento ideal para retomar el contacto con tu red local de apoyo. Revisa tus radios de banda ciudadana o walkie-talkies. Realiza pruebas de alcance con tus vecinos o miembros de tu grupo de confianza.<\/p>\n\n\n\n<p>\u00bfSiguen vigentes los planes de reuni\u00f3n? \u00bfHa cambiado alguien de n\u00famero de tel\u00e9fono o de frecuencia? La informaci\u00f3n es el recurso m\u00e1s ligero y valioso que puedes poseer. En una crisis como la que vivimos en 2026, saber en qui\u00e9n puedes confiar en tu vecindario es m\u00e1s importante que tener mil latas de comida.<\/p>\n\n\n\n<h2 class=\"wp-block-heading\">La Suerte es el Resultado de la Preparaci\u00f3n<\/h2>\n\n\n\n<p>La preparaci\u00f3n primaveral prepper es mucho m\u00e1s que una limpieza; es un acto de soberan\u00eda personal. Cada filtro que limpias, cada semilla que plantas y cada bater\u00eda que recalibras te aleja un paso m\u00e1s de la vulnerabilidad y un paso m\u00e1s cerca de la autodependencia real.<\/p>\n\n\n\n<p>En un 2026 marcado por la volatilidad geopol\u00edtica y clim\u00e1tica, no podemos permitirnos el lujo de la autocomplacencia. El invierno nos ha ense\u00f1ado nuestras debilidades; la primavera nos da la oportunidad de corregirlas. Aprovecha la luz, el clima y la energ\u00eda de esta estaci\u00f3n para blindar tu futuro.<\/p>\n\n\n\n<p>Recuerda que en<a href=\"http:\/\/www.ferrehogar.es\"> <strong>FerreHogar.es<\/strong><\/a> no solo vendemos equipo; compartimos una filosof\u00eda de vida basada en la responsabilidad individual y la capacidad de respuesta. Tenemos las herramientas, pero t\u00fa tienes la voluntad. Empieza tu preparaci\u00f3n hoy mismo. El ma\u00f1ana pertenece a los que se preparan hoy.<\/p>\n\n\n\n<p>\ud83d\udc49 <strong>\u00bfTu equipo est\u00e1 listo para la acci\u00f3n?<\/strong> No esperes a la pr\u00f3xima emergencia. Visita nuestra tienda online en <a target=\"_blank\" rel=\"noreferrer noopener\" href=\"https:\/\/www.google.com\/url?sa=E&amp;q=http%3A%2F%2Fwww.ferrehogar.es\">www.ferrehogar.es<\/a> y aseg\u00farate de tener los repuestos, las herramientas y los sistemas de energ\u00eda necesarios para una autodependencia total. <strong>Haz de la preparaci\u00f3n tu estilo de vida.<\/strong><\/p>\n","protected":false},"excerpt":{"rendered":"<p>Estamos a mediados de abril de 2026. El mundo que observamos desde nuestras ventanas es m\u00e1s incierto que nunca. Con el Estrecho de Ormuz bloqueado y los precios de la energ\u00eda fluctuando de forma violenta, la comodidad de la red el\u00e9ctrica y los supermercados abastecidos se siente, para muchos de nosotros, como un privilegio temporal. &hellip;<\/p>\n<p class=\"read-more\"> <a class=\"\" href=\"https:\/\/www.destrezasyvidaenelmedionatural.es\/index.php\/2026\/04\/22\/preparacion-primaveral-prepper-la-guia-definitiva-para-la-autodependencia-en-2026\/\"> <span class=\"screen-reader-text\">Preparaci\u00f3n Primaveral Prepper: La Gu\u00eda Definitiva para la Autodependencia en 2026<\/span> Leer m\u00e1s &raquo;<\/a><\/p>\n","protected":false},"author":1,"featured_media":4846,"comment_status":"open","ping_status":"open","sticky":false,"template":"","format":"standard","meta":{"episode_type":"","audio_file":"","cover_image":"","cover_image_id":"","duration":"","filesize":"","date_recorded":"","explicit":"","block":"","filesize_raw":"","footnotes":""},"categories":[8],"tags":[],"class_list":["post-4836","post","type-post","status-publish","format-standard","has-post-thumbnail","hentry","category-blog"],"yoast_head":"<!-- This site is optimized with the Yoast SEO plugin v23.8 - https:\/\/yoast.com\/wordpress\/plugins\/seo\/ -->\n<title>Preparaci\u00f3n Primaveral Prepper: La Gu\u00eda Definitiva para la Autodependencia en 2026 - Destrezas y Vida en el Medio Natural<\/title>\n<meta name=\"description\" content=\"La primavera no es solo buen tiempo; es la ventana operativa m\u00e1s importante del a\u00f1o para asegurar la supervivencia de los pr\u00f3ximos 9 meses.\" \/>\n<meta name=\"robots\" content=\"index, follow, max-snippet:-1, max-image-preview:large, max-video-preview:-1\" \/>\n<link rel=\"canonical\" href=\"https:\/\/www.destrezasyvidaenelmedionatural.es\/index.php\/2026\/04\/22\/preparacion-primaveral-prepper-la-guia-definitiva-para-la-autodependencia-en-2026\/\" \/>\n<meta property=\"og:locale\" content=\"es_ES\" \/>\n<meta property=\"og:type\" content=\"article\" \/>\n<meta property=\"og:title\" content=\"Preparaci\u00f3n Primaveral Prepper: La Gu\u00eda Definitiva para la Autodependencia en 2026 - Destrezas y Vida en el Medio Natural\" \/>\n<meta property=\"og:description\" content=\"La primavera no es solo buen tiempo; es la ventana operativa m\u00e1s importante del a\u00f1o para asegurar la supervivencia de los pr\u00f3ximos 9 meses.\" \/>\n<meta property=\"og:url\" content=\"https:\/\/www.destrezasyvidaenelmedionatural.es\/index.php\/2026\/04\/22\/preparacion-primaveral-prepper-la-guia-definitiva-para-la-autodependencia-en-2026\/\" \/>\n<meta property=\"og:site_name\" content=\"Destrezas y Vida en el Medio Natural\" \/>\n<meta property=\"article:publisher\" content=\"https:\/\/www.facebook.com\/Destrezas.y.Vida.en.el.Medio.Natural\" \/>\n<meta property=\"article:author\" content=\"https:\/\/www.facebook.com\/Destrezas.y.Vida.en.el.Medio.Natural\" \/>\n<meta property=\"article:published_time\" content=\"2026-04-22T14:26:28+00:00\" \/>\n<meta property=\"article:modified_time\" content=\"2026-04-22T14:33:48+00:00\" \/>\n<meta property=\"og:image\" content=\"http:\/\/www.destrezasyvidaenelmedionatural.es\/wp-content\/uploads\/2026\/04\/Preparacion-Primaveral-Prepper-La-Guia-Definitiva-para-la-Autodependencia-en-2026-1.png\" \/>\n\t<meta property=\"og:image:width\" content=\"1024\" \/>\n\t<meta property=\"og:image:height\" content=\"1024\" \/>\n\t<meta property=\"og:image:type\" content=\"image\/png\" \/>\n<meta name=\"author\" content=\"admin\" \/>\n<meta name=\"twitter:card\" content=\"summary_large_image\" \/>\n<meta name=\"twitter:creator\" content=\"@DestrezasyVida\" \/>\n<meta name=\"twitter:site\" content=\"@DestrezasyVida\" \/>\n<meta name=\"twitter:label1\" content=\"Escrito por\" \/>\n\t<meta name=\"twitter:data1\" content=\"admin\" \/>\n\t<meta name=\"twitter:label2\" content=\"Tiempo de lectura\" \/>\n\t<meta name=\"twitter:data2\" content=\"8 minutos\" \/>\n<script type=\"application\/ld+json\" class=\"yoast-schema-graph\">{\"@context\":\"https:\/\/schema.org\",\"@graph\":[{\"@type\":\"Article\",\"@id\":\"https:\/\/www.destrezasyvidaenelmedionatural.es\/index.php\/2026\/04\/22\/preparacion-primaveral-prepper-la-guia-definitiva-para-la-autodependencia-en-2026\/#article\",\"isPartOf\":{\"@id\":\"https:\/\/www.destrezasyvidaenelmedionatural.es\/index.php\/2026\/04\/22\/preparacion-primaveral-prepper-la-guia-definitiva-para-la-autodependencia-en-2026\/\"},\"author\":{\"name\":\"admin\",\"@id\":\"https:\/\/www.destrezasyvidaenelmedionatural.es\/#\/schema\/person\/05ac69635d864d75006df0853eb7afd3\"},\"headline\":\"Preparaci\u00f3n Primaveral Prepper: La Gu\u00eda Definitiva para la Autodependencia en 2026\",\"datePublished\":\"2026-04-22T14:26:28+00:00\",\"dateModified\":\"2026-04-22T14:33:48+00:00\",\"mainEntityOfPage\":{\"@id\":\"https:\/\/www.destrezasyvidaenelmedionatural.es\/index.php\/2026\/04\/22\/preparacion-primaveral-prepper-la-guia-definitiva-para-la-autodependencia-en-2026\/\"},\"wordCount\":1671,\"commentCount\":0,\"publisher\":{\"@id\":\"https:\/\/www.destrezasyvidaenelmedionatural.es\/#\/schema\/person\/05ac69635d864d75006df0853eb7afd3\"},\"image\":{\"@id\":\"https:\/\/www.destrezasyvidaenelmedionatural.es\/index.php\/2026\/04\/22\/preparacion-primaveral-prepper-la-guia-definitiva-para-la-autodependencia-en-2026\/#primaryimage\"},\"thumbnailUrl\":\"https:\/\/www.destrezasyvidaenelmedionatural.es\/wp-content\/uploads\/2026\/04\/Preparacion-Primaveral-Prepper-La-Guia-Definitiva-para-la-Autodependencia-en-2026-1.png\",\"articleSection\":[\"Blog\"],\"inLanguage\":\"es\",\"potentialAction\":[{\"@type\":\"CommentAction\",\"name\":\"Comment\",\"target\":[\"https:\/\/www.destrezasyvidaenelmedionatural.es\/index.php\/2026\/04\/22\/preparacion-primaveral-prepper-la-guia-definitiva-para-la-autodependencia-en-2026\/#respond\"]}]},{\"@type\":[\"WebPage\",\"ItemPage\"],\"@id\":\"https:\/\/www.destrezasyvidaenelmedionatural.es\/index.php\/2026\/04\/22\/preparacion-primaveral-prepper-la-guia-definitiva-para-la-autodependencia-en-2026\/\",\"url\":\"https:\/\/www.destrezasyvidaenelmedionatural.es\/index.php\/2026\/04\/22\/preparacion-primaveral-prepper-la-guia-definitiva-para-la-autodependencia-en-2026\/\",\"name\":\"Preparaci\u00f3n Primaveral Prepper: La Gu\u00eda Definitiva para la Autodependencia en 2026 - Destrezas y Vida en el Medio Natural\",\"isPartOf\":{\"@id\":\"https:\/\/www.destrezasyvidaenelmedionatural.es\/#website\"},\"primaryImageOfPage\":{\"@id\":\"https:\/\/www.destrezasyvidaenelmedionatural.es\/index.php\/2026\/04\/22\/preparacion-primaveral-prepper-la-guia-definitiva-para-la-autodependencia-en-2026\/#primaryimage\"},\"image\":{\"@id\":\"https:\/\/www.destrezasyvidaenelmedionatural.es\/index.php\/2026\/04\/22\/preparacion-primaveral-prepper-la-guia-definitiva-para-la-autodependencia-en-2026\/#primaryimage\"},\"thumbnailUrl\":\"https:\/\/www.destrezasyvidaenelmedionatural.es\/wp-content\/uploads\/2026\/04\/Preparacion-Primaveral-Prepper-La-Guia-Definitiva-para-la-Autodependencia-en-2026-1.png\",\"datePublished\":\"2026-04-22T14:26:28+00:00\",\"dateModified\":\"2026-04-22T14:33:48+00:00\",\"description\":\"La primavera no es solo buen tiempo; es la ventana operativa m\u00e1s importante del a\u00f1o para asegurar la supervivencia de los pr\u00f3ximos 9 meses.\",\"breadcrumb\":{\"@id\":\"https:\/\/www.destrezasyvidaenelmedionatural.es\/index.php\/2026\/04\/22\/preparacion-primaveral-prepper-la-guia-definitiva-para-la-autodependencia-en-2026\/#breadcrumb\"},\"inLanguage\":\"es\",\"potentialAction\":[{\"@type\":\"ReadAction\",\"target\":[\"https:\/\/www.destrezasyvidaenelmedionatural.es\/index.php\/2026\/04\/22\/preparacion-primaveral-prepper-la-guia-definitiva-para-la-autodependencia-en-2026\/\"]}]},{\"@type\":\"ImageObject\",\"inLanguage\":\"es\",\"@id\":\"https:\/\/www.destrezasyvidaenelmedionatural.es\/index.php\/2026\/04\/22\/preparacion-primaveral-prepper-la-guia-definitiva-para-la-autodependencia-en-2026\/#primaryimage\",\"url\":\"https:\/\/www.destrezasyvidaenelmedionatural.es\/wp-content\/uploads\/2026\/04\/Preparacion-Primaveral-Prepper-La-Guia-Definitiva-para-la-Autodependencia-en-2026-1.png\",\"contentUrl\":\"https:\/\/www.destrezasyvidaenelmedionatural.es\/wp-content\/uploads\/2026\/04\/Preparacion-Primaveral-Prepper-La-Guia-Definitiva-para-la-Autodependencia-en-2026-1.png\",\"width\":1024,\"height\":1024},{\"@type\":\"BreadcrumbList\",\"@id\":\"https:\/\/www.destrezasyvidaenelmedionatural.es\/index.php\/2026\/04\/22\/preparacion-primaveral-prepper-la-guia-definitiva-para-la-autodependencia-en-2026\/#breadcrumb\",\"itemListElement\":[{\"@type\":\"ListItem\",\"position\":1,\"name\":\"Portada\",\"item\":\"https:\/\/www.destrezasyvidaenelmedionatural.es\/\"},{\"@type\":\"ListItem\",\"position\":2,\"name\":\"Preparaci\u00f3n Primaveral Prepper: La Gu\u00eda Definitiva para la Autodependencia en 2026\"}]},{\"@type\":\"WebSite\",\"@id\":\"https:\/\/www.destrezasyvidaenelmedionatural.es\/#website\",\"url\":\"https:\/\/www.destrezasyvidaenelmedionatural.es\/\",\"name\":\"Destrezas y Vida en el Medio Natural\",\"description\":\"El sitio web Destrezas y Vida en el Medio Natural es un recurso excelente para cualquiera que quiera aprender sobre la naturaleza y c\u00f3mo interactuar con ella de manera segura y respetuosa.\",\"publisher\":{\"@id\":\"https:\/\/www.destrezasyvidaenelmedionatural.es\/#\/schema\/person\/05ac69635d864d75006df0853eb7afd3\"},\"potentialAction\":[{\"@type\":\"SearchAction\",\"target\":{\"@type\":\"EntryPoint\",\"urlTemplate\":\"https:\/\/www.destrezasyvidaenelmedionatural.es\/?s={search_term_string}\"},\"query-input\":{\"@type\":\"PropertyValueSpecification\",\"valueRequired\":true,\"valueName\":\"search_term_string\"}}],\"inLanguage\":\"es\"},{\"@type\":[\"Person\",\"Organization\"],\"@id\":\"https:\/\/www.destrezasyvidaenelmedionatural.es\/#\/schema\/person\/05ac69635d864d75006df0853eb7afd3\",\"name\":\"admin\",\"image\":{\"@type\":\"ImageObject\",\"inLanguage\":\"es\",\"@id\":\"https:\/\/www.destrezasyvidaenelmedionatural.es\/#\/schema\/person\/image\/\",\"url\":\"https:\/\/www.destrezasyvidaenelmedionatural.es\/wp-content\/uploads\/2021\/08\/cropped-SIN-FONDO-PRUEBA1.png\",\"contentUrl\":\"https:\/\/www.destrezasyvidaenelmedionatural.es\/wp-content\/uploads\/2021\/08\/cropped-SIN-FONDO-PRUEBA1.png\",\"width\":351,\"height\":349,\"caption\":\"admin\"},\"logo\":{\"@id\":\"https:\/\/www.destrezasyvidaenelmedionatural.es\/#\/schema\/person\/image\/\"},\"sameAs\":[\"http:\/\/www.destrezasyvidaenelmedionatural.es\",\"https:\/\/www.facebook.com\/Destrezas.y.Vida.en.el.Medio.Natural\",\"https:\/\/www.instagram.com\/destrezasyvidamn\/\"],\"url\":\"https:\/\/www.destrezasyvidaenelmedionatural.es\/index.php\/author\/admin\/\"}]}<\/script>\n<!-- \/ Yoast SEO plugin. -->","yoast_head_json":{"title":"Preparaci\u00f3n Primaveral Prepper: La Gu\u00eda Definitiva para la Autodependencia en 2026 - Destrezas y Vida en el Medio Natural","description":"La primavera no es solo buen tiempo; es la ventana operativa m\u00e1s importante del a\u00f1o para asegurar la supervivencia de los pr\u00f3ximos 9 meses.","robots":{"index":"index","follow":"follow","max-snippet":"max-snippet:-1","max-image-preview":"max-image-preview:large","max-video-preview":"max-video-preview:-1"},"canonical":"https:\/\/www.destrezasyvidaenelmedionatural.es\/index.php\/2026\/04\/22\/preparacion-primaveral-prepper-la-guia-definitiva-para-la-autodependencia-en-2026\/","og_locale":"es_ES","og_type":"article","og_title":"Preparaci\u00f3n Primaveral Prepper: La Gu\u00eda Definitiva para la Autodependencia en 2026 - Destrezas y Vida en el Medio Natural","og_description":"La primavera no es solo buen tiempo; es la ventana operativa m\u00e1s importante del a\u00f1o para asegurar la supervivencia de los pr\u00f3ximos 9 meses.","og_url":"https:\/\/www.destrezasyvidaenelmedionatural.es\/index.php\/2026\/04\/22\/preparacion-primaveral-prepper-la-guia-definitiva-para-la-autodependencia-en-2026\/","og_site_name":"Destrezas y Vida en el Medio Natural","article_publisher":"https:\/\/www.facebook.com\/Destrezas.y.Vida.en.el.Medio.Natural","article_author":"https:\/\/www.facebook.com\/Destrezas.y.Vida.en.el.Medio.Natural","article_published_time":"2026-04-22T14:26:28+00:00","article_modified_time":"2026-04-22T14:33:48+00:00","og_image":[{"url":"http:\/\/www.destrezasyvidaenelmedionatural.es\/wp-content\/uploads\/2026\/04\/Preparacion-Primaveral-Prepper-La-Guia-Definitiva-para-la-Autodependencia-en-2026-1.png","width":1024,"height":1024,"type":"image\/png"}],"author":"admin","twitter_card":"summary_large_image","twitter_creator":"@DestrezasyVida","twitter_site":"@DestrezasyVida","twitter_misc":{"Escrito por":"admin","Tiempo de lectura":"8 minutos"},"schema":{"@context":"https:\/\/schema.org","@graph":[{"@type":"Article","@id":"https:\/\/www.destrezasyvidaenelmedionatural.es\/index.php\/2026\/04\/22\/preparacion-primaveral-prepper-la-guia-definitiva-para-la-autodependencia-en-2026\/#article","isPartOf":{"@id":"https:\/\/www.destrezasyvidaenelmedionatural.es\/index.php\/2026\/04\/22\/preparacion-primaveral-prepper-la-guia-definitiva-para-la-autodependencia-en-2026\/"},"author":{"name":"admin","@id":"https:\/\/www.destrezasyvidaenelmedionatural.es\/#\/schema\/person\/05ac69635d864d75006df0853eb7afd3"},"headline":"Preparaci\u00f3n Primaveral Prepper: La Gu\u00eda Definitiva para la Autodependencia en 2026","datePublished":"2026-04-22T14:26:28+00:00","dateModified":"2026-04-22T14:33:48+00:00","mainEntityOfPage":{"@id":"https:\/\/www.destrezasyvidaenelmedionatural.es\/index.php\/2026\/04\/22\/preparacion-primaveral-prepper-la-guia-definitiva-para-la-autodependencia-en-2026\/"},"wordCount":1671,"commentCount":0,"publisher":{"@id":"https:\/\/www.destrezasyvidaenelmedionatural.es\/#\/schema\/person\/05ac69635d864d75006df0853eb7afd3"},"image":{"@id":"https:\/\/www.destrezasyvidaenelmedionatural.es\/index.php\/2026\/04\/22\/preparacion-primaveral-prepper-la-guia-definitiva-para-la-autodependencia-en-2026\/#primaryimage"},"thumbnailUrl":"https:\/\/www.destrezasyvidaenelmedionatural.es\/wp-content\/uploads\/2026\/04\/Preparacion-Primaveral-Prepper-La-Guia-Definitiva-para-la-Autodependencia-en-2026-1.png","articleSection":["Blog"],"inLanguage":"es","potentialAction":[{"@type":"CommentAction","name":"Comment","target":["https:\/\/www.destrezasyvidaenelmedionatural.es\/index.php\/2026\/04\/22\/preparacion-primaveral-prepper-la-guia-definitiva-para-la-autodependencia-en-2026\/#respond"]}]},{"@type":["WebPage","ItemPage"],"@id":"https:\/\/www.destrezasyvidaenelmedionatural.es\/index.php\/2026\/04\/22\/preparacion-primaveral-prepper-la-guia-definitiva-para-la-autodependencia-en-2026\/","url":"https:\/\/www.destrezasyvidaenelmedionatural.es\/index.php\/2026\/04\/22\/preparacion-primaveral-prepper-la-guia-definitiva-para-la-autodependencia-en-2026\/","name":"Preparaci\u00f3n Primaveral Prepper: La Gu\u00eda Definitiva para la Autodependencia en 2026 - Destrezas y Vida en el Medio Natural","isPartOf":{"@id":"https:\/\/www.destrezasyvidaenelmedionatural.es\/#website"},"primaryImageOfPage":{"@id":"https:\/\/www.destrezasyvidaenelmedionatural.es\/index.php\/2026\/04\/22\/preparacion-primaveral-prepper-la-guia-definitiva-para-la-autodependencia-en-2026\/#primaryimage"},"image":{"@id":"https:\/\/www.destrezasyvidaenelmedionatural.es\/index.php\/2026\/04\/22\/preparacion-primaveral-prepper-la-guia-definitiva-para-la-autodependencia-en-2026\/#primaryimage"},"thumbnailUrl":"https:\/\/www.destrezasyvidaenelmedionatural.es\/wp-content\/uploads\/2026\/04\/Preparacion-Primaveral-Prepper-La-Guia-Definitiva-para-la-Autodependencia-en-2026-1.png","datePublished":"2026-04-22T14:26:28+00:00","dateModified":"2026-04-22T14:33:48+00:00","description":"La primavera no es solo buen tiempo; es la ventana operativa m\u00e1s importante del a\u00f1o para asegurar la supervivencia de los pr\u00f3ximos 9 meses.","breadcrumb":{"@id":"https:\/\/www.destrezasyvidaenelmedionatural.es\/index.php\/2026\/04\/22\/preparacion-primaveral-prepper-la-guia-definitiva-para-la-autodependencia-en-2026\/#breadcrumb"},"inLanguage":"es","potentialAction":[{"@type":"ReadAction","target":["https:\/\/www.destrezasyvidaenelmedionatural.es\/index.php\/2026\/04\/22\/preparacion-primaveral-prepper-la-guia-definitiva-para-la-autodependencia-en-2026\/"]}]},{"@type":"ImageObject","inLanguage":"es","@id":"https:\/\/www.destrezasyvidaenelmedionatural.es\/index.php\/2026\/04\/22\/preparacion-primaveral-prepper-la-guia-definitiva-para-la-autodependencia-en-2026\/#primaryimage","url":"https:\/\/www.destrezasyvidaenelmedionatural.es\/wp-content\/uploads\/2026\/04\/Preparacion-Primaveral-Prepper-La-Guia-Definitiva-para-la-Autodependencia-en-2026-1.png","contentUrl":"https:\/\/www.destrezasyvidaenelmedionatural.es\/wp-content\/uploads\/2026\/04\/Preparacion-Primaveral-Prepper-La-Guia-Definitiva-para-la-Autodependencia-en-2026-1.png","width":1024,"height":1024},{"@type":"BreadcrumbList","@id":"https:\/\/www.destrezasyvidaenelmedionatural.es\/index.php\/2026\/04\/22\/preparacion-primaveral-prepper-la-guia-definitiva-para-la-autodependencia-en-2026\/#breadcrumb","itemListElement":[{"@type":"ListItem","position":1,"name":"Portada","item":"https:\/\/www.destrezasyvidaenelmedionatural.es\/"},{"@type":"ListItem","position":2,"name":"Preparaci\u00f3n Primaveral Prepper: La Gu\u00eda Definitiva para la Autodependencia en 2026"}]},{"@type":"WebSite","@id":"https:\/\/www.destrezasyvidaenelmedionatural.es\/#website","url":"https:\/\/www.destrezasyvidaenelmedionatural.es\/","name":"Destrezas y Vida en el Medio Natural","description":"El sitio web Destrezas y Vida en el Medio Natural es un recurso excelente para cualquiera que quiera aprender sobre la naturaleza y c\u00f3mo interactuar con ella de manera segura y respetuosa.","publisher":{"@id":"https:\/\/www.destrezasyvidaenelmedionatural.es\/#\/schema\/person\/05ac69635d864d75006df0853eb7afd3"},"potentialAction":[{"@type":"SearchAction","target":{"@type":"EntryPoint","urlTemplate":"https:\/\/www.destrezasyvidaenelmedionatural.es\/?s={search_term_string}"},"query-input":{"@type":"PropertyValueSpecification","valueRequired":true,"valueName":"search_term_string"}}],"inLanguage":"es"},{"@type":["Person","Organization"],"@id":"https:\/\/www.destrezasyvidaenelmedionatural.es\/#\/schema\/person\/05ac69635d864d75006df0853eb7afd3","name":"admin","image":{"@type":"ImageObject","inLanguage":"es","@id":"https:\/\/www.destrezasyvidaenelmedionatural.es\/#\/schema\/person\/image\/","url":"https:\/\/www.destrezasyvidaenelmedionatural.es\/wp-content\/uploads\/2021\/08\/cropped-SIN-FONDO-PRUEBA1.png","contentUrl":"https:\/\/www.destrezasyvidaenelmedionatural.es\/wp-content\/uploads\/2021\/08\/cropped-SIN-FONDO-PRUEBA1.png","width":351,"height":349,"caption":"admin"},"logo":{"@id":"https:\/\/www.destrezasyvidaenelmedionatural.es\/#\/schema\/person\/image\/"},"sameAs":["http:\/\/www.destrezasyvidaenelmedionatural.es","https:\/\/www.facebook.com\/Destrezas.y.Vida.en.el.Medio.Natural","https:\/\/www.instagram.com\/destrezasyvidamn\/"],"url":"https:\/\/www.destrezasyvidaenelmedionatural.es\/index.php\/author\/admin\/"}]}},"_links":{"self":[{"href":"https:\/\/www.destrezasyvidaenelmedionatural.es\/index.php\/wp-json\/wp\/v2\/posts\/4836","targetHints":{"allow":["GET"]}}],"collection":[{"href":"https:\/\/www.destrezasyvidaenelmedionatural.es\/index.php\/wp-json\/wp\/v2\/posts"}],"about":[{"href":"https:\/\/www.destrezasyvidaenelmedionatural.es\/index.php\/wp-json\/wp\/v2\/types\/post"}],"author":[{"embeddable":true,"href":"https:\/\/www.destrezasyvidaenelmedionatural.es\/index.php\/wp-json\/wp\/v2\/users\/1"}],"replies":[{"embeddable":true,"href":"https:\/\/www.destrezasyvidaenelmedionatural.es\/index.php\/wp-json\/wp\/v2\/comments?post=4836"}],"version-history":[{"count":2,"href":"https:\/\/www.destrezasyvidaenelmedionatural.es\/index.php\/wp-json\/wp\/v2\/posts\/4836\/revisions"}],"predecessor-version":[{"id":4847,"href":"https:\/\/www.destrezasyvidaenelmedionatural.es\/index.php\/wp-json\/wp\/v2\/posts\/4836\/revisions\/4847"}],"wp:featuredmedia":[{"embeddable":true,"href":"https:\/\/www.destrezasyvidaenelmedionatural.es\/index.php\/wp-json\/wp\/v2\/media\/4846"}],"wp:attachment":[{"href":"https:\/\/www.destrezasyvidaenelmedionatural.es\/index.php\/wp-json\/wp\/v2\/media?parent=4836"}],"wp:term":[{"taxonomy":"category","embeddable":true,"href":"https:\/\/www.destrezasyvidaenelmedionatural.es\/index.php\/wp-json\/wp\/v2\/categories?post=4836"},{"taxonomy":"post_tag","embeddable":true,"href":"https:\/\/www.destrezasyvidaenelmedionatural.es\/index.php\/wp-json\/wp\/v2\/tags?post=4836"}],"curies":[{"name":"wp","href":"https:\/\/api.w.org\/{rel}","templated":true}]}}