{"id":4863,"date":"2026-04-27T16:12:09","date_gmt":"2026-04-27T16:12:09","guid":{"rendered":"https:\/\/www.destrezasyvidaenelmedionatural.es\/?p=4863"},"modified":"2026-04-27T17:04:20","modified_gmt":"2026-04-27T17:04:20","slug":"el-gran-apagon-de-2025-analisis-informe-ree-y-lecciones-para-tu-supervivencia","status":"publish","type":"post","link":"https:\/\/www.destrezasyvidaenelmedionatural.es\/index.php\/2026\/04\/27\/el-gran-apagon-de-2025-analisis-informe-ree-y-lecciones-para-tu-supervivencia\/","title":{"rendered":"El Gran Apag\u00f3n de 2025: An\u00e1lisis, Informe REE y Lecciones para tu Supervivencia"},"content":{"rendered":"\n<p>Hace exactamente un a\u00f1o, el 28 de abril de 2025, la pen\u00ednsula ib\u00e9rica se sumi\u00f3 en un silencio el\u00e9ctrico sin precedentes. M\u00e1s de 50 millones de personas en Espa\u00f1a, Portugal y Andorra experimentaron lo que hoy conocemos como el \u00abApag\u00f3n del Siglo\u00bb. No fue una simple aver\u00eda local; fue un colapso sist\u00e9mico que paraliz\u00f3 industrias, comunicaciones y la vida cotidiana durante horas.<\/p>\n\n\n\n<figure class=\"wp-block-embed is-type-video is-provider-youtube wp-block-embed-youtube wp-embed-aspect-16-9 wp-has-aspect-ratio\"><div class=\"wp-block-embed__wrapper\">\n<div class=\"ast-oembed-container\"><iframe title=\"28 de abril. Un a\u00f1o despu\u00e9s\" width=\"500\" height=\"281\" src=\"https:\/\/www.youtube.com\/embed\/1qfAk5cK_Uw?feature=oembed&#038;enablejsapi=1&#038;origin=https:\/\/www.destrezasyvidaenelmedionatural.es\" frameborder=\"0\" allow=\"accelerometer; autoplay; clipboard-write; encrypted-media; gyroscope; picture-in-picture; web-share\" referrerpolicy=\"strict-origin-when-cross-origin\" allowfullscreen><\/iframe><\/div>\n<\/div><\/figure>\n\n\n\n<p>Coincidiendo con el primer aniversario, Red El\u00e9ctrica (REE) ha publicado su esperado <a href=\"http:\/\/chrome-extension:\/\/efaidnbmnnnibpcajpcglclefindmkaj\/https:\/\/d1n1o4zeyfu21r.cloudfront.net\/WEB_Incidente_SistemaElectricoPeninsularEspanol_18junio2025.pdf\">in<\/a><a href=\"https:\/\/l.facebook.com\/l.php?u=https%3A%2F%2Fd1n1o4zeyfu21r.cloudfront.net%2FWEB_Incidente_SistemaElectricoPeninsularEspanol_18junio2025.pdf%3Ffbclid%3DIwZXh0bgNhZW0CMTAAYnJpZBExMExjVlU2bWNXM21SeGRJQXNydGMGYXBwX2lkEDIyMjAzOTE3ODgyMDA4OTIAAR5UJ7K8GUVlvTVYrS6UQ6o7z6UXgipCR2hJ91o5a8urIgN7eExiKib41djnfg_aem_f7AV_E7TAekAjYRqWfdLQw&amp;h=AT76OicZDDyPI7etsCk7gOk1a_LZVLK9ObrFYx2O4rBCrqPOHFNA8Vy83bLxya1b4mndIjkRIlfwAYtUCwj1vIt_RB9E4S1V3fprmx3BFe-Xp2yQ4XP8CKbbNdjoQJyPSyJ07m9tvlpn8A&amp;__tn__=R-R&amp;c[0]=AT5a1AQdx9klmqP1qjz4qjWpK9Gs8h3XsYmk6cFPPPCup6s9xQIVOv59MAuPvB6EhbU-AomuhXS6l80_bXy44pmUjdL0K8FF5Ae-wuG8ybnDZ9MVF7N0Gj1ndNc2L3SjJS0oS5coqpdIjiBPqxTU9SNediH1hbr58IEpXjh7hgegW7POKMk-QU_F_sHnIYvDR0RQpzUJEKsYGd59q11UEVp4\" target=\"_blank\" rel=\"noreferrer noopener\">forme<\/a> y el <a href=\"https:\/\/www.youtube.com\/watch?v=1qfAk5cK_Uw\">documental\u00a0<\/a><em>\u201c28 de abril, un a\u00f1o despu\u00e9s\u201d<\/em>.  Este suceso no es solo historia; es la lecci\u00f3n de campo m\u00e1s dura que hemos recibido sobre la fragilidad de nuestro modo de vida. \u00bfQu\u00e9 fall\u00f3 realmente? \u00bfEstamos ahora m\u00e1s seguros? Y, sobre todo,\u00a0<strong>\u00bfqu\u00e9 equipo necesitas en tu hogar para que el pr\u00f3ximo \u00abcero el\u00e9ctrico\u00bb no te pille desprevenido?<\/strong>\u00a0Analizamos las claves t\u00e9cnicas y la realidad operativa.<\/p>\n\n\n\n<p>Resumo las claves fundamentales sobre el estado de la cuesti\u00f3n un a\u00f1o despu\u00e9s:<\/p>\n\n\n\n<h3 class=\"wp-block-heading\">La postura de Red El\u00e9ctrica: Defensa de su gesti\u00f3n<\/h3>\n\n\n\n<p><strong>\u00abNo hubo fallo del operador\u00bb:<\/strong>\u00a0A trav\u00e9s de su documental e informes, Red El\u00e9ctrica sostiene de forma inequ\u00edvoca que la compa\u00f1\u00eda no fall\u00f3. Afirman que la programaci\u00f3n de restricciones t\u00e9cnicas era correcta y conforme a la normativa. <strong>Gesti\u00f3n de la reposici\u00f3n:<\/strong>\u00a0El operador destaca la complejidad t\u00e9cnica de la maniobra de \u00abcero el\u00e9ctrico\u00bb (cero absoluto de suministro), subrayando que sus equipos realizaron m\u00e1s de 7.000 maniobras telem\u00e1ticas para restablecer el servicio en un \u00abtiempo r\u00e9cord\u00bb. <strong>El origen:<\/strong>\u00a0REE sit\u00faa el origen del incidente en una serie de\u00a0<strong>circunstancias multifactoriales<\/strong>\u00a0acumulativas que excedieron los criterios de seguridad habituales del sistema (criterio N-1).<\/p>\n\n\n\n<h3 class=\"wp-block-heading\">Las causas t\u00e9cnicas del incidente<\/h3>\n\n\n\n<p><strong>El detonante:<\/strong>\u00a0Los informes t\u00e9cnicos, respaldados por un panel de expertos europeos, se\u00f1alan como causa ra\u00edz la aparici\u00f3n de oscilaciones cr\u00edticas en la red. <strong>El origen espec\u00edfico:<\/strong>\u00a0Se identifica una\u00a0<strong>oscilaci\u00f3n forzada originada en una planta fotovoltaica ubicada en Badajoz<\/strong>, que posteriormente desencaden\u00f3 una segunda oscilaci\u00f3n inter-\u00e1rea. <strong>Efecto cascada:<\/strong>\u00a0Esto provoc\u00f3 una p\u00e9rdida masiva de generaci\u00f3n renovable debido a desconexiones autom\u00e1ticas, un desequilibrio de tensi\u00f3n incontrolable y, finalmente, un disparo en cascada de la generaci\u00f3n que llev\u00f3 al sistema al cero absoluto.<\/p>\n\n\n\n<h3 class=\"wp-block-heading\">Tensiones y reparto de responsabilidades<\/h3>\n\n\n\n<p>El primer aniversario no ha tra\u00eddo consenso, sino una intensificaci\u00f3n de las fricciones en el sector:<\/p>\n\n\n\n<p><strong>Reproches cruzados:<\/strong>\u00a0Las grandes compa\u00f1\u00edas el\u00e9ctricas (Iberdrola, Endesa y Naturgy, principalmente) han mantenido durante este a\u00f1o una postura cr\u00edtica hacia Red El\u00e9ctrica. <strong>Conflictos judiciales y administrativos:<\/strong>\u00a0A pesar de los informes de REE, el operador a\u00fan debe afrontar un expediente por infracci\u00f3n muy grave incoado por la\u00a0<strong>Comisi\u00f3n Nacional de los Mercados y la Competencia (CNMC)<\/strong>. Adem\u00e1s, existen disputas legales cruzadas entre compa\u00f1\u00edas por acusaciones de falta de imparcialidad en los an\u00e1lisis y responsabilidad por el incidente. <strong>Comisiones de investigaci\u00f3n:<\/strong>\u00a0El Congreso y el Senado han llevado a cabo investigaciones que han se\u00f1alado la fragilidad estructural del sistema, generando debates pol\u00edticos sobre la planificaci\u00f3n energ\u00e9tica y la seguridad del suministro.<\/p>\n\n\n\n<h3 class=\"wp-block-heading\">4. \u00bfEs el sistema m\u00e1s seguro ahora?<\/h3>\n\n\n\n<p><strong>Recomendaciones t\u00e9cnicas:<\/strong>\u00a0Como resultado del an\u00e1lisis del 28 de abril, Red El\u00e9ctrica ha propuesto 15 recomendaciones, entre las que destaca la implementaci\u00f3n de un\u00a0<strong>servicio de control de tensi\u00f3n din\u00e1mico<\/strong>\u00a0para toda la generaci\u00f3n, la revisi\u00f3n de los ajustes de protecci\u00f3n de las plantas renovables y una mayor monitorizaci\u00f3n de la red. <strong>Visi\u00f3n sectorial:<\/strong>\u00a0Expertos ajenos al operador se\u00f1alan que, aunque la secuencia de eventos del 28 de abril ha servido para identificar vulnerabilidades t\u00e9cnicas (especialmente en la adaptaci\u00f3n de equipos renovables a variaciones de tensi\u00f3n), el debate sobre la responsabilidad final y la estructura del sistema sigue abierto y tensionado.<\/p>\n\n\n\n<hr class=\"wp-block-separator has-alpha-channel-opacity\"\/>\n\n\n\n<h2 class=\"wp-block-heading\">\u00bfQu\u00e9 pas\u00f3 realmente el 28 de abril de 2025?<\/h2>\n\n\n\n<p>El informe t\u00e9cnico publicado por Red El\u00e9ctrica (disponible en&nbsp;<a target=\"_blank\" rel=\"noreferrer noopener\" href=\"https:\/\/www.google.com\/url?sa=E&amp;q=https%3A%2F%2Fwww.ree.es%2Fes%2F28-de-abril-un-a%25C3%25B1o-despues\">ree.es\/28-de-abril-un-ano-despues<\/a>) descarta un fallo humano directo del operador, defini\u00e9ndolo como un incidente&nbsp;<strong>multifactorial<\/strong>.<\/p>\n\n\n\n<h3 class=\"wp-block-heading\">El efecto domin\u00f3:<\/h3>\n\n\n\n<p>El incidente del <strong>\u00abcero nacional\u00bb<\/strong> ocurrido el 28 de abril, que afect\u00f3 a los sistemas el\u00e9ctricos de Espa\u00f1a y Portugal, fue un evento in\u00e9dito y multifactorial provocado por una secuencia de fallos t\u00e9cnicos espec\u00edficos.<\/p>\n\n\n\n<p>La secuencia que llev\u00f3 al colapso del sistema peninsular fue la siguiente: Todo comenz\u00f3 con el <strong>comportamiento an\u00f3malo y fallido de una planta de generaci\u00f3n<\/strong> en una planta fotovoltaica en Badajoz, lo que origin\u00f3 una fuerte oscilaci\u00f3n en los flujos de potencia de la red. Como consecuencia de esta oscilaci\u00f3n, el sistema el\u00e9ctrico peninsular se <strong>desconect\u00f3 del resto del sistema europeo<\/strong>.  Tras una estabilizaci\u00f3n inicial por parte de los operadores, se produjo la <strong>desconexi\u00f3n confirmada de hasta nueve instalaciones de generaci\u00f3n<\/strong> que no deb\u00edan haberlo hecho, incumpliendo la normativa vigente. La p\u00e9rdida de estos generadores provoc\u00f3 un aumento de las tensiones. Las plantas encargadas de controlar dicha tensi\u00f3n tampoco cumplieron con sus obligaciones, lo que deriv\u00f3 en un <strong>fen\u00f3meno de desconexi\u00f3n en cascada<\/strong> y el colapso final del sistema (cero de tensi\u00f3n) alrededor de las 12:32 horas. Es importante destacar que los informes t\u00e9cnicos descartaron que el origen fuera un problema de la red de transporte o un ataque de ciberseguridad.<\/p>\n\n\n\n<h3 class=\"wp-block-heading\">Respuesta del equipo de Red El\u00e9ctrica<\/h3>\n\n\n\n<p>La respuesta de los profesionales ha sido calificada como <strong>ejemplar y extraordinaria<\/strong> por organismos internacionales debido a la rapidez y eficacia en la recuperaci\u00f3n del suministro: El incidente se detect\u00f3 al instante y los equipos de operadores comenzaron las <strong>labores de reposici\u00f3n solo tres minutos despu\u00e9s<\/strong> del colapso (a las 12:36 horas). La recuperaci\u00f3n se bas\u00f3 en la <strong>madurez y experiencia del equipo<\/strong>, la confianza mutua y el seguimiento estricto de los planes de reposici\u00f3n establecidos. Para las 4:00 de la ma\u00f1ana del d\u00eda siguiente, toda la red de transporte ya estaba energizada. Desde el primer momento, el objetivo fue ofrecer informaci\u00f3n de servicio p\u00fablico. Se realizaron <strong>20 publicaciones en redes sociales<\/strong> durante las primeras horas y tres ruedas de prensa telem\u00e1ticas para informar a la sociedad, al Gobierno y a los hom\u00f3logos europeos. Tras el incidente, el equipo realiz\u00f3 un an\u00e1lisis exhaustivo de miles de datos (procesando <strong>240,000 variables cada 4-8 segundos<\/strong>) para reconstruir la secuencia de los hechos y elaborar los informes oficiales requeridos por la normativa.<\/p>\n\n\n\n<ol class=\"wp-block-list\"><\/ol>\n\n\n\n<hr class=\"wp-block-separator has-alpha-channel-opacity\"\/>\n\n\n\n<h2 class=\"wp-block-heading\">\u00bfEstamos m\u00e1s seguros un a\u00f1o despu\u00e9s?<\/h2>\n\n\n\n<p>Red El\u00e9ctrica ha propuesto 15 medidas correctoras, que incluyen una mejor monitorizaci\u00f3n de la generaci\u00f3n renovable y sistemas de control de tensi\u00f3n din\u00e1micos. Sin embargo, en la comunidad de seguridad y preparacionismo, la visi\u00f3n es cautelosa:<\/p>\n\n\n\n<p>Aunque se hayan mejorado los ajustes t\u00e9cnicos, la red sigue siendo altamente interdependiente. Las fricciones entre los grandes operadores (Iberdrola, Endesa, Naturgy) y Red El\u00e9ctrica, junto con los expedientes abiertos por la CNMC, demuestran que el sistema a\u00fan arrastra tensiones sobre la responsabilidad de la seguridad energ\u00e9tica nacional.<\/p>\n\n\n\n<hr class=\"wp-block-separator has-alpha-channel-opacity\"\/>\n\n\n\n<h2 class=\"wp-block-heading\">C\u00f3mo prepararte para un apag\u00f3n prolongado (How-To)<\/h2>\n\n\n\n<p>Si este aniversario te ha hecho reflexionar sobre tu vulnerabilidad, es momento de pasar a la acci\u00f3n. No se trata de vivir en el miedo, sino en la\u00a0<strong>autonom\u00eda<\/strong>. Aqu\u00ed tienes el protocolo de actuaci\u00f3n que recomendamos:<\/p>\n\n\n\n<h3 class=\"wp-block-heading\">Paso 1: Iluminaci\u00f3n de Emergencia (Independencia Energ\u00e9tica)<\/h3>\n\n\n\n<p>Cuando cae la noche y no hay alumbrado p\u00fablico, tu casa se convierte en un laberinto. No dependas de linternas de m\u00f3vil. Instala linternas t\u00e1cticas con alto nivel de candelas (como las marcas\u00a0<strong>Fenix o Nitecore<\/strong>) y aseg\u00farate de tener una reserva de bater\u00edas 18650 o 21700 cargadas.<\/p>\n\n\n\n<h3 class=\"wp-block-heading\">Paso 2: Energ\u00eda Port\u00e1til y Comunicaciones<\/h3>\n\n\n\n<p>Un power bank de alta calidad (m\u00ednimo 10.000 mAh, como el\u00a0<strong>Nitecore NB10000<\/strong>) es esencial para mantener tu GPS o radio de emergencia operativa. Si el apag\u00f3n dura d\u00edas, considera un panel solar plegable para recargar tu equipo fuera de la red.<\/p>\n\n\n\n<h3 class=\"wp-block-heading\">Paso 3: Agua y Potabilizaci\u00f3n<\/h3>\n\n\n\n<p>En un apag\u00f3n, las bombas el\u00e9ctricas de las depuradoras pueden fallar o contaminarse. Ten siempre a mano un filtro de agua de fibra hueca (<strong>Sawyer Micro Squeeze<\/strong>) y pastillas potabilizadoras (Di\u00f3xido de Cloro). Recuerda: sin agua potable, el apag\u00f3n se convierte en una crisis sanitaria en 48 horas.<\/p>\n\n\n\n<h3 class=\"wp-block-heading\">Paso 4: Cocina de Supervivencia<\/h3>\n\n\n\n<p>Los hornillos el\u00e9ctricos dejar\u00e1n de funcionar. Un hornillo de gas roscado (como el\u00a0<strong>MSR PocketRocket 2<\/strong>) con varios cartuchos de mezcla premium (Isobutano\/Propano) te permitir\u00e1 hervir agua y cocinar alimentos b\u00e1sicos sin depender de la red.<\/p>\n\n\n\n<hr class=\"wp-block-separator has-alpha-channel-opacity\"\/>\n\n\n\n<h2 class=\"wp-block-heading\">Preguntas Frecuentes (FAQ)<\/h2>\n\n\n\n<p>Basadas en las preocupaciones de los ciudadanos tras el incidente:<\/p>\n\n\n\n<p><strong>\u00bfPodr\u00eda volver a ocurrir un apag\u00f3n de esta magnitud?<\/strong><br>S\u00ed. Los sistemas el\u00e9ctricos modernos, altamente dependientes de energ\u00edas renovables intermitentes y redes interconectadas, son inherentemente complejos. Aunque se mejoren las protecciones, el riesgo cero no existe.<\/p>\n\n\n\n<p><strong>\u00bfC\u00f3mo puedo saber si el apag\u00f3n ser\u00e1 corto o largo?<\/strong><br>Durante las primeras horas, la informaci\u00f3n es escasa. La mejor forma de estar informado es contar con una\u00a0<strong>radio de emergencias a pilas o dinamo<\/strong>\u00a0que pueda captar emisiones de radio AM\/FM\/onda corta, ya que la red de internet (fibra) y la telefon\u00eda m\u00f3vil suelen caer o saturarse en minutos.<\/p>\n\n\n\n<p><strong>\u00bfEs seguro guardar gasolina o combustible en casa?<\/strong><br>El almacenamiento dom\u00e9stico de combustible l\u00edquido es altamente peligroso y requiere envases homologados (jerricans met\u00e1licos) y condiciones de ventilaci\u00f3n estrictas. Para un ciudadano medio, es mucho m\u00e1s seguro y eficiente almacenar raciones de comida liofilizada y hornillos de gas roscado para camping.<\/p>\n\n\n\n<p><strong>\u00bfQu\u00e9 es el \u00abcero el\u00e9ctrico\u00bb?<\/strong><br>Es el t\u00e9rmino t\u00e9cnico para un colapso total del sistema donde ninguna planta de generaci\u00f3n suministra energ\u00eda a la red. Requiere una maniobra llamada \u00abarranque en negro\u00bb (black start), que consiste en arrancar las centrales el\u00e9ctricas usando generadores di\u00e9sel auxiliares para ir restaurando la red poco a poco.<\/p>\n\n\n\n<p><strong>\u00bfQu\u00e9 equipo debe tener mi kit de 72 horas?<\/strong><br>Seg\u00fan protocolos de protecci\u00f3n civil y supervivencia, debe incluir: agua (3 litros\/d\u00eda\/persona), comida no perecedera, botiqu\u00edn IFAK, linternas, radio, silbato, mantas t\u00e9rmicas, copia de documentos en papel y algo de dinero en efectivo.<\/p>\n\n\n\n<hr class=\"wp-block-separator has-alpha-channel-opacity\"\/>\n\n\n\n<p>El primer aniversario del apag\u00f3n del 28 de abril de 2025 nos recuerda que la normalidad es un estado fr\u00e1gil. Mientras el sector el\u00e9ctrico debate sobre culpables y normativas, el ciudadano responsable debe ocuparse de su propia resiliencia. La tecnolog\u00eda nos da confort, pero&nbsp;<strong>la autonom\u00eda nos da seguridad<\/strong>.<\/p>\n\n\n\n<p>En&nbsp;<strong>FerreHogar.es<\/strong>, llevamos m\u00e1s de 15 a\u00f1os equipando a quienes deciden estar preparados. No vendemos miedo, vendemos autonom\u00eda. Desde sistemas de filtrado de agua hasta hornillos de alta monta\u00f1a y linternas t\u00e1cticas, nuestro cat\u00e1logo est\u00e1 dise\u00f1ado para que, cuando la luz se apague, t\u00fa sigas teniendo el control.<\/p>\n\n\n\n<p><strong><a href=\"http:\/\/www.ferrehogar.es\">No esperes al pr\u00f3ximo incidente. Visita FerreHogar.es, equipa tu hogar y tu mochila con material profesional original, y asegura tu tranquilidad ante cualquier imprevisto de la red el\u00e9ctrica.<\/a><\/strong><\/p>\n","protected":false},"excerpt":{"rendered":"<p>Hace exactamente un a\u00f1o, el 28 de abril de 2025, la pen\u00ednsula ib\u00e9rica se sumi\u00f3 en un silencio el\u00e9ctrico sin precedentes. M\u00e1s de 50 millones de personas en Espa\u00f1a, Portugal y Andorra experimentaron lo que hoy conocemos como el \u00abApag\u00f3n del Siglo\u00bb. No fue una simple aver\u00eda local; fue un colapso sist\u00e9mico que paraliz\u00f3 industrias, &hellip;<\/p>\n<p class=\"read-more\"> <a class=\"\" href=\"https:\/\/www.destrezasyvidaenelmedionatural.es\/index.php\/2026\/04\/27\/el-gran-apagon-de-2025-analisis-informe-ree-y-lecciones-para-tu-supervivencia\/\"> <span class=\"screen-reader-text\">El Gran Apag\u00f3n de 2025: An\u00e1lisis, Informe REE y Lecciones para tu Supervivencia<\/span> Leer m\u00e1s &raquo;<\/a><\/p>\n","protected":false},"author":1,"featured_media":4865,"comment_status":"open","ping_status":"open","sticky":false,"template":"","format":"standard","meta":{"episode_type":"","audio_file":"","cover_image":"","cover_image_id":"","duration":"","filesize":"","date_recorded":"","explicit":"","block":"","filesize_raw":"","footnotes":""},"categories":[8],"tags":[],"class_list":["post-4863","post","type-post","status-publish","format-standard","has-post-thumbnail","hentry","category-blog"],"yoast_head":"<!-- This site is optimized with the Yoast SEO plugin v23.8 - https:\/\/yoast.com\/wordpress\/plugins\/seo\/ -->\n<title>El Gran Apag\u00f3n de 2025: An\u00e1lisis, Informe REE y Lecciones para tu Supervivencia - Destrezas y Vida en el Medio Natural<\/title>\n<meta name=\"description\" content=\"La lecci\u00f3n m\u00e1s importante de este aniversario es que el sistema no se va a volver m\u00e1s simple; se va a volver m\u00e1s complejo, y por tanto, m\u00e1s susceptible a fallos.\" \/>\n<meta name=\"robots\" content=\"index, follow, max-snippet:-1, max-image-preview:large, max-video-preview:-1\" \/>\n<link rel=\"canonical\" href=\"https:\/\/www.destrezasyvidaenelmedionatural.es\/index.php\/2026\/04\/27\/el-gran-apagon-de-2025-analisis-informe-ree-y-lecciones-para-tu-supervivencia\/\" \/>\n<meta property=\"og:locale\" content=\"es_ES\" \/>\n<meta property=\"og:type\" content=\"article\" \/>\n<meta property=\"og:title\" content=\"El Gran Apag\u00f3n de 2025: An\u00e1lisis, Informe REE y Lecciones para tu Supervivencia - Destrezas y Vida en el Medio Natural\" \/>\n<meta property=\"og:description\" content=\"La lecci\u00f3n m\u00e1s importante de este aniversario es que el sistema no se va a volver m\u00e1s simple; se va a volver m\u00e1s complejo, y por tanto, m\u00e1s susceptible a fallos.\" \/>\n<meta property=\"og:url\" content=\"https:\/\/www.destrezasyvidaenelmedionatural.es\/index.php\/2026\/04\/27\/el-gran-apagon-de-2025-analisis-informe-ree-y-lecciones-para-tu-supervivencia\/\" \/>\n<meta property=\"og:site_name\" content=\"Destrezas y Vida en el Medio Natural\" \/>\n<meta property=\"article:publisher\" content=\"https:\/\/www.facebook.com\/Destrezas.y.Vida.en.el.Medio.Natural\" \/>\n<meta property=\"article:author\" content=\"https:\/\/www.facebook.com\/Destrezas.y.Vida.en.el.Medio.Natural\" \/>\n<meta property=\"article:published_time\" content=\"2026-04-27T16:12:09+00:00\" \/>\n<meta property=\"article:modified_time\" content=\"2026-04-27T17:04:20+00:00\" \/>\n<meta property=\"og:image\" content=\"http:\/\/www.destrezasyvidaenelmedionatural.es\/wp-content\/uploads\/2026\/04\/El-Gran-Apagon-de-2025-Analisis-Informe-REE-y-Lecciones-para-tu-Supervivencia-1.png\" \/>\n\t<meta property=\"og:image:width\" content=\"1024\" \/>\n\t<meta property=\"og:image:height\" content=\"1024\" \/>\n\t<meta property=\"og:image:type\" content=\"image\/png\" \/>\n<meta name=\"author\" content=\"admin\" \/>\n<meta name=\"twitter:card\" content=\"summary_large_image\" \/>\n<meta name=\"twitter:creator\" content=\"@DestrezasyVida\" \/>\n<meta name=\"twitter:site\" content=\"@DestrezasyVida\" \/>\n<meta name=\"twitter:label1\" content=\"Escrito por\" \/>\n\t<meta name=\"twitter:data1\" content=\"admin\" \/>\n\t<meta name=\"twitter:label2\" content=\"Tiempo de lectura\" \/>\n\t<meta name=\"twitter:data2\" content=\"9 minutos\" \/>\n<script type=\"application\/ld+json\" class=\"yoast-schema-graph\">{\"@context\":\"https:\/\/schema.org\",\"@graph\":[{\"@type\":\"Article\",\"@id\":\"https:\/\/www.destrezasyvidaenelmedionatural.es\/index.php\/2026\/04\/27\/el-gran-apagon-de-2025-analisis-informe-ree-y-lecciones-para-tu-supervivencia\/#article\",\"isPartOf\":{\"@id\":\"https:\/\/www.destrezasyvidaenelmedionatural.es\/index.php\/2026\/04\/27\/el-gran-apagon-de-2025-analisis-informe-ree-y-lecciones-para-tu-supervivencia\/\"},\"author\":{\"name\":\"admin\",\"@id\":\"https:\/\/www.destrezasyvidaenelmedionatural.es\/#\/schema\/person\/05ac69635d864d75006df0853eb7afd3\"},\"headline\":\"El Gran Apag\u00f3n de 2025: An\u00e1lisis, Informe REE y Lecciones para tu Supervivencia\",\"datePublished\":\"2026-04-27T16:12:09+00:00\",\"dateModified\":\"2026-04-27T17:04:20+00:00\",\"mainEntityOfPage\":{\"@id\":\"https:\/\/www.destrezasyvidaenelmedionatural.es\/index.php\/2026\/04\/27\/el-gran-apagon-de-2025-analisis-informe-ree-y-lecciones-para-tu-supervivencia\/\"},\"wordCount\":1910,\"commentCount\":0,\"publisher\":{\"@id\":\"https:\/\/www.destrezasyvidaenelmedionatural.es\/#\/schema\/person\/05ac69635d864d75006df0853eb7afd3\"},\"image\":{\"@id\":\"https:\/\/www.destrezasyvidaenelmedionatural.es\/index.php\/2026\/04\/27\/el-gran-apagon-de-2025-analisis-informe-ree-y-lecciones-para-tu-supervivencia\/#primaryimage\"},\"thumbnailUrl\":\"https:\/\/www.destrezasyvidaenelmedionatural.es\/wp-content\/uploads\/2026\/04\/El-Gran-Apagon-de-2025-Analisis-Informe-REE-y-Lecciones-para-tu-Supervivencia-1.png\",\"articleSection\":[\"Blog\"],\"inLanguage\":\"es\",\"potentialAction\":[{\"@type\":\"CommentAction\",\"name\":\"Comment\",\"target\":[\"https:\/\/www.destrezasyvidaenelmedionatural.es\/index.php\/2026\/04\/27\/el-gran-apagon-de-2025-analisis-informe-ree-y-lecciones-para-tu-supervivencia\/#respond\"]}]},{\"@type\":[\"WebPage\",\"ItemPage\"],\"@id\":\"https:\/\/www.destrezasyvidaenelmedionatural.es\/index.php\/2026\/04\/27\/el-gran-apagon-de-2025-analisis-informe-ree-y-lecciones-para-tu-supervivencia\/\",\"url\":\"https:\/\/www.destrezasyvidaenelmedionatural.es\/index.php\/2026\/04\/27\/el-gran-apagon-de-2025-analisis-informe-ree-y-lecciones-para-tu-supervivencia\/\",\"name\":\"El Gran Apag\u00f3n de 2025: An\u00e1lisis, Informe REE y Lecciones para tu Supervivencia - Destrezas y Vida en el Medio Natural\",\"isPartOf\":{\"@id\":\"https:\/\/www.destrezasyvidaenelmedionatural.es\/#website\"},\"primaryImageOfPage\":{\"@id\":\"https:\/\/www.destrezasyvidaenelmedionatural.es\/index.php\/2026\/04\/27\/el-gran-apagon-de-2025-analisis-informe-ree-y-lecciones-para-tu-supervivencia\/#primaryimage\"},\"image\":{\"@id\":\"https:\/\/www.destrezasyvidaenelmedionatural.es\/index.php\/2026\/04\/27\/el-gran-apagon-de-2025-analisis-informe-ree-y-lecciones-para-tu-supervivencia\/#primaryimage\"},\"thumbnailUrl\":\"https:\/\/www.destrezasyvidaenelmedionatural.es\/wp-content\/uploads\/2026\/04\/El-Gran-Apagon-de-2025-Analisis-Informe-REE-y-Lecciones-para-tu-Supervivencia-1.png\",\"datePublished\":\"2026-04-27T16:12:09+00:00\",\"dateModified\":\"2026-04-27T17:04:20+00:00\",\"description\":\"La lecci\u00f3n m\u00e1s importante de este aniversario es que el sistema no se va a volver m\u00e1s simple; se va a volver m\u00e1s complejo, y por tanto, m\u00e1s susceptible a fallos.\",\"breadcrumb\":{\"@id\":\"https:\/\/www.destrezasyvidaenelmedionatural.es\/index.php\/2026\/04\/27\/el-gran-apagon-de-2025-analisis-informe-ree-y-lecciones-para-tu-supervivencia\/#breadcrumb\"},\"inLanguage\":\"es\",\"potentialAction\":[{\"@type\":\"ReadAction\",\"target\":[\"https:\/\/www.destrezasyvidaenelmedionatural.es\/index.php\/2026\/04\/27\/el-gran-apagon-de-2025-analisis-informe-ree-y-lecciones-para-tu-supervivencia\/\"]}]},{\"@type\":\"ImageObject\",\"inLanguage\":\"es\",\"@id\":\"https:\/\/www.destrezasyvidaenelmedionatural.es\/index.php\/2026\/04\/27\/el-gran-apagon-de-2025-analisis-informe-ree-y-lecciones-para-tu-supervivencia\/#primaryimage\",\"url\":\"https:\/\/www.destrezasyvidaenelmedionatural.es\/wp-content\/uploads\/2026\/04\/El-Gran-Apagon-de-2025-Analisis-Informe-REE-y-Lecciones-para-tu-Supervivencia-1.png\",\"contentUrl\":\"https:\/\/www.destrezasyvidaenelmedionatural.es\/wp-content\/uploads\/2026\/04\/El-Gran-Apagon-de-2025-Analisis-Informe-REE-y-Lecciones-para-tu-Supervivencia-1.png\",\"width\":1024,\"height\":1024},{\"@type\":\"BreadcrumbList\",\"@id\":\"https:\/\/www.destrezasyvidaenelmedionatural.es\/index.php\/2026\/04\/27\/el-gran-apagon-de-2025-analisis-informe-ree-y-lecciones-para-tu-supervivencia\/#breadcrumb\",\"itemListElement\":[{\"@type\":\"ListItem\",\"position\":1,\"name\":\"Portada\",\"item\":\"https:\/\/www.destrezasyvidaenelmedionatural.es\/\"},{\"@type\":\"ListItem\",\"position\":2,\"name\":\"El Gran Apag\u00f3n de 2025: An\u00e1lisis, Informe REE y Lecciones para tu Supervivencia\"}]},{\"@type\":\"WebSite\",\"@id\":\"https:\/\/www.destrezasyvidaenelmedionatural.es\/#website\",\"url\":\"https:\/\/www.destrezasyvidaenelmedionatural.es\/\",\"name\":\"Destrezas y Vida en el Medio Natural\",\"description\":\"El sitio web Destrezas y Vida en el Medio Natural es un recurso excelente para cualquiera que quiera aprender sobre la naturaleza y c\u00f3mo interactuar con ella de manera segura y respetuosa.\",\"publisher\":{\"@id\":\"https:\/\/www.destrezasyvidaenelmedionatural.es\/#\/schema\/person\/05ac69635d864d75006df0853eb7afd3\"},\"potentialAction\":[{\"@type\":\"SearchAction\",\"target\":{\"@type\":\"EntryPoint\",\"urlTemplate\":\"https:\/\/www.destrezasyvidaenelmedionatural.es\/?s={search_term_string}\"},\"query-input\":{\"@type\":\"PropertyValueSpecification\",\"valueRequired\":true,\"valueName\":\"search_term_string\"}}],\"inLanguage\":\"es\"},{\"@type\":[\"Person\",\"Organization\"],\"@id\":\"https:\/\/www.destrezasyvidaenelmedionatural.es\/#\/schema\/person\/05ac69635d864d75006df0853eb7afd3\",\"name\":\"admin\",\"image\":{\"@type\":\"ImageObject\",\"inLanguage\":\"es\",\"@id\":\"https:\/\/www.destrezasyvidaenelmedionatural.es\/#\/schema\/person\/image\/\",\"url\":\"https:\/\/www.destrezasyvidaenelmedionatural.es\/wp-content\/uploads\/2021\/08\/cropped-SIN-FONDO-PRUEBA1.png\",\"contentUrl\":\"https:\/\/www.destrezasyvidaenelmedionatural.es\/wp-content\/uploads\/2021\/08\/cropped-SIN-FONDO-PRUEBA1.png\",\"width\":351,\"height\":349,\"caption\":\"admin\"},\"logo\":{\"@id\":\"https:\/\/www.destrezasyvidaenelmedionatural.es\/#\/schema\/person\/image\/\"},\"sameAs\":[\"http:\/\/www.destrezasyvidaenelmedionatural.es\",\"https:\/\/www.facebook.com\/Destrezas.y.Vida.en.el.Medio.Natural\",\"https:\/\/www.instagram.com\/destrezasyvidamn\/\"],\"url\":\"https:\/\/www.destrezasyvidaenelmedionatural.es\/index.php\/author\/admin\/\"}]}<\/script>\n<!-- \/ Yoast SEO plugin. -->","yoast_head_json":{"title":"El Gran Apag\u00f3n de 2025: An\u00e1lisis, Informe REE y Lecciones para tu Supervivencia - Destrezas y Vida en el Medio Natural","description":"La lecci\u00f3n m\u00e1s importante de este aniversario es que el sistema no se va a volver m\u00e1s simple; se va a volver m\u00e1s complejo, y por tanto, m\u00e1s susceptible a fallos.","robots":{"index":"index","follow":"follow","max-snippet":"max-snippet:-1","max-image-preview":"max-image-preview:large","max-video-preview":"max-video-preview:-1"},"canonical":"https:\/\/www.destrezasyvidaenelmedionatural.es\/index.php\/2026\/04\/27\/el-gran-apagon-de-2025-analisis-informe-ree-y-lecciones-para-tu-supervivencia\/","og_locale":"es_ES","og_type":"article","og_title":"El Gran Apag\u00f3n de 2025: An\u00e1lisis, Informe REE y Lecciones para tu Supervivencia - Destrezas y Vida en el Medio Natural","og_description":"La lecci\u00f3n m\u00e1s importante de este aniversario es que el sistema no se va a volver m\u00e1s simple; se va a volver m\u00e1s complejo, y por tanto, m\u00e1s susceptible a fallos.","og_url":"https:\/\/www.destrezasyvidaenelmedionatural.es\/index.php\/2026\/04\/27\/el-gran-apagon-de-2025-analisis-informe-ree-y-lecciones-para-tu-supervivencia\/","og_site_name":"Destrezas y Vida en el Medio Natural","article_publisher":"https:\/\/www.facebook.com\/Destrezas.y.Vida.en.el.Medio.Natural","article_author":"https:\/\/www.facebook.com\/Destrezas.y.Vida.en.el.Medio.Natural","article_published_time":"2026-04-27T16:12:09+00:00","article_modified_time":"2026-04-27T17:04:20+00:00","og_image":[{"width":1024,"height":1024,"url":"http:\/\/www.destrezasyvidaenelmedionatural.es\/wp-content\/uploads\/2026\/04\/El-Gran-Apagon-de-2025-Analisis-Informe-REE-y-Lecciones-para-tu-Supervivencia-1.png","type":"image\/png"}],"author":"admin","twitter_card":"summary_large_image","twitter_creator":"@DestrezasyVida","twitter_site":"@DestrezasyVida","twitter_misc":{"Escrito por":"admin","Tiempo de lectura":"9 minutos"},"schema":{"@context":"https:\/\/schema.org","@graph":[{"@type":"Article","@id":"https:\/\/www.destrezasyvidaenelmedionatural.es\/index.php\/2026\/04\/27\/el-gran-apagon-de-2025-analisis-informe-ree-y-lecciones-para-tu-supervivencia\/#article","isPartOf":{"@id":"https:\/\/www.destrezasyvidaenelmedionatural.es\/index.php\/2026\/04\/27\/el-gran-apagon-de-2025-analisis-informe-ree-y-lecciones-para-tu-supervivencia\/"},"author":{"name":"admin","@id":"https:\/\/www.destrezasyvidaenelmedionatural.es\/#\/schema\/person\/05ac69635d864d75006df0853eb7afd3"},"headline":"El Gran Apag\u00f3n de 2025: An\u00e1lisis, Informe REE y Lecciones para tu Supervivencia","datePublished":"2026-04-27T16:12:09+00:00","dateModified":"2026-04-27T17:04:20+00:00","mainEntityOfPage":{"@id":"https:\/\/www.destrezasyvidaenelmedionatural.es\/index.php\/2026\/04\/27\/el-gran-apagon-de-2025-analisis-informe-ree-y-lecciones-para-tu-supervivencia\/"},"wordCount":1910,"commentCount":0,"publisher":{"@id":"https:\/\/www.destrezasyvidaenelmedionatural.es\/#\/schema\/person\/05ac69635d864d75006df0853eb7afd3"},"image":{"@id":"https:\/\/www.destrezasyvidaenelmedionatural.es\/index.php\/2026\/04\/27\/el-gran-apagon-de-2025-analisis-informe-ree-y-lecciones-para-tu-supervivencia\/#primaryimage"},"thumbnailUrl":"https:\/\/www.destrezasyvidaenelmedionatural.es\/wp-content\/uploads\/2026\/04\/El-Gran-Apagon-de-2025-Analisis-Informe-REE-y-Lecciones-para-tu-Supervivencia-1.png","articleSection":["Blog"],"inLanguage":"es","potentialAction":[{"@type":"CommentAction","name":"Comment","target":["https:\/\/www.destrezasyvidaenelmedionatural.es\/index.php\/2026\/04\/27\/el-gran-apagon-de-2025-analisis-informe-ree-y-lecciones-para-tu-supervivencia\/#respond"]}]},{"@type":["WebPage","ItemPage"],"@id":"https:\/\/www.destrezasyvidaenelmedionatural.es\/index.php\/2026\/04\/27\/el-gran-apagon-de-2025-analisis-informe-ree-y-lecciones-para-tu-supervivencia\/","url":"https:\/\/www.destrezasyvidaenelmedionatural.es\/index.php\/2026\/04\/27\/el-gran-apagon-de-2025-analisis-informe-ree-y-lecciones-para-tu-supervivencia\/","name":"El Gran Apag\u00f3n de 2025: An\u00e1lisis, Informe REE y Lecciones para tu Supervivencia - Destrezas y Vida en el Medio Natural","isPartOf":{"@id":"https:\/\/www.destrezasyvidaenelmedionatural.es\/#website"},"primaryImageOfPage":{"@id":"https:\/\/www.destrezasyvidaenelmedionatural.es\/index.php\/2026\/04\/27\/el-gran-apagon-de-2025-analisis-informe-ree-y-lecciones-para-tu-supervivencia\/#primaryimage"},"image":{"@id":"https:\/\/www.destrezasyvidaenelmedionatural.es\/index.php\/2026\/04\/27\/el-gran-apagon-de-2025-analisis-informe-ree-y-lecciones-para-tu-supervivencia\/#primaryimage"},"thumbnailUrl":"https:\/\/www.destrezasyvidaenelmedionatural.es\/wp-content\/uploads\/2026\/04\/El-Gran-Apagon-de-2025-Analisis-Informe-REE-y-Lecciones-para-tu-Supervivencia-1.png","datePublished":"2026-04-27T16:12:09+00:00","dateModified":"2026-04-27T17:04:20+00:00","description":"La lecci\u00f3n m\u00e1s importante de este aniversario es que el sistema no se va a volver m\u00e1s simple; se va a volver m\u00e1s complejo, y por tanto, m\u00e1s susceptible a fallos.","breadcrumb":{"@id":"https:\/\/www.destrezasyvidaenelmedionatural.es\/index.php\/2026\/04\/27\/el-gran-apagon-de-2025-analisis-informe-ree-y-lecciones-para-tu-supervivencia\/#breadcrumb"},"inLanguage":"es","potentialAction":[{"@type":"ReadAction","target":["https:\/\/www.destrezasyvidaenelmedionatural.es\/index.php\/2026\/04\/27\/el-gran-apagon-de-2025-analisis-informe-ree-y-lecciones-para-tu-supervivencia\/"]}]},{"@type":"ImageObject","inLanguage":"es","@id":"https:\/\/www.destrezasyvidaenelmedionatural.es\/index.php\/2026\/04\/27\/el-gran-apagon-de-2025-analisis-informe-ree-y-lecciones-para-tu-supervivencia\/#primaryimage","url":"https:\/\/www.destrezasyvidaenelmedionatural.es\/wp-content\/uploads\/2026\/04\/El-Gran-Apagon-de-2025-Analisis-Informe-REE-y-Lecciones-para-tu-Supervivencia-1.png","contentUrl":"https:\/\/www.destrezasyvidaenelmedionatural.es\/wp-content\/uploads\/2026\/04\/El-Gran-Apagon-de-2025-Analisis-Informe-REE-y-Lecciones-para-tu-Supervivencia-1.png","width":1024,"height":1024},{"@type":"BreadcrumbList","@id":"https:\/\/www.destrezasyvidaenelmedionatural.es\/index.php\/2026\/04\/27\/el-gran-apagon-de-2025-analisis-informe-ree-y-lecciones-para-tu-supervivencia\/#breadcrumb","itemListElement":[{"@type":"ListItem","position":1,"name":"Portada","item":"https:\/\/www.destrezasyvidaenelmedionatural.es\/"},{"@type":"ListItem","position":2,"name":"El Gran Apag\u00f3n de 2025: An\u00e1lisis, Informe REE y Lecciones para tu Supervivencia"}]},{"@type":"WebSite","@id":"https:\/\/www.destrezasyvidaenelmedionatural.es\/#website","url":"https:\/\/www.destrezasyvidaenelmedionatural.es\/","name":"Destrezas y Vida en el Medio Natural","description":"El sitio web Destrezas y Vida en el Medio Natural es un recurso excelente para cualquiera que quiera aprender sobre la naturaleza y c\u00f3mo interactuar con ella de manera segura y respetuosa.","publisher":{"@id":"https:\/\/www.destrezasyvidaenelmedionatural.es\/#\/schema\/person\/05ac69635d864d75006df0853eb7afd3"},"potentialAction":[{"@type":"SearchAction","target":{"@type":"EntryPoint","urlTemplate":"https:\/\/www.destrezasyvidaenelmedionatural.es\/?s={search_term_string}"},"query-input":{"@type":"PropertyValueSpecification","valueRequired":true,"valueName":"search_term_string"}}],"inLanguage":"es"},{"@type":["Person","Organization"],"@id":"https:\/\/www.destrezasyvidaenelmedionatural.es\/#\/schema\/person\/05ac69635d864d75006df0853eb7afd3","name":"admin","image":{"@type":"ImageObject","inLanguage":"es","@id":"https:\/\/www.destrezasyvidaenelmedionatural.es\/#\/schema\/person\/image\/","url":"https:\/\/www.destrezasyvidaenelmedionatural.es\/wp-content\/uploads\/2021\/08\/cropped-SIN-FONDO-PRUEBA1.png","contentUrl":"https:\/\/www.destrezasyvidaenelmedionatural.es\/wp-content\/uploads\/2021\/08\/cropped-SIN-FONDO-PRUEBA1.png","width":351,"height":349,"caption":"admin"},"logo":{"@id":"https:\/\/www.destrezasyvidaenelmedionatural.es\/#\/schema\/person\/image\/"},"sameAs":["http:\/\/www.destrezasyvidaenelmedionatural.es","https:\/\/www.facebook.com\/Destrezas.y.Vida.en.el.Medio.Natural","https:\/\/www.instagram.com\/destrezasyvidamn\/"],"url":"https:\/\/www.destrezasyvidaenelmedionatural.es\/index.php\/author\/admin\/"}]}},"_links":{"self":[{"href":"https:\/\/www.destrezasyvidaenelmedionatural.es\/index.php\/wp-json\/wp\/v2\/posts\/4863","targetHints":{"allow":["GET"]}}],"collection":[{"href":"https:\/\/www.destrezasyvidaenelmedionatural.es\/index.php\/wp-json\/wp\/v2\/posts"}],"about":[{"href":"https:\/\/www.destrezasyvidaenelmedionatural.es\/index.php\/wp-json\/wp\/v2\/types\/post"}],"author":[{"embeddable":true,"href":"https:\/\/www.destrezasyvidaenelmedionatural.es\/index.php\/wp-json\/wp\/v2\/users\/1"}],"replies":[{"embeddable":true,"href":"https:\/\/www.destrezasyvidaenelmedionatural.es\/index.php\/wp-json\/wp\/v2\/comments?post=4863"}],"version-history":[{"count":2,"href":"https:\/\/www.destrezasyvidaenelmedionatural.es\/index.php\/wp-json\/wp\/v2\/posts\/4863\/revisions"}],"predecessor-version":[{"id":4866,"href":"https:\/\/www.destrezasyvidaenelmedionatural.es\/index.php\/wp-json\/wp\/v2\/posts\/4863\/revisions\/4866"}],"wp:featuredmedia":[{"embeddable":true,"href":"https:\/\/www.destrezasyvidaenelmedionatural.es\/index.php\/wp-json\/wp\/v2\/media\/4865"}],"wp:attachment":[{"href":"https:\/\/www.destrezasyvidaenelmedionatural.es\/index.php\/wp-json\/wp\/v2\/media?parent=4863"}],"wp:term":[{"taxonomy":"category","embeddable":true,"href":"https:\/\/www.destrezasyvidaenelmedionatural.es\/index.php\/wp-json\/wp\/v2\/categories?post=4863"},{"taxonomy":"post_tag","embeddable":true,"href":"https:\/\/www.destrezasyvidaenelmedionatural.es\/index.php\/wp-json\/wp\/v2\/tags?post=4863"}],"curies":[{"name":"wp","href":"https:\/\/api.w.org\/{rel}","templated":true}]}}